{"id":4041,"date":"2022-06-10T05:00:08","date_gmt":"2022-06-10T09:00:08","guid":{"rendered":"http:\/\/blogdacondessa.com.br\/?p=4041"},"modified":"2022-06-09T17:41:40","modified_gmt":"2022-06-09T21:41:40","slug":"varzea-grande-adota-politica-publica-de-inclusao-social-com-resultados","status":"publish","type":"post","link":"https:\/\/blogdacondessa.com.br\/blog\/politica\/varzea-grande-adota-politica-publica-de-inclusao-social-com-resultados\/","title":{"rendered":"V\u00e1rzea Grande adota pol\u00edtica p\u00fablica de inclus\u00e3o social com resultados"},"content":{"rendered":"<p>Meta da gest\u00e3o \u00e9 garantir n\u00e3o apenas o aux\u00edlio \u00e0queles em situa\u00e7\u00e3o de rua, mas sim permitir que eles sejam profissionalizados e encaminhados para vagas de emprego se tornando economicamente ativos.<\/p>\n<p>Uma das determina\u00e7\u00f5es do prefeito Kalil Baracat \u00e9 proporcionar um atendimento intensivo e qualificado \u00e0s pessoas que se encontravam em situa\u00e7\u00e3o de rua e que est\u00e3o acolhidos na Casa de Amparo \u2018Rogina Marques de Arruda\u2019 &#8211; recentemente inaugurada no munic\u00edpio \u2013 com atividades culturais, f\u00edsicas e laborais, bem como inscri\u00e7\u00f5es dessas pessoas em cursos de capacita\u00e7\u00e3o, para inser\u00e7\u00e3o ao mercado de trabalho.<\/p>\n<p>\u201c\u00c9 importante que eles se sintam motivados e que tenham todas as oportunidades de reconstru\u00edrem suas vidas, e o mais importante, que tenham condi\u00e7\u00f5es de se manterem, mas para que isso aconte\u00e7a \u00e9 necess\u00e1rio que estejam capacitados em uma determinada fun\u00e7\u00e3o. O nosso desejo \u00e9 que todos os acolhidos possam vivenciar uma nova hist\u00f3ria de vida\u201d, assegurou Kalil Baracat.<\/p>\n<p>Dos 20 inscritos no curso de Atendimento ao Cliente, ministrado pelo Senar (Servi\u00e7o Nacional de Aprendizagem Rural), e que est\u00e1 sendo realizado na sede da Secretaria de Assist\u00eancia Social, sete alunos s\u00e3o acolhidos da Casa de Amparo do munic\u00edpio.<\/p>\n<p><strong>Instrumento de enfrentamento<\/strong><\/p>\n<p>Bruno Viana Gomes, nasceu no Rio de Janeiro e h\u00e1 cinco anos vive em Mato Grosso. Ele conta que sempre trabalhou e que antes de ir para a rua, era casado e tinha fam\u00edlia. \u201cDesentendimentos afetaram o meu casamento, e de repente me vi sem emprego, sem casa e em condi\u00e7\u00e3o de rua. Passei tempos ruins at\u00e9 ser abrigado na Casa de Amparo de V\u00e1rzea Grande, onde todos me acolheram. Sou muito grato por essa oportunidade e agora estou me dedicando a esse curso e de outros que ainda vou fazer. Quero arrumar um emprego e constituir uma nova fam\u00edlia\u201d.<\/p>\n<p>J\u00e1 Elisvaldo Barbalho Dias, disse que a droga o afastou de sua fam\u00edlia e o levou a condi\u00e7\u00e3o de rua, por\u00e9m ele mesmo pediu ajuda ao Centro Pop (Centro de Refer\u00eancia Especializado para a Popula\u00e7\u00e3o em Situa\u00e7\u00e3o de Rua), para mudar essa condi\u00e7\u00e3o. \u201cFui carinhosamente atendido e hoje estou participando das atividades da casa e esta oportunidade no curso de Atendimento ao Cliente. Quero e vou mudar de vida, e depois procurar a minha fam\u00edlia para mostrar a mudan\u00e7a na minha vida. Esse programa de inclus\u00e3o \u00e9 importante para aqueles que um dia se encontraram na condi\u00e7\u00e3o de vulnerabilidade social e a Prefeitura de V\u00e1rzea Grande est\u00e1 de parab\u00e9ns por essa iniciativa\u201d, elogiou.<\/p>\n<p>Para a secret\u00e1ria de Assist\u00eancia Social, Ana Cristina Vieira, \u00e9 importante que essas pessoas possam ter um novo recome\u00e7o, e \u00e9 isso que esta\u00a0gest\u00e3o e parceiros est\u00e3o se propondo a fazer, dando a eles a oportunidade de realizar cursos de capacita\u00e7\u00e3o, e se poss\u00edvel, serem inseridos no mercado de trabalho.<\/p>\n<p>Para aqueles que n\u00e3o t\u00eam ainda a documenta\u00e7\u00e3o em dia, a Casa de Amparo realiza diversas atividades laborais, como plantio e cuidado com hortas e oficinas culturais e atividades f\u00edsicas, para que eles tamb\u00e9m possam se sentir \u00fateis. \u201c\u00c9 necess\u00e1rio que todos os acolhidos percebam que n\u00f3s estamos aqui para servir e que eles contam com o apoio do prefeito Kalil e da primeira-dama, promotora de Justi\u00e7a Kika Doril\u00eao Baracat, que tem um olhar todo especial \u00e0s causas sociais e que tem sido idealizador e parceiros de diversas a\u00e7\u00f5es\u201d, pontuou a secret\u00e1ria.<\/p>\n<p>A instrutora do Senar, Bruna Rocha Machado disse que \u00e9 importante levar conhecimento a todas as pessoas, independente de condi\u00e7\u00e3o financeira, dando a elas a oportunidade de aprenderem um of\u00edcio, e de estarem aptas ao mercado de trabalho.<\/p>\n<p>Em rela\u00e7\u00e3o aos alunos vindos da Casa de Acolhimento, a professora elogiou a pol\u00edtica de assist\u00eancia social aplicada no munic\u00edpio e destacou a import\u00e2ncia desse p\u00fablico ter acolhida e apoio para uma mudan\u00e7a de vida. \u201cA participa\u00e7\u00e3o deles tem sido excelente. A princ\u00edpio chegaram bastante acanhados, mas com o passar dos dias foram entendendo o conte\u00fado e j\u00e1 est\u00e3o interagindo com os demais alunos e super participativos.\u00a0 \u00c9 muito importante esse trabalho de inclus\u00e3o e que eles possam voltar ao mercado de trabalho o quanto antes. O ser humano precisa estar inclu\u00eddo na sociedade, para que eles se sintam importantes, e a Prefeitura de V\u00e1rzea Grande, tem dado essa oportunidade\u201d, pontuou.<\/p>\n<p>O coordenador do N\u00facleo de Qualifica\u00e7\u00e3o Profissional da Secretaria de Assist\u00eancia Social, Jovanil Flores da Silva, lembra que o curso de Atendimento ao Cliente faz parte do programa Qualifica + VG. \u201cA marca foi criada para identificar os cursos dos parceiros da Secretaria de Assist\u00eancia Social. O programa Qualifica foi lan\u00e7ado no m\u00eas de fevereiro deste ano e at\u00e9 o momento foram ofertados 70 cursos de qualifica\u00e7\u00e3o profissional\u201d.<\/p>\n<p>&nbsp;<\/p>\n","protected":false},"excerpt":{"rendered":"<p>Meta da gest\u00e3o \u00e9 garantir n\u00e3o apenas o aux\u00edlio \u00e0queles em situa\u00e7\u00e3o de rua, mas sim permitir que eles sejam profissionalizados e encaminhados para vagas de emprego se tornando economicamente ativos. Uma das determina\u00e7\u00f5es do prefeito Kalil Baracat \u00e9 proporcionar um atendimento intensivo e qualificado \u00e0s pessoas que se encontravam em situa\u00e7\u00e3o de rua e [&hellip;]<\/p>\n","protected":false},"author":2,"featured_media":4042,"comment_status":"closed","ping_status":"closed","sticky":false,"template":"","format":"standard","meta":{"iawp_total_views":0,"footnotes":""},"categories":[10],"tags":[],"class_list":["post-4041","post","type-post","status-publish","format-standard","has-post-thumbnail","hentry","category-politica"],"yoast_head":"<!-- This site is optimized with the Yoast SEO plugin v27.3 - https:\/\/yoast.com\/product\/yoast-seo-wordpress\/ -->\n<title>V\u00e1rzea Grande adota pol\u00edtica p\u00fablica de inclus\u00e3o social com resultados &#8902; Blog da Condessa<\/title>\n<meta name=\"robots\" content=\"index, follow, max-snippet:-1, max-image-preview:large, max-video-preview:-1\" \/>\n<link rel=\"canonical\" href=\"https:\/\/blogdacondessa.com.br\/blog\/politica\/varzea-grande-adota-politica-publica-de-inclusao-social-com-resultados\/\" \/>\n<meta property=\"og:locale\" content=\"pt_BR\" \/>\n<meta property=\"og:type\" content=\"article\" \/>\n<meta property=\"og:title\" content=\"V\u00e1rzea Grande adota pol\u00edtica p\u00fablica de inclus\u00e3o social com resultados &#8902; Blog da Condessa\" \/>\n<meta property=\"og:description\" content=\"Meta da gest\u00e3o \u00e9 garantir n\u00e3o apenas o aux\u00edlio \u00e0queles em situa\u00e7\u00e3o de rua, mas sim permitir que eles sejam profissionalizados e encaminhados para vagas de emprego se tornando economicamente ativos. Uma das determina\u00e7\u00f5es do prefeito Kalil Baracat \u00e9 proporcionar um atendimento intensivo e qualificado \u00e0s pessoas que se encontravam em situa\u00e7\u00e3o de rua e [&hellip;]\" \/>\n<meta property=\"og:url\" content=\"https:\/\/blogdacondessa.com.br\/blog\/politica\/varzea-grande-adota-politica-publica-de-inclusao-social-com-resultados\/\" \/>\n<meta property=\"og:site_name\" content=\"Blog da Condessa\" \/>\n<meta property=\"article:published_time\" content=\"2022-06-10T09:00:08+00:00\" \/>\n<meta property=\"og:image\" content=\"https:\/\/blogdacondessa.com.br\/blog\/wp-content\/uploads\/2022\/06\/inclusao-social-VG.jpg\" \/>\n\t<meta property=\"og:image:width\" content=\"1280\" \/>\n\t<meta property=\"og:image:height\" content=\"589\" \/>\n\t<meta property=\"og:image:type\" content=\"image\/jpeg\" \/>\n<meta name=\"author\" content=\"Blog da Condessa\" \/>\n<meta name=\"twitter:card\" content=\"summary_large_image\" \/>\n<meta name=\"twitter:label1\" content=\"Escrito por\" \/>\n\t<meta name=\"twitter:data1\" content=\"Blog da Condessa\" \/>\n\t<meta name=\"twitter:label2\" content=\"Est. tempo de leitura\" \/>\n\t<meta name=\"twitter:data2\" content=\"4 minutos\" \/>\n<script type=\"application\/ld+json\" class=\"yoast-schema-graph\">{\"@context\":\"https:\\\/\\\/schema.org\",\"@graph\":[{\"@type\":\"Article\",\"@id\":\"https:\\\/\\\/blogdacondessa.com.br\\\/blog\\\/politica\\\/varzea-grande-adota-politica-publica-de-inclusao-social-com-resultados\\\/#article\",\"isPartOf\":{\"@id\":\"https:\\\/\\\/blogdacondessa.com.br\\\/blog\\\/politica\\\/varzea-grande-adota-politica-publica-de-inclusao-social-com-resultados\\\/\"},\"author\":{\"name\":\"Blog da Condessa\",\"@id\":\"https:\\\/\\\/blogdacondessa.com.br\\\/blog\\\/#\\\/schema\\\/person\\\/1d667ff8b785195b568677489d266035\"},\"headline\":\"V\u00e1rzea Grande adota pol\u00edtica p\u00fablica de inclus\u00e3o social com resultados\",\"datePublished\":\"2022-06-10T09:00:08+00:00\",\"mainEntityOfPage\":{\"@id\":\"https:\\\/\\\/blogdacondessa.com.br\\\/blog\\\/politica\\\/varzea-grande-adota-politica-publica-de-inclusao-social-com-resultados\\\/\"},\"wordCount\":847,\"image\":{\"@id\":\"https:\\\/\\\/blogdacondessa.com.br\\\/blog\\\/politica\\\/varzea-grande-adota-politica-publica-de-inclusao-social-com-resultados\\\/#primaryimage\"},\"thumbnailUrl\":\"https:\\\/\\\/blogdacondessa.com.br\\\/blog\\\/wp-content\\\/uploads\\\/2022\\\/06\\\/inclusao-social-VG.jpg\",\"articleSection\":[\"Pol\u00edtica\"],\"inLanguage\":\"pt-BR\"},{\"@type\":\"WebPage\",\"@id\":\"https:\\\/\\\/blogdacondessa.com.br\\\/blog\\\/politica\\\/varzea-grande-adota-politica-publica-de-inclusao-social-com-resultados\\\/\",\"url\":\"https:\\\/\\\/blogdacondessa.com.br\\\/blog\\\/politica\\\/varzea-grande-adota-politica-publica-de-inclusao-social-com-resultados\\\/\",\"name\":\"V\u00e1rzea Grande adota pol\u00edtica p\u00fablica de inclus\u00e3o social com resultados &#8902; Blog da Condessa\",\"isPartOf\":{\"@id\":\"https:\\\/\\\/blogdacondessa.com.br\\\/blog\\\/#website\"},\"primaryImageOfPage\":{\"@id\":\"https:\\\/\\\/blogdacondessa.com.br\\\/blog\\\/politica\\\/varzea-grande-adota-politica-publica-de-inclusao-social-com-resultados\\\/#primaryimage\"},\"image\":{\"@id\":\"https:\\\/\\\/blogdacondessa.com.br\\\/blog\\\/politica\\\/varzea-grande-adota-politica-publica-de-inclusao-social-com-resultados\\\/#primaryimage\"},\"thumbnailUrl\":\"https:\\\/\\\/blogdacondessa.com.br\\\/blog\\\/wp-content\\\/uploads\\\/2022\\\/06\\\/inclusao-social-VG.jpg\",\"datePublished\":\"2022-06-10T09:00:08+00:00\",\"author\":{\"@id\":\"https:\\\/\\\/blogdacondessa.com.br\\\/blog\\\/#\\\/schema\\\/person\\\/1d667ff8b785195b568677489d266035\"},\"breadcrumb\":{\"@id\":\"https:\\\/\\\/blogdacondessa.com.br\\\/blog\\\/politica\\\/varzea-grande-adota-politica-publica-de-inclusao-social-com-resultados\\\/#breadcrumb\"},\"inLanguage\":\"pt-BR\",\"potentialAction\":[{\"@type\":\"ReadAction\",\"target\":[\"https:\\\/\\\/blogdacondessa.com.br\\\/blog\\\/politica\\\/varzea-grande-adota-politica-publica-de-inclusao-social-com-resultados\\\/\"]}]},{\"@type\":\"ImageObject\",\"inLanguage\":\"pt-BR\",\"@id\":\"https:\\\/\\\/blogdacondessa.com.br\\\/blog\\\/politica\\\/varzea-grande-adota-politica-publica-de-inclusao-social-com-resultados\\\/#primaryimage\",\"url\":\"https:\\\/\\\/blogdacondessa.com.br\\\/blog\\\/wp-content\\\/uploads\\\/2022\\\/06\\\/inclusao-social-VG.jpg\",\"contentUrl\":\"https:\\\/\\\/blogdacondessa.com.br\\\/blog\\\/wp-content\\\/uploads\\\/2022\\\/06\\\/inclusao-social-VG.jpg\",\"width\":1280,\"height\":589},{\"@type\":\"BreadcrumbList\",\"@id\":\"https:\\\/\\\/blogdacondessa.com.br\\\/blog\\\/politica\\\/varzea-grande-adota-politica-publica-de-inclusao-social-com-resultados\\\/#breadcrumb\",\"itemListElement\":[{\"@type\":\"ListItem\",\"position\":1,\"name\":\"In\u00edcio\",\"item\":\"https:\\\/\\\/blogdacondessa.com.br\\\/blog\\\/\"},{\"@type\":\"ListItem\",\"position\":2,\"name\":\"V\u00e1rzea Grande adota pol\u00edtica p\u00fablica de inclus\u00e3o social com resultados\"}]},{\"@type\":\"WebSite\",\"@id\":\"https:\\\/\\\/blogdacondessa.com.br\\\/blog\\\/#website\",\"url\":\"https:\\\/\\\/blogdacondessa.com.br\\\/blog\\\/\",\"name\":\"Blog da Condessa\",\"description\":\"Com Shirley de Souza O\u2019Campos\",\"potentialAction\":[{\"@type\":\"SearchAction\",\"target\":{\"@type\":\"EntryPoint\",\"urlTemplate\":\"https:\\\/\\\/blogdacondessa.com.br\\\/blog\\\/?s={search_term_string}\"},\"query-input\":{\"@type\":\"PropertyValueSpecification\",\"valueRequired\":true,\"valueName\":\"search_term_string\"}}],\"inLanguage\":\"pt-BR\"},{\"@type\":\"Person\",\"@id\":\"https:\\\/\\\/blogdacondessa.com.br\\\/blog\\\/#\\\/schema\\\/person\\\/1d667ff8b785195b568677489d266035\",\"name\":\"Blog da Condessa\",\"image\":{\"@type\":\"ImageObject\",\"inLanguage\":\"pt-BR\",\"@id\":\"https:\\\/\\\/secure.gravatar.com\\\/avatar\\\/377c0eb8b4ad2bfc25461b41564b5971e721ca34a57642868fc7b0c8ac7b52c5?s=96&d=mm&r=g\",\"url\":\"https:\\\/\\\/secure.gravatar.com\\\/avatar\\\/377c0eb8b4ad2bfc25461b41564b5971e721ca34a57642868fc7b0c8ac7b52c5?s=96&d=mm&r=g\",\"contentUrl\":\"https:\\\/\\\/secure.gravatar.com\\\/avatar\\\/377c0eb8b4ad2bfc25461b41564b5971e721ca34a57642868fc7b0c8ac7b52c5?s=96&d=mm&r=g\",\"caption\":\"Blog da Condessa\"},\"url\":\"https:\\\/\\\/blogdacondessa.com.br\\\/blog\\\/author\\\/beatriz\\\/\"}]}<\/script>\n<!-- \/ Yoast SEO plugin. -->","yoast_head_json":{"title":"V\u00e1rzea Grande adota pol\u00edtica p\u00fablica de inclus\u00e3o social com resultados &#8902; Blog da Condessa","robots":{"index":"index","follow":"follow","max-snippet":"max-snippet:-1","max-image-preview":"max-image-preview:large","max-video-preview":"max-video-preview:-1"},"canonical":"https:\/\/blogdacondessa.com.br\/blog\/politica\/varzea-grande-adota-politica-publica-de-inclusao-social-com-resultados\/","og_locale":"pt_BR","og_type":"article","og_title":"V\u00e1rzea Grande adota pol\u00edtica p\u00fablica de inclus\u00e3o social com resultados &#8902; Blog da Condessa","og_description":"Meta da gest\u00e3o \u00e9 garantir n\u00e3o apenas o aux\u00edlio \u00e0queles em situa\u00e7\u00e3o de rua, mas sim permitir que eles sejam profissionalizados e encaminhados para vagas de emprego se tornando economicamente ativos. Uma das determina\u00e7\u00f5es do prefeito Kalil Baracat \u00e9 proporcionar um atendimento intensivo e qualificado \u00e0s pessoas que se encontravam em situa\u00e7\u00e3o de rua e [&hellip;]","og_url":"https:\/\/blogdacondessa.com.br\/blog\/politica\/varzea-grande-adota-politica-publica-de-inclusao-social-com-resultados\/","og_site_name":"Blog da Condessa","article_published_time":"2022-06-10T09:00:08+00:00","og_image":[{"width":1280,"height":589,"url":"https:\/\/blogdacondessa.com.br\/blog\/wp-content\/uploads\/2022\/06\/inclusao-social-VG.jpg","type":"image\/jpeg"}],"author":"Blog da Condessa","twitter_card":"summary_large_image","twitter_misc":{"Escrito por":"Blog da Condessa","Est. tempo de leitura":"4 minutos"},"schema":{"@context":"https:\/\/schema.org","@graph":[{"@type":"Article","@id":"https:\/\/blogdacondessa.com.br\/blog\/politica\/varzea-grande-adota-politica-publica-de-inclusao-social-com-resultados\/#article","isPartOf":{"@id":"https:\/\/blogdacondessa.com.br\/blog\/politica\/varzea-grande-adota-politica-publica-de-inclusao-social-com-resultados\/"},"author":{"name":"Blog da Condessa","@id":"https:\/\/blogdacondessa.com.br\/blog\/#\/schema\/person\/1d667ff8b785195b568677489d266035"},"headline":"V\u00e1rzea Grande adota pol\u00edtica p\u00fablica de inclus\u00e3o social com resultados","datePublished":"2022-06-10T09:00:08+00:00","mainEntityOfPage":{"@id":"https:\/\/blogdacondessa.com.br\/blog\/politica\/varzea-grande-adota-politica-publica-de-inclusao-social-com-resultados\/"},"wordCount":847,"image":{"@id":"https:\/\/blogdacondessa.com.br\/blog\/politica\/varzea-grande-adota-politica-publica-de-inclusao-social-com-resultados\/#primaryimage"},"thumbnailUrl":"https:\/\/blogdacondessa.com.br\/blog\/wp-content\/uploads\/2022\/06\/inclusao-social-VG.jpg","articleSection":["Pol\u00edtica"],"inLanguage":"pt-BR"},{"@type":"WebPage","@id":"https:\/\/blogdacondessa.com.br\/blog\/politica\/varzea-grande-adota-politica-publica-de-inclusao-social-com-resultados\/","url":"https:\/\/blogdacondessa.com.br\/blog\/politica\/varzea-grande-adota-politica-publica-de-inclusao-social-com-resultados\/","name":"V\u00e1rzea Grande adota pol\u00edtica p\u00fablica de inclus\u00e3o social com resultados &#8902; Blog da Condessa","isPartOf":{"@id":"https:\/\/blogdacondessa.com.br\/blog\/#website"},"primaryImageOfPage":{"@id":"https:\/\/blogdacondessa.com.br\/blog\/politica\/varzea-grande-adota-politica-publica-de-inclusao-social-com-resultados\/#primaryimage"},"image":{"@id":"https:\/\/blogdacondessa.com.br\/blog\/politica\/varzea-grande-adota-politica-publica-de-inclusao-social-com-resultados\/#primaryimage"},"thumbnailUrl":"https:\/\/blogdacondessa.com.br\/blog\/wp-content\/uploads\/2022\/06\/inclusao-social-VG.jpg","datePublished":"2022-06-10T09:00:08+00:00","author":{"@id":"https:\/\/blogdacondessa.com.br\/blog\/#\/schema\/person\/1d667ff8b785195b568677489d266035"},"breadcrumb":{"@id":"https:\/\/blogdacondessa.com.br\/blog\/politica\/varzea-grande-adota-politica-publica-de-inclusao-social-com-resultados\/#breadcrumb"},"inLanguage":"pt-BR","potentialAction":[{"@type":"ReadAction","target":["https:\/\/blogdacondessa.com.br\/blog\/politica\/varzea-grande-adota-politica-publica-de-inclusao-social-com-resultados\/"]}]},{"@type":"ImageObject","inLanguage":"pt-BR","@id":"https:\/\/blogdacondessa.com.br\/blog\/politica\/varzea-grande-adota-politica-publica-de-inclusao-social-com-resultados\/#primaryimage","url":"https:\/\/blogdacondessa.com.br\/blog\/wp-content\/uploads\/2022\/06\/inclusao-social-VG.jpg","contentUrl":"https:\/\/blogdacondessa.com.br\/blog\/wp-content\/uploads\/2022\/06\/inclusao-social-VG.jpg","width":1280,"height":589},{"@type":"BreadcrumbList","@id":"https:\/\/blogdacondessa.com.br\/blog\/politica\/varzea-grande-adota-politica-publica-de-inclusao-social-com-resultados\/#breadcrumb","itemListElement":[{"@type":"ListItem","position":1,"name":"In\u00edcio","item":"https:\/\/blogdacondessa.com.br\/blog\/"},{"@type":"ListItem","position":2,"name":"V\u00e1rzea Grande adota pol\u00edtica p\u00fablica de inclus\u00e3o social com resultados"}]},{"@type":"WebSite","@id":"https:\/\/blogdacondessa.com.br\/blog\/#website","url":"https:\/\/blogdacondessa.com.br\/blog\/","name":"Blog da Condessa","description":"Com Shirley de Souza O\u2019Campos","potentialAction":[{"@type":"SearchAction","target":{"@type":"EntryPoint","urlTemplate":"https:\/\/blogdacondessa.com.br\/blog\/?s={search_term_string}"},"query-input":{"@type":"PropertyValueSpecification","valueRequired":true,"valueName":"search_term_string"}}],"inLanguage":"pt-BR"},{"@type":"Person","@id":"https:\/\/blogdacondessa.com.br\/blog\/#\/schema\/person\/1d667ff8b785195b568677489d266035","name":"Blog da Condessa","image":{"@type":"ImageObject","inLanguage":"pt-BR","@id":"https:\/\/secure.gravatar.com\/avatar\/377c0eb8b4ad2bfc25461b41564b5971e721ca34a57642868fc7b0c8ac7b52c5?s=96&d=mm&r=g","url":"https:\/\/secure.gravatar.com\/avatar\/377c0eb8b4ad2bfc25461b41564b5971e721ca34a57642868fc7b0c8ac7b52c5?s=96&d=mm&r=g","contentUrl":"https:\/\/secure.gravatar.com\/avatar\/377c0eb8b4ad2bfc25461b41564b5971e721ca34a57642868fc7b0c8ac7b52c5?s=96&d=mm&r=g","caption":"Blog da Condessa"},"url":"https:\/\/blogdacondessa.com.br\/blog\/author\/beatriz\/"}]}},"_links":{"self":[{"href":"https:\/\/blogdacondessa.com.br\/blog\/wp-json\/wp\/v2\/posts\/4041","targetHints":{"allow":["GET"]}}],"collection":[{"href":"https:\/\/blogdacondessa.com.br\/blog\/wp-json\/wp\/v2\/posts"}],"about":[{"href":"https:\/\/blogdacondessa.com.br\/blog\/wp-json\/wp\/v2\/types\/post"}],"author":[{"embeddable":true,"href":"https:\/\/blogdacondessa.com.br\/blog\/wp-json\/wp\/v2\/users\/2"}],"replies":[{"embeddable":true,"href":"https:\/\/blogdacondessa.com.br\/blog\/wp-json\/wp\/v2\/comments?post=4041"}],"version-history":[{"count":0,"href":"https:\/\/blogdacondessa.com.br\/blog\/wp-json\/wp\/v2\/posts\/4041\/revisions"}],"wp:featuredmedia":[{"embeddable":true,"href":"https:\/\/blogdacondessa.com.br\/blog\/wp-json\/wp\/v2\/media\/4042"}],"wp:attachment":[{"href":"https:\/\/blogdacondessa.com.br\/blog\/wp-json\/wp\/v2\/media?parent=4041"}],"wp:term":[{"taxonomy":"category","embeddable":true,"href":"https:\/\/blogdacondessa.com.br\/blog\/wp-json\/wp\/v2\/categories?post=4041"},{"taxonomy":"post_tag","embeddable":true,"href":"https:\/\/blogdacondessa.com.br\/blog\/wp-json\/wp\/v2\/tags?post=4041"}],"curies":[{"name":"wp","href":"https:\/\/api.w.org\/{rel}","templated":true}]}}