{"id":4035,"date":"2022-06-10T05:00:35","date_gmt":"2022-06-10T09:00:35","guid":{"rendered":"http:\/\/blogdacondessa.com.br\/?p=4035"},"modified":"2022-06-09T11:27:53","modified_gmt":"2022-06-09T15:27:53","slug":"a-vez-e-a-voz-da-mulher","status":"publish","type":"post","link":"https:\/\/blogdacondessa.com.br\/blog\/politica\/a-vez-e-a-voz-da-mulher\/","title":{"rendered":"\u201cA vez e a voz da mulher\u201d"},"content":{"rendered":"<p>Segundo dados oficiais, a cada minuto,\u00a0uma mulher \u00e9 v\u00edtima de viol\u00eancia no pa\u00eds e, em 2021, o \u00edndice de viol\u00eancia contra mulheres negras aumentou 13,9%, enquanto contra brancas, reduziu 4%.<\/p>\n<p>Em reuni\u00e3o no \u00faltimo dia 8, a vereadora Edna Sampaio (PT) e a pesquisadora Qelli Rocha, do N\u00facleo de Estudos, Pesquisas e Extens\u00e3o sobre as Rela\u00e7\u00f5es de G\u00eanero\u00a0 da UFMT (NUEPOM),\u00a0 discutiram o projeto &#8220;A vez e a Voz da Mulher&#8221;, de autoria da parlamentar, que visa contribuir para combater a viol\u00eancia contra este segmento vulnerabilizado da popula\u00e7\u00e3o.<\/p>\n<p>O projeto conta com o apoio da presid\u00eancia da C\u00e2mara Municipal e tem como parceiras quatro mulheres negras empreendedoras das \u00e1reas de est\u00e9tica e artesanato, que oferecem oficinas gratuitas a mulheres em situa\u00e7\u00e3o de vulnerabilidade, estimulando a autoestima e oferecendo uma alternativa de gera\u00e7\u00e3o de renda.<\/p>\n<p>Tamb\u00e9m s\u00e3o parceiros da a\u00e7\u00e3o o Instituto de Recupera\u00e7\u00e3o, Prote\u00e7\u00e3o e Amparo \u00e0 Mulher Dependente Qu\u00edmica do Estado de Mato Grosso (IRPAMDEQ) e a AFON (Associa\u00e7\u00e3o Fome N\u00e3o).<\/p>\n<p>Segundo Edna Sampaio, a demanda surgiu das pr\u00f3prias mulheres que comp\u00f5em sua rede de apoiadores, com as quais vem dialogando desde o in\u00edcio do mandato.<\/p>\n<p>No \u00faltimo dia 7 de junho,\u00a0 foi realizada a primeira a\u00e7\u00e3o do projeto, no bairro Planalto, quando foram oferecidas\u00a0\u00e0s mulheres atendidas pelo IRPAMDEQ oficinas de maquiagem, com Cris Moraes tran\u00e7as afro, com Diela Tamba artesanato, com Joelma Pereira atendimento com as psic\u00f3logas Rosana Trevisan e Roseli Barreto e palestra sobre direito da mulher, com a advogada Evania Almeida.<\/p>\n<p>\u201cQueremos realizar um projeto experimental que permita pensar e construir a rede de prote\u00e7\u00e3o \u00e0s mulheres, que em Mato Grosso ainda n\u00e3o est\u00e1 organizada. Temos as institui\u00e7\u00f5es &#8211; delegacias, CAPS, Defensoria, unidades de assist\u00eancia social etc. -, mas falta um planejamento conjunto, protocolos de atendimento\u201d, disse Edna Sampaio.<\/p>\n<p>Segundo a parlamentar, uma das metas \u00e9 estimular a cria\u00e7\u00e3o de um n\u00facleo integrado de atendimento \u00e0 mulher vinculado \u00e0 C\u00e2mara ou ao executivo municipal.<\/p>\n<p>\u201cNeste espa\u00e7o, ter\u00edamos acolhimento social para encaminh\u00e1-las a atendimento especializado em assist\u00eancia social, jur\u00eddica, psicol\u00f3gica ou de seguran\u00e7a p\u00fablica, nos casos de viol\u00eancia, ou para atividades laborais, entre outras\u201d, explicou.<\/p>\n<p>Em Mato Grosso, no primeiro semestre deste ano, j\u00e1 foram registrados mais de 126 casos de viol\u00eancia contra\u00a0 a mulher.<\/p>\n<p>\u201cParece relativamente pouco, mas n\u00e3o \u00e9. Se lembrarmos que, a cada um minuto uma mulher \u00e9 v\u00edtima de viol\u00eancia e que os dados s\u00e3o subnotificados, podemos contabilizar entre 400 e 500 v\u00edtimas, s\u00f3 no primeiro semestre\u201d, disse ela Qelli Rocha,\u00a0 que \u00e9 pesquisadora da linha \u201cG\u00eanero, ra\u00e7a, diversidade sexual e identidade de g\u00eanero\u201d, ao qual o projeto estar\u00e1 vinculado.<\/p>\n<p>A maioria das v\u00edtimas tem baixa escolaridade,\u00a0 cumpre a fun\u00e7\u00e3o de chefe de fam\u00edlia, como acontece em 57% dos lares brasileiros, e exerce trabalho precarizado, situa\u00e7\u00e3o que piorou durante a pandemia.<\/p>\n<p>\u201cAl\u00e9m da forma\u00e7\u00e3o das multiplicadoras, este projeto vai capacitar as mulheres para um novo nicho de mercado, o da beleza\u00a0 negra\u201d, disse Qelli.<\/p>\n","protected":false},"excerpt":{"rendered":"<p>Segundo dados oficiais, a cada minuto,\u00a0uma mulher \u00e9 v\u00edtima de viol\u00eancia no pa\u00eds e, em 2021, o \u00edndice de viol\u00eancia contra mulheres negras aumentou 13,9%, enquanto contra brancas, reduziu 4%. Em reuni\u00e3o no \u00faltimo dia 8, a vereadora Edna Sampaio (PT) e a pesquisadora Qelli Rocha, do N\u00facleo de Estudos, Pesquisas e Extens\u00e3o sobre as [&hellip;]<\/p>\n","protected":false},"author":2,"featured_media":4036,"comment_status":"closed","ping_status":"closed","sticky":false,"template":"","format":"standard","meta":{"iawp_total_views":0,"footnotes":""},"categories":[10],"tags":[],"class_list":["post-4035","post","type-post","status-publish","format-standard","has-post-thumbnail","hentry","category-politica"],"yoast_head":"<!-- This site is optimized with the Yoast SEO plugin v27.3 - https:\/\/yoast.com\/product\/yoast-seo-wordpress\/ -->\n<title>\u201cA vez e a voz da mulher\u201d &#8902; Blog da Condessa<\/title>\n<meta name=\"robots\" content=\"index, follow, max-snippet:-1, max-image-preview:large, max-video-preview:-1\" \/>\n<link rel=\"canonical\" href=\"https:\/\/blogdacondessa.com.br\/blog\/politica\/a-vez-e-a-voz-da-mulher\/\" \/>\n<meta property=\"og:locale\" content=\"pt_BR\" \/>\n<meta property=\"og:type\" content=\"article\" \/>\n<meta property=\"og:title\" content=\"\u201cA vez e a voz da mulher\u201d &#8902; Blog da Condessa\" \/>\n<meta property=\"og:description\" content=\"Segundo dados oficiais, a cada minuto,\u00a0uma mulher \u00e9 v\u00edtima de viol\u00eancia no pa\u00eds e, em 2021, o \u00edndice de viol\u00eancia contra mulheres negras aumentou 13,9%, enquanto contra brancas, reduziu 4%. Em reuni\u00e3o no \u00faltimo dia 8, a vereadora Edna Sampaio (PT) e a pesquisadora Qelli Rocha, do N\u00facleo de Estudos, Pesquisas e Extens\u00e3o sobre as [&hellip;]\" \/>\n<meta property=\"og:url\" content=\"https:\/\/blogdacondessa.com.br\/blog\/politica\/a-vez-e-a-voz-da-mulher\/\" \/>\n<meta property=\"og:site_name\" content=\"Blog da Condessa\" \/>\n<meta property=\"article:published_time\" content=\"2022-06-10T09:00:35+00:00\" \/>\n<meta property=\"og:image\" content=\"https:\/\/blogdacondessa.com.br\/blog\/wp-content\/uploads\/2022\/06\/edna-ampaio.jpg\" \/>\n\t<meta property=\"og:image:width\" content=\"400\" \/>\n\t<meta property=\"og:image:height\" content=\"600\" \/>\n\t<meta property=\"og:image:type\" content=\"image\/jpeg\" \/>\n<meta name=\"author\" content=\"Blog da Condessa\" \/>\n<meta name=\"twitter:card\" content=\"summary_large_image\" \/>\n<meta name=\"twitter:label1\" content=\"Escrito por\" \/>\n\t<meta name=\"twitter:data1\" content=\"Blog da Condessa\" \/>\n\t<meta name=\"twitter:label2\" content=\"Est. tempo de leitura\" \/>\n\t<meta name=\"twitter:data2\" content=\"3 minutos\" \/>\n<script type=\"application\/ld+json\" class=\"yoast-schema-graph\">{\"@context\":\"https:\\\/\\\/schema.org\",\"@graph\":[{\"@type\":\"Article\",\"@id\":\"https:\\\/\\\/blogdacondessa.com.br\\\/blog\\\/politica\\\/a-vez-e-a-voz-da-mulher\\\/#article\",\"isPartOf\":{\"@id\":\"https:\\\/\\\/blogdacondessa.com.br\\\/blog\\\/politica\\\/a-vez-e-a-voz-da-mulher\\\/\"},\"author\":{\"name\":\"Blog da Condessa\",\"@id\":\"https:\\\/\\\/blogdacondessa.com.br\\\/blog\\\/#\\\/schema\\\/person\\\/1d667ff8b785195b568677489d266035\"},\"headline\":\"\u201cA vez e a voz da mulher\u201d\",\"datePublished\":\"2022-06-10T09:00:35+00:00\",\"mainEntityOfPage\":{\"@id\":\"https:\\\/\\\/blogdacondessa.com.br\\\/blog\\\/politica\\\/a-vez-e-a-voz-da-mulher\\\/\"},\"wordCount\":534,\"image\":{\"@id\":\"https:\\\/\\\/blogdacondessa.com.br\\\/blog\\\/politica\\\/a-vez-e-a-voz-da-mulher\\\/#primaryimage\"},\"thumbnailUrl\":\"https:\\\/\\\/blogdacondessa.com.br\\\/blog\\\/wp-content\\\/uploads\\\/2022\\\/06\\\/edna-ampaio.jpg\",\"articleSection\":[\"Pol\u00edtica\"],\"inLanguage\":\"pt-BR\"},{\"@type\":\"WebPage\",\"@id\":\"https:\\\/\\\/blogdacondessa.com.br\\\/blog\\\/politica\\\/a-vez-e-a-voz-da-mulher\\\/\",\"url\":\"https:\\\/\\\/blogdacondessa.com.br\\\/blog\\\/politica\\\/a-vez-e-a-voz-da-mulher\\\/\",\"name\":\"\u201cA vez e a voz da mulher\u201d &#8902; Blog da Condessa\",\"isPartOf\":{\"@id\":\"https:\\\/\\\/blogdacondessa.com.br\\\/blog\\\/#website\"},\"primaryImageOfPage\":{\"@id\":\"https:\\\/\\\/blogdacondessa.com.br\\\/blog\\\/politica\\\/a-vez-e-a-voz-da-mulher\\\/#primaryimage\"},\"image\":{\"@id\":\"https:\\\/\\\/blogdacondessa.com.br\\\/blog\\\/politica\\\/a-vez-e-a-voz-da-mulher\\\/#primaryimage\"},\"thumbnailUrl\":\"https:\\\/\\\/blogdacondessa.com.br\\\/blog\\\/wp-content\\\/uploads\\\/2022\\\/06\\\/edna-ampaio.jpg\",\"datePublished\":\"2022-06-10T09:00:35+00:00\",\"author\":{\"@id\":\"https:\\\/\\\/blogdacondessa.com.br\\\/blog\\\/#\\\/schema\\\/person\\\/1d667ff8b785195b568677489d266035\"},\"breadcrumb\":{\"@id\":\"https:\\\/\\\/blogdacondessa.com.br\\\/blog\\\/politica\\\/a-vez-e-a-voz-da-mulher\\\/#breadcrumb\"},\"inLanguage\":\"pt-BR\",\"potentialAction\":[{\"@type\":\"ReadAction\",\"target\":[\"https:\\\/\\\/blogdacondessa.com.br\\\/blog\\\/politica\\\/a-vez-e-a-voz-da-mulher\\\/\"]}]},{\"@type\":\"ImageObject\",\"inLanguage\":\"pt-BR\",\"@id\":\"https:\\\/\\\/blogdacondessa.com.br\\\/blog\\\/politica\\\/a-vez-e-a-voz-da-mulher\\\/#primaryimage\",\"url\":\"https:\\\/\\\/blogdacondessa.com.br\\\/blog\\\/wp-content\\\/uploads\\\/2022\\\/06\\\/edna-ampaio.jpg\",\"contentUrl\":\"https:\\\/\\\/blogdacondessa.com.br\\\/blog\\\/wp-content\\\/uploads\\\/2022\\\/06\\\/edna-ampaio.jpg\",\"width\":400,\"height\":600},{\"@type\":\"BreadcrumbList\",\"@id\":\"https:\\\/\\\/blogdacondessa.com.br\\\/blog\\\/politica\\\/a-vez-e-a-voz-da-mulher\\\/#breadcrumb\",\"itemListElement\":[{\"@type\":\"ListItem\",\"position\":1,\"name\":\"In\u00edcio\",\"item\":\"https:\\\/\\\/blogdacondessa.com.br\\\/blog\\\/\"},{\"@type\":\"ListItem\",\"position\":2,\"name\":\"\u201cA vez e a voz da mulher\u201d\"}]},{\"@type\":\"WebSite\",\"@id\":\"https:\\\/\\\/blogdacondessa.com.br\\\/blog\\\/#website\",\"url\":\"https:\\\/\\\/blogdacondessa.com.br\\\/blog\\\/\",\"name\":\"Blog da Condessa\",\"description\":\"Com Shirley de Souza O\u2019Campos\",\"potentialAction\":[{\"@type\":\"SearchAction\",\"target\":{\"@type\":\"EntryPoint\",\"urlTemplate\":\"https:\\\/\\\/blogdacondessa.com.br\\\/blog\\\/?s={search_term_string}\"},\"query-input\":{\"@type\":\"PropertyValueSpecification\",\"valueRequired\":true,\"valueName\":\"search_term_string\"}}],\"inLanguage\":\"pt-BR\"},{\"@type\":\"Person\",\"@id\":\"https:\\\/\\\/blogdacondessa.com.br\\\/blog\\\/#\\\/schema\\\/person\\\/1d667ff8b785195b568677489d266035\",\"name\":\"Blog da Condessa\",\"image\":{\"@type\":\"ImageObject\",\"inLanguage\":\"pt-BR\",\"@id\":\"https:\\\/\\\/secure.gravatar.com\\\/avatar\\\/377c0eb8b4ad2bfc25461b41564b5971e721ca34a57642868fc7b0c8ac7b52c5?s=96&d=mm&r=g\",\"url\":\"https:\\\/\\\/secure.gravatar.com\\\/avatar\\\/377c0eb8b4ad2bfc25461b41564b5971e721ca34a57642868fc7b0c8ac7b52c5?s=96&d=mm&r=g\",\"contentUrl\":\"https:\\\/\\\/secure.gravatar.com\\\/avatar\\\/377c0eb8b4ad2bfc25461b41564b5971e721ca34a57642868fc7b0c8ac7b52c5?s=96&d=mm&r=g\",\"caption\":\"Blog da Condessa\"},\"url\":\"https:\\\/\\\/blogdacondessa.com.br\\\/blog\\\/author\\\/beatriz\\\/\"}]}<\/script>\n<!-- \/ Yoast SEO plugin. -->","yoast_head_json":{"title":"\u201cA vez e a voz da mulher\u201d &#8902; Blog da Condessa","robots":{"index":"index","follow":"follow","max-snippet":"max-snippet:-1","max-image-preview":"max-image-preview:large","max-video-preview":"max-video-preview:-1"},"canonical":"https:\/\/blogdacondessa.com.br\/blog\/politica\/a-vez-e-a-voz-da-mulher\/","og_locale":"pt_BR","og_type":"article","og_title":"\u201cA vez e a voz da mulher\u201d &#8902; Blog da Condessa","og_description":"Segundo dados oficiais, a cada minuto,\u00a0uma mulher \u00e9 v\u00edtima de viol\u00eancia no pa\u00eds e, em 2021, o \u00edndice de viol\u00eancia contra mulheres negras aumentou 13,9%, enquanto contra brancas, reduziu 4%. Em reuni\u00e3o no \u00faltimo dia 8, a vereadora Edna Sampaio (PT) e a pesquisadora Qelli Rocha, do N\u00facleo de Estudos, Pesquisas e Extens\u00e3o sobre as [&hellip;]","og_url":"https:\/\/blogdacondessa.com.br\/blog\/politica\/a-vez-e-a-voz-da-mulher\/","og_site_name":"Blog da Condessa","article_published_time":"2022-06-10T09:00:35+00:00","og_image":[{"width":400,"height":600,"url":"https:\/\/blogdacondessa.com.br\/blog\/wp-content\/uploads\/2022\/06\/edna-ampaio.jpg","type":"image\/jpeg"}],"author":"Blog da Condessa","twitter_card":"summary_large_image","twitter_misc":{"Escrito por":"Blog da Condessa","Est. tempo de leitura":"3 minutos"},"schema":{"@context":"https:\/\/schema.org","@graph":[{"@type":"Article","@id":"https:\/\/blogdacondessa.com.br\/blog\/politica\/a-vez-e-a-voz-da-mulher\/#article","isPartOf":{"@id":"https:\/\/blogdacondessa.com.br\/blog\/politica\/a-vez-e-a-voz-da-mulher\/"},"author":{"name":"Blog da Condessa","@id":"https:\/\/blogdacondessa.com.br\/blog\/#\/schema\/person\/1d667ff8b785195b568677489d266035"},"headline":"\u201cA vez e a voz da mulher\u201d","datePublished":"2022-06-10T09:00:35+00:00","mainEntityOfPage":{"@id":"https:\/\/blogdacondessa.com.br\/blog\/politica\/a-vez-e-a-voz-da-mulher\/"},"wordCount":534,"image":{"@id":"https:\/\/blogdacondessa.com.br\/blog\/politica\/a-vez-e-a-voz-da-mulher\/#primaryimage"},"thumbnailUrl":"https:\/\/blogdacondessa.com.br\/blog\/wp-content\/uploads\/2022\/06\/edna-ampaio.jpg","articleSection":["Pol\u00edtica"],"inLanguage":"pt-BR"},{"@type":"WebPage","@id":"https:\/\/blogdacondessa.com.br\/blog\/politica\/a-vez-e-a-voz-da-mulher\/","url":"https:\/\/blogdacondessa.com.br\/blog\/politica\/a-vez-e-a-voz-da-mulher\/","name":"\u201cA vez e a voz da mulher\u201d &#8902; Blog da Condessa","isPartOf":{"@id":"https:\/\/blogdacondessa.com.br\/blog\/#website"},"primaryImageOfPage":{"@id":"https:\/\/blogdacondessa.com.br\/blog\/politica\/a-vez-e-a-voz-da-mulher\/#primaryimage"},"image":{"@id":"https:\/\/blogdacondessa.com.br\/blog\/politica\/a-vez-e-a-voz-da-mulher\/#primaryimage"},"thumbnailUrl":"https:\/\/blogdacondessa.com.br\/blog\/wp-content\/uploads\/2022\/06\/edna-ampaio.jpg","datePublished":"2022-06-10T09:00:35+00:00","author":{"@id":"https:\/\/blogdacondessa.com.br\/blog\/#\/schema\/person\/1d667ff8b785195b568677489d266035"},"breadcrumb":{"@id":"https:\/\/blogdacondessa.com.br\/blog\/politica\/a-vez-e-a-voz-da-mulher\/#breadcrumb"},"inLanguage":"pt-BR","potentialAction":[{"@type":"ReadAction","target":["https:\/\/blogdacondessa.com.br\/blog\/politica\/a-vez-e-a-voz-da-mulher\/"]}]},{"@type":"ImageObject","inLanguage":"pt-BR","@id":"https:\/\/blogdacondessa.com.br\/blog\/politica\/a-vez-e-a-voz-da-mulher\/#primaryimage","url":"https:\/\/blogdacondessa.com.br\/blog\/wp-content\/uploads\/2022\/06\/edna-ampaio.jpg","contentUrl":"https:\/\/blogdacondessa.com.br\/blog\/wp-content\/uploads\/2022\/06\/edna-ampaio.jpg","width":400,"height":600},{"@type":"BreadcrumbList","@id":"https:\/\/blogdacondessa.com.br\/blog\/politica\/a-vez-e-a-voz-da-mulher\/#breadcrumb","itemListElement":[{"@type":"ListItem","position":1,"name":"In\u00edcio","item":"https:\/\/blogdacondessa.com.br\/blog\/"},{"@type":"ListItem","position":2,"name":"\u201cA vez e a voz da mulher\u201d"}]},{"@type":"WebSite","@id":"https:\/\/blogdacondessa.com.br\/blog\/#website","url":"https:\/\/blogdacondessa.com.br\/blog\/","name":"Blog da Condessa","description":"Com Shirley de Souza O\u2019Campos","potentialAction":[{"@type":"SearchAction","target":{"@type":"EntryPoint","urlTemplate":"https:\/\/blogdacondessa.com.br\/blog\/?s={search_term_string}"},"query-input":{"@type":"PropertyValueSpecification","valueRequired":true,"valueName":"search_term_string"}}],"inLanguage":"pt-BR"},{"@type":"Person","@id":"https:\/\/blogdacondessa.com.br\/blog\/#\/schema\/person\/1d667ff8b785195b568677489d266035","name":"Blog da Condessa","image":{"@type":"ImageObject","inLanguage":"pt-BR","@id":"https:\/\/secure.gravatar.com\/avatar\/377c0eb8b4ad2bfc25461b41564b5971e721ca34a57642868fc7b0c8ac7b52c5?s=96&d=mm&r=g","url":"https:\/\/secure.gravatar.com\/avatar\/377c0eb8b4ad2bfc25461b41564b5971e721ca34a57642868fc7b0c8ac7b52c5?s=96&d=mm&r=g","contentUrl":"https:\/\/secure.gravatar.com\/avatar\/377c0eb8b4ad2bfc25461b41564b5971e721ca34a57642868fc7b0c8ac7b52c5?s=96&d=mm&r=g","caption":"Blog da Condessa"},"url":"https:\/\/blogdacondessa.com.br\/blog\/author\/beatriz\/"}]}},"_links":{"self":[{"href":"https:\/\/blogdacondessa.com.br\/blog\/wp-json\/wp\/v2\/posts\/4035","targetHints":{"allow":["GET"]}}],"collection":[{"href":"https:\/\/blogdacondessa.com.br\/blog\/wp-json\/wp\/v2\/posts"}],"about":[{"href":"https:\/\/blogdacondessa.com.br\/blog\/wp-json\/wp\/v2\/types\/post"}],"author":[{"embeddable":true,"href":"https:\/\/blogdacondessa.com.br\/blog\/wp-json\/wp\/v2\/users\/2"}],"replies":[{"embeddable":true,"href":"https:\/\/blogdacondessa.com.br\/blog\/wp-json\/wp\/v2\/comments?post=4035"}],"version-history":[{"count":0,"href":"https:\/\/blogdacondessa.com.br\/blog\/wp-json\/wp\/v2\/posts\/4035\/revisions"}],"wp:featuredmedia":[{"embeddable":true,"href":"https:\/\/blogdacondessa.com.br\/blog\/wp-json\/wp\/v2\/media\/4036"}],"wp:attachment":[{"href":"https:\/\/blogdacondessa.com.br\/blog\/wp-json\/wp\/v2\/media?parent=4035"}],"wp:term":[{"taxonomy":"category","embeddable":true,"href":"https:\/\/blogdacondessa.com.br\/blog\/wp-json\/wp\/v2\/categories?post=4035"},{"taxonomy":"post_tag","embeddable":true,"href":"https:\/\/blogdacondessa.com.br\/blog\/wp-json\/wp\/v2\/tags?post=4035"}],"curies":[{"name":"wp","href":"https:\/\/api.w.org\/{rel}","templated":true}]}}