{"id":3902,"date":"2022-05-28T05:00:30","date_gmt":"2022-05-28T09:00:30","guid":{"rendered":"http:\/\/blogdacondessa.com.br\/?p=3902"},"modified":"2022-05-27T13:23:03","modified_gmt":"2022-05-27T17:23:03","slug":"congresso-de-direito-busca-novos-horizontes-as-politicas-publicas-e-ao-sistema-de-justica","status":"publish","type":"post","link":"https:\/\/blogdacondessa.com.br\/blog\/juridico\/congresso-de-direito-busca-novos-horizontes-as-politicas-publicas-e-ao-sistema-de-justica\/","title":{"rendered":"Congresso de Direito busca novos horizontes \u00e0s pol\u00edticas p\u00fablicas e ao sistema de Justi\u00e7a"},"content":{"rendered":"<p>O I Congresso Internacional da Academia Mato-Grossense de Direito ocorre entre os dias 30 a 31 de maio no Espa\u00e7o Justi\u00e7a, Cultura e Arte \u201cDesembargador Gerv\u00e1sio Leite\u201d, no Tribunal de Justi\u00e7a de Mato Grosso (TJMT).<\/p>\n<p>O Congresso traz temas atuais no cen\u00e1rio nacional e internacional. Segundo a presidente da Academia, a ju\u00edza Amini Haddad Campos, o encontro visa a estabilidade de preceitos nas pol\u00edticas de estado. \u201cO objetivo \u00e9 conscientizar de uma contemporaneidade distinta, onde somos demandados a compreender a coletividade e a individualidade a um s\u00f3 tempo. Devemos considerar que a linguagem judicial e\u00a0 a democracia s\u00e3o perspectivas necess\u00e1rias \u00e0 consolida\u00e7\u00e3o do desenvolvimento em uma sociedade plural\u201d, frisou.<\/p>\n<p>O tema do encontro que reunir\u00e1 ao menos 11 palestrantes \u00e9 \u201cLinguagem Judicial, Democracia, Pol\u00edticas de Estado e Desenvolvimento Sustent\u00e1vel\u201d.<\/p>\n<p>\u201cCompetir\u00e1 aos juristas e cientistas sociais participantes trazerem as diretrizes de novos horizontes \u00e0s pol\u00edticas p\u00fablicas, inclusive no sistema de Justi\u00e7a\u201d, observou a ju\u00edza.<\/p>\n<p>Conforme Amini, em uma \u00e9poca de migra\u00e7\u00f5es em massa os Direitos Humanos s\u00e3o desafiados \u00e0 realiza\u00e7\u00e3o. \u201cEm uma perspectiva pand\u00eamica, o Estado \u00e9 desafiado na sua exist\u00eancia funcional. Os temas est\u00e3o interligados, sem descurar que \u00e9 a linguagem judicial o \u00faltimo reduto \u00e0 presta\u00e7\u00e3o da Justi\u00e7a. Quando a jurisdi\u00e7\u00e3o ampliada falha, temos a consolida\u00e7\u00e3o de uma normatividade consagrada em precedentes que vicia todo o sistema, em um Estado de Direito. \u00c9 atrav\u00e9s dessa linguagem que garantimos a efetiva\u00e7\u00e3o da democracia, como \u00faltimo degrau de s\u00faplica.<\/p>\n<p>\u00c9 atrav\u00e9s da linguagem judicial que garantimos a essencialidade do desenvolvimento sustent\u00e1vel, atrav\u00e9s do fomento do di\u00e1logo cient\u00edfico \u00e0 preserva\u00e7\u00e3o que possa consagrar a exist\u00eancia das futuras gera\u00e7\u00f5es, sem prejudicar o incremento comunit\u00e1rio dos interesses coletivos. A equ\u00e2nime medida \u00e9 o objetivo primordial. Destaca-se, aqui, o fomento da igual dignifica\u00e7\u00e3o entre o feminino e o masculino\u201d, destacou a ju\u00edza.<\/p>\n<p>A fala de abertura ser\u00e1 proferida pelo ministro do Supremo Tribunal Federal (STF), Gilmar Mendes. Entre os principais temas a serem tratados est\u00e3o sustentabilidade no p\u00f3s-pandemia, linguagem judicial, pol\u00edticas de estado e representatividade do feminino, Constitui\u00e7\u00e3o e democracia.<\/p>\n<p>Os interessados podem se inscrever pelo e-mail congresso.amd.2022@gmail.com, basta enviar seus\u00a0 dados (nome completo e CPF). O evento ter\u00e1 programa\u00e7\u00e3o das 8h \u00e0s 18h no dia 30 e das 8h \u00e0s 12h no dia 31.<\/p>\n<p>&nbsp;<\/p>\n<p>&nbsp;<\/p>\n","protected":false},"excerpt":{"rendered":"<p>O I Congresso Internacional da Academia Mato-Grossense de Direito ocorre entre os dias 30 a 31 de maio no Espa\u00e7o Justi\u00e7a, Cultura e Arte \u201cDesembargador Gerv\u00e1sio Leite\u201d, no Tribunal de Justi\u00e7a de Mato Grosso (TJMT). O Congresso traz temas atuais no cen\u00e1rio nacional e internacional. Segundo a presidente da Academia, a ju\u00edza Amini Haddad Campos, [&hellip;]<\/p>\n","protected":false},"author":2,"featured_media":3903,"comment_status":"closed","ping_status":"closed","sticky":false,"template":"","format":"standard","meta":{"iawp_total_views":1,"footnotes":""},"categories":[26],"tags":[],"class_list":["post-3902","post","type-post","status-publish","format-standard","has-post-thumbnail","hentry","category-juridico"],"yoast_head":"<!-- This site is optimized with the Yoast SEO plugin v27.3 - https:\/\/yoast.com\/product\/yoast-seo-wordpress\/ -->\n<title>Congresso de Direito busca novos horizontes \u00e0s pol\u00edticas p\u00fablicas e ao sistema de Justi\u00e7a &#8902; Blog da Condessa<\/title>\n<meta name=\"robots\" content=\"index, follow, max-snippet:-1, max-image-preview:large, max-video-preview:-1\" \/>\n<link rel=\"canonical\" href=\"https:\/\/blogdacondessa.com.br\/blog\/juridico\/congresso-de-direito-busca-novos-horizontes-as-politicas-publicas-e-ao-sistema-de-justica\/\" \/>\n<meta property=\"og:locale\" content=\"pt_BR\" \/>\n<meta property=\"og:type\" content=\"article\" \/>\n<meta property=\"og:title\" content=\"Congresso de Direito busca novos horizontes \u00e0s pol\u00edticas p\u00fablicas e ao sistema de Justi\u00e7a &#8902; Blog da Condessa\" \/>\n<meta property=\"og:description\" content=\"O I Congresso Internacional da Academia Mato-Grossense de Direito ocorre entre os dias 30 a 31 de maio no Espa\u00e7o Justi\u00e7a, Cultura e Arte \u201cDesembargador Gerv\u00e1sio Leite\u201d, no Tribunal de Justi\u00e7a de Mato Grosso (TJMT). O Congresso traz temas atuais no cen\u00e1rio nacional e internacional. Segundo a presidente da Academia, a ju\u00edza Amini Haddad Campos, [&hellip;]\" \/>\n<meta property=\"og:url\" content=\"https:\/\/blogdacondessa.com.br\/blog\/juridico\/congresso-de-direito-busca-novos-horizontes-as-politicas-publicas-e-ao-sistema-de-justica\/\" \/>\n<meta property=\"og:site_name\" content=\"Blog da Condessa\" \/>\n<meta property=\"article:published_time\" content=\"2022-05-28T09:00:30+00:00\" \/>\n<meta property=\"og:image\" content=\"https:\/\/blogdacondessa.com.br\/blog\/wp-content\/uploads\/2022\/05\/foto-certa.jpg\" \/>\n\t<meta property=\"og:image:width\" content=\"793\" \/>\n\t<meta property=\"og:image:height\" content=\"1083\" \/>\n\t<meta property=\"og:image:type\" content=\"image\/jpeg\" \/>\n<meta name=\"author\" content=\"Blog da Condessa\" \/>\n<meta name=\"twitter:card\" content=\"summary_large_image\" \/>\n<meta name=\"twitter:label1\" content=\"Escrito por\" \/>\n\t<meta name=\"twitter:data1\" content=\"Blog da Condessa\" \/>\n\t<meta name=\"twitter:label2\" content=\"Est. tempo de leitura\" \/>\n\t<meta name=\"twitter:data2\" content=\"3 minutos\" \/>\n<script type=\"application\/ld+json\" class=\"yoast-schema-graph\">{\"@context\":\"https:\\\/\\\/schema.org\",\"@graph\":[{\"@type\":\"Article\",\"@id\":\"https:\\\/\\\/blogdacondessa.com.br\\\/blog\\\/juridico\\\/congresso-de-direito-busca-novos-horizontes-as-politicas-publicas-e-ao-sistema-de-justica\\\/#article\",\"isPartOf\":{\"@id\":\"https:\\\/\\\/blogdacondessa.com.br\\\/blog\\\/juridico\\\/congresso-de-direito-busca-novos-horizontes-as-politicas-publicas-e-ao-sistema-de-justica\\\/\"},\"author\":{\"name\":\"Blog da Condessa\",\"@id\":\"https:\\\/\\\/blogdacondessa.com.br\\\/blog\\\/#\\\/schema\\\/person\\\/1d667ff8b785195b568677489d266035\"},\"headline\":\"Congresso de Direito busca novos horizontes \u00e0s pol\u00edticas p\u00fablicas e ao sistema de Justi\u00e7a\",\"datePublished\":\"2022-05-28T09:00:30+00:00\",\"mainEntityOfPage\":{\"@id\":\"https:\\\/\\\/blogdacondessa.com.br\\\/blog\\\/juridico\\\/congresso-de-direito-busca-novos-horizontes-as-politicas-publicas-e-ao-sistema-de-justica\\\/\"},\"wordCount\":422,\"image\":{\"@id\":\"https:\\\/\\\/blogdacondessa.com.br\\\/blog\\\/juridico\\\/congresso-de-direito-busca-novos-horizontes-as-politicas-publicas-e-ao-sistema-de-justica\\\/#primaryimage\"},\"thumbnailUrl\":\"https:\\\/\\\/blogdacondessa.com.br\\\/blog\\\/wp-content\\\/uploads\\\/2022\\\/05\\\/foto-certa.jpg\",\"articleSection\":[\"Jur\u00eddico\"],\"inLanguage\":\"pt-BR\"},{\"@type\":\"WebPage\",\"@id\":\"https:\\\/\\\/blogdacondessa.com.br\\\/blog\\\/juridico\\\/congresso-de-direito-busca-novos-horizontes-as-politicas-publicas-e-ao-sistema-de-justica\\\/\",\"url\":\"https:\\\/\\\/blogdacondessa.com.br\\\/blog\\\/juridico\\\/congresso-de-direito-busca-novos-horizontes-as-politicas-publicas-e-ao-sistema-de-justica\\\/\",\"name\":\"Congresso de Direito busca novos horizontes \u00e0s pol\u00edticas p\u00fablicas e ao sistema de Justi\u00e7a &#8902; Blog da Condessa\",\"isPartOf\":{\"@id\":\"https:\\\/\\\/blogdacondessa.com.br\\\/blog\\\/#website\"},\"primaryImageOfPage\":{\"@id\":\"https:\\\/\\\/blogdacondessa.com.br\\\/blog\\\/juridico\\\/congresso-de-direito-busca-novos-horizontes-as-politicas-publicas-e-ao-sistema-de-justica\\\/#primaryimage\"},\"image\":{\"@id\":\"https:\\\/\\\/blogdacondessa.com.br\\\/blog\\\/juridico\\\/congresso-de-direito-busca-novos-horizontes-as-politicas-publicas-e-ao-sistema-de-justica\\\/#primaryimage\"},\"thumbnailUrl\":\"https:\\\/\\\/blogdacondessa.com.br\\\/blog\\\/wp-content\\\/uploads\\\/2022\\\/05\\\/foto-certa.jpg\",\"datePublished\":\"2022-05-28T09:00:30+00:00\",\"author\":{\"@id\":\"https:\\\/\\\/blogdacondessa.com.br\\\/blog\\\/#\\\/schema\\\/person\\\/1d667ff8b785195b568677489d266035\"},\"breadcrumb\":{\"@id\":\"https:\\\/\\\/blogdacondessa.com.br\\\/blog\\\/juridico\\\/congresso-de-direito-busca-novos-horizontes-as-politicas-publicas-e-ao-sistema-de-justica\\\/#breadcrumb\"},\"inLanguage\":\"pt-BR\",\"potentialAction\":[{\"@type\":\"ReadAction\",\"target\":[\"https:\\\/\\\/blogdacondessa.com.br\\\/blog\\\/juridico\\\/congresso-de-direito-busca-novos-horizontes-as-politicas-publicas-e-ao-sistema-de-justica\\\/\"]}]},{\"@type\":\"ImageObject\",\"inLanguage\":\"pt-BR\",\"@id\":\"https:\\\/\\\/blogdacondessa.com.br\\\/blog\\\/juridico\\\/congresso-de-direito-busca-novos-horizontes-as-politicas-publicas-e-ao-sistema-de-justica\\\/#primaryimage\",\"url\":\"https:\\\/\\\/blogdacondessa.com.br\\\/blog\\\/wp-content\\\/uploads\\\/2022\\\/05\\\/foto-certa.jpg\",\"contentUrl\":\"https:\\\/\\\/blogdacondessa.com.br\\\/blog\\\/wp-content\\\/uploads\\\/2022\\\/05\\\/foto-certa.jpg\",\"width\":793,\"height\":1083},{\"@type\":\"BreadcrumbList\",\"@id\":\"https:\\\/\\\/blogdacondessa.com.br\\\/blog\\\/juridico\\\/congresso-de-direito-busca-novos-horizontes-as-politicas-publicas-e-ao-sistema-de-justica\\\/#breadcrumb\",\"itemListElement\":[{\"@type\":\"ListItem\",\"position\":1,\"name\":\"In\u00edcio\",\"item\":\"https:\\\/\\\/blogdacondessa.com.br\\\/blog\\\/\"},{\"@type\":\"ListItem\",\"position\":2,\"name\":\"Congresso de Direito busca novos horizontes \u00e0s pol\u00edticas p\u00fablicas e ao sistema de Justi\u00e7a\"}]},{\"@type\":\"WebSite\",\"@id\":\"https:\\\/\\\/blogdacondessa.com.br\\\/blog\\\/#website\",\"url\":\"https:\\\/\\\/blogdacondessa.com.br\\\/blog\\\/\",\"name\":\"Blog da Condessa\",\"description\":\"Com Shirley de Souza O\u2019Campos\",\"potentialAction\":[{\"@type\":\"SearchAction\",\"target\":{\"@type\":\"EntryPoint\",\"urlTemplate\":\"https:\\\/\\\/blogdacondessa.com.br\\\/blog\\\/?s={search_term_string}\"},\"query-input\":{\"@type\":\"PropertyValueSpecification\",\"valueRequired\":true,\"valueName\":\"search_term_string\"}}],\"inLanguage\":\"pt-BR\"},{\"@type\":\"Person\",\"@id\":\"https:\\\/\\\/blogdacondessa.com.br\\\/blog\\\/#\\\/schema\\\/person\\\/1d667ff8b785195b568677489d266035\",\"name\":\"Blog da Condessa\",\"image\":{\"@type\":\"ImageObject\",\"inLanguage\":\"pt-BR\",\"@id\":\"https:\\\/\\\/secure.gravatar.com\\\/avatar\\\/377c0eb8b4ad2bfc25461b41564b5971e721ca34a57642868fc7b0c8ac7b52c5?s=96&d=mm&r=g\",\"url\":\"https:\\\/\\\/secure.gravatar.com\\\/avatar\\\/377c0eb8b4ad2bfc25461b41564b5971e721ca34a57642868fc7b0c8ac7b52c5?s=96&d=mm&r=g\",\"contentUrl\":\"https:\\\/\\\/secure.gravatar.com\\\/avatar\\\/377c0eb8b4ad2bfc25461b41564b5971e721ca34a57642868fc7b0c8ac7b52c5?s=96&d=mm&r=g\",\"caption\":\"Blog da Condessa\"},\"url\":\"https:\\\/\\\/blogdacondessa.com.br\\\/blog\\\/author\\\/beatriz\\\/\"}]}<\/script>\n<!-- \/ Yoast SEO plugin. -->","yoast_head_json":{"title":"Congresso de Direito busca novos horizontes \u00e0s pol\u00edticas p\u00fablicas e ao sistema de Justi\u00e7a &#8902; Blog da Condessa","robots":{"index":"index","follow":"follow","max-snippet":"max-snippet:-1","max-image-preview":"max-image-preview:large","max-video-preview":"max-video-preview:-1"},"canonical":"https:\/\/blogdacondessa.com.br\/blog\/juridico\/congresso-de-direito-busca-novos-horizontes-as-politicas-publicas-e-ao-sistema-de-justica\/","og_locale":"pt_BR","og_type":"article","og_title":"Congresso de Direito busca novos horizontes \u00e0s pol\u00edticas p\u00fablicas e ao sistema de Justi\u00e7a &#8902; Blog da Condessa","og_description":"O I Congresso Internacional da Academia Mato-Grossense de Direito ocorre entre os dias 30 a 31 de maio no Espa\u00e7o Justi\u00e7a, Cultura e Arte \u201cDesembargador Gerv\u00e1sio Leite\u201d, no Tribunal de Justi\u00e7a de Mato Grosso (TJMT). O Congresso traz temas atuais no cen\u00e1rio nacional e internacional. Segundo a presidente da Academia, a ju\u00edza Amini Haddad Campos, [&hellip;]","og_url":"https:\/\/blogdacondessa.com.br\/blog\/juridico\/congresso-de-direito-busca-novos-horizontes-as-politicas-publicas-e-ao-sistema-de-justica\/","og_site_name":"Blog da Condessa","article_published_time":"2022-05-28T09:00:30+00:00","og_image":[{"width":793,"height":1083,"url":"https:\/\/blogdacondessa.com.br\/blog\/wp-content\/uploads\/2022\/05\/foto-certa.jpg","type":"image\/jpeg"}],"author":"Blog da Condessa","twitter_card":"summary_large_image","twitter_misc":{"Escrito por":"Blog da Condessa","Est. tempo de leitura":"3 minutos"},"schema":{"@context":"https:\/\/schema.org","@graph":[{"@type":"Article","@id":"https:\/\/blogdacondessa.com.br\/blog\/juridico\/congresso-de-direito-busca-novos-horizontes-as-politicas-publicas-e-ao-sistema-de-justica\/#article","isPartOf":{"@id":"https:\/\/blogdacondessa.com.br\/blog\/juridico\/congresso-de-direito-busca-novos-horizontes-as-politicas-publicas-e-ao-sistema-de-justica\/"},"author":{"name":"Blog da Condessa","@id":"https:\/\/blogdacondessa.com.br\/blog\/#\/schema\/person\/1d667ff8b785195b568677489d266035"},"headline":"Congresso de Direito busca novos horizontes \u00e0s pol\u00edticas p\u00fablicas e ao sistema de Justi\u00e7a","datePublished":"2022-05-28T09:00:30+00:00","mainEntityOfPage":{"@id":"https:\/\/blogdacondessa.com.br\/blog\/juridico\/congresso-de-direito-busca-novos-horizontes-as-politicas-publicas-e-ao-sistema-de-justica\/"},"wordCount":422,"image":{"@id":"https:\/\/blogdacondessa.com.br\/blog\/juridico\/congresso-de-direito-busca-novos-horizontes-as-politicas-publicas-e-ao-sistema-de-justica\/#primaryimage"},"thumbnailUrl":"https:\/\/blogdacondessa.com.br\/blog\/wp-content\/uploads\/2022\/05\/foto-certa.jpg","articleSection":["Jur\u00eddico"],"inLanguage":"pt-BR"},{"@type":"WebPage","@id":"https:\/\/blogdacondessa.com.br\/blog\/juridico\/congresso-de-direito-busca-novos-horizontes-as-politicas-publicas-e-ao-sistema-de-justica\/","url":"https:\/\/blogdacondessa.com.br\/blog\/juridico\/congresso-de-direito-busca-novos-horizontes-as-politicas-publicas-e-ao-sistema-de-justica\/","name":"Congresso de Direito busca novos horizontes \u00e0s pol\u00edticas p\u00fablicas e ao sistema de Justi\u00e7a &#8902; Blog da Condessa","isPartOf":{"@id":"https:\/\/blogdacondessa.com.br\/blog\/#website"},"primaryImageOfPage":{"@id":"https:\/\/blogdacondessa.com.br\/blog\/juridico\/congresso-de-direito-busca-novos-horizontes-as-politicas-publicas-e-ao-sistema-de-justica\/#primaryimage"},"image":{"@id":"https:\/\/blogdacondessa.com.br\/blog\/juridico\/congresso-de-direito-busca-novos-horizontes-as-politicas-publicas-e-ao-sistema-de-justica\/#primaryimage"},"thumbnailUrl":"https:\/\/blogdacondessa.com.br\/blog\/wp-content\/uploads\/2022\/05\/foto-certa.jpg","datePublished":"2022-05-28T09:00:30+00:00","author":{"@id":"https:\/\/blogdacondessa.com.br\/blog\/#\/schema\/person\/1d667ff8b785195b568677489d266035"},"breadcrumb":{"@id":"https:\/\/blogdacondessa.com.br\/blog\/juridico\/congresso-de-direito-busca-novos-horizontes-as-politicas-publicas-e-ao-sistema-de-justica\/#breadcrumb"},"inLanguage":"pt-BR","potentialAction":[{"@type":"ReadAction","target":["https:\/\/blogdacondessa.com.br\/blog\/juridico\/congresso-de-direito-busca-novos-horizontes-as-politicas-publicas-e-ao-sistema-de-justica\/"]}]},{"@type":"ImageObject","inLanguage":"pt-BR","@id":"https:\/\/blogdacondessa.com.br\/blog\/juridico\/congresso-de-direito-busca-novos-horizontes-as-politicas-publicas-e-ao-sistema-de-justica\/#primaryimage","url":"https:\/\/blogdacondessa.com.br\/blog\/wp-content\/uploads\/2022\/05\/foto-certa.jpg","contentUrl":"https:\/\/blogdacondessa.com.br\/blog\/wp-content\/uploads\/2022\/05\/foto-certa.jpg","width":793,"height":1083},{"@type":"BreadcrumbList","@id":"https:\/\/blogdacondessa.com.br\/blog\/juridico\/congresso-de-direito-busca-novos-horizontes-as-politicas-publicas-e-ao-sistema-de-justica\/#breadcrumb","itemListElement":[{"@type":"ListItem","position":1,"name":"In\u00edcio","item":"https:\/\/blogdacondessa.com.br\/blog\/"},{"@type":"ListItem","position":2,"name":"Congresso de Direito busca novos horizontes \u00e0s pol\u00edticas p\u00fablicas e ao sistema de Justi\u00e7a"}]},{"@type":"WebSite","@id":"https:\/\/blogdacondessa.com.br\/blog\/#website","url":"https:\/\/blogdacondessa.com.br\/blog\/","name":"Blog da Condessa","description":"Com Shirley de Souza O\u2019Campos","potentialAction":[{"@type":"SearchAction","target":{"@type":"EntryPoint","urlTemplate":"https:\/\/blogdacondessa.com.br\/blog\/?s={search_term_string}"},"query-input":{"@type":"PropertyValueSpecification","valueRequired":true,"valueName":"search_term_string"}}],"inLanguage":"pt-BR"},{"@type":"Person","@id":"https:\/\/blogdacondessa.com.br\/blog\/#\/schema\/person\/1d667ff8b785195b568677489d266035","name":"Blog da Condessa","image":{"@type":"ImageObject","inLanguage":"pt-BR","@id":"https:\/\/secure.gravatar.com\/avatar\/377c0eb8b4ad2bfc25461b41564b5971e721ca34a57642868fc7b0c8ac7b52c5?s=96&d=mm&r=g","url":"https:\/\/secure.gravatar.com\/avatar\/377c0eb8b4ad2bfc25461b41564b5971e721ca34a57642868fc7b0c8ac7b52c5?s=96&d=mm&r=g","contentUrl":"https:\/\/secure.gravatar.com\/avatar\/377c0eb8b4ad2bfc25461b41564b5971e721ca34a57642868fc7b0c8ac7b52c5?s=96&d=mm&r=g","caption":"Blog da Condessa"},"url":"https:\/\/blogdacondessa.com.br\/blog\/author\/beatriz\/"}]}},"_links":{"self":[{"href":"https:\/\/blogdacondessa.com.br\/blog\/wp-json\/wp\/v2\/posts\/3902","targetHints":{"allow":["GET"]}}],"collection":[{"href":"https:\/\/blogdacondessa.com.br\/blog\/wp-json\/wp\/v2\/posts"}],"about":[{"href":"https:\/\/blogdacondessa.com.br\/blog\/wp-json\/wp\/v2\/types\/post"}],"author":[{"embeddable":true,"href":"https:\/\/blogdacondessa.com.br\/blog\/wp-json\/wp\/v2\/users\/2"}],"replies":[{"embeddable":true,"href":"https:\/\/blogdacondessa.com.br\/blog\/wp-json\/wp\/v2\/comments?post=3902"}],"version-history":[{"count":0,"href":"https:\/\/blogdacondessa.com.br\/blog\/wp-json\/wp\/v2\/posts\/3902\/revisions"}],"wp:featuredmedia":[{"embeddable":true,"href":"https:\/\/blogdacondessa.com.br\/blog\/wp-json\/wp\/v2\/media\/3903"}],"wp:attachment":[{"href":"https:\/\/blogdacondessa.com.br\/blog\/wp-json\/wp\/v2\/media?parent=3902"}],"wp:term":[{"taxonomy":"category","embeddable":true,"href":"https:\/\/blogdacondessa.com.br\/blog\/wp-json\/wp\/v2\/categories?post=3902"},{"taxonomy":"post_tag","embeddable":true,"href":"https:\/\/blogdacondessa.com.br\/blog\/wp-json\/wp\/v2\/tags?post=3902"}],"curies":[{"name":"wp","href":"https:\/\/api.w.org\/{rel}","templated":true}]}}