{"id":3899,"date":"2022-05-28T05:00:21","date_gmt":"2022-05-28T09:00:21","guid":{"rendered":"http:\/\/blogdacondessa.com.br\/?p=3899"},"modified":"2022-05-27T13:20:06","modified_gmt":"2022-05-27T17:20:06","slug":"as-brasileiras-etnias","status":"publish","type":"post","link":"https:\/\/blogdacondessa.com.br\/blog\/cultura\/as-brasileiras-etnias\/","title":{"rendered":"\u2018As brasileiras etnias\u2019"},"content":{"rendered":"<p>A exposi\u00e7\u00e3o \u2018As brasileiras etnias\u2019, que re\u00fane obras de artistas regionais sobre ancestralidade ind\u00edgena e africana, acontece na Casa Cuiabana. Com curadoria de artistas Ailton Reis e Maria Ang\u00e9lica C. Schimidt, s\u00e3o aproximadamente 40 trabalhos que se revezam entre telas e fotografias, todos dedicados aos povos origin\u00e1rios do Brasil, \u00e0 beleza da cultura regional e a ancestralidade da popula\u00e7\u00e3o afro.<\/p>\n<p>\u201cEsse debate \u00e9 importante, n\u00e3o por vi\u00e9s pol\u00edtico, mas por uma perspectiva da ancestralidade e apropria\u00e7\u00e3o do que seja um contexto de respeito \u00e0 dignidade cultural brasileira. Os ataques ocorrem diariamente e somos permissivos a isto, quando n\u00e3o levamos a um di\u00e1logo e conscientiza\u00e7\u00e3o. Somos produtores de mudan\u00e7a e temos que nos apropriar desses movimentos. Culturalmente, politicamente e sens\u00edveis ao debate\u201d, adianta Dayana Trindade, uma das artistas da exposi\u00e7\u00e3o coletiva.<\/p>\n<p>A mostra \u00e9 gratuita e re\u00fane poesias, fotografias, artesanato, telas e esculturas. Entre os artistas participantes est\u00e3o Airton Reis, Luciene Carvalho, Zita Eliney da Concei\u00e7\u00e3o, Zeila Cec\u00edlia Concei\u00e7\u00e3o, C\u00e9lia Maria Leite, Carmen da Cunha Moraes, Rai Reis, Daniel Meneguini, Henrique Santian, Geraldo David, Herik Richard, Jana P\u00eassoa, Priscila Freitas, Banavita, Deuseni F\u00e9lix, Odete Ven\u00e2ncio, Nadja Lammel, Nivea Castro, Dayana Trindade, M\u00e1rcio Aur\u00e9lio dos Santos e J. da Silva Sousa.<\/p>\n<p>\u2018As brasileiras etnias\u2019 fica aberta \u00e0 visita\u00e7\u00e3o gratuita at\u00e9 o dia 30 de junho, de segunda a sexta-feira, das 8h \u00e0s 12h e das 14h \u00e0s 18h.<\/p>\n<p><strong>Servi\u00e7o<\/strong><\/p>\n<p>Exposi\u00e7\u00e3o: \u201cAs Brasileiras Etnias\u201d<\/p>\n<p>Per\u00edodo de visita\u00e7\u00e3o: 28.05 a 30.06 (segunda a sexta-feira, das 8h \u00e0s 12h e das 14h \u00e0s 18h)<\/p>\n<p>Local: Centro Cultural Casa Cuiabana (avenida General Valle, 181, bairro Bandeirantes, Cuiab\u00e1)<\/p>\n","protected":false},"excerpt":{"rendered":"<p>A exposi\u00e7\u00e3o \u2018As brasileiras etnias\u2019, que re\u00fane obras de artistas regionais sobre ancestralidade ind\u00edgena e africana, acontece na Casa Cuiabana. Com curadoria de artistas Ailton Reis e Maria Ang\u00e9lica C. Schimidt, s\u00e3o aproximadamente 40 trabalhos que se revezam entre telas e fotografias, todos dedicados aos povos origin\u00e1rios do Brasil, \u00e0 beleza da cultura regional e [&hellip;]<\/p>\n","protected":false},"author":2,"featured_media":3900,"comment_status":"closed","ping_status":"closed","sticky":false,"template":"","format":"standard","meta":{"iawp_total_views":0,"footnotes":""},"categories":[18],"tags":[],"class_list":["post-3899","post","type-post","status-publish","format-standard","has-post-thumbnail","hentry","category-cultura"],"yoast_head":"<!-- This site is optimized with the Yoast SEO plugin v27.3 - https:\/\/yoast.com\/product\/yoast-seo-wordpress\/ -->\n<title>\u2018As brasileiras etnias\u2019 &#8902; Blog da Condessa<\/title>\n<meta name=\"robots\" content=\"index, follow, max-snippet:-1, max-image-preview:large, max-video-preview:-1\" \/>\n<link rel=\"canonical\" href=\"https:\/\/blogdacondessa.com.br\/blog\/cultura\/as-brasileiras-etnias\/\" \/>\n<meta property=\"og:locale\" content=\"pt_BR\" \/>\n<meta property=\"og:type\" content=\"article\" \/>\n<meta property=\"og:title\" content=\"\u2018As brasileiras etnias\u2019 &#8902; Blog da Condessa\" \/>\n<meta property=\"og:description\" content=\"A exposi\u00e7\u00e3o \u2018As brasileiras etnias\u2019, que re\u00fane obras de artistas regionais sobre ancestralidade ind\u00edgena e africana, acontece na Casa Cuiabana. Com curadoria de artistas Ailton Reis e Maria Ang\u00e9lica C. Schimidt, s\u00e3o aproximadamente 40 trabalhos que se revezam entre telas e fotografias, todos dedicados aos povos origin\u00e1rios do Brasil, \u00e0 beleza da cultura regional e [&hellip;]\" \/>\n<meta property=\"og:url\" content=\"https:\/\/blogdacondessa.com.br\/blog\/cultura\/as-brasileiras-etnias\/\" \/>\n<meta property=\"og:site_name\" content=\"Blog da Condessa\" \/>\n<meta property=\"article:published_time\" content=\"2022-05-28T09:00:21+00:00\" \/>\n<meta property=\"og:image\" content=\"https:\/\/blogdacondessa.com.br\/blog\/wp-content\/uploads\/2022\/05\/as-brasileiras-etnias.jpeg\" \/>\n\t<meta property=\"og:image:width\" content=\"1024\" \/>\n\t<meta property=\"og:image:height\" content=\"768\" \/>\n\t<meta property=\"og:image:type\" content=\"image\/jpeg\" \/>\n<meta name=\"author\" content=\"Blog da Condessa\" \/>\n<meta name=\"twitter:card\" content=\"summary_large_image\" \/>\n<meta name=\"twitter:label1\" content=\"Escrito por\" \/>\n\t<meta name=\"twitter:data1\" content=\"Blog da Condessa\" \/>\n\t<meta name=\"twitter:label2\" content=\"Est. tempo de leitura\" \/>\n\t<meta name=\"twitter:data2\" content=\"2 minutos\" \/>\n<script type=\"application\/ld+json\" class=\"yoast-schema-graph\">{\"@context\":\"https:\\\/\\\/schema.org\",\"@graph\":[{\"@type\":\"Article\",\"@id\":\"https:\\\/\\\/blogdacondessa.com.br\\\/blog\\\/cultura\\\/as-brasileiras-etnias\\\/#article\",\"isPartOf\":{\"@id\":\"https:\\\/\\\/blogdacondessa.com.br\\\/blog\\\/cultura\\\/as-brasileiras-etnias\\\/\"},\"author\":{\"name\":\"Blog da Condessa\",\"@id\":\"https:\\\/\\\/blogdacondessa.com.br\\\/blog\\\/#\\\/schema\\\/person\\\/1d667ff8b785195b568677489d266035\"},\"headline\":\"\u2018As brasileiras etnias\u2019\",\"datePublished\":\"2022-05-28T09:00:21+00:00\",\"mainEntityOfPage\":{\"@id\":\"https:\\\/\\\/blogdacondessa.com.br\\\/blog\\\/cultura\\\/as-brasileiras-etnias\\\/\"},\"wordCount\":287,\"image\":{\"@id\":\"https:\\\/\\\/blogdacondessa.com.br\\\/blog\\\/cultura\\\/as-brasileiras-etnias\\\/#primaryimage\"},\"thumbnailUrl\":\"https:\\\/\\\/blogdacondessa.com.br\\\/blog\\\/wp-content\\\/uploads\\\/2022\\\/05\\\/as-brasileiras-etnias.jpeg\",\"articleSection\":[\"Cultura\"],\"inLanguage\":\"pt-BR\"},{\"@type\":\"WebPage\",\"@id\":\"https:\\\/\\\/blogdacondessa.com.br\\\/blog\\\/cultura\\\/as-brasileiras-etnias\\\/\",\"url\":\"https:\\\/\\\/blogdacondessa.com.br\\\/blog\\\/cultura\\\/as-brasileiras-etnias\\\/\",\"name\":\"\u2018As brasileiras etnias\u2019 &#8902; Blog da Condessa\",\"isPartOf\":{\"@id\":\"https:\\\/\\\/blogdacondessa.com.br\\\/blog\\\/#website\"},\"primaryImageOfPage\":{\"@id\":\"https:\\\/\\\/blogdacondessa.com.br\\\/blog\\\/cultura\\\/as-brasileiras-etnias\\\/#primaryimage\"},\"image\":{\"@id\":\"https:\\\/\\\/blogdacondessa.com.br\\\/blog\\\/cultura\\\/as-brasileiras-etnias\\\/#primaryimage\"},\"thumbnailUrl\":\"https:\\\/\\\/blogdacondessa.com.br\\\/blog\\\/wp-content\\\/uploads\\\/2022\\\/05\\\/as-brasileiras-etnias.jpeg\",\"datePublished\":\"2022-05-28T09:00:21+00:00\",\"author\":{\"@id\":\"https:\\\/\\\/blogdacondessa.com.br\\\/blog\\\/#\\\/schema\\\/person\\\/1d667ff8b785195b568677489d266035\"},\"breadcrumb\":{\"@id\":\"https:\\\/\\\/blogdacondessa.com.br\\\/blog\\\/cultura\\\/as-brasileiras-etnias\\\/#breadcrumb\"},\"inLanguage\":\"pt-BR\",\"potentialAction\":[{\"@type\":\"ReadAction\",\"target\":[\"https:\\\/\\\/blogdacondessa.com.br\\\/blog\\\/cultura\\\/as-brasileiras-etnias\\\/\"]}]},{\"@type\":\"ImageObject\",\"inLanguage\":\"pt-BR\",\"@id\":\"https:\\\/\\\/blogdacondessa.com.br\\\/blog\\\/cultura\\\/as-brasileiras-etnias\\\/#primaryimage\",\"url\":\"https:\\\/\\\/blogdacondessa.com.br\\\/blog\\\/wp-content\\\/uploads\\\/2022\\\/05\\\/as-brasileiras-etnias.jpeg\",\"contentUrl\":\"https:\\\/\\\/blogdacondessa.com.br\\\/blog\\\/wp-content\\\/uploads\\\/2022\\\/05\\\/as-brasileiras-etnias.jpeg\",\"width\":1024,\"height\":768},{\"@type\":\"BreadcrumbList\",\"@id\":\"https:\\\/\\\/blogdacondessa.com.br\\\/blog\\\/cultura\\\/as-brasileiras-etnias\\\/#breadcrumb\",\"itemListElement\":[{\"@type\":\"ListItem\",\"position\":1,\"name\":\"In\u00edcio\",\"item\":\"https:\\\/\\\/blogdacondessa.com.br\\\/blog\\\/\"},{\"@type\":\"ListItem\",\"position\":2,\"name\":\"\u2018As brasileiras etnias\u2019\"}]},{\"@type\":\"WebSite\",\"@id\":\"https:\\\/\\\/blogdacondessa.com.br\\\/blog\\\/#website\",\"url\":\"https:\\\/\\\/blogdacondessa.com.br\\\/blog\\\/\",\"name\":\"Blog da Condessa\",\"description\":\"Com Shirley de Souza O\u2019Campos\",\"potentialAction\":[{\"@type\":\"SearchAction\",\"target\":{\"@type\":\"EntryPoint\",\"urlTemplate\":\"https:\\\/\\\/blogdacondessa.com.br\\\/blog\\\/?s={search_term_string}\"},\"query-input\":{\"@type\":\"PropertyValueSpecification\",\"valueRequired\":true,\"valueName\":\"search_term_string\"}}],\"inLanguage\":\"pt-BR\"},{\"@type\":\"Person\",\"@id\":\"https:\\\/\\\/blogdacondessa.com.br\\\/blog\\\/#\\\/schema\\\/person\\\/1d667ff8b785195b568677489d266035\",\"name\":\"Blog da Condessa\",\"image\":{\"@type\":\"ImageObject\",\"inLanguage\":\"pt-BR\",\"@id\":\"https:\\\/\\\/secure.gravatar.com\\\/avatar\\\/377c0eb8b4ad2bfc25461b41564b5971e721ca34a57642868fc7b0c8ac7b52c5?s=96&d=mm&r=g\",\"url\":\"https:\\\/\\\/secure.gravatar.com\\\/avatar\\\/377c0eb8b4ad2bfc25461b41564b5971e721ca34a57642868fc7b0c8ac7b52c5?s=96&d=mm&r=g\",\"contentUrl\":\"https:\\\/\\\/secure.gravatar.com\\\/avatar\\\/377c0eb8b4ad2bfc25461b41564b5971e721ca34a57642868fc7b0c8ac7b52c5?s=96&d=mm&r=g\",\"caption\":\"Blog da Condessa\"},\"url\":\"https:\\\/\\\/blogdacondessa.com.br\\\/blog\\\/author\\\/beatriz\\\/\"}]}<\/script>\n<!-- \/ Yoast SEO plugin. -->","yoast_head_json":{"title":"\u2018As brasileiras etnias\u2019 &#8902; Blog da Condessa","robots":{"index":"index","follow":"follow","max-snippet":"max-snippet:-1","max-image-preview":"max-image-preview:large","max-video-preview":"max-video-preview:-1"},"canonical":"https:\/\/blogdacondessa.com.br\/blog\/cultura\/as-brasileiras-etnias\/","og_locale":"pt_BR","og_type":"article","og_title":"\u2018As brasileiras etnias\u2019 &#8902; Blog da Condessa","og_description":"A exposi\u00e7\u00e3o \u2018As brasileiras etnias\u2019, que re\u00fane obras de artistas regionais sobre ancestralidade ind\u00edgena e africana, acontece na Casa Cuiabana. Com curadoria de artistas Ailton Reis e Maria Ang\u00e9lica C. Schimidt, s\u00e3o aproximadamente 40 trabalhos que se revezam entre telas e fotografias, todos dedicados aos povos origin\u00e1rios do Brasil, \u00e0 beleza da cultura regional e [&hellip;]","og_url":"https:\/\/blogdacondessa.com.br\/blog\/cultura\/as-brasileiras-etnias\/","og_site_name":"Blog da Condessa","article_published_time":"2022-05-28T09:00:21+00:00","og_image":[{"width":1024,"height":768,"url":"https:\/\/blogdacondessa.com.br\/blog\/wp-content\/uploads\/2022\/05\/as-brasileiras-etnias.jpeg","type":"image\/jpeg"}],"author":"Blog da Condessa","twitter_card":"summary_large_image","twitter_misc":{"Escrito por":"Blog da Condessa","Est. tempo de leitura":"2 minutos"},"schema":{"@context":"https:\/\/schema.org","@graph":[{"@type":"Article","@id":"https:\/\/blogdacondessa.com.br\/blog\/cultura\/as-brasileiras-etnias\/#article","isPartOf":{"@id":"https:\/\/blogdacondessa.com.br\/blog\/cultura\/as-brasileiras-etnias\/"},"author":{"name":"Blog da Condessa","@id":"https:\/\/blogdacondessa.com.br\/blog\/#\/schema\/person\/1d667ff8b785195b568677489d266035"},"headline":"\u2018As brasileiras etnias\u2019","datePublished":"2022-05-28T09:00:21+00:00","mainEntityOfPage":{"@id":"https:\/\/blogdacondessa.com.br\/blog\/cultura\/as-brasileiras-etnias\/"},"wordCount":287,"image":{"@id":"https:\/\/blogdacondessa.com.br\/blog\/cultura\/as-brasileiras-etnias\/#primaryimage"},"thumbnailUrl":"https:\/\/blogdacondessa.com.br\/blog\/wp-content\/uploads\/2022\/05\/as-brasileiras-etnias.jpeg","articleSection":["Cultura"],"inLanguage":"pt-BR"},{"@type":"WebPage","@id":"https:\/\/blogdacondessa.com.br\/blog\/cultura\/as-brasileiras-etnias\/","url":"https:\/\/blogdacondessa.com.br\/blog\/cultura\/as-brasileiras-etnias\/","name":"\u2018As brasileiras etnias\u2019 &#8902; Blog da Condessa","isPartOf":{"@id":"https:\/\/blogdacondessa.com.br\/blog\/#website"},"primaryImageOfPage":{"@id":"https:\/\/blogdacondessa.com.br\/blog\/cultura\/as-brasileiras-etnias\/#primaryimage"},"image":{"@id":"https:\/\/blogdacondessa.com.br\/blog\/cultura\/as-brasileiras-etnias\/#primaryimage"},"thumbnailUrl":"https:\/\/blogdacondessa.com.br\/blog\/wp-content\/uploads\/2022\/05\/as-brasileiras-etnias.jpeg","datePublished":"2022-05-28T09:00:21+00:00","author":{"@id":"https:\/\/blogdacondessa.com.br\/blog\/#\/schema\/person\/1d667ff8b785195b568677489d266035"},"breadcrumb":{"@id":"https:\/\/blogdacondessa.com.br\/blog\/cultura\/as-brasileiras-etnias\/#breadcrumb"},"inLanguage":"pt-BR","potentialAction":[{"@type":"ReadAction","target":["https:\/\/blogdacondessa.com.br\/blog\/cultura\/as-brasileiras-etnias\/"]}]},{"@type":"ImageObject","inLanguage":"pt-BR","@id":"https:\/\/blogdacondessa.com.br\/blog\/cultura\/as-brasileiras-etnias\/#primaryimage","url":"https:\/\/blogdacondessa.com.br\/blog\/wp-content\/uploads\/2022\/05\/as-brasileiras-etnias.jpeg","contentUrl":"https:\/\/blogdacondessa.com.br\/blog\/wp-content\/uploads\/2022\/05\/as-brasileiras-etnias.jpeg","width":1024,"height":768},{"@type":"BreadcrumbList","@id":"https:\/\/blogdacondessa.com.br\/blog\/cultura\/as-brasileiras-etnias\/#breadcrumb","itemListElement":[{"@type":"ListItem","position":1,"name":"In\u00edcio","item":"https:\/\/blogdacondessa.com.br\/blog\/"},{"@type":"ListItem","position":2,"name":"\u2018As brasileiras etnias\u2019"}]},{"@type":"WebSite","@id":"https:\/\/blogdacondessa.com.br\/blog\/#website","url":"https:\/\/blogdacondessa.com.br\/blog\/","name":"Blog da Condessa","description":"Com Shirley de Souza O\u2019Campos","potentialAction":[{"@type":"SearchAction","target":{"@type":"EntryPoint","urlTemplate":"https:\/\/blogdacondessa.com.br\/blog\/?s={search_term_string}"},"query-input":{"@type":"PropertyValueSpecification","valueRequired":true,"valueName":"search_term_string"}}],"inLanguage":"pt-BR"},{"@type":"Person","@id":"https:\/\/blogdacondessa.com.br\/blog\/#\/schema\/person\/1d667ff8b785195b568677489d266035","name":"Blog da Condessa","image":{"@type":"ImageObject","inLanguage":"pt-BR","@id":"https:\/\/secure.gravatar.com\/avatar\/377c0eb8b4ad2bfc25461b41564b5971e721ca34a57642868fc7b0c8ac7b52c5?s=96&d=mm&r=g","url":"https:\/\/secure.gravatar.com\/avatar\/377c0eb8b4ad2bfc25461b41564b5971e721ca34a57642868fc7b0c8ac7b52c5?s=96&d=mm&r=g","contentUrl":"https:\/\/secure.gravatar.com\/avatar\/377c0eb8b4ad2bfc25461b41564b5971e721ca34a57642868fc7b0c8ac7b52c5?s=96&d=mm&r=g","caption":"Blog da Condessa"},"url":"https:\/\/blogdacondessa.com.br\/blog\/author\/beatriz\/"}]}},"_links":{"self":[{"href":"https:\/\/blogdacondessa.com.br\/blog\/wp-json\/wp\/v2\/posts\/3899","targetHints":{"allow":["GET"]}}],"collection":[{"href":"https:\/\/blogdacondessa.com.br\/blog\/wp-json\/wp\/v2\/posts"}],"about":[{"href":"https:\/\/blogdacondessa.com.br\/blog\/wp-json\/wp\/v2\/types\/post"}],"author":[{"embeddable":true,"href":"https:\/\/blogdacondessa.com.br\/blog\/wp-json\/wp\/v2\/users\/2"}],"replies":[{"embeddable":true,"href":"https:\/\/blogdacondessa.com.br\/blog\/wp-json\/wp\/v2\/comments?post=3899"}],"version-history":[{"count":0,"href":"https:\/\/blogdacondessa.com.br\/blog\/wp-json\/wp\/v2\/posts\/3899\/revisions"}],"wp:featuredmedia":[{"embeddable":true,"href":"https:\/\/blogdacondessa.com.br\/blog\/wp-json\/wp\/v2\/media\/3900"}],"wp:attachment":[{"href":"https:\/\/blogdacondessa.com.br\/blog\/wp-json\/wp\/v2\/media?parent=3899"}],"wp:term":[{"taxonomy":"category","embeddable":true,"href":"https:\/\/blogdacondessa.com.br\/blog\/wp-json\/wp\/v2\/categories?post=3899"},{"taxonomy":"post_tag","embeddable":true,"href":"https:\/\/blogdacondessa.com.br\/blog\/wp-json\/wp\/v2\/tags?post=3899"}],"curies":[{"name":"wp","href":"https:\/\/api.w.org\/{rel}","templated":true}]}}