{"id":3760,"date":"2022-05-13T05:00:33","date_gmt":"2022-05-13T09:00:33","guid":{"rendered":"http:\/\/blogdacondessa.com.br\/?p=3760"},"modified":"2022-05-12T16:09:25","modified_gmt":"2022-05-12T20:09:25","slug":"manifestacoes-artisticas-sobre-a-historia-de-diferentes-povos-que-habitaram-o-estado","status":"publish","type":"post","link":"https:\/\/blogdacondessa.com.br\/blog\/cultura\/manifestacoes-artisticas-sobre-a-historia-de-diferentes-povos-que-habitaram-o-estado\/","title":{"rendered":"Manifesta\u00e7\u00f5es art\u00edsticas sobre a hist\u00f3ria de diferentes povos que habitaram o estado"},"content":{"rendered":"<p>Fotografias de pinturas rupestres em Chapada dos Guimar\u00e3es integram a nova exposi\u00e7\u00e3o tempor\u00e1ria do Museu de Hist\u00f3ria Natural de Mato Grosso, aberta ao p\u00fablico no \u00faltimo dia 12. \u00a0As fotos foram feitas no s\u00edtio arqueol\u00f3gico de arte rupestre mais estudado da regi\u00e3o, chamado de Lapa do Frei Kanuto, onde se encontram manifesta\u00e7\u00f5es art\u00edsticas sobre a hist\u00f3ria de diferentes povos que habitaram o Estado. A mostra pode ser visitada de quarta a domingo, das 8h \u00e0s 18h.<\/p>\n<p>Intitulada \u2018Vest\u00edgios Ancestrais \u2013 Arte Rupestre em Chapada dos Guimar\u00e3es\u2019, a mostra re\u00fane 20 fotografias do s\u00edtio Lapa do Frei Kanuto, que consiste em um pared\u00e3o de 60 metros de comprimento por tr\u00eas metros de altura, localizado no limite entre os munic\u00edpios de Chapada dos Guimar\u00e3es e Cuiab\u00e1.<\/p>\n<p>\u201cS\u00e3o pain\u00e9is que evidenciam animais, humanos e s\u00edmbolos atrav\u00e9s de pinturas em estilo primitivo, al\u00e9m de grava\u00e7\u00f5es em baixo relevo no estilo moderno\u201d, destaca Suzana Hirooka, arque\u00f3loga e ge\u00f3loga que desenvolveu a pesquisa apresentada na exposi\u00e7\u00e3o.<\/p>\n<p>Mato Grosso possui 1.588 s\u00edtios arqueol\u00f3gicos, segundo o Instituto do Patrim\u00f4nio Hist\u00f3rico Art\u00edstico Nacional (Iphan). Destes, 105 est\u00e3o localizados em Chapada dos Guimar\u00e3es, mas acredita-se que h\u00e1 pontos ainda n\u00e3o foram descobertos. Nos s\u00edtios arqueol\u00f3gicos, encontram-se vest\u00edgios da ocupa\u00e7\u00e3o humana, como fragmentos de cer\u00e2micas, instrumentos de pedras lascadas ou polidas e arte rupestre.<\/p>\n<p>A exposi\u00e7\u00e3o do Museu de Hist\u00f3ria Natural de Mato Grosso busca conscientizar a comunidade para a urg\u00eancia de preservar os s\u00edtios arqueol\u00f3gicos visando o conhecimento das futuras gera\u00e7\u00f5es. Isso porque, segundo Suzana, esses patrim\u00f4nios hist\u00f3ricos est\u00e3o vulner\u00e1veis \u00e0 interfer\u00eancia de queimadas, ca\u00e7adores, curiosos e turistas despreparados.<\/p>\n<p>\u201c\u00c9 importante dar visibilidade aos s\u00edtios arqueol\u00f3gicos e suas potencialidades para despertar a sociedade sobre a import\u00e2ncia de se realizar projetos de conserva\u00e7\u00e3o e preparar o espa\u00e7o para o turismo harmonioso com o meio ambiente e a cultura local\u201d.<\/p>\n<p>A mostra\u00a0tempor\u00e1ria fica aberta ao p\u00fablico at\u00e9 14 de agosto.<\/p>\n<p><strong>Servi\u00e7o<\/strong><\/p>\n<p>Exposi\u00e7\u00e3o tempor\u00e1ria: \u2018Vest\u00edgios Ancestrais \u2013 Arte Rupestre em Chapada dos Guimar\u00e3es\u2019<\/p>\n<p>Localiza\u00e7\u00e3o: Avenida Manoel Jos\u00e9 de Arruda (Beira Rio), n\u00ba 2000, bairro Jardim Europa, Cuiab\u00e1\/MT<\/p>\n<p>Visita\u00e7\u00e3o: De quarta a domingo, das 8h \u00e0s 18h<\/p>\n<p>Entrada de segunda a s\u00e1bado: R$ 12 (inteira) e R$ 6 (meia). Gratuito aos domingos.<\/p>\n<p>Site:\u00a0http:\/\/museuhistorianaturalmt.com.br\/<\/p>\n","protected":false},"excerpt":{"rendered":"<p>Fotografias de pinturas rupestres em Chapada dos Guimar\u00e3es integram a nova exposi\u00e7\u00e3o tempor\u00e1ria do Museu de Hist\u00f3ria Natural de Mato Grosso, aberta ao p\u00fablico no \u00faltimo dia 12. \u00a0As fotos foram feitas no s\u00edtio arqueol\u00f3gico de arte rupestre mais estudado da regi\u00e3o, chamado de Lapa do Frei Kanuto, onde se encontram manifesta\u00e7\u00f5es art\u00edsticas sobre a [&hellip;]<\/p>\n","protected":false},"author":2,"featured_media":3761,"comment_status":"closed","ping_status":"closed","sticky":false,"template":"","format":"standard","meta":{"iawp_total_views":0,"footnotes":""},"categories":[18],"tags":[],"class_list":["post-3760","post","type-post","status-publish","format-standard","has-post-thumbnail","hentry","category-cultura"],"yoast_head":"<!-- This site is optimized with the Yoast SEO plugin v27.3 - https:\/\/yoast.com\/product\/yoast-seo-wordpress\/ -->\n<title>Manifesta\u00e7\u00f5es art\u00edsticas sobre a hist\u00f3ria de diferentes povos que habitaram o estado &#8902; Blog da Condessa<\/title>\n<meta name=\"robots\" content=\"index, follow, max-snippet:-1, max-image-preview:large, max-video-preview:-1\" \/>\n<link rel=\"canonical\" href=\"https:\/\/blogdacondessa.com.br\/blog\/cultura\/manifestacoes-artisticas-sobre-a-historia-de-diferentes-povos-que-habitaram-o-estado\/\" \/>\n<meta property=\"og:locale\" content=\"pt_BR\" \/>\n<meta property=\"og:type\" content=\"article\" \/>\n<meta property=\"og:title\" content=\"Manifesta\u00e7\u00f5es art\u00edsticas sobre a hist\u00f3ria de diferentes povos que habitaram o estado &#8902; Blog da Condessa\" \/>\n<meta property=\"og:description\" content=\"Fotografias de pinturas rupestres em Chapada dos Guimar\u00e3es integram a nova exposi\u00e7\u00e3o tempor\u00e1ria do Museu de Hist\u00f3ria Natural de Mato Grosso, aberta ao p\u00fablico no \u00faltimo dia 12. \u00a0As fotos foram feitas no s\u00edtio arqueol\u00f3gico de arte rupestre mais estudado da regi\u00e3o, chamado de Lapa do Frei Kanuto, onde se encontram manifesta\u00e7\u00f5es art\u00edsticas sobre a [&hellip;]\" \/>\n<meta property=\"og:url\" content=\"https:\/\/blogdacondessa.com.br\/blog\/cultura\/manifestacoes-artisticas-sobre-a-historia-de-diferentes-povos-que-habitaram-o-estado\/\" \/>\n<meta property=\"og:site_name\" content=\"Blog da Condessa\" \/>\n<meta property=\"article:published_time\" content=\"2022-05-13T09:00:33+00:00\" \/>\n<meta property=\"og:image\" content=\"https:\/\/blogdacondessa.com.br\/blog\/wp-content\/uploads\/2022\/05\/Exposicao-de-Arte-Rupestre_.jpg\" \/>\n\t<meta property=\"og:image:width\" content=\"1024\" \/>\n\t<meta property=\"og:image:height\" content=\"694\" \/>\n\t<meta property=\"og:image:type\" content=\"image\/jpeg\" \/>\n<meta name=\"author\" content=\"Blog da Condessa\" \/>\n<meta name=\"twitter:card\" content=\"summary_large_image\" \/>\n<meta name=\"twitter:label1\" content=\"Escrito por\" \/>\n\t<meta name=\"twitter:data1\" content=\"Blog da Condessa\" \/>\n\t<meta name=\"twitter:label2\" content=\"Est. tempo de leitura\" \/>\n\t<meta name=\"twitter:data2\" content=\"2 minutos\" \/>\n<script type=\"application\/ld+json\" class=\"yoast-schema-graph\">{\"@context\":\"https:\\\/\\\/schema.org\",\"@graph\":[{\"@type\":\"Article\",\"@id\":\"https:\\\/\\\/blogdacondessa.com.br\\\/blog\\\/cultura\\\/manifestacoes-artisticas-sobre-a-historia-de-diferentes-povos-que-habitaram-o-estado\\\/#article\",\"isPartOf\":{\"@id\":\"https:\\\/\\\/blogdacondessa.com.br\\\/blog\\\/cultura\\\/manifestacoes-artisticas-sobre-a-historia-de-diferentes-povos-que-habitaram-o-estado\\\/\"},\"author\":{\"name\":\"Blog da Condessa\",\"@id\":\"https:\\\/\\\/blogdacondessa.com.br\\\/blog\\\/#\\\/schema\\\/person\\\/1d667ff8b785195b568677489d266035\"},\"headline\":\"Manifesta\u00e7\u00f5es art\u00edsticas sobre a hist\u00f3ria de diferentes povos que habitaram o estado\",\"datePublished\":\"2022-05-13T09:00:33+00:00\",\"mainEntityOfPage\":{\"@id\":\"https:\\\/\\\/blogdacondessa.com.br\\\/blog\\\/cultura\\\/manifestacoes-artisticas-sobre-a-historia-de-diferentes-povos-que-habitaram-o-estado\\\/\"},\"wordCount\":435,\"image\":{\"@id\":\"https:\\\/\\\/blogdacondessa.com.br\\\/blog\\\/cultura\\\/manifestacoes-artisticas-sobre-a-historia-de-diferentes-povos-que-habitaram-o-estado\\\/#primaryimage\"},\"thumbnailUrl\":\"https:\\\/\\\/blogdacondessa.com.br\\\/blog\\\/wp-content\\\/uploads\\\/2022\\\/05\\\/Exposicao-de-Arte-Rupestre_.jpg\",\"articleSection\":[\"Cultura\"],\"inLanguage\":\"pt-BR\"},{\"@type\":\"WebPage\",\"@id\":\"https:\\\/\\\/blogdacondessa.com.br\\\/blog\\\/cultura\\\/manifestacoes-artisticas-sobre-a-historia-de-diferentes-povos-que-habitaram-o-estado\\\/\",\"url\":\"https:\\\/\\\/blogdacondessa.com.br\\\/blog\\\/cultura\\\/manifestacoes-artisticas-sobre-a-historia-de-diferentes-povos-que-habitaram-o-estado\\\/\",\"name\":\"Manifesta\u00e7\u00f5es art\u00edsticas sobre a hist\u00f3ria de diferentes povos que habitaram o estado &#8902; Blog da Condessa\",\"isPartOf\":{\"@id\":\"https:\\\/\\\/blogdacondessa.com.br\\\/blog\\\/#website\"},\"primaryImageOfPage\":{\"@id\":\"https:\\\/\\\/blogdacondessa.com.br\\\/blog\\\/cultura\\\/manifestacoes-artisticas-sobre-a-historia-de-diferentes-povos-que-habitaram-o-estado\\\/#primaryimage\"},\"image\":{\"@id\":\"https:\\\/\\\/blogdacondessa.com.br\\\/blog\\\/cultura\\\/manifestacoes-artisticas-sobre-a-historia-de-diferentes-povos-que-habitaram-o-estado\\\/#primaryimage\"},\"thumbnailUrl\":\"https:\\\/\\\/blogdacondessa.com.br\\\/blog\\\/wp-content\\\/uploads\\\/2022\\\/05\\\/Exposicao-de-Arte-Rupestre_.jpg\",\"datePublished\":\"2022-05-13T09:00:33+00:00\",\"author\":{\"@id\":\"https:\\\/\\\/blogdacondessa.com.br\\\/blog\\\/#\\\/schema\\\/person\\\/1d667ff8b785195b568677489d266035\"},\"breadcrumb\":{\"@id\":\"https:\\\/\\\/blogdacondessa.com.br\\\/blog\\\/cultura\\\/manifestacoes-artisticas-sobre-a-historia-de-diferentes-povos-que-habitaram-o-estado\\\/#breadcrumb\"},\"inLanguage\":\"pt-BR\",\"potentialAction\":[{\"@type\":\"ReadAction\",\"target\":[\"https:\\\/\\\/blogdacondessa.com.br\\\/blog\\\/cultura\\\/manifestacoes-artisticas-sobre-a-historia-de-diferentes-povos-que-habitaram-o-estado\\\/\"]}]},{\"@type\":\"ImageObject\",\"inLanguage\":\"pt-BR\",\"@id\":\"https:\\\/\\\/blogdacondessa.com.br\\\/blog\\\/cultura\\\/manifestacoes-artisticas-sobre-a-historia-de-diferentes-povos-que-habitaram-o-estado\\\/#primaryimage\",\"url\":\"https:\\\/\\\/blogdacondessa.com.br\\\/blog\\\/wp-content\\\/uploads\\\/2022\\\/05\\\/Exposicao-de-Arte-Rupestre_.jpg\",\"contentUrl\":\"https:\\\/\\\/blogdacondessa.com.br\\\/blog\\\/wp-content\\\/uploads\\\/2022\\\/05\\\/Exposicao-de-Arte-Rupestre_.jpg\",\"width\":1024,\"height\":694,\"caption\":\"Foto por: Vit\u00f3ria Ramirez Zanquetta\"},{\"@type\":\"BreadcrumbList\",\"@id\":\"https:\\\/\\\/blogdacondessa.com.br\\\/blog\\\/cultura\\\/manifestacoes-artisticas-sobre-a-historia-de-diferentes-povos-que-habitaram-o-estado\\\/#breadcrumb\",\"itemListElement\":[{\"@type\":\"ListItem\",\"position\":1,\"name\":\"In\u00edcio\",\"item\":\"https:\\\/\\\/blogdacondessa.com.br\\\/blog\\\/\"},{\"@type\":\"ListItem\",\"position\":2,\"name\":\"Manifesta\u00e7\u00f5es art\u00edsticas sobre a hist\u00f3ria de diferentes povos que habitaram o estado\"}]},{\"@type\":\"WebSite\",\"@id\":\"https:\\\/\\\/blogdacondessa.com.br\\\/blog\\\/#website\",\"url\":\"https:\\\/\\\/blogdacondessa.com.br\\\/blog\\\/\",\"name\":\"Blog da Condessa\",\"description\":\"Com Shirley de Souza O\u2019Campos\",\"potentialAction\":[{\"@type\":\"SearchAction\",\"target\":{\"@type\":\"EntryPoint\",\"urlTemplate\":\"https:\\\/\\\/blogdacondessa.com.br\\\/blog\\\/?s={search_term_string}\"},\"query-input\":{\"@type\":\"PropertyValueSpecification\",\"valueRequired\":true,\"valueName\":\"search_term_string\"}}],\"inLanguage\":\"pt-BR\"},{\"@type\":\"Person\",\"@id\":\"https:\\\/\\\/blogdacondessa.com.br\\\/blog\\\/#\\\/schema\\\/person\\\/1d667ff8b785195b568677489d266035\",\"name\":\"Blog da Condessa\",\"image\":{\"@type\":\"ImageObject\",\"inLanguage\":\"pt-BR\",\"@id\":\"https:\\\/\\\/secure.gravatar.com\\\/avatar\\\/377c0eb8b4ad2bfc25461b41564b5971e721ca34a57642868fc7b0c8ac7b52c5?s=96&d=mm&r=g\",\"url\":\"https:\\\/\\\/secure.gravatar.com\\\/avatar\\\/377c0eb8b4ad2bfc25461b41564b5971e721ca34a57642868fc7b0c8ac7b52c5?s=96&d=mm&r=g\",\"contentUrl\":\"https:\\\/\\\/secure.gravatar.com\\\/avatar\\\/377c0eb8b4ad2bfc25461b41564b5971e721ca34a57642868fc7b0c8ac7b52c5?s=96&d=mm&r=g\",\"caption\":\"Blog da Condessa\"},\"url\":\"https:\\\/\\\/blogdacondessa.com.br\\\/blog\\\/author\\\/beatriz\\\/\"}]}<\/script>\n<!-- \/ Yoast SEO plugin. -->","yoast_head_json":{"title":"Manifesta\u00e7\u00f5es art\u00edsticas sobre a hist\u00f3ria de diferentes povos que habitaram o estado &#8902; Blog da Condessa","robots":{"index":"index","follow":"follow","max-snippet":"max-snippet:-1","max-image-preview":"max-image-preview:large","max-video-preview":"max-video-preview:-1"},"canonical":"https:\/\/blogdacondessa.com.br\/blog\/cultura\/manifestacoes-artisticas-sobre-a-historia-de-diferentes-povos-que-habitaram-o-estado\/","og_locale":"pt_BR","og_type":"article","og_title":"Manifesta\u00e7\u00f5es art\u00edsticas sobre a hist\u00f3ria de diferentes povos que habitaram o estado &#8902; Blog da Condessa","og_description":"Fotografias de pinturas rupestres em Chapada dos Guimar\u00e3es integram a nova exposi\u00e7\u00e3o tempor\u00e1ria do Museu de Hist\u00f3ria Natural de Mato Grosso, aberta ao p\u00fablico no \u00faltimo dia 12. \u00a0As fotos foram feitas no s\u00edtio arqueol\u00f3gico de arte rupestre mais estudado da regi\u00e3o, chamado de Lapa do Frei Kanuto, onde se encontram manifesta\u00e7\u00f5es art\u00edsticas sobre a [&hellip;]","og_url":"https:\/\/blogdacondessa.com.br\/blog\/cultura\/manifestacoes-artisticas-sobre-a-historia-de-diferentes-povos-que-habitaram-o-estado\/","og_site_name":"Blog da Condessa","article_published_time":"2022-05-13T09:00:33+00:00","og_image":[{"width":1024,"height":694,"url":"https:\/\/blogdacondessa.com.br\/blog\/wp-content\/uploads\/2022\/05\/Exposicao-de-Arte-Rupestre_.jpg","type":"image\/jpeg"}],"author":"Blog da Condessa","twitter_card":"summary_large_image","twitter_misc":{"Escrito por":"Blog da Condessa","Est. tempo de leitura":"2 minutos"},"schema":{"@context":"https:\/\/schema.org","@graph":[{"@type":"Article","@id":"https:\/\/blogdacondessa.com.br\/blog\/cultura\/manifestacoes-artisticas-sobre-a-historia-de-diferentes-povos-que-habitaram-o-estado\/#article","isPartOf":{"@id":"https:\/\/blogdacondessa.com.br\/blog\/cultura\/manifestacoes-artisticas-sobre-a-historia-de-diferentes-povos-que-habitaram-o-estado\/"},"author":{"name":"Blog da Condessa","@id":"https:\/\/blogdacondessa.com.br\/blog\/#\/schema\/person\/1d667ff8b785195b568677489d266035"},"headline":"Manifesta\u00e7\u00f5es art\u00edsticas sobre a hist\u00f3ria de diferentes povos que habitaram o estado","datePublished":"2022-05-13T09:00:33+00:00","mainEntityOfPage":{"@id":"https:\/\/blogdacondessa.com.br\/blog\/cultura\/manifestacoes-artisticas-sobre-a-historia-de-diferentes-povos-que-habitaram-o-estado\/"},"wordCount":435,"image":{"@id":"https:\/\/blogdacondessa.com.br\/blog\/cultura\/manifestacoes-artisticas-sobre-a-historia-de-diferentes-povos-que-habitaram-o-estado\/#primaryimage"},"thumbnailUrl":"https:\/\/blogdacondessa.com.br\/blog\/wp-content\/uploads\/2022\/05\/Exposicao-de-Arte-Rupestre_.jpg","articleSection":["Cultura"],"inLanguage":"pt-BR"},{"@type":"WebPage","@id":"https:\/\/blogdacondessa.com.br\/blog\/cultura\/manifestacoes-artisticas-sobre-a-historia-de-diferentes-povos-que-habitaram-o-estado\/","url":"https:\/\/blogdacondessa.com.br\/blog\/cultura\/manifestacoes-artisticas-sobre-a-historia-de-diferentes-povos-que-habitaram-o-estado\/","name":"Manifesta\u00e7\u00f5es art\u00edsticas sobre a hist\u00f3ria de diferentes povos que habitaram o estado &#8902; Blog da Condessa","isPartOf":{"@id":"https:\/\/blogdacondessa.com.br\/blog\/#website"},"primaryImageOfPage":{"@id":"https:\/\/blogdacondessa.com.br\/blog\/cultura\/manifestacoes-artisticas-sobre-a-historia-de-diferentes-povos-que-habitaram-o-estado\/#primaryimage"},"image":{"@id":"https:\/\/blogdacondessa.com.br\/blog\/cultura\/manifestacoes-artisticas-sobre-a-historia-de-diferentes-povos-que-habitaram-o-estado\/#primaryimage"},"thumbnailUrl":"https:\/\/blogdacondessa.com.br\/blog\/wp-content\/uploads\/2022\/05\/Exposicao-de-Arte-Rupestre_.jpg","datePublished":"2022-05-13T09:00:33+00:00","author":{"@id":"https:\/\/blogdacondessa.com.br\/blog\/#\/schema\/person\/1d667ff8b785195b568677489d266035"},"breadcrumb":{"@id":"https:\/\/blogdacondessa.com.br\/blog\/cultura\/manifestacoes-artisticas-sobre-a-historia-de-diferentes-povos-que-habitaram-o-estado\/#breadcrumb"},"inLanguage":"pt-BR","potentialAction":[{"@type":"ReadAction","target":["https:\/\/blogdacondessa.com.br\/blog\/cultura\/manifestacoes-artisticas-sobre-a-historia-de-diferentes-povos-que-habitaram-o-estado\/"]}]},{"@type":"ImageObject","inLanguage":"pt-BR","@id":"https:\/\/blogdacondessa.com.br\/blog\/cultura\/manifestacoes-artisticas-sobre-a-historia-de-diferentes-povos-que-habitaram-o-estado\/#primaryimage","url":"https:\/\/blogdacondessa.com.br\/blog\/wp-content\/uploads\/2022\/05\/Exposicao-de-Arte-Rupestre_.jpg","contentUrl":"https:\/\/blogdacondessa.com.br\/blog\/wp-content\/uploads\/2022\/05\/Exposicao-de-Arte-Rupestre_.jpg","width":1024,"height":694,"caption":"Foto por: Vit\u00f3ria Ramirez Zanquetta"},{"@type":"BreadcrumbList","@id":"https:\/\/blogdacondessa.com.br\/blog\/cultura\/manifestacoes-artisticas-sobre-a-historia-de-diferentes-povos-que-habitaram-o-estado\/#breadcrumb","itemListElement":[{"@type":"ListItem","position":1,"name":"In\u00edcio","item":"https:\/\/blogdacondessa.com.br\/blog\/"},{"@type":"ListItem","position":2,"name":"Manifesta\u00e7\u00f5es art\u00edsticas sobre a hist\u00f3ria de diferentes povos que habitaram o estado"}]},{"@type":"WebSite","@id":"https:\/\/blogdacondessa.com.br\/blog\/#website","url":"https:\/\/blogdacondessa.com.br\/blog\/","name":"Blog da Condessa","description":"Com Shirley de Souza O\u2019Campos","potentialAction":[{"@type":"SearchAction","target":{"@type":"EntryPoint","urlTemplate":"https:\/\/blogdacondessa.com.br\/blog\/?s={search_term_string}"},"query-input":{"@type":"PropertyValueSpecification","valueRequired":true,"valueName":"search_term_string"}}],"inLanguage":"pt-BR"},{"@type":"Person","@id":"https:\/\/blogdacondessa.com.br\/blog\/#\/schema\/person\/1d667ff8b785195b568677489d266035","name":"Blog da Condessa","image":{"@type":"ImageObject","inLanguage":"pt-BR","@id":"https:\/\/secure.gravatar.com\/avatar\/377c0eb8b4ad2bfc25461b41564b5971e721ca34a57642868fc7b0c8ac7b52c5?s=96&d=mm&r=g","url":"https:\/\/secure.gravatar.com\/avatar\/377c0eb8b4ad2bfc25461b41564b5971e721ca34a57642868fc7b0c8ac7b52c5?s=96&d=mm&r=g","contentUrl":"https:\/\/secure.gravatar.com\/avatar\/377c0eb8b4ad2bfc25461b41564b5971e721ca34a57642868fc7b0c8ac7b52c5?s=96&d=mm&r=g","caption":"Blog da Condessa"},"url":"https:\/\/blogdacondessa.com.br\/blog\/author\/beatriz\/"}]}},"_links":{"self":[{"href":"https:\/\/blogdacondessa.com.br\/blog\/wp-json\/wp\/v2\/posts\/3760","targetHints":{"allow":["GET"]}}],"collection":[{"href":"https:\/\/blogdacondessa.com.br\/blog\/wp-json\/wp\/v2\/posts"}],"about":[{"href":"https:\/\/blogdacondessa.com.br\/blog\/wp-json\/wp\/v2\/types\/post"}],"author":[{"embeddable":true,"href":"https:\/\/blogdacondessa.com.br\/blog\/wp-json\/wp\/v2\/users\/2"}],"replies":[{"embeddable":true,"href":"https:\/\/blogdacondessa.com.br\/blog\/wp-json\/wp\/v2\/comments?post=3760"}],"version-history":[{"count":0,"href":"https:\/\/blogdacondessa.com.br\/blog\/wp-json\/wp\/v2\/posts\/3760\/revisions"}],"wp:featuredmedia":[{"embeddable":true,"href":"https:\/\/blogdacondessa.com.br\/blog\/wp-json\/wp\/v2\/media\/3761"}],"wp:attachment":[{"href":"https:\/\/blogdacondessa.com.br\/blog\/wp-json\/wp\/v2\/media?parent=3760"}],"wp:term":[{"taxonomy":"category","embeddable":true,"href":"https:\/\/blogdacondessa.com.br\/blog\/wp-json\/wp\/v2\/categories?post=3760"},{"taxonomy":"post_tag","embeddable":true,"href":"https:\/\/blogdacondessa.com.br\/blog\/wp-json\/wp\/v2\/tags?post=3760"}],"curies":[{"name":"wp","href":"https:\/\/api.w.org\/{rel}","templated":true}]}}