{"id":3722,"date":"2022-05-09T05:00:13","date_gmt":"2022-05-09T09:00:13","guid":{"rendered":"http:\/\/blogdacondessa.com.br\/?p=3722"},"modified":"2022-05-09T12:11:49","modified_gmt":"2022-05-09T16:11:49","slug":"prefeitura-de-vg-percorre-bairros-e-apresenta-politicas-sociais","status":"publish","type":"post","link":"https:\/\/blogdacondessa.com.br\/blog\/cidades\/prefeitura-de-vg-percorre-bairros-e-apresenta-politicas-sociais\/","title":{"rendered":"Prefeitura de VG percorre bairros e apresenta pol\u00edticas sociais"},"content":{"rendered":"<p>Cumprindo com a determina\u00e7\u00e3o do prefeito de V\u00e1rzea Grande, Kalil Baracat, em assegurar as pessoas menos favorecidas pela sorte, meios e condi\u00e7\u00f5es dignas de vida, a estrutura da Secretaria de Assist\u00eancia Social, percorre bairros e regi\u00f5es de V\u00e1rzea Grande, conhecendo a realidade e apresentando pol\u00edticas sociais que garante a cidadania de todos na pr\u00e1tica.<\/p>\n<p>\u201cAs pessoas n\u00e3o vivem de belas palavras, mas tamb\u00e9m de a\u00e7\u00f5es concretas e pr\u00e1ticas que resguardem a qualidade de vida de fam\u00edlias, das pessoas. Este \u00e9 o papel do Poder P\u00fablico, garantir que os menos favorecidos pela sorte tenham a dignidade de poder viver com qualidade. Obras s\u00e3o fundamentais, pois valorizam a cidade e seus im\u00f3veis e geram emprego e renda, mas elas s\u00e3o muito mais importantes se vierem acompanhadas de a\u00e7\u00f5es pr\u00e1ticas e resolutivas dos problemas de homens, mulheres e crian\u00e7as\u201d, disse o prefeito Kalil Baracat, sinalizando que enquanto prefeito n\u00e3o ir\u00e1 faltar empenho, dedica\u00e7\u00e3o na busca de atender aos anseios de todos, sem exclus\u00e3o, mas com inclus\u00e3o total.<\/p>\n<p>Segundo a secret\u00e1ria de Assist\u00eancia Social, Ana Cristina Vieira, a demanda existente no setor social tem exigido uma for\u00e7a tarefa de equipes que comp\u00f5em a Prote\u00e7\u00e3o B\u00e1sica da sua pasta em V\u00e1rzea Grande, que tem intensificado o atendimento \u00e0s fam\u00edlias em estado de vulnerabilidade social, em todas as regi\u00f5es da cidade.<\/p>\n<p>Os Centros de Refer\u00eancia em Assist\u00eancia Social &#8211; CRAS &#8211; s\u00e3o respons\u00e1veis pelo levantamento das fam\u00edlias a serem atendidas nas mais diferentes necessidades. A partir desse raio x \u00e9 feito o direcionamento das a\u00e7\u00f5es a serem realizadas nos bairros atendidos.<\/p>\n<p>Na \u00faltima sexta-feira, 06 de Maio, a Secretaria de Assist\u00eancia Social de V\u00e1rzea Grande, em parceria com a Secretaria de Assist\u00eancia Social e Cidadania de Mato Grosso, atendeu a dois bairros, com a\u00e7\u00f5es distintas. No Jardim Gl\u00f3ria II foi realizada a entrega de cestas b\u00e1sicas, kits de limpeza e de higiene e cobertor para as fam\u00edlias cadastradas.\u00a0 J\u00e1 na localidade conhecida por Engordador, que compreende a regi\u00e3o do grande Cristo Rei, as fam\u00edlias receberam filtros de barro.<\/p>\n<p>\u201c\u00c9 preciso se reconhecer a efici\u00eancia e a intera\u00e7\u00e3o entre o Governo de Mato Grosso e a Prefeitura de V\u00e1rzea Grande em todas as \u00e1reas da Administra\u00e7\u00e3o P\u00fablica, mas com maior \u00eanfase na quest\u00e3o social sob os olhares atentos das primeiras-damas, Virg\u00ednia Mendes de Mato Grosso e Kika Dorileo Baracat de V\u00e1rzea Grande\u201d, disse a secret\u00e1ria Ana Cristina Vieira.<\/p>\n<p>Maria Margarete da Silva, moradora do Jardim Gl\u00f3ria II, contemplada com a cesta b\u00e1sica, kits de limpeza\/higiene e cobertor disse que os produtos chegam em boa hora, uma vez que as necessidades nem sempre s\u00e3o supridas em fun\u00e7\u00e3o da pouca renda, mas que o aux\u00edlio do poder p\u00fablico tem garantido um refor\u00e7o essencial na alimenta\u00e7\u00e3o da sua fam\u00edlia. \u201cEssa a\u00e7\u00e3o \u00e9 importante porque nos auxilia com a\u00e7\u00f5es que refor\u00e7am nossa sa\u00fade e de nossa fam\u00edlia. Agrade\u00e7o a todos por essa iniciativa, principalmente para n\u00f3s que somos carentes\u201d.<\/p>\n<p>A coordenadora do CRAS do bairro Jardim Gl\u00f3ria, Dandara Varela, informou que al\u00e9m da distribui\u00e7\u00e3o das cestas b\u00e1sicas e dos outros itens, o \u00f3rg\u00e3o social tamb\u00e9m realizou os servi\u00e7os de referenciamento das fam\u00edlias que ainda n\u00e3o est\u00e3o cadastradas em projetos sociais e a atualiza\u00e7\u00e3o dos cadastros j\u00e1 existentes.\u00a0 \u201cEsse trabalho \u00e9 fundamental para o reconhecimento das fam\u00edlias que de fato necessitam ser inseridas em projetos sociais, e dessa forma estarem recebendo os benef\u00edcios de acordo com as suas necessidades\u201d.<\/p>\n<p>Como explica Ana Cristina Vieira, para cada a\u00e7\u00e3o \u00e9 necess\u00e1rio muitas vezes um trabalho de campo, na certifica\u00e7\u00e3o das pessoas que vivenciam car\u00eancias e necessidades, da\u00ed a import\u00e2ncia da atua\u00e7\u00e3o dos CRAS neste trabalho de acolhimento e inscri\u00e7\u00f5es das fam\u00edlias em programas sociais, desenvolvidos pelo munic\u00edpio. \u201cTodas as fam\u00edlias beneficiadas s\u00e3o atendidas por equipe de assistentes sociais que fazem o levantamento da renda familiar, para certificar em qual situa\u00e7\u00e3o eles se encontram\u201d.<\/p>\n<p>A secret\u00e1ria disse ainda que uma das determina\u00e7\u00f5es do prefeito Kalil Baracat e da primeira-dama, a Promotora de Justi\u00e7a Kika Doril\u00eao Baracat \u00e9 que os benef\u00edcios sociais cheguem de fato \u00e0queles que mais necessitam do aux\u00edlio do poder p\u00fablico. \u201cPor isso a necessidade da atualiza\u00e7\u00e3o dos cadastros, e do trabalho que tem sido feito, de forma recorrente em todas as unidades de atendimento da Rede de Assist\u00eancia de V\u00e1rzea Grande\u201d.<\/p>\n<p>Ana Cristina lembra ainda que esses servi\u00e7os, desde o in\u00edcio da pandemia, t\u00eam exigido aten\u00e7\u00e3o diferenciada, principalmente, no que se refere ao acolhimento de crian\u00e7as e adolescentes, mulheres, idosos e o atendimento \u00e0 popula\u00e7\u00e3o em situa\u00e7\u00e3o de rua.\u00a0 \u201c\u00c9 preciso ter um olhar diferenciado para esse p\u00fablico que depende do aux\u00edlio do poder p\u00fablico e da ajuda de organiza\u00e7\u00f5es n\u00e3o governamentais, para que suas demandas sejam atendidas e para que isso aconte\u00e7a \u00e9 necess\u00e1rio que haja o engajamento de uma rede de trabalho de profissionais comprometidos pelo social, al\u00e9m da parceria entre as secretarias para a funcionalidade dos atendimentos, em especial a secretaria de Educa\u00e7\u00e3o que tem sido uma grande parceira\u201d.<\/p>\n<p><strong>ENTREGA DE FILTROS<\/strong><\/p>\n<p>A Escola Municipal de Educa\u00e7\u00e3o B\u00e1sica \u2013 EMEB \u201cJuven\u00edlia Monteiro de Oliveira, no Engordador, rec\u00e9m-inaugurada pelo prefeito Kalil Baracat dentro da programa\u00e7\u00e3o do Anivers\u00e1rio de 155 Anos de Funda\u00e7\u00e3o de V\u00e1rzea Grande, foi a escolhida para acolher a equipe da unidade do CRAS Cristo Rei, na entrega de filtros de barro, \u00e0s fam\u00edlias carentes cadastradas.<\/p>\n<p>Ana Cristina destacou que o munic\u00edpio recebeu milhares de filtros que est\u00e3o sendo distribu\u00eddos a fam\u00edlias carentes. \u201cA entrega segue um cronograma e todas as regi\u00f5es ser\u00e3o contempladas. A primeira etapa da entrega de filtros aconteceu no distrito de Limpo Grande, e segue conforme a agenda de trabalho.\u00a0 Os filtros s\u00e3o considerados um dos produtos mais eficientes no processo de filtragem da \u00e1gua e a garantia de uma vida mais saud\u00e1vel\u201d, destacou.<\/p>\n<p>Para a diretora da EMEB \u201cJuvenilia Monteiro de Oliveira\u201d, professora Nilza Raquel de Oliveira, que atua no setor educacional h\u00e1 mais de 30 anos, disse que abrir as portas para um evento deste porte, \u00e9 fundamental uma vez que compreende pastas t\u00e3o essenciais para a cidade e sua gente, pois uma contribui para o conhecimento, e a outra cuida do bem-estar das pessoas, principalmente, os mais carentes.\u00a0\u00a0\u00a0 \u201cNossa escola \u00e9 e ser\u00e1 parceira de todas as a\u00e7\u00f5es desenvolvidas pelo munic\u00edpio, ainda mais agora que a escola est\u00e1 revitalizada, moderna e muito mais bonita\u201d.<\/p>\n<p>Maria Louren\u00e7o da Silva, 81 anos, foi contemplada com um filtro de barro. Ela conta que gastava em m\u00e9dia 40 litros de \u00e1gua mineral, e que muitas vezes faltava dinheiro para investir. \u201cAgora com o filtro de barro n\u00e3o vou mais comprar \u00e1gua mineral porque terei esses produtos em casa e de forma gratuita\u201d, comemorou.<\/p>\n","protected":false},"excerpt":{"rendered":"<p>Cumprindo com a determina\u00e7\u00e3o do prefeito de V\u00e1rzea Grande, Kalil Baracat, em assegurar as pessoas menos favorecidas pela sorte, meios e condi\u00e7\u00f5es dignas de vida, a estrutura da Secretaria de Assist\u00eancia Social, percorre bairros e regi\u00f5es de V\u00e1rzea Grande, conhecendo a realidade e apresentando pol\u00edticas sociais que garante a cidadania de todos na pr\u00e1tica. \u201cAs [&hellip;]<\/p>\n","protected":false},"author":2,"featured_media":3723,"comment_status":"closed","ping_status":"closed","sticky":false,"template":"","format":"standard","meta":{"iawp_total_views":0,"footnotes":""},"categories":[12],"tags":[],"class_list":["post-3722","post","type-post","status-publish","format-standard","has-post-thumbnail","hentry","category-cidades"],"yoast_head":"<!-- This site is optimized with the Yoast SEO plugin v27.3 - https:\/\/yoast.com\/product\/yoast-seo-wordpress\/ -->\n<title>Prefeitura de VG percorre bairros e apresenta pol\u00edticas sociais &#8902; Blog da Condessa<\/title>\n<meta name=\"robots\" content=\"index, follow, max-snippet:-1, max-image-preview:large, max-video-preview:-1\" \/>\n<link rel=\"canonical\" href=\"https:\/\/blogdacondessa.com.br\/blog\/cidades\/prefeitura-de-vg-percorre-bairros-e-apresenta-politicas-sociais\/\" \/>\n<meta property=\"og:locale\" content=\"pt_BR\" \/>\n<meta property=\"og:type\" content=\"article\" \/>\n<meta property=\"og:title\" content=\"Prefeitura de VG percorre bairros e apresenta pol\u00edticas sociais &#8902; Blog da Condessa\" \/>\n<meta property=\"og:description\" content=\"Cumprindo com a determina\u00e7\u00e3o do prefeito de V\u00e1rzea Grande, Kalil Baracat, em assegurar as pessoas menos favorecidas pela sorte, meios e condi\u00e7\u00f5es dignas de vida, a estrutura da Secretaria de Assist\u00eancia Social, percorre bairros e regi\u00f5es de V\u00e1rzea Grande, conhecendo a realidade e apresentando pol\u00edticas sociais que garante a cidadania de todos na pr\u00e1tica. \u201cAs [&hellip;]\" \/>\n<meta property=\"og:url\" content=\"https:\/\/blogdacondessa.com.br\/blog\/cidades\/prefeitura-de-vg-percorre-bairros-e-apresenta-politicas-sociais\/\" \/>\n<meta property=\"og:site_name\" content=\"Blog da Condessa\" \/>\n<meta property=\"article:published_time\" content=\"2022-05-09T09:00:13+00:00\" \/>\n<meta property=\"article:modified_time\" content=\"2022-05-09T16:11:49+00:00\" \/>\n<meta property=\"og:image\" content=\"https:\/\/blogdacondessa.com.br\/blog\/wp-content\/uploads\/2022\/05\/assistencia-social-VG-scaled.jpg\" \/>\n\t<meta property=\"og:image:width\" content=\"2560\" \/>\n\t<meta property=\"og:image:height\" content=\"1707\" \/>\n\t<meta property=\"og:image:type\" content=\"image\/jpeg\" \/>\n<meta name=\"author\" content=\"Blog da Condessa\" \/>\n<meta name=\"twitter:card\" content=\"summary_large_image\" \/>\n<meta name=\"twitter:label1\" content=\"Escrito por\" \/>\n\t<meta name=\"twitter:data1\" content=\"Blog da Condessa\" \/>\n\t<meta name=\"twitter:label2\" content=\"Est. tempo de leitura\" \/>\n\t<meta name=\"twitter:data2\" content=\"6 minutos\" \/>\n<script type=\"application\/ld+json\" class=\"yoast-schema-graph\">{\"@context\":\"https:\\\/\\\/schema.org\",\"@graph\":[{\"@type\":\"Article\",\"@id\":\"https:\\\/\\\/blogdacondessa.com.br\\\/blog\\\/cidades\\\/prefeitura-de-vg-percorre-bairros-e-apresenta-politicas-sociais\\\/#article\",\"isPartOf\":{\"@id\":\"https:\\\/\\\/blogdacondessa.com.br\\\/blog\\\/cidades\\\/prefeitura-de-vg-percorre-bairros-e-apresenta-politicas-sociais\\\/\"},\"author\":{\"name\":\"Blog da Condessa\",\"@id\":\"https:\\\/\\\/blogdacondessa.com.br\\\/blog\\\/#\\\/schema\\\/person\\\/1d667ff8b785195b568677489d266035\"},\"headline\":\"Prefeitura de VG percorre bairros e apresenta pol\u00edticas sociais\",\"datePublished\":\"2022-05-09T09:00:13+00:00\",\"dateModified\":\"2022-05-09T16:11:49+00:00\",\"mainEntityOfPage\":{\"@id\":\"https:\\\/\\\/blogdacondessa.com.br\\\/blog\\\/cidades\\\/prefeitura-de-vg-percorre-bairros-e-apresenta-politicas-sociais\\\/\"},\"wordCount\":1228,\"image\":{\"@id\":\"https:\\\/\\\/blogdacondessa.com.br\\\/blog\\\/cidades\\\/prefeitura-de-vg-percorre-bairros-e-apresenta-politicas-sociais\\\/#primaryimage\"},\"thumbnailUrl\":\"https:\\\/\\\/blogdacondessa.com.br\\\/blog\\\/wp-content\\\/uploads\\\/2022\\\/05\\\/assistencia-social-VG-scaled.jpg\",\"articleSection\":[\"Cidades\"],\"inLanguage\":\"pt-BR\"},{\"@type\":\"WebPage\",\"@id\":\"https:\\\/\\\/blogdacondessa.com.br\\\/blog\\\/cidades\\\/prefeitura-de-vg-percorre-bairros-e-apresenta-politicas-sociais\\\/\",\"url\":\"https:\\\/\\\/blogdacondessa.com.br\\\/blog\\\/cidades\\\/prefeitura-de-vg-percorre-bairros-e-apresenta-politicas-sociais\\\/\",\"name\":\"Prefeitura de VG percorre bairros e apresenta pol\u00edticas sociais &#8902; Blog da Condessa\",\"isPartOf\":{\"@id\":\"https:\\\/\\\/blogdacondessa.com.br\\\/blog\\\/#website\"},\"primaryImageOfPage\":{\"@id\":\"https:\\\/\\\/blogdacondessa.com.br\\\/blog\\\/cidades\\\/prefeitura-de-vg-percorre-bairros-e-apresenta-politicas-sociais\\\/#primaryimage\"},\"image\":{\"@id\":\"https:\\\/\\\/blogdacondessa.com.br\\\/blog\\\/cidades\\\/prefeitura-de-vg-percorre-bairros-e-apresenta-politicas-sociais\\\/#primaryimage\"},\"thumbnailUrl\":\"https:\\\/\\\/blogdacondessa.com.br\\\/blog\\\/wp-content\\\/uploads\\\/2022\\\/05\\\/assistencia-social-VG-scaled.jpg\",\"datePublished\":\"2022-05-09T09:00:13+00:00\",\"dateModified\":\"2022-05-09T16:11:49+00:00\",\"author\":{\"@id\":\"https:\\\/\\\/blogdacondessa.com.br\\\/blog\\\/#\\\/schema\\\/person\\\/1d667ff8b785195b568677489d266035\"},\"breadcrumb\":{\"@id\":\"https:\\\/\\\/blogdacondessa.com.br\\\/blog\\\/cidades\\\/prefeitura-de-vg-percorre-bairros-e-apresenta-politicas-sociais\\\/#breadcrumb\"},\"inLanguage\":\"pt-BR\",\"potentialAction\":[{\"@type\":\"ReadAction\",\"target\":[\"https:\\\/\\\/blogdacondessa.com.br\\\/blog\\\/cidades\\\/prefeitura-de-vg-percorre-bairros-e-apresenta-politicas-sociais\\\/\"]}]},{\"@type\":\"ImageObject\",\"inLanguage\":\"pt-BR\",\"@id\":\"https:\\\/\\\/blogdacondessa.com.br\\\/blog\\\/cidades\\\/prefeitura-de-vg-percorre-bairros-e-apresenta-politicas-sociais\\\/#primaryimage\",\"url\":\"https:\\\/\\\/blogdacondessa.com.br\\\/blog\\\/wp-content\\\/uploads\\\/2022\\\/05\\\/assistencia-social-VG-scaled.jpg\",\"contentUrl\":\"https:\\\/\\\/blogdacondessa.com.br\\\/blog\\\/wp-content\\\/uploads\\\/2022\\\/05\\\/assistencia-social-VG-scaled.jpg\",\"width\":2560,\"height\":1707},{\"@type\":\"BreadcrumbList\",\"@id\":\"https:\\\/\\\/blogdacondessa.com.br\\\/blog\\\/cidades\\\/prefeitura-de-vg-percorre-bairros-e-apresenta-politicas-sociais\\\/#breadcrumb\",\"itemListElement\":[{\"@type\":\"ListItem\",\"position\":1,\"name\":\"In\u00edcio\",\"item\":\"https:\\\/\\\/blogdacondessa.com.br\\\/blog\\\/\"},{\"@type\":\"ListItem\",\"position\":2,\"name\":\"Prefeitura de VG percorre bairros e apresenta pol\u00edticas sociais\"}]},{\"@type\":\"WebSite\",\"@id\":\"https:\\\/\\\/blogdacondessa.com.br\\\/blog\\\/#website\",\"url\":\"https:\\\/\\\/blogdacondessa.com.br\\\/blog\\\/\",\"name\":\"Blog da Condessa\",\"description\":\"Com Shirley de Souza O\u2019Campos\",\"potentialAction\":[{\"@type\":\"SearchAction\",\"target\":{\"@type\":\"EntryPoint\",\"urlTemplate\":\"https:\\\/\\\/blogdacondessa.com.br\\\/blog\\\/?s={search_term_string}\"},\"query-input\":{\"@type\":\"PropertyValueSpecification\",\"valueRequired\":true,\"valueName\":\"search_term_string\"}}],\"inLanguage\":\"pt-BR\"},{\"@type\":\"Person\",\"@id\":\"https:\\\/\\\/blogdacondessa.com.br\\\/blog\\\/#\\\/schema\\\/person\\\/1d667ff8b785195b568677489d266035\",\"name\":\"Blog da Condessa\",\"image\":{\"@type\":\"ImageObject\",\"inLanguage\":\"pt-BR\",\"@id\":\"https:\\\/\\\/secure.gravatar.com\\\/avatar\\\/377c0eb8b4ad2bfc25461b41564b5971e721ca34a57642868fc7b0c8ac7b52c5?s=96&d=mm&r=g\",\"url\":\"https:\\\/\\\/secure.gravatar.com\\\/avatar\\\/377c0eb8b4ad2bfc25461b41564b5971e721ca34a57642868fc7b0c8ac7b52c5?s=96&d=mm&r=g\",\"contentUrl\":\"https:\\\/\\\/secure.gravatar.com\\\/avatar\\\/377c0eb8b4ad2bfc25461b41564b5971e721ca34a57642868fc7b0c8ac7b52c5?s=96&d=mm&r=g\",\"caption\":\"Blog da Condessa\"},\"url\":\"https:\\\/\\\/blogdacondessa.com.br\\\/blog\\\/author\\\/beatriz\\\/\"}]}<\/script>\n<!-- \/ Yoast SEO plugin. -->","yoast_head_json":{"title":"Prefeitura de VG percorre bairros e apresenta pol\u00edticas sociais &#8902; Blog da Condessa","robots":{"index":"index","follow":"follow","max-snippet":"max-snippet:-1","max-image-preview":"max-image-preview:large","max-video-preview":"max-video-preview:-1"},"canonical":"https:\/\/blogdacondessa.com.br\/blog\/cidades\/prefeitura-de-vg-percorre-bairros-e-apresenta-politicas-sociais\/","og_locale":"pt_BR","og_type":"article","og_title":"Prefeitura de VG percorre bairros e apresenta pol\u00edticas sociais &#8902; Blog da Condessa","og_description":"Cumprindo com a determina\u00e7\u00e3o do prefeito de V\u00e1rzea Grande, Kalil Baracat, em assegurar as pessoas menos favorecidas pela sorte, meios e condi\u00e7\u00f5es dignas de vida, a estrutura da Secretaria de Assist\u00eancia Social, percorre bairros e regi\u00f5es de V\u00e1rzea Grande, conhecendo a realidade e apresentando pol\u00edticas sociais que garante a cidadania de todos na pr\u00e1tica. \u201cAs [&hellip;]","og_url":"https:\/\/blogdacondessa.com.br\/blog\/cidades\/prefeitura-de-vg-percorre-bairros-e-apresenta-politicas-sociais\/","og_site_name":"Blog da Condessa","article_published_time":"2022-05-09T09:00:13+00:00","article_modified_time":"2022-05-09T16:11:49+00:00","og_image":[{"width":2560,"height":1707,"url":"https:\/\/blogdacondessa.com.br\/blog\/wp-content\/uploads\/2022\/05\/assistencia-social-VG-scaled.jpg","type":"image\/jpeg"}],"author":"Blog da Condessa","twitter_card":"summary_large_image","twitter_misc":{"Escrito por":"Blog da Condessa","Est. tempo de leitura":"6 minutos"},"schema":{"@context":"https:\/\/schema.org","@graph":[{"@type":"Article","@id":"https:\/\/blogdacondessa.com.br\/blog\/cidades\/prefeitura-de-vg-percorre-bairros-e-apresenta-politicas-sociais\/#article","isPartOf":{"@id":"https:\/\/blogdacondessa.com.br\/blog\/cidades\/prefeitura-de-vg-percorre-bairros-e-apresenta-politicas-sociais\/"},"author":{"name":"Blog da Condessa","@id":"https:\/\/blogdacondessa.com.br\/blog\/#\/schema\/person\/1d667ff8b785195b568677489d266035"},"headline":"Prefeitura de VG percorre bairros e apresenta pol\u00edticas sociais","datePublished":"2022-05-09T09:00:13+00:00","dateModified":"2022-05-09T16:11:49+00:00","mainEntityOfPage":{"@id":"https:\/\/blogdacondessa.com.br\/blog\/cidades\/prefeitura-de-vg-percorre-bairros-e-apresenta-politicas-sociais\/"},"wordCount":1228,"image":{"@id":"https:\/\/blogdacondessa.com.br\/blog\/cidades\/prefeitura-de-vg-percorre-bairros-e-apresenta-politicas-sociais\/#primaryimage"},"thumbnailUrl":"https:\/\/blogdacondessa.com.br\/blog\/wp-content\/uploads\/2022\/05\/assistencia-social-VG-scaled.jpg","articleSection":["Cidades"],"inLanguage":"pt-BR"},{"@type":"WebPage","@id":"https:\/\/blogdacondessa.com.br\/blog\/cidades\/prefeitura-de-vg-percorre-bairros-e-apresenta-politicas-sociais\/","url":"https:\/\/blogdacondessa.com.br\/blog\/cidades\/prefeitura-de-vg-percorre-bairros-e-apresenta-politicas-sociais\/","name":"Prefeitura de VG percorre bairros e apresenta pol\u00edticas sociais &#8902; Blog da Condessa","isPartOf":{"@id":"https:\/\/blogdacondessa.com.br\/blog\/#website"},"primaryImageOfPage":{"@id":"https:\/\/blogdacondessa.com.br\/blog\/cidades\/prefeitura-de-vg-percorre-bairros-e-apresenta-politicas-sociais\/#primaryimage"},"image":{"@id":"https:\/\/blogdacondessa.com.br\/blog\/cidades\/prefeitura-de-vg-percorre-bairros-e-apresenta-politicas-sociais\/#primaryimage"},"thumbnailUrl":"https:\/\/blogdacondessa.com.br\/blog\/wp-content\/uploads\/2022\/05\/assistencia-social-VG-scaled.jpg","datePublished":"2022-05-09T09:00:13+00:00","dateModified":"2022-05-09T16:11:49+00:00","author":{"@id":"https:\/\/blogdacondessa.com.br\/blog\/#\/schema\/person\/1d667ff8b785195b568677489d266035"},"breadcrumb":{"@id":"https:\/\/blogdacondessa.com.br\/blog\/cidades\/prefeitura-de-vg-percorre-bairros-e-apresenta-politicas-sociais\/#breadcrumb"},"inLanguage":"pt-BR","potentialAction":[{"@type":"ReadAction","target":["https:\/\/blogdacondessa.com.br\/blog\/cidades\/prefeitura-de-vg-percorre-bairros-e-apresenta-politicas-sociais\/"]}]},{"@type":"ImageObject","inLanguage":"pt-BR","@id":"https:\/\/blogdacondessa.com.br\/blog\/cidades\/prefeitura-de-vg-percorre-bairros-e-apresenta-politicas-sociais\/#primaryimage","url":"https:\/\/blogdacondessa.com.br\/blog\/wp-content\/uploads\/2022\/05\/assistencia-social-VG-scaled.jpg","contentUrl":"https:\/\/blogdacondessa.com.br\/blog\/wp-content\/uploads\/2022\/05\/assistencia-social-VG-scaled.jpg","width":2560,"height":1707},{"@type":"BreadcrumbList","@id":"https:\/\/blogdacondessa.com.br\/blog\/cidades\/prefeitura-de-vg-percorre-bairros-e-apresenta-politicas-sociais\/#breadcrumb","itemListElement":[{"@type":"ListItem","position":1,"name":"In\u00edcio","item":"https:\/\/blogdacondessa.com.br\/blog\/"},{"@type":"ListItem","position":2,"name":"Prefeitura de VG percorre bairros e apresenta pol\u00edticas sociais"}]},{"@type":"WebSite","@id":"https:\/\/blogdacondessa.com.br\/blog\/#website","url":"https:\/\/blogdacondessa.com.br\/blog\/","name":"Blog da Condessa","description":"Com Shirley de Souza O\u2019Campos","potentialAction":[{"@type":"SearchAction","target":{"@type":"EntryPoint","urlTemplate":"https:\/\/blogdacondessa.com.br\/blog\/?s={search_term_string}"},"query-input":{"@type":"PropertyValueSpecification","valueRequired":true,"valueName":"search_term_string"}}],"inLanguage":"pt-BR"},{"@type":"Person","@id":"https:\/\/blogdacondessa.com.br\/blog\/#\/schema\/person\/1d667ff8b785195b568677489d266035","name":"Blog da Condessa","image":{"@type":"ImageObject","inLanguage":"pt-BR","@id":"https:\/\/secure.gravatar.com\/avatar\/377c0eb8b4ad2bfc25461b41564b5971e721ca34a57642868fc7b0c8ac7b52c5?s=96&d=mm&r=g","url":"https:\/\/secure.gravatar.com\/avatar\/377c0eb8b4ad2bfc25461b41564b5971e721ca34a57642868fc7b0c8ac7b52c5?s=96&d=mm&r=g","contentUrl":"https:\/\/secure.gravatar.com\/avatar\/377c0eb8b4ad2bfc25461b41564b5971e721ca34a57642868fc7b0c8ac7b52c5?s=96&d=mm&r=g","caption":"Blog da Condessa"},"url":"https:\/\/blogdacondessa.com.br\/blog\/author\/beatriz\/"}]}},"_links":{"self":[{"href":"https:\/\/blogdacondessa.com.br\/blog\/wp-json\/wp\/v2\/posts\/3722","targetHints":{"allow":["GET"]}}],"collection":[{"href":"https:\/\/blogdacondessa.com.br\/blog\/wp-json\/wp\/v2\/posts"}],"about":[{"href":"https:\/\/blogdacondessa.com.br\/blog\/wp-json\/wp\/v2\/types\/post"}],"author":[{"embeddable":true,"href":"https:\/\/blogdacondessa.com.br\/blog\/wp-json\/wp\/v2\/users\/2"}],"replies":[{"embeddable":true,"href":"https:\/\/blogdacondessa.com.br\/blog\/wp-json\/wp\/v2\/comments?post=3722"}],"version-history":[{"count":0,"href":"https:\/\/blogdacondessa.com.br\/blog\/wp-json\/wp\/v2\/posts\/3722\/revisions"}],"wp:featuredmedia":[{"embeddable":true,"href":"https:\/\/blogdacondessa.com.br\/blog\/wp-json\/wp\/v2\/media\/3723"}],"wp:attachment":[{"href":"https:\/\/blogdacondessa.com.br\/blog\/wp-json\/wp\/v2\/media?parent=3722"}],"wp:term":[{"taxonomy":"category","embeddable":true,"href":"https:\/\/blogdacondessa.com.br\/blog\/wp-json\/wp\/v2\/categories?post=3722"},{"taxonomy":"post_tag","embeddable":true,"href":"https:\/\/blogdacondessa.com.br\/blog\/wp-json\/wp\/v2\/tags?post=3722"}],"curies":[{"name":"wp","href":"https:\/\/api.w.org\/{rel}","templated":true}]}}