{"id":3704,"date":"2022-05-06T17:15:58","date_gmt":"2022-05-06T21:15:58","guid":{"rendered":"http:\/\/blogdacondessa.com.br\/?p=3704"},"modified":"2022-05-06T17:15:58","modified_gmt":"2022-05-06T21:15:58","slug":"vg-adota-novo-plano-operacional-de-vacinacao","status":"publish","type":"post","link":"https:\/\/blogdacondessa.com.br\/blog\/saude\/vg-adota-novo-plano-operacional-de-vacinacao\/","title":{"rendered":"VG adota novo plano operacional de vacina\u00e7\u00e3o"},"content":{"rendered":"<p>A Secretaria Municipal de Sa\u00fade de V\u00e1rzea Grande mapeou\u00a0regi\u00f5es da cidade, que n\u00e3o possuem unidades de Aten\u00e7\u00e3o B\u00e1sica, e resolveu focar a vacina\u00e7\u00e3o neste s\u00e1bado (07), nestas localidades, considerando as causas que est\u00e3o levando aquelas regi\u00f5es a uma baixa cobertura vacinal.<\/p>\n<p>Diante deste fato, o secret\u00e1rio municipal de Sa\u00fade, Gon\u00e7alo de Barros, seguindo determina\u00e7\u00e3o do prefeito Kalil Baracat e em comum acordo com as equipes t\u00e9cnicas da Vigil\u00e2ncia em Sa\u00fade e Aten\u00e7\u00e3o Prim\u00e1ria \u00e0 Sa\u00fade, definiu o dia \u2018D de Vacina\u00e7\u00e3o\u2019, focado nestas regi\u00f5es.<\/p>\n<p>\u201cA vacina\u00e7\u00e3o \u00e9 uma atividade integrada e rotineira dos servi\u00e7os de sa\u00fade, pertencendo ao n\u00edvel de aten\u00e7\u00e3o prim\u00e1ria de baixa complexidade e de grande impacto nas condi\u00e7\u00f5es gerais da sa\u00fade da popula\u00e7\u00e3o, representando um dos grandes avan\u00e7os da tecnologia m\u00e9dica nas \u00faltimas d\u00e9cadas, onde h\u00e1 a melhor rela\u00e7\u00e3o entre custo e efetividade no setor sa\u00fade. Este novo plano operacional de vacina\u00e7\u00e3o tem como objetivo de oportunizar a todos a se vacinarem, revertendo esse quadro. N\u00f3s precisamos que todo mundo esteja engajado nesse processo, mantendo-se em dia com o calend\u00e1rio vacinal, tanto adultos quanto adolescentes, idosos e crian\u00e7as, conforme preceitua o Plano Nacional de Imuniza\u00e7\u00e3o\u201d, argumentou o secret\u00e1rio.<\/p>\n<p>Os pontos de vacina\u00e7\u00e3o abertos neste dia 7 de maio estar\u00e3o nas regi\u00f5es dos bairros Vit\u00f3ria R\u00e9gia, Capela do Pi\u00e7arr\u00e3o, Novo Mato Grosso, Carrapicho, Maring\u00e1 III, Nova Fronteira, S\u00e3o Benedito \/ S\u00e3o Mateus, Residencial Jos\u00e9 Carlos Guimar\u00e3es, Residencial J\u00falio Domingos de Campos. A vacina\u00e7\u00e3o acontecer\u00e1 em unidades escolares do Estado e do Munic\u00edpio, no hor\u00e1rio das 8h \u00e0s 17h, sem intervalo para o almo\u00e7o. Ser\u00e3o ministradas as vacinas contra a Covid-19, gripe e sarampo.<\/p>\n<p>Dentro deste contexto, o prefeito Kalil Baracat lembra que foi autorizada, em Nota T\u00e9cnica, tanto pelo Minist\u00e9rio da Sa\u00fade, quanto pela Secretaria Estadual de Sa\u00fade, a aplica\u00e7\u00e3o da quarta dose da vacina contra Covid-19 para idosos acima de 70 anos.<\/p>\n<p>\u201cJ\u00e1 iniciamos a aplica\u00e7\u00e3o da quarta dose nos pontos de vacina\u00e7\u00e3o da cidade. Os idosos, especialmente destas localidades poder\u00e3o comparecer, neste s\u00e1bado (7), nos 6 pontos destinados \u00e0 vacina\u00e7\u00e3o para eles, al\u00e9m dos adolescentes e adultos. Ser\u00e3o ministradas a primeira dose, segunda dose e terceira dose para quem ainda n\u00e3o tomou contra a Covid-19\u201d, explicou.<\/p>\n<p>A quarta dose ser\u00e1 somente para idosos acima de 70 anos. Para receber a vacina da quarta dose, \u00e9 preciso respeitar o intervalo de pelo menos 4 meses. \u00c9 importante levar a carteira vacinal, e quem for tomar a primeira dose, um documento com foto e comprovante de resid\u00eancia.<\/p>\n<p>A vacina\u00e7\u00e3o para crian\u00e7as contra a Covid-19 (de 5 a 11 anos), contra o sarampo (1\u00aa dose: crian\u00e7as que completarem 12 meses (1 ano). Segunda dose aos 15 meses (\u00faltima dose por toda a vida) e gripe, (crian\u00e7as de 6 meses a menores de 5 anos de idade &#8211; 4 anos, 11 meses e 29 dias) ser\u00e3o\u00a0nos seguintes locais:<\/p>\n<p>&#8211; Centro Municipal de Educa\u00e7\u00e3o Infantil &#8211; CMEI Wilson Sodr\u00e9 Farias, localizado no Residencial Jos\u00e9 Carlos Guimar\u00e3es;<\/p>\n<p>&#8211; Escola Municipal de Educa\u00e7\u00e3o B\u00e1sica \u2013 EMEB Ant\u00f4nio Lino de Campos, localizada no bairro Carrapicho;<\/p>\n<p>&#8211; Resid\u00eancia da Dona Lurdes, localizada nos bairros S\u00e3o Benedito \/ S\u00e3o Mateus, em frente ao campinho de futebol &#8211; antiga feirinha &#8211; localizada no bairro S\u00e3o Benedito 1\u00aa Etapa (casa da Mirian no S\u00e3o Mateus).<\/p>\n<p>&#8211; Locais de vacina\u00e7\u00e3o para adultos, adolescentes e idosos acima de 70 anos: 7 de maio (s\u00e1bado). Vacina\u00e7\u00e3o contra a Covid-19, gripe e sarampo.<\/p>\n<p>A vacina\u00e7\u00e3o contra a Covid-19 para adolescentes, adultos e idosos de 70 anos acima, ocorrer\u00e1 nas seguintes localidades:<\/p>\n<p>&#8211; EMEB Jos\u00e9 Estejo de Campos, localizada no bairro Vit\u00f3ria R\u00e9gia;<\/p>\n<p>&#8211; CMEI Jayr Luiza de Campos Untar, localizada no bairro Capela do Pi\u00e7arr\u00e3o;<\/p>\n<p>&#8211; EMEB Prof\u00aa L\u00facia Leite Rodrigues, localizada no bairro Novo Mato Grosso;<\/p>\n<p>&#8211; Escola Estadual Jos\u00e9 Garcia Neto, localizada no Residencial J\u00falio Domingos de Campos;<\/p>\n<p>&#8211; EMEB Prof\u00aa Salvelina Ferreira da Silva \u2013 localizada no bairro Maring\u00e1 III;<\/p>\n<p>&#8211; Escola Estadual Terezinha de Jesus Silva, localizada no bairro Nova Fronteira.<\/p>\n","protected":false},"excerpt":{"rendered":"<p>A Secretaria Municipal de Sa\u00fade de V\u00e1rzea Grande mapeou\u00a0regi\u00f5es da cidade, que n\u00e3o possuem unidades de Aten\u00e7\u00e3o B\u00e1sica, e resolveu focar a vacina\u00e7\u00e3o neste s\u00e1bado (07), nestas localidades, considerando as causas que est\u00e3o levando aquelas regi\u00f5es a uma baixa cobertura vacinal. Diante deste fato, o secret\u00e1rio municipal de Sa\u00fade, Gon\u00e7alo de Barros, seguindo determina\u00e7\u00e3o do [&hellip;]<\/p>\n","protected":false},"author":2,"featured_media":3705,"comment_status":"closed","ping_status":"closed","sticky":false,"template":"","format":"standard","meta":{"iawp_total_views":0,"footnotes":""},"categories":[5],"tags":[],"class_list":["post-3704","post","type-post","status-publish","format-standard","has-post-thumbnail","hentry","category-saude"],"yoast_head":"<!-- This site is optimized with the Yoast SEO plugin v27.3 - https:\/\/yoast.com\/product\/yoast-seo-wordpress\/ -->\n<title>VG adota novo plano operacional de vacina\u00e7\u00e3o &#8902; Blog da Condessa<\/title>\n<meta name=\"robots\" content=\"index, follow, max-snippet:-1, max-image-preview:large, max-video-preview:-1\" \/>\n<link rel=\"canonical\" href=\"https:\/\/blogdacondessa.com.br\/blog\/saude\/vg-adota-novo-plano-operacional-de-vacinacao\/\" \/>\n<meta property=\"og:locale\" content=\"pt_BR\" \/>\n<meta property=\"og:type\" content=\"article\" \/>\n<meta property=\"og:title\" content=\"VG adota novo plano operacional de vacina\u00e7\u00e3o &#8902; Blog da Condessa\" \/>\n<meta property=\"og:description\" content=\"A Secretaria Municipal de Sa\u00fade de V\u00e1rzea Grande mapeou\u00a0regi\u00f5es da cidade, que n\u00e3o possuem unidades de Aten\u00e7\u00e3o B\u00e1sica, e resolveu focar a vacina\u00e7\u00e3o neste s\u00e1bado (07), nestas localidades, considerando as causas que est\u00e3o levando aquelas regi\u00f5es a uma baixa cobertura vacinal. Diante deste fato, o secret\u00e1rio municipal de Sa\u00fade, Gon\u00e7alo de Barros, seguindo determina\u00e7\u00e3o do [&hellip;]\" \/>\n<meta property=\"og:url\" content=\"https:\/\/blogdacondessa.com.br\/blog\/saude\/vg-adota-novo-plano-operacional-de-vacinacao\/\" \/>\n<meta property=\"og:site_name\" content=\"Blog da Condessa\" \/>\n<meta property=\"article:published_time\" content=\"2022-05-06T21:15:58+00:00\" \/>\n<meta property=\"og:image\" content=\"https:\/\/blogdacondessa.com.br\/blog\/wp-content\/uploads\/2022\/05\/vacina-VG.jpg\" \/>\n\t<meta property=\"og:image:width\" content=\"2028\" \/>\n\t<meta property=\"og:image:height\" content=\"2000\" \/>\n\t<meta property=\"og:image:type\" content=\"image\/jpeg\" \/>\n<meta name=\"author\" content=\"Blog da Condessa\" \/>\n<meta name=\"twitter:card\" content=\"summary_large_image\" \/>\n<meta name=\"twitter:label1\" content=\"Escrito por\" \/>\n\t<meta name=\"twitter:data1\" content=\"Blog da Condessa\" \/>\n\t<meta name=\"twitter:label2\" content=\"Est. tempo de leitura\" \/>\n\t<meta name=\"twitter:data2\" content=\"4 minutos\" \/>\n<script type=\"application\/ld+json\" class=\"yoast-schema-graph\">{\"@context\":\"https:\\\/\\\/schema.org\",\"@graph\":[{\"@type\":\"Article\",\"@id\":\"https:\\\/\\\/blogdacondessa.com.br\\\/blog\\\/saude\\\/vg-adota-novo-plano-operacional-de-vacinacao\\\/#article\",\"isPartOf\":{\"@id\":\"https:\\\/\\\/blogdacondessa.com.br\\\/blog\\\/saude\\\/vg-adota-novo-plano-operacional-de-vacinacao\\\/\"},\"author\":{\"name\":\"Blog da Condessa\",\"@id\":\"https:\\\/\\\/blogdacondessa.com.br\\\/blog\\\/#\\\/schema\\\/person\\\/1d667ff8b785195b568677489d266035\"},\"headline\":\"VG adota novo plano operacional de vacina\u00e7\u00e3o\",\"datePublished\":\"2022-05-06T21:15:58+00:00\",\"mainEntityOfPage\":{\"@id\":\"https:\\\/\\\/blogdacondessa.com.br\\\/blog\\\/saude\\\/vg-adota-novo-plano-operacional-de-vacinacao\\\/\"},\"wordCount\":729,\"image\":{\"@id\":\"https:\\\/\\\/blogdacondessa.com.br\\\/blog\\\/saude\\\/vg-adota-novo-plano-operacional-de-vacinacao\\\/#primaryimage\"},\"thumbnailUrl\":\"https:\\\/\\\/blogdacondessa.com.br\\\/blog\\\/wp-content\\\/uploads\\\/2022\\\/05\\\/vacina-VG.jpg\",\"articleSection\":[\"Sa\u00fade\"],\"inLanguage\":\"pt-BR\"},{\"@type\":\"WebPage\",\"@id\":\"https:\\\/\\\/blogdacondessa.com.br\\\/blog\\\/saude\\\/vg-adota-novo-plano-operacional-de-vacinacao\\\/\",\"url\":\"https:\\\/\\\/blogdacondessa.com.br\\\/blog\\\/saude\\\/vg-adota-novo-plano-operacional-de-vacinacao\\\/\",\"name\":\"VG adota novo plano operacional de vacina\u00e7\u00e3o &#8902; Blog da Condessa\",\"isPartOf\":{\"@id\":\"https:\\\/\\\/blogdacondessa.com.br\\\/blog\\\/#website\"},\"primaryImageOfPage\":{\"@id\":\"https:\\\/\\\/blogdacondessa.com.br\\\/blog\\\/saude\\\/vg-adota-novo-plano-operacional-de-vacinacao\\\/#primaryimage\"},\"image\":{\"@id\":\"https:\\\/\\\/blogdacondessa.com.br\\\/blog\\\/saude\\\/vg-adota-novo-plano-operacional-de-vacinacao\\\/#primaryimage\"},\"thumbnailUrl\":\"https:\\\/\\\/blogdacondessa.com.br\\\/blog\\\/wp-content\\\/uploads\\\/2022\\\/05\\\/vacina-VG.jpg\",\"datePublished\":\"2022-05-06T21:15:58+00:00\",\"author\":{\"@id\":\"https:\\\/\\\/blogdacondessa.com.br\\\/blog\\\/#\\\/schema\\\/person\\\/1d667ff8b785195b568677489d266035\"},\"breadcrumb\":{\"@id\":\"https:\\\/\\\/blogdacondessa.com.br\\\/blog\\\/saude\\\/vg-adota-novo-plano-operacional-de-vacinacao\\\/#breadcrumb\"},\"inLanguage\":\"pt-BR\",\"potentialAction\":[{\"@type\":\"ReadAction\",\"target\":[\"https:\\\/\\\/blogdacondessa.com.br\\\/blog\\\/saude\\\/vg-adota-novo-plano-operacional-de-vacinacao\\\/\"]}]},{\"@type\":\"ImageObject\",\"inLanguage\":\"pt-BR\",\"@id\":\"https:\\\/\\\/blogdacondessa.com.br\\\/blog\\\/saude\\\/vg-adota-novo-plano-operacional-de-vacinacao\\\/#primaryimage\",\"url\":\"https:\\\/\\\/blogdacondessa.com.br\\\/blog\\\/wp-content\\\/uploads\\\/2022\\\/05\\\/vacina-VG.jpg\",\"contentUrl\":\"https:\\\/\\\/blogdacondessa.com.br\\\/blog\\\/wp-content\\\/uploads\\\/2022\\\/05\\\/vacina-VG.jpg\",\"width\":2028,\"height\":2000},{\"@type\":\"BreadcrumbList\",\"@id\":\"https:\\\/\\\/blogdacondessa.com.br\\\/blog\\\/saude\\\/vg-adota-novo-plano-operacional-de-vacinacao\\\/#breadcrumb\",\"itemListElement\":[{\"@type\":\"ListItem\",\"position\":1,\"name\":\"In\u00edcio\",\"item\":\"https:\\\/\\\/blogdacondessa.com.br\\\/blog\\\/\"},{\"@type\":\"ListItem\",\"position\":2,\"name\":\"VG adota novo plano operacional de vacina\u00e7\u00e3o\"}]},{\"@type\":\"WebSite\",\"@id\":\"https:\\\/\\\/blogdacondessa.com.br\\\/blog\\\/#website\",\"url\":\"https:\\\/\\\/blogdacondessa.com.br\\\/blog\\\/\",\"name\":\"Blog da Condessa\",\"description\":\"Com Shirley de Souza O\u2019Campos\",\"potentialAction\":[{\"@type\":\"SearchAction\",\"target\":{\"@type\":\"EntryPoint\",\"urlTemplate\":\"https:\\\/\\\/blogdacondessa.com.br\\\/blog\\\/?s={search_term_string}\"},\"query-input\":{\"@type\":\"PropertyValueSpecification\",\"valueRequired\":true,\"valueName\":\"search_term_string\"}}],\"inLanguage\":\"pt-BR\"},{\"@type\":\"Person\",\"@id\":\"https:\\\/\\\/blogdacondessa.com.br\\\/blog\\\/#\\\/schema\\\/person\\\/1d667ff8b785195b568677489d266035\",\"name\":\"Blog da Condessa\",\"image\":{\"@type\":\"ImageObject\",\"inLanguage\":\"pt-BR\",\"@id\":\"https:\\\/\\\/secure.gravatar.com\\\/avatar\\\/377c0eb8b4ad2bfc25461b41564b5971e721ca34a57642868fc7b0c8ac7b52c5?s=96&d=mm&r=g\",\"url\":\"https:\\\/\\\/secure.gravatar.com\\\/avatar\\\/377c0eb8b4ad2bfc25461b41564b5971e721ca34a57642868fc7b0c8ac7b52c5?s=96&d=mm&r=g\",\"contentUrl\":\"https:\\\/\\\/secure.gravatar.com\\\/avatar\\\/377c0eb8b4ad2bfc25461b41564b5971e721ca34a57642868fc7b0c8ac7b52c5?s=96&d=mm&r=g\",\"caption\":\"Blog da Condessa\"},\"url\":\"https:\\\/\\\/blogdacondessa.com.br\\\/blog\\\/author\\\/beatriz\\\/\"}]}<\/script>\n<!-- \/ Yoast SEO plugin. -->","yoast_head_json":{"title":"VG adota novo plano operacional de vacina\u00e7\u00e3o &#8902; Blog da Condessa","robots":{"index":"index","follow":"follow","max-snippet":"max-snippet:-1","max-image-preview":"max-image-preview:large","max-video-preview":"max-video-preview:-1"},"canonical":"https:\/\/blogdacondessa.com.br\/blog\/saude\/vg-adota-novo-plano-operacional-de-vacinacao\/","og_locale":"pt_BR","og_type":"article","og_title":"VG adota novo plano operacional de vacina\u00e7\u00e3o &#8902; Blog da Condessa","og_description":"A Secretaria Municipal de Sa\u00fade de V\u00e1rzea Grande mapeou\u00a0regi\u00f5es da cidade, que n\u00e3o possuem unidades de Aten\u00e7\u00e3o B\u00e1sica, e resolveu focar a vacina\u00e7\u00e3o neste s\u00e1bado (07), nestas localidades, considerando as causas que est\u00e3o levando aquelas regi\u00f5es a uma baixa cobertura vacinal. Diante deste fato, o secret\u00e1rio municipal de Sa\u00fade, Gon\u00e7alo de Barros, seguindo determina\u00e7\u00e3o do [&hellip;]","og_url":"https:\/\/blogdacondessa.com.br\/blog\/saude\/vg-adota-novo-plano-operacional-de-vacinacao\/","og_site_name":"Blog da Condessa","article_published_time":"2022-05-06T21:15:58+00:00","og_image":[{"width":2028,"height":2000,"url":"https:\/\/blogdacondessa.com.br\/blog\/wp-content\/uploads\/2022\/05\/vacina-VG.jpg","type":"image\/jpeg"}],"author":"Blog da Condessa","twitter_card":"summary_large_image","twitter_misc":{"Escrito por":"Blog da Condessa","Est. tempo de leitura":"4 minutos"},"schema":{"@context":"https:\/\/schema.org","@graph":[{"@type":"Article","@id":"https:\/\/blogdacondessa.com.br\/blog\/saude\/vg-adota-novo-plano-operacional-de-vacinacao\/#article","isPartOf":{"@id":"https:\/\/blogdacondessa.com.br\/blog\/saude\/vg-adota-novo-plano-operacional-de-vacinacao\/"},"author":{"name":"Blog da Condessa","@id":"https:\/\/blogdacondessa.com.br\/blog\/#\/schema\/person\/1d667ff8b785195b568677489d266035"},"headline":"VG adota novo plano operacional de vacina\u00e7\u00e3o","datePublished":"2022-05-06T21:15:58+00:00","mainEntityOfPage":{"@id":"https:\/\/blogdacondessa.com.br\/blog\/saude\/vg-adota-novo-plano-operacional-de-vacinacao\/"},"wordCount":729,"image":{"@id":"https:\/\/blogdacondessa.com.br\/blog\/saude\/vg-adota-novo-plano-operacional-de-vacinacao\/#primaryimage"},"thumbnailUrl":"https:\/\/blogdacondessa.com.br\/blog\/wp-content\/uploads\/2022\/05\/vacina-VG.jpg","articleSection":["Sa\u00fade"],"inLanguage":"pt-BR"},{"@type":"WebPage","@id":"https:\/\/blogdacondessa.com.br\/blog\/saude\/vg-adota-novo-plano-operacional-de-vacinacao\/","url":"https:\/\/blogdacondessa.com.br\/blog\/saude\/vg-adota-novo-plano-operacional-de-vacinacao\/","name":"VG adota novo plano operacional de vacina\u00e7\u00e3o &#8902; Blog da Condessa","isPartOf":{"@id":"https:\/\/blogdacondessa.com.br\/blog\/#website"},"primaryImageOfPage":{"@id":"https:\/\/blogdacondessa.com.br\/blog\/saude\/vg-adota-novo-plano-operacional-de-vacinacao\/#primaryimage"},"image":{"@id":"https:\/\/blogdacondessa.com.br\/blog\/saude\/vg-adota-novo-plano-operacional-de-vacinacao\/#primaryimage"},"thumbnailUrl":"https:\/\/blogdacondessa.com.br\/blog\/wp-content\/uploads\/2022\/05\/vacina-VG.jpg","datePublished":"2022-05-06T21:15:58+00:00","author":{"@id":"https:\/\/blogdacondessa.com.br\/blog\/#\/schema\/person\/1d667ff8b785195b568677489d266035"},"breadcrumb":{"@id":"https:\/\/blogdacondessa.com.br\/blog\/saude\/vg-adota-novo-plano-operacional-de-vacinacao\/#breadcrumb"},"inLanguage":"pt-BR","potentialAction":[{"@type":"ReadAction","target":["https:\/\/blogdacondessa.com.br\/blog\/saude\/vg-adota-novo-plano-operacional-de-vacinacao\/"]}]},{"@type":"ImageObject","inLanguage":"pt-BR","@id":"https:\/\/blogdacondessa.com.br\/blog\/saude\/vg-adota-novo-plano-operacional-de-vacinacao\/#primaryimage","url":"https:\/\/blogdacondessa.com.br\/blog\/wp-content\/uploads\/2022\/05\/vacina-VG.jpg","contentUrl":"https:\/\/blogdacondessa.com.br\/blog\/wp-content\/uploads\/2022\/05\/vacina-VG.jpg","width":2028,"height":2000},{"@type":"BreadcrumbList","@id":"https:\/\/blogdacondessa.com.br\/blog\/saude\/vg-adota-novo-plano-operacional-de-vacinacao\/#breadcrumb","itemListElement":[{"@type":"ListItem","position":1,"name":"In\u00edcio","item":"https:\/\/blogdacondessa.com.br\/blog\/"},{"@type":"ListItem","position":2,"name":"VG adota novo plano operacional de vacina\u00e7\u00e3o"}]},{"@type":"WebSite","@id":"https:\/\/blogdacondessa.com.br\/blog\/#website","url":"https:\/\/blogdacondessa.com.br\/blog\/","name":"Blog da Condessa","description":"Com Shirley de Souza O\u2019Campos","potentialAction":[{"@type":"SearchAction","target":{"@type":"EntryPoint","urlTemplate":"https:\/\/blogdacondessa.com.br\/blog\/?s={search_term_string}"},"query-input":{"@type":"PropertyValueSpecification","valueRequired":true,"valueName":"search_term_string"}}],"inLanguage":"pt-BR"},{"@type":"Person","@id":"https:\/\/blogdacondessa.com.br\/blog\/#\/schema\/person\/1d667ff8b785195b568677489d266035","name":"Blog da Condessa","image":{"@type":"ImageObject","inLanguage":"pt-BR","@id":"https:\/\/secure.gravatar.com\/avatar\/377c0eb8b4ad2bfc25461b41564b5971e721ca34a57642868fc7b0c8ac7b52c5?s=96&d=mm&r=g","url":"https:\/\/secure.gravatar.com\/avatar\/377c0eb8b4ad2bfc25461b41564b5971e721ca34a57642868fc7b0c8ac7b52c5?s=96&d=mm&r=g","contentUrl":"https:\/\/secure.gravatar.com\/avatar\/377c0eb8b4ad2bfc25461b41564b5971e721ca34a57642868fc7b0c8ac7b52c5?s=96&d=mm&r=g","caption":"Blog da Condessa"},"url":"https:\/\/blogdacondessa.com.br\/blog\/author\/beatriz\/"}]}},"_links":{"self":[{"href":"https:\/\/blogdacondessa.com.br\/blog\/wp-json\/wp\/v2\/posts\/3704","targetHints":{"allow":["GET"]}}],"collection":[{"href":"https:\/\/blogdacondessa.com.br\/blog\/wp-json\/wp\/v2\/posts"}],"about":[{"href":"https:\/\/blogdacondessa.com.br\/blog\/wp-json\/wp\/v2\/types\/post"}],"author":[{"embeddable":true,"href":"https:\/\/blogdacondessa.com.br\/blog\/wp-json\/wp\/v2\/users\/2"}],"replies":[{"embeddable":true,"href":"https:\/\/blogdacondessa.com.br\/blog\/wp-json\/wp\/v2\/comments?post=3704"}],"version-history":[{"count":0,"href":"https:\/\/blogdacondessa.com.br\/blog\/wp-json\/wp\/v2\/posts\/3704\/revisions"}],"wp:featuredmedia":[{"embeddable":true,"href":"https:\/\/blogdacondessa.com.br\/blog\/wp-json\/wp\/v2\/media\/3705"}],"wp:attachment":[{"href":"https:\/\/blogdacondessa.com.br\/blog\/wp-json\/wp\/v2\/media?parent=3704"}],"wp:term":[{"taxonomy":"category","embeddable":true,"href":"https:\/\/blogdacondessa.com.br\/blog\/wp-json\/wp\/v2\/categories?post=3704"},{"taxonomy":"post_tag","embeddable":true,"href":"https:\/\/blogdacondessa.com.br\/blog\/wp-json\/wp\/v2\/tags?post=3704"}],"curies":[{"name":"wp","href":"https:\/\/api.w.org\/{rel}","templated":true}]}}