{"id":3698,"date":"2022-05-06T05:00:52","date_gmt":"2022-05-06T09:00:52","guid":{"rendered":"http:\/\/blogdacondessa.com.br\/?p=3698"},"modified":"2022-05-05T18:12:29","modified_gmt":"2022-05-05T22:12:29","slug":"o-literamusica","status":"publish","type":"post","link":"https:\/\/blogdacondessa.com.br\/blog\/cidades\/o-literamusica\/","title":{"rendered":"O Literam\u00fasica"},"content":{"rendered":"<p>Nascido a partir da \u00e2nsia de seus realizadores em possibilitar aos jovens mato-grossenses mais acesso \u00e0 arte, \u00e0 m\u00fasica, \u00e0 cultura, \u00e0 educa\u00e7\u00e3o e \u00e0s letras, o Literam\u00fasica tem como objetivo estimular os participantes a trocarem experi\u00eancias com artistas em cena e escritores das mais variadas matizes liter\u00e1rias, que poder\u00e3o expor suas obras, divulgar seus trabalhos e se envolver em um maravilhoso bate-papo com os estudantes das cidades visitadas e com o p\u00fablico em casa, de forma on-line.<\/p>\n<p>Trazendo a ideia de um programa de televis\u00e3o, com a participa\u00e7\u00e3o de universit\u00e1rios na plateia, o Maestro da Orquestra Sinf\u00f4nica da Universidade Federal de Mato Grosso, Fabr\u00edcio Carvalho, conversar\u00e1 com escritores e m\u00fasicos das cidades de Cuiab\u00e1, Sinop, Tangar\u00e1 da Serra e C\u00e1ceres em uma troca de conhecimentos, curiosidades, caracter\u00edsticas do trabalho, ampliando, dessa forma, o contato com a nova produ\u00e7\u00e3o liter\u00e1ria e musical do estado.<\/p>\n<p>&#8220;O primeiro programa acontece no dia 14 de maio, em Cuiab\u00e1, na Sala Anderson Flores (Cine Teatro Cuiab\u00e1), \u00e0s 20h, com a participa\u00e7\u00e3o de estudantes da Universidade do Estado de Mato Grosso (Unemat). Eu ficarei numa esp\u00e9cie de provoca\u00e7\u00e3o, levantando algumas quest\u00f5es relacionadas ao trabalho desses artistas, sua observa\u00e7\u00e3o do atual momento para as artes no pa\u00eds, no estado e em sua cidade. E esse \u00faltimo questionamento se faz interessante por estarmos em locais diferentes&#8221;, explica Fabr\u00edcio Carvalho.<\/p>\n<p>Al\u00e9m de convidados como o poeta, literato, escritor e ator, Caio Ribeiro; da cantora, multi-instrumentista e compositora Pacha Ana e da cantora, compositora e tamb\u00e9m multi-instrumentista Si Azevedo, m\u00fasicos e bandas das cidades visitadas tamb\u00e9m integrar\u00e3o os convidados do Literam\u00fasica, em uma grande jam session, onde os artistas ter\u00e3o a oportunidade de tocar, apresentar, recitar ao vivo suas obras e conversar com o p\u00fablico.<\/p>\n<p>Para o diretor art\u00edstico do Cena Onze, Fl\u00e1vio Ferreira, a arte \u00e9 um todo, um contexto. &#8220;Quando voc\u00ea mistura, m\u00fasica, literatura e poesia em um encontro presencial com a comunidade estudantil, principalmente, torna-se um momento de reflex\u00e3o, questionamento e lazer, que s\u00f3 a cultura pode possibilitar. Ent\u00e3o, n\u00f3s nos sentimos muito honrados, muito felizes em estar novamente em parceria com a Unemat, salientando a import\u00e2ncia do momento hist\u00f3rico que o pa\u00eds vive. Especialmente neste momento de dor, de viol\u00eancia e desrespeito, \u00e9 fundamental que aconte\u00e7am encontros como esses que n\u00f3s, de uma maneira muito feliz, estamos participando&#8221;, destaca ele.<\/p>\n<p>\u201cO Projeto \u00e9 financiado por uma Emenda Parlamentar do deputado Allan Kardec, tamb\u00e9m gerador inicial da ideia, juntamente com o Fl\u00e1vio Ferreira. S\u00e3o basicamente tr\u00eas institui\u00e7\u00f5es que est\u00e3o presentes na execu\u00e7\u00e3o do nosso projeto: a Unemat, o Cena Onze e a Universidade Federal de Mato Grosso, por meio da minha presen\u00e7a\u201d, ressalta o maestro.<\/p>\n<p>De acordo com o coordenador do Curso Superior de Tecnologia em Teatro da MT Escola de Teatro, prof. Dr. Agnaldo Rodrigues da Silva, o Literam\u00fasica \u00e9 de crucial import\u00e2ncia para dinamizar a extens\u00e3o e a cultura no interior da universidade, al\u00e9m de promover a integra\u00e7\u00e3o entre a Universidade do Estado de Mato Grosso e a sociedade. \u201cO papel da Unemat \u00e9 fundamental nesse projeto, j\u00e1 que ele ser\u00e1 desenvolvido dentro dos seus ambientes escolares e integrar\u00e1 tamb\u00e9m outras institui\u00e7\u00f5es como a pr\u00f3pria Universidade Federal de Mato Grosso, o Instituto Federal de Mato Grosso, a Associa\u00e7\u00e3o Cultural Cena Onze e a MT Escola de Teatro. Todas ser\u00e3o convidadas para serem coparticipantes desse projeto que pretende promover um movimento cultural, voltado para a literatura e para a m\u00fasica\u201d, enfatiza ele.<\/p>\n<p>Al\u00e9m da condu\u00e7\u00e3o do maestro Fabr\u00edcio Carvalho, um espetacular elenco abrilhantar\u00e1 o projeto, com m\u00fasicos no palco para acompanhar os artistas, o pr\u00f3prio maestro e os estudantes que tamb\u00e9m ser\u00e3o convidados a cantar e recitar em uma grande festa da cultura mato-grossense. Nas cordas (viol\u00e3o, cavaquinho, viola caipira), o multi-instrumentista Oliveira Filho far\u00e1 a dire\u00e7\u00e3o musical dos programas e dialogar\u00e1 com o maestro nas quest\u00f5es musicais. Al\u00e9m dele, o percussionista Cleiton Bolacha tamb\u00e9m garantir\u00e1 um colorido todo especial \u00e0s m\u00fasicas que ser\u00e3o executadas ao vivo.<\/p>\n<p><strong>Servi\u00e7o<\/strong><\/p>\n<p>O que:\u00a0Literam\u00fasica &#8211; Letras e Sons em Movimento<\/p>\n<p>Quando e Onde:\u00a0Cuiab\u00e1 &#8211; 14 de maio, Cine Teatro Cuiab\u00e1 (Sala Anderson Flores) e pelo canal do YouTube do CTC<\/p>\n<p>Tangar\u00e1 da Serra &#8211; 23 de junho (Campus Unemat)<\/p>\n<p>C\u00e1ceres &#8211; 25 de agosto (Campus Unemat)<\/p>\n<p>Sinop &#8211; 10 de novembro (Campus Unemat)<\/p>\n<p>Ingressos:\u00a0Retirada de ingressos gratuita 1h antes do espet\u00e1culo (Capacidade da sala &#8211; 60 pessoas)<\/p>\n<p>Hor\u00e1rio:\u00a020h (Mato Grosso)<\/p>\n<p>Sugest\u00e3o:\u00a01k de alimento n\u00e3o perec\u00edvel<\/p>\n<p>Mais informa\u00e7\u00f5es:\u00a0(65) 99227-6215<\/p>\n","protected":false},"excerpt":{"rendered":"<p>Nascido a partir da \u00e2nsia de seus realizadores em possibilitar aos jovens mato-grossenses mais acesso \u00e0 arte, \u00e0 m\u00fasica, \u00e0 cultura, \u00e0 educa\u00e7\u00e3o e \u00e0s letras, o Literam\u00fasica tem como objetivo estimular os participantes a trocarem experi\u00eancias com artistas em cena e escritores das mais variadas matizes liter\u00e1rias, que poder\u00e3o expor suas obras, divulgar seus [&hellip;]<\/p>\n","protected":false},"author":2,"featured_media":3699,"comment_status":"closed","ping_status":"closed","sticky":false,"template":"","format":"standard","meta":{"iawp_total_views":17,"footnotes":""},"categories":[12],"tags":[],"class_list":["post-3698","post","type-post","status-publish","format-standard","has-post-thumbnail","hentry","category-cidades"],"yoast_head":"<!-- This site is optimized with the Yoast SEO plugin v27.3 - https:\/\/yoast.com\/product\/yoast-seo-wordpress\/ -->\n<title>O Literam\u00fasica &#8902; Blog da Condessa<\/title>\n<meta name=\"robots\" content=\"index, follow, max-snippet:-1, max-image-preview:large, max-video-preview:-1\" \/>\n<link rel=\"canonical\" href=\"https:\/\/blogdacondessa.com.br\/blog\/cidades\/o-literamusica\/\" \/>\n<meta property=\"og:locale\" content=\"pt_BR\" \/>\n<meta property=\"og:type\" content=\"article\" \/>\n<meta property=\"og:title\" content=\"O Literam\u00fasica &#8902; Blog da Condessa\" \/>\n<meta property=\"og:description\" content=\"Nascido a partir da \u00e2nsia de seus realizadores em possibilitar aos jovens mato-grossenses mais acesso \u00e0 arte, \u00e0 m\u00fasica, \u00e0 cultura, \u00e0 educa\u00e7\u00e3o e \u00e0s letras, o Literam\u00fasica tem como objetivo estimular os participantes a trocarem experi\u00eancias com artistas em cena e escritores das mais variadas matizes liter\u00e1rias, que poder\u00e3o expor suas obras, divulgar seus [&hellip;]\" \/>\n<meta property=\"og:url\" content=\"https:\/\/blogdacondessa.com.br\/blog\/cidades\/o-literamusica\/\" \/>\n<meta property=\"og:site_name\" content=\"Blog da Condessa\" \/>\n<meta property=\"article:published_time\" content=\"2022-05-06T09:00:52+00:00\" \/>\n<meta property=\"og:image\" content=\"https:\/\/blogdacondessa.com.br\/blog\/wp-content\/uploads\/2022\/05\/literamusica.jpeg\" \/>\n\t<meta property=\"og:image:width\" content=\"1024\" \/>\n\t<meta property=\"og:image:height\" content=\"682\" \/>\n\t<meta property=\"og:image:type\" content=\"image\/jpeg\" \/>\n<meta name=\"author\" content=\"Blog da Condessa\" \/>\n<meta name=\"twitter:card\" content=\"summary_large_image\" \/>\n<meta name=\"twitter:label1\" content=\"Escrito por\" \/>\n\t<meta name=\"twitter:data1\" content=\"Blog da Condessa\" \/>\n\t<meta name=\"twitter:label2\" content=\"Est. tempo de leitura\" \/>\n\t<meta name=\"twitter:data2\" content=\"5 minutos\" \/>\n<script type=\"application\/ld+json\" class=\"yoast-schema-graph\">{\"@context\":\"https:\\\/\\\/schema.org\",\"@graph\":[{\"@type\":\"Article\",\"@id\":\"https:\\\/\\\/blogdacondessa.com.br\\\/blog\\\/cidades\\\/o-literamusica\\\/#article\",\"isPartOf\":{\"@id\":\"https:\\\/\\\/blogdacondessa.com.br\\\/blog\\\/cidades\\\/o-literamusica\\\/\"},\"author\":{\"name\":\"Blog da Condessa\",\"@id\":\"https:\\\/\\\/blogdacondessa.com.br\\\/blog\\\/#\\\/schema\\\/person\\\/1d667ff8b785195b568677489d266035\"},\"headline\":\"O Literam\u00fasica\",\"datePublished\":\"2022-05-06T09:00:52+00:00\",\"mainEntityOfPage\":{\"@id\":\"https:\\\/\\\/blogdacondessa.com.br\\\/blog\\\/cidades\\\/o-literamusica\\\/\"},\"wordCount\":808,\"image\":{\"@id\":\"https:\\\/\\\/blogdacondessa.com.br\\\/blog\\\/cidades\\\/o-literamusica\\\/#primaryimage\"},\"thumbnailUrl\":\"https:\\\/\\\/blogdacondessa.com.br\\\/blog\\\/wp-content\\\/uploads\\\/2022\\\/05\\\/literamusica.jpeg\",\"articleSection\":[\"Cidades\"],\"inLanguage\":\"pt-BR\"},{\"@type\":\"WebPage\",\"@id\":\"https:\\\/\\\/blogdacondessa.com.br\\\/blog\\\/cidades\\\/o-literamusica\\\/\",\"url\":\"https:\\\/\\\/blogdacondessa.com.br\\\/blog\\\/cidades\\\/o-literamusica\\\/\",\"name\":\"O Literam\u00fasica &#8902; Blog da Condessa\",\"isPartOf\":{\"@id\":\"https:\\\/\\\/blogdacondessa.com.br\\\/blog\\\/#website\"},\"primaryImageOfPage\":{\"@id\":\"https:\\\/\\\/blogdacondessa.com.br\\\/blog\\\/cidades\\\/o-literamusica\\\/#primaryimage\"},\"image\":{\"@id\":\"https:\\\/\\\/blogdacondessa.com.br\\\/blog\\\/cidades\\\/o-literamusica\\\/#primaryimage\"},\"thumbnailUrl\":\"https:\\\/\\\/blogdacondessa.com.br\\\/blog\\\/wp-content\\\/uploads\\\/2022\\\/05\\\/literamusica.jpeg\",\"datePublished\":\"2022-05-06T09:00:52+00:00\",\"author\":{\"@id\":\"https:\\\/\\\/blogdacondessa.com.br\\\/blog\\\/#\\\/schema\\\/person\\\/1d667ff8b785195b568677489d266035\"},\"breadcrumb\":{\"@id\":\"https:\\\/\\\/blogdacondessa.com.br\\\/blog\\\/cidades\\\/o-literamusica\\\/#breadcrumb\"},\"inLanguage\":\"pt-BR\",\"potentialAction\":[{\"@type\":\"ReadAction\",\"target\":[\"https:\\\/\\\/blogdacondessa.com.br\\\/blog\\\/cidades\\\/o-literamusica\\\/\"]}]},{\"@type\":\"ImageObject\",\"inLanguage\":\"pt-BR\",\"@id\":\"https:\\\/\\\/blogdacondessa.com.br\\\/blog\\\/cidades\\\/o-literamusica\\\/#primaryimage\",\"url\":\"https:\\\/\\\/blogdacondessa.com.br\\\/blog\\\/wp-content\\\/uploads\\\/2022\\\/05\\\/literamusica.jpeg\",\"contentUrl\":\"https:\\\/\\\/blogdacondessa.com.br\\\/blog\\\/wp-content\\\/uploads\\\/2022\\\/05\\\/literamusica.jpeg\",\"width\":1024,\"height\":682},{\"@type\":\"BreadcrumbList\",\"@id\":\"https:\\\/\\\/blogdacondessa.com.br\\\/blog\\\/cidades\\\/o-literamusica\\\/#breadcrumb\",\"itemListElement\":[{\"@type\":\"ListItem\",\"position\":1,\"name\":\"In\u00edcio\",\"item\":\"https:\\\/\\\/blogdacondessa.com.br\\\/blog\\\/\"},{\"@type\":\"ListItem\",\"position\":2,\"name\":\"O Literam\u00fasica\"}]},{\"@type\":\"WebSite\",\"@id\":\"https:\\\/\\\/blogdacondessa.com.br\\\/blog\\\/#website\",\"url\":\"https:\\\/\\\/blogdacondessa.com.br\\\/blog\\\/\",\"name\":\"Blog da Condessa\",\"description\":\"Com Shirley de Souza O\u2019Campos\",\"potentialAction\":[{\"@type\":\"SearchAction\",\"target\":{\"@type\":\"EntryPoint\",\"urlTemplate\":\"https:\\\/\\\/blogdacondessa.com.br\\\/blog\\\/?s={search_term_string}\"},\"query-input\":{\"@type\":\"PropertyValueSpecification\",\"valueRequired\":true,\"valueName\":\"search_term_string\"}}],\"inLanguage\":\"pt-BR\"},{\"@type\":\"Person\",\"@id\":\"https:\\\/\\\/blogdacondessa.com.br\\\/blog\\\/#\\\/schema\\\/person\\\/1d667ff8b785195b568677489d266035\",\"name\":\"Blog da Condessa\",\"image\":{\"@type\":\"ImageObject\",\"inLanguage\":\"pt-BR\",\"@id\":\"https:\\\/\\\/secure.gravatar.com\\\/avatar\\\/377c0eb8b4ad2bfc25461b41564b5971e721ca34a57642868fc7b0c8ac7b52c5?s=96&d=mm&r=g\",\"url\":\"https:\\\/\\\/secure.gravatar.com\\\/avatar\\\/377c0eb8b4ad2bfc25461b41564b5971e721ca34a57642868fc7b0c8ac7b52c5?s=96&d=mm&r=g\",\"contentUrl\":\"https:\\\/\\\/secure.gravatar.com\\\/avatar\\\/377c0eb8b4ad2bfc25461b41564b5971e721ca34a57642868fc7b0c8ac7b52c5?s=96&d=mm&r=g\",\"caption\":\"Blog da Condessa\"},\"url\":\"https:\\\/\\\/blogdacondessa.com.br\\\/blog\\\/author\\\/beatriz\\\/\"}]}<\/script>\n<!-- \/ Yoast SEO plugin. -->","yoast_head_json":{"title":"O Literam\u00fasica &#8902; Blog da Condessa","robots":{"index":"index","follow":"follow","max-snippet":"max-snippet:-1","max-image-preview":"max-image-preview:large","max-video-preview":"max-video-preview:-1"},"canonical":"https:\/\/blogdacondessa.com.br\/blog\/cidades\/o-literamusica\/","og_locale":"pt_BR","og_type":"article","og_title":"O Literam\u00fasica &#8902; Blog da Condessa","og_description":"Nascido a partir da \u00e2nsia de seus realizadores em possibilitar aos jovens mato-grossenses mais acesso \u00e0 arte, \u00e0 m\u00fasica, \u00e0 cultura, \u00e0 educa\u00e7\u00e3o e \u00e0s letras, o Literam\u00fasica tem como objetivo estimular os participantes a trocarem experi\u00eancias com artistas em cena e escritores das mais variadas matizes liter\u00e1rias, que poder\u00e3o expor suas obras, divulgar seus [&hellip;]","og_url":"https:\/\/blogdacondessa.com.br\/blog\/cidades\/o-literamusica\/","og_site_name":"Blog da Condessa","article_published_time":"2022-05-06T09:00:52+00:00","og_image":[{"width":1024,"height":682,"url":"https:\/\/blogdacondessa.com.br\/blog\/wp-content\/uploads\/2022\/05\/literamusica.jpeg","type":"image\/jpeg"}],"author":"Blog da Condessa","twitter_card":"summary_large_image","twitter_misc":{"Escrito por":"Blog da Condessa","Est. tempo de leitura":"5 minutos"},"schema":{"@context":"https:\/\/schema.org","@graph":[{"@type":"Article","@id":"https:\/\/blogdacondessa.com.br\/blog\/cidades\/o-literamusica\/#article","isPartOf":{"@id":"https:\/\/blogdacondessa.com.br\/blog\/cidades\/o-literamusica\/"},"author":{"name":"Blog da Condessa","@id":"https:\/\/blogdacondessa.com.br\/blog\/#\/schema\/person\/1d667ff8b785195b568677489d266035"},"headline":"O Literam\u00fasica","datePublished":"2022-05-06T09:00:52+00:00","mainEntityOfPage":{"@id":"https:\/\/blogdacondessa.com.br\/blog\/cidades\/o-literamusica\/"},"wordCount":808,"image":{"@id":"https:\/\/blogdacondessa.com.br\/blog\/cidades\/o-literamusica\/#primaryimage"},"thumbnailUrl":"https:\/\/blogdacondessa.com.br\/blog\/wp-content\/uploads\/2022\/05\/literamusica.jpeg","articleSection":["Cidades"],"inLanguage":"pt-BR"},{"@type":"WebPage","@id":"https:\/\/blogdacondessa.com.br\/blog\/cidades\/o-literamusica\/","url":"https:\/\/blogdacondessa.com.br\/blog\/cidades\/o-literamusica\/","name":"O Literam\u00fasica &#8902; Blog da Condessa","isPartOf":{"@id":"https:\/\/blogdacondessa.com.br\/blog\/#website"},"primaryImageOfPage":{"@id":"https:\/\/blogdacondessa.com.br\/blog\/cidades\/o-literamusica\/#primaryimage"},"image":{"@id":"https:\/\/blogdacondessa.com.br\/blog\/cidades\/o-literamusica\/#primaryimage"},"thumbnailUrl":"https:\/\/blogdacondessa.com.br\/blog\/wp-content\/uploads\/2022\/05\/literamusica.jpeg","datePublished":"2022-05-06T09:00:52+00:00","author":{"@id":"https:\/\/blogdacondessa.com.br\/blog\/#\/schema\/person\/1d667ff8b785195b568677489d266035"},"breadcrumb":{"@id":"https:\/\/blogdacondessa.com.br\/blog\/cidades\/o-literamusica\/#breadcrumb"},"inLanguage":"pt-BR","potentialAction":[{"@type":"ReadAction","target":["https:\/\/blogdacondessa.com.br\/blog\/cidades\/o-literamusica\/"]}]},{"@type":"ImageObject","inLanguage":"pt-BR","@id":"https:\/\/blogdacondessa.com.br\/blog\/cidades\/o-literamusica\/#primaryimage","url":"https:\/\/blogdacondessa.com.br\/blog\/wp-content\/uploads\/2022\/05\/literamusica.jpeg","contentUrl":"https:\/\/blogdacondessa.com.br\/blog\/wp-content\/uploads\/2022\/05\/literamusica.jpeg","width":1024,"height":682},{"@type":"BreadcrumbList","@id":"https:\/\/blogdacondessa.com.br\/blog\/cidades\/o-literamusica\/#breadcrumb","itemListElement":[{"@type":"ListItem","position":1,"name":"In\u00edcio","item":"https:\/\/blogdacondessa.com.br\/blog\/"},{"@type":"ListItem","position":2,"name":"O Literam\u00fasica"}]},{"@type":"WebSite","@id":"https:\/\/blogdacondessa.com.br\/blog\/#website","url":"https:\/\/blogdacondessa.com.br\/blog\/","name":"Blog da Condessa","description":"Com Shirley de Souza O\u2019Campos","potentialAction":[{"@type":"SearchAction","target":{"@type":"EntryPoint","urlTemplate":"https:\/\/blogdacondessa.com.br\/blog\/?s={search_term_string}"},"query-input":{"@type":"PropertyValueSpecification","valueRequired":true,"valueName":"search_term_string"}}],"inLanguage":"pt-BR"},{"@type":"Person","@id":"https:\/\/blogdacondessa.com.br\/blog\/#\/schema\/person\/1d667ff8b785195b568677489d266035","name":"Blog da Condessa","image":{"@type":"ImageObject","inLanguage":"pt-BR","@id":"https:\/\/secure.gravatar.com\/avatar\/377c0eb8b4ad2bfc25461b41564b5971e721ca34a57642868fc7b0c8ac7b52c5?s=96&d=mm&r=g","url":"https:\/\/secure.gravatar.com\/avatar\/377c0eb8b4ad2bfc25461b41564b5971e721ca34a57642868fc7b0c8ac7b52c5?s=96&d=mm&r=g","contentUrl":"https:\/\/secure.gravatar.com\/avatar\/377c0eb8b4ad2bfc25461b41564b5971e721ca34a57642868fc7b0c8ac7b52c5?s=96&d=mm&r=g","caption":"Blog da Condessa"},"url":"https:\/\/blogdacondessa.com.br\/blog\/author\/beatriz\/"}]}},"_links":{"self":[{"href":"https:\/\/blogdacondessa.com.br\/blog\/wp-json\/wp\/v2\/posts\/3698","targetHints":{"allow":["GET"]}}],"collection":[{"href":"https:\/\/blogdacondessa.com.br\/blog\/wp-json\/wp\/v2\/posts"}],"about":[{"href":"https:\/\/blogdacondessa.com.br\/blog\/wp-json\/wp\/v2\/types\/post"}],"author":[{"embeddable":true,"href":"https:\/\/blogdacondessa.com.br\/blog\/wp-json\/wp\/v2\/users\/2"}],"replies":[{"embeddable":true,"href":"https:\/\/blogdacondessa.com.br\/blog\/wp-json\/wp\/v2\/comments?post=3698"}],"version-history":[{"count":0,"href":"https:\/\/blogdacondessa.com.br\/blog\/wp-json\/wp\/v2\/posts\/3698\/revisions"}],"wp:featuredmedia":[{"embeddable":true,"href":"https:\/\/blogdacondessa.com.br\/blog\/wp-json\/wp\/v2\/media\/3699"}],"wp:attachment":[{"href":"https:\/\/blogdacondessa.com.br\/blog\/wp-json\/wp\/v2\/media?parent=3698"}],"wp:term":[{"taxonomy":"category","embeddable":true,"href":"https:\/\/blogdacondessa.com.br\/blog\/wp-json\/wp\/v2\/categories?post=3698"},{"taxonomy":"post_tag","embeddable":true,"href":"https:\/\/blogdacondessa.com.br\/blog\/wp-json\/wp\/v2\/tags?post=3698"}],"curies":[{"name":"wp","href":"https:\/\/api.w.org\/{rel}","templated":true}]}}