{"id":3609,"date":"2022-04-26T18:16:05","date_gmt":"2022-04-26T22:16:05","guid":{"rendered":"http:\/\/blogdacondessa.com.br\/?p=3609"},"modified":"2022-04-26T18:16:05","modified_gmt":"2022-04-26T22:16:05","slug":"documentario-natalino-ferreira-mendes-em-exibicao-no-cine-teatro-cuiaba","status":"publish","type":"post","link":"https:\/\/blogdacondessa.com.br\/blog\/cultura\/documentario-natalino-ferreira-mendes-em-exibicao-no-cine-teatro-cuiaba\/","title":{"rendered":"Document\u00e1rio Natalino Ferreira Mendes em exibi\u00e7\u00e3o no Cine Teatro Cuiab\u00e1"},"content":{"rendered":"<p>O poeta, jornalista, historiador e memorialista cacerense Natalino Ferreira Mendes (1924-2011) ter\u00e1 Document\u00e1rio lan\u00e7ado no Cine Teatro Cuiab\u00e1, nesta ter\u00e7a-feira, dia 26 de abril, \u00e0s 19h30, compondo a Agenda de comemora\u00e7\u00e3o dos 80 anos do Cine Teatro, com entrada gratuita.<\/p>\n<p>Com dire\u00e7\u00e3o de Leonardo Sant\u2019Ana, Terra do Sol Filmes, o Document\u00e1rio faz parte de um projeto maior aprovado pela Secretaria de Esporte, Cultura e Lazer\/SECEL\/2020, que previu a publica\u00e7\u00e3o de in\u00e9ditos do seu acervo documental, Fragmentos da hist\u00f3ria cultural de C\u00e1ceres e outros fios da mem\u00f3ria, em dois volumes, pela Editora Carlini &amp; Caniato (2021) e a constru\u00e7\u00e3o do Site <a href=\"http:\/\/www.natalinoferreiramendes.com.br\/\">www.natalinoferreiramendes.com.br<\/a>\u00a0 por Umberto Magalh\u00e3es, onde se encontra o conjunto da obra do escritor, com download gratuito, al\u00e9m da sua trajet\u00f3ria pessoal e profissional.<\/p>\n<p>O incentivo p\u00fablico trouxe a oportunidade de concretiza\u00e7\u00e3o de uma ideia que tomou forma com apoio de professores das Escolas P\u00fablicas, da UNEMAT e dos companheiros da Academia Mato-Grossense de Letras e dos Institutos Hist\u00f3ricos de Cuiab\u00e1 e de C\u00e1ceres, institui\u00e7\u00f5es das quais o homenageado fez parte, tanto como associado como incentivador. Neste momento, o Cine Teatro Cuiab\u00e1 \u00e9 parceiro no processo de difus\u00e3o, abrindo suas portas \u00e0 comunidade cuiabana e aos cacerenses que aqui residem.<\/p>\n<p>Pioneiro ao tratar de obras sobre a hist\u00f3ria de C\u00e1ceres, Natalino tem a sua vida unida \u00e0 vida da cidade, escrevendo-a em prosa e verso, al\u00e9m de possuir uma folha de servi\u00e7os prestados \u00e0 educa\u00e7\u00e3o, ao poder p\u00fablico e \u00e0 comunidade. O conjunto de sua obra constr\u00f3i um panorama hist\u00f3rico e s\u00f3cio-cultural de significativo valor documental e memorialista, colocando C\u00e1ceres no macrossistema de representa\u00e7\u00e3o nacional e internacional.<\/p>\n<p>Est\u00e1 aberto mais um espa\u00e7o de conhecimento sobre o acervo documental e as personagens que constroem a nossa hist\u00f3ria cultural.<\/p>\n","protected":false},"excerpt":{"rendered":"<p>O poeta, jornalista, historiador e memorialista cacerense Natalino Ferreira Mendes (1924-2011) ter\u00e1 Document\u00e1rio lan\u00e7ado no Cine Teatro Cuiab\u00e1, nesta ter\u00e7a-feira, dia 26 de abril, \u00e0s 19h30, compondo a Agenda de comemora\u00e7\u00e3o dos 80 anos do Cine Teatro, com entrada gratuita. Com dire\u00e7\u00e3o de Leonardo Sant\u2019Ana, Terra do Sol Filmes, o Document\u00e1rio faz parte de um [&hellip;]<\/p>\n","protected":false},"author":2,"featured_media":3610,"comment_status":"closed","ping_status":"closed","sticky":false,"template":"","format":"standard","meta":{"iawp_total_views":0,"footnotes":""},"categories":[18],"tags":[],"class_list":["post-3609","post","type-post","status-publish","format-standard","has-post-thumbnail","hentry","category-cultura"],"yoast_head":"<!-- This site is optimized with the Yoast SEO plugin v27.3 - https:\/\/yoast.com\/product\/yoast-seo-wordpress\/ -->\n<title>Document\u00e1rio Natalino Ferreira Mendes em exibi\u00e7\u00e3o no Cine Teatro Cuiab\u00e1 &#8902; Blog da Condessa<\/title>\n<meta name=\"robots\" content=\"index, follow, max-snippet:-1, max-image-preview:large, max-video-preview:-1\" \/>\n<link rel=\"canonical\" href=\"https:\/\/blogdacondessa.com.br\/blog\/cultura\/documentario-natalino-ferreira-mendes-em-exibicao-no-cine-teatro-cuiaba\/\" \/>\n<meta property=\"og:locale\" content=\"pt_BR\" \/>\n<meta property=\"og:type\" content=\"article\" \/>\n<meta property=\"og:title\" content=\"Document\u00e1rio Natalino Ferreira Mendes em exibi\u00e7\u00e3o no Cine Teatro Cuiab\u00e1 &#8902; Blog da Condessa\" \/>\n<meta property=\"og:description\" content=\"O poeta, jornalista, historiador e memorialista cacerense Natalino Ferreira Mendes (1924-2011) ter\u00e1 Document\u00e1rio lan\u00e7ado no Cine Teatro Cuiab\u00e1, nesta ter\u00e7a-feira, dia 26 de abril, \u00e0s 19h30, compondo a Agenda de comemora\u00e7\u00e3o dos 80 anos do Cine Teatro, com entrada gratuita. Com dire\u00e7\u00e3o de Leonardo Sant\u2019Ana, Terra do Sol Filmes, o Document\u00e1rio faz parte de um [&hellip;]\" \/>\n<meta property=\"og:url\" content=\"https:\/\/blogdacondessa.com.br\/blog\/cultura\/documentario-natalino-ferreira-mendes-em-exibicao-no-cine-teatro-cuiaba\/\" \/>\n<meta property=\"og:site_name\" content=\"Blog da Condessa\" \/>\n<meta property=\"article:published_time\" content=\"2022-04-26T22:16:05+00:00\" \/>\n<meta property=\"og:image\" content=\"https:\/\/blogdacondessa.com.br\/blog\/wp-content\/uploads\/2022\/04\/NATALINO.jpg\" \/>\n\t<meta property=\"og:image:width\" content=\"960\" \/>\n\t<meta property=\"og:image:height\" content=\"720\" \/>\n\t<meta property=\"og:image:type\" content=\"image\/jpeg\" \/>\n<meta name=\"author\" content=\"Blog da Condessa\" \/>\n<meta name=\"twitter:card\" content=\"summary_large_image\" \/>\n<meta name=\"twitter:label1\" content=\"Escrito por\" \/>\n\t<meta name=\"twitter:data1\" content=\"Blog da Condessa\" \/>\n\t<meta name=\"twitter:label2\" content=\"Est. tempo de leitura\" \/>\n\t<meta name=\"twitter:data2\" content=\"2 minutos\" \/>\n<script type=\"application\/ld+json\" class=\"yoast-schema-graph\">{\"@context\":\"https:\\\/\\\/schema.org\",\"@graph\":[{\"@type\":\"Article\",\"@id\":\"https:\\\/\\\/blogdacondessa.com.br\\\/blog\\\/cultura\\\/documentario-natalino-ferreira-mendes-em-exibicao-no-cine-teatro-cuiaba\\\/#article\",\"isPartOf\":{\"@id\":\"https:\\\/\\\/blogdacondessa.com.br\\\/blog\\\/cultura\\\/documentario-natalino-ferreira-mendes-em-exibicao-no-cine-teatro-cuiaba\\\/\"},\"author\":{\"name\":\"Blog da Condessa\",\"@id\":\"https:\\\/\\\/blogdacondessa.com.br\\\/blog\\\/#\\\/schema\\\/person\\\/1d667ff8b785195b568677489d266035\"},\"headline\":\"Document\u00e1rio Natalino Ferreira Mendes em exibi\u00e7\u00e3o no Cine Teatro Cuiab\u00e1\",\"datePublished\":\"2022-04-26T22:16:05+00:00\",\"mainEntityOfPage\":{\"@id\":\"https:\\\/\\\/blogdacondessa.com.br\\\/blog\\\/cultura\\\/documentario-natalino-ferreira-mendes-em-exibicao-no-cine-teatro-cuiaba\\\/\"},\"wordCount\":330,\"image\":{\"@id\":\"https:\\\/\\\/blogdacondessa.com.br\\\/blog\\\/cultura\\\/documentario-natalino-ferreira-mendes-em-exibicao-no-cine-teatro-cuiaba\\\/#primaryimage\"},\"thumbnailUrl\":\"https:\\\/\\\/blogdacondessa.com.br\\\/blog\\\/wp-content\\\/uploads\\\/2022\\\/04\\\/NATALINO.jpg\",\"articleSection\":[\"Cultura\"],\"inLanguage\":\"pt-BR\"},{\"@type\":\"WebPage\",\"@id\":\"https:\\\/\\\/blogdacondessa.com.br\\\/blog\\\/cultura\\\/documentario-natalino-ferreira-mendes-em-exibicao-no-cine-teatro-cuiaba\\\/\",\"url\":\"https:\\\/\\\/blogdacondessa.com.br\\\/blog\\\/cultura\\\/documentario-natalino-ferreira-mendes-em-exibicao-no-cine-teatro-cuiaba\\\/\",\"name\":\"Document\u00e1rio Natalino Ferreira Mendes em exibi\u00e7\u00e3o no Cine Teatro Cuiab\u00e1 &#8902; Blog da Condessa\",\"isPartOf\":{\"@id\":\"https:\\\/\\\/blogdacondessa.com.br\\\/blog\\\/#website\"},\"primaryImageOfPage\":{\"@id\":\"https:\\\/\\\/blogdacondessa.com.br\\\/blog\\\/cultura\\\/documentario-natalino-ferreira-mendes-em-exibicao-no-cine-teatro-cuiaba\\\/#primaryimage\"},\"image\":{\"@id\":\"https:\\\/\\\/blogdacondessa.com.br\\\/blog\\\/cultura\\\/documentario-natalino-ferreira-mendes-em-exibicao-no-cine-teatro-cuiaba\\\/#primaryimage\"},\"thumbnailUrl\":\"https:\\\/\\\/blogdacondessa.com.br\\\/blog\\\/wp-content\\\/uploads\\\/2022\\\/04\\\/NATALINO.jpg\",\"datePublished\":\"2022-04-26T22:16:05+00:00\",\"author\":{\"@id\":\"https:\\\/\\\/blogdacondessa.com.br\\\/blog\\\/#\\\/schema\\\/person\\\/1d667ff8b785195b568677489d266035\"},\"breadcrumb\":{\"@id\":\"https:\\\/\\\/blogdacondessa.com.br\\\/blog\\\/cultura\\\/documentario-natalino-ferreira-mendes-em-exibicao-no-cine-teatro-cuiaba\\\/#breadcrumb\"},\"inLanguage\":\"pt-BR\",\"potentialAction\":[{\"@type\":\"ReadAction\",\"target\":[\"https:\\\/\\\/blogdacondessa.com.br\\\/blog\\\/cultura\\\/documentario-natalino-ferreira-mendes-em-exibicao-no-cine-teatro-cuiaba\\\/\"]}]},{\"@type\":\"ImageObject\",\"inLanguage\":\"pt-BR\",\"@id\":\"https:\\\/\\\/blogdacondessa.com.br\\\/blog\\\/cultura\\\/documentario-natalino-ferreira-mendes-em-exibicao-no-cine-teatro-cuiaba\\\/#primaryimage\",\"url\":\"https:\\\/\\\/blogdacondessa.com.br\\\/blog\\\/wp-content\\\/uploads\\\/2022\\\/04\\\/NATALINO.jpg\",\"contentUrl\":\"https:\\\/\\\/blogdacondessa.com.br\\\/blog\\\/wp-content\\\/uploads\\\/2022\\\/04\\\/NATALINO.jpg\",\"width\":960,\"height\":720},{\"@type\":\"BreadcrumbList\",\"@id\":\"https:\\\/\\\/blogdacondessa.com.br\\\/blog\\\/cultura\\\/documentario-natalino-ferreira-mendes-em-exibicao-no-cine-teatro-cuiaba\\\/#breadcrumb\",\"itemListElement\":[{\"@type\":\"ListItem\",\"position\":1,\"name\":\"In\u00edcio\",\"item\":\"https:\\\/\\\/blogdacondessa.com.br\\\/blog\\\/\"},{\"@type\":\"ListItem\",\"position\":2,\"name\":\"Document\u00e1rio Natalino Ferreira Mendes em exibi\u00e7\u00e3o no Cine Teatro Cuiab\u00e1\"}]},{\"@type\":\"WebSite\",\"@id\":\"https:\\\/\\\/blogdacondessa.com.br\\\/blog\\\/#website\",\"url\":\"https:\\\/\\\/blogdacondessa.com.br\\\/blog\\\/\",\"name\":\"Blog da Condessa\",\"description\":\"Com Shirley de Souza O\u2019Campos\",\"potentialAction\":[{\"@type\":\"SearchAction\",\"target\":{\"@type\":\"EntryPoint\",\"urlTemplate\":\"https:\\\/\\\/blogdacondessa.com.br\\\/blog\\\/?s={search_term_string}\"},\"query-input\":{\"@type\":\"PropertyValueSpecification\",\"valueRequired\":true,\"valueName\":\"search_term_string\"}}],\"inLanguage\":\"pt-BR\"},{\"@type\":\"Person\",\"@id\":\"https:\\\/\\\/blogdacondessa.com.br\\\/blog\\\/#\\\/schema\\\/person\\\/1d667ff8b785195b568677489d266035\",\"name\":\"Blog da Condessa\",\"image\":{\"@type\":\"ImageObject\",\"inLanguage\":\"pt-BR\",\"@id\":\"https:\\\/\\\/secure.gravatar.com\\\/avatar\\\/377c0eb8b4ad2bfc25461b41564b5971e721ca34a57642868fc7b0c8ac7b52c5?s=96&d=mm&r=g\",\"url\":\"https:\\\/\\\/secure.gravatar.com\\\/avatar\\\/377c0eb8b4ad2bfc25461b41564b5971e721ca34a57642868fc7b0c8ac7b52c5?s=96&d=mm&r=g\",\"contentUrl\":\"https:\\\/\\\/secure.gravatar.com\\\/avatar\\\/377c0eb8b4ad2bfc25461b41564b5971e721ca34a57642868fc7b0c8ac7b52c5?s=96&d=mm&r=g\",\"caption\":\"Blog da Condessa\"},\"url\":\"https:\\\/\\\/blogdacondessa.com.br\\\/blog\\\/author\\\/beatriz\\\/\"}]}<\/script>\n<!-- \/ Yoast SEO plugin. -->","yoast_head_json":{"title":"Document\u00e1rio Natalino Ferreira Mendes em exibi\u00e7\u00e3o no Cine Teatro Cuiab\u00e1 &#8902; Blog da Condessa","robots":{"index":"index","follow":"follow","max-snippet":"max-snippet:-1","max-image-preview":"max-image-preview:large","max-video-preview":"max-video-preview:-1"},"canonical":"https:\/\/blogdacondessa.com.br\/blog\/cultura\/documentario-natalino-ferreira-mendes-em-exibicao-no-cine-teatro-cuiaba\/","og_locale":"pt_BR","og_type":"article","og_title":"Document\u00e1rio Natalino Ferreira Mendes em exibi\u00e7\u00e3o no Cine Teatro Cuiab\u00e1 &#8902; Blog da Condessa","og_description":"O poeta, jornalista, historiador e memorialista cacerense Natalino Ferreira Mendes (1924-2011) ter\u00e1 Document\u00e1rio lan\u00e7ado no Cine Teatro Cuiab\u00e1, nesta ter\u00e7a-feira, dia 26 de abril, \u00e0s 19h30, compondo a Agenda de comemora\u00e7\u00e3o dos 80 anos do Cine Teatro, com entrada gratuita. Com dire\u00e7\u00e3o de Leonardo Sant\u2019Ana, Terra do Sol Filmes, o Document\u00e1rio faz parte de um [&hellip;]","og_url":"https:\/\/blogdacondessa.com.br\/blog\/cultura\/documentario-natalino-ferreira-mendes-em-exibicao-no-cine-teatro-cuiaba\/","og_site_name":"Blog da Condessa","article_published_time":"2022-04-26T22:16:05+00:00","og_image":[{"width":960,"height":720,"url":"https:\/\/blogdacondessa.com.br\/blog\/wp-content\/uploads\/2022\/04\/NATALINO.jpg","type":"image\/jpeg"}],"author":"Blog da Condessa","twitter_card":"summary_large_image","twitter_misc":{"Escrito por":"Blog da Condessa","Est. tempo de leitura":"2 minutos"},"schema":{"@context":"https:\/\/schema.org","@graph":[{"@type":"Article","@id":"https:\/\/blogdacondessa.com.br\/blog\/cultura\/documentario-natalino-ferreira-mendes-em-exibicao-no-cine-teatro-cuiaba\/#article","isPartOf":{"@id":"https:\/\/blogdacondessa.com.br\/blog\/cultura\/documentario-natalino-ferreira-mendes-em-exibicao-no-cine-teatro-cuiaba\/"},"author":{"name":"Blog da Condessa","@id":"https:\/\/blogdacondessa.com.br\/blog\/#\/schema\/person\/1d667ff8b785195b568677489d266035"},"headline":"Document\u00e1rio Natalino Ferreira Mendes em exibi\u00e7\u00e3o no Cine Teatro Cuiab\u00e1","datePublished":"2022-04-26T22:16:05+00:00","mainEntityOfPage":{"@id":"https:\/\/blogdacondessa.com.br\/blog\/cultura\/documentario-natalino-ferreira-mendes-em-exibicao-no-cine-teatro-cuiaba\/"},"wordCount":330,"image":{"@id":"https:\/\/blogdacondessa.com.br\/blog\/cultura\/documentario-natalino-ferreira-mendes-em-exibicao-no-cine-teatro-cuiaba\/#primaryimage"},"thumbnailUrl":"https:\/\/blogdacondessa.com.br\/blog\/wp-content\/uploads\/2022\/04\/NATALINO.jpg","articleSection":["Cultura"],"inLanguage":"pt-BR"},{"@type":"WebPage","@id":"https:\/\/blogdacondessa.com.br\/blog\/cultura\/documentario-natalino-ferreira-mendes-em-exibicao-no-cine-teatro-cuiaba\/","url":"https:\/\/blogdacondessa.com.br\/blog\/cultura\/documentario-natalino-ferreira-mendes-em-exibicao-no-cine-teatro-cuiaba\/","name":"Document\u00e1rio Natalino Ferreira Mendes em exibi\u00e7\u00e3o no Cine Teatro Cuiab\u00e1 &#8902; Blog da Condessa","isPartOf":{"@id":"https:\/\/blogdacondessa.com.br\/blog\/#website"},"primaryImageOfPage":{"@id":"https:\/\/blogdacondessa.com.br\/blog\/cultura\/documentario-natalino-ferreira-mendes-em-exibicao-no-cine-teatro-cuiaba\/#primaryimage"},"image":{"@id":"https:\/\/blogdacondessa.com.br\/blog\/cultura\/documentario-natalino-ferreira-mendes-em-exibicao-no-cine-teatro-cuiaba\/#primaryimage"},"thumbnailUrl":"https:\/\/blogdacondessa.com.br\/blog\/wp-content\/uploads\/2022\/04\/NATALINO.jpg","datePublished":"2022-04-26T22:16:05+00:00","author":{"@id":"https:\/\/blogdacondessa.com.br\/blog\/#\/schema\/person\/1d667ff8b785195b568677489d266035"},"breadcrumb":{"@id":"https:\/\/blogdacondessa.com.br\/blog\/cultura\/documentario-natalino-ferreira-mendes-em-exibicao-no-cine-teatro-cuiaba\/#breadcrumb"},"inLanguage":"pt-BR","potentialAction":[{"@type":"ReadAction","target":["https:\/\/blogdacondessa.com.br\/blog\/cultura\/documentario-natalino-ferreira-mendes-em-exibicao-no-cine-teatro-cuiaba\/"]}]},{"@type":"ImageObject","inLanguage":"pt-BR","@id":"https:\/\/blogdacondessa.com.br\/blog\/cultura\/documentario-natalino-ferreira-mendes-em-exibicao-no-cine-teatro-cuiaba\/#primaryimage","url":"https:\/\/blogdacondessa.com.br\/blog\/wp-content\/uploads\/2022\/04\/NATALINO.jpg","contentUrl":"https:\/\/blogdacondessa.com.br\/blog\/wp-content\/uploads\/2022\/04\/NATALINO.jpg","width":960,"height":720},{"@type":"BreadcrumbList","@id":"https:\/\/blogdacondessa.com.br\/blog\/cultura\/documentario-natalino-ferreira-mendes-em-exibicao-no-cine-teatro-cuiaba\/#breadcrumb","itemListElement":[{"@type":"ListItem","position":1,"name":"In\u00edcio","item":"https:\/\/blogdacondessa.com.br\/blog\/"},{"@type":"ListItem","position":2,"name":"Document\u00e1rio Natalino Ferreira Mendes em exibi\u00e7\u00e3o no Cine Teatro Cuiab\u00e1"}]},{"@type":"WebSite","@id":"https:\/\/blogdacondessa.com.br\/blog\/#website","url":"https:\/\/blogdacondessa.com.br\/blog\/","name":"Blog da Condessa","description":"Com Shirley de Souza O\u2019Campos","potentialAction":[{"@type":"SearchAction","target":{"@type":"EntryPoint","urlTemplate":"https:\/\/blogdacondessa.com.br\/blog\/?s={search_term_string}"},"query-input":{"@type":"PropertyValueSpecification","valueRequired":true,"valueName":"search_term_string"}}],"inLanguage":"pt-BR"},{"@type":"Person","@id":"https:\/\/blogdacondessa.com.br\/blog\/#\/schema\/person\/1d667ff8b785195b568677489d266035","name":"Blog da Condessa","image":{"@type":"ImageObject","inLanguage":"pt-BR","@id":"https:\/\/secure.gravatar.com\/avatar\/377c0eb8b4ad2bfc25461b41564b5971e721ca34a57642868fc7b0c8ac7b52c5?s=96&d=mm&r=g","url":"https:\/\/secure.gravatar.com\/avatar\/377c0eb8b4ad2bfc25461b41564b5971e721ca34a57642868fc7b0c8ac7b52c5?s=96&d=mm&r=g","contentUrl":"https:\/\/secure.gravatar.com\/avatar\/377c0eb8b4ad2bfc25461b41564b5971e721ca34a57642868fc7b0c8ac7b52c5?s=96&d=mm&r=g","caption":"Blog da Condessa"},"url":"https:\/\/blogdacondessa.com.br\/blog\/author\/beatriz\/"}]}},"_links":{"self":[{"href":"https:\/\/blogdacondessa.com.br\/blog\/wp-json\/wp\/v2\/posts\/3609","targetHints":{"allow":["GET"]}}],"collection":[{"href":"https:\/\/blogdacondessa.com.br\/blog\/wp-json\/wp\/v2\/posts"}],"about":[{"href":"https:\/\/blogdacondessa.com.br\/blog\/wp-json\/wp\/v2\/types\/post"}],"author":[{"embeddable":true,"href":"https:\/\/blogdacondessa.com.br\/blog\/wp-json\/wp\/v2\/users\/2"}],"replies":[{"embeddable":true,"href":"https:\/\/blogdacondessa.com.br\/blog\/wp-json\/wp\/v2\/comments?post=3609"}],"version-history":[{"count":0,"href":"https:\/\/blogdacondessa.com.br\/blog\/wp-json\/wp\/v2\/posts\/3609\/revisions"}],"wp:featuredmedia":[{"embeddable":true,"href":"https:\/\/blogdacondessa.com.br\/blog\/wp-json\/wp\/v2\/media\/3610"}],"wp:attachment":[{"href":"https:\/\/blogdacondessa.com.br\/blog\/wp-json\/wp\/v2\/media?parent=3609"}],"wp:term":[{"taxonomy":"category","embeddable":true,"href":"https:\/\/blogdacondessa.com.br\/blog\/wp-json\/wp\/v2\/categories?post=3609"},{"taxonomy":"post_tag","embeddable":true,"href":"https:\/\/blogdacondessa.com.br\/blog\/wp-json\/wp\/v2\/tags?post=3609"}],"curies":[{"name":"wp","href":"https:\/\/api.w.org\/{rel}","templated":true}]}}