{"id":3606,"date":"2022-04-26T05:00:23","date_gmt":"2022-04-26T09:00:23","guid":{"rendered":"http:\/\/blogdacondessa.com.br\/?p=3606"},"modified":"2022-04-25T16:55:40","modified_gmt":"2022-04-25T20:55:40","slug":"148-anos-de-historia-do-tjmt","status":"publish","type":"post","link":"https:\/\/blogdacondessa.com.br\/blog\/juridico\/148-anos-de-historia-do-tjmt\/","title":{"rendered":"148 anos de hist\u00f3ria do TJMT"},"content":{"rendered":"<p>O Poder Judici\u00e1rio de Mato Grosso completa no domingo, 1\u00ba de maio, 148 anos de cria\u00e7\u00e3o e, durante esta semana que antecede o anivers\u00e1rio do Judici\u00e1rio estadual, ser\u00e1 divulgado no portal e nas m\u00eddias sociais da Institui\u00e7\u00e3o uma s\u00e9rie de v\u00eddeos que destacam a miss\u00e3o da Justi\u00e7a para a sociedade. Tamb\u00e9m foi criado um hotsite especial para a celebra\u00e7\u00e3o da data comemorativa.<\/p>\n<p>Desde quando o Brasil ainda vivia sob o regime imperial e era governado por Dom Pedro II, j\u00e1 se passaram 148 anos de presta\u00e7\u00e3o servi\u00e7o do Judici\u00e1rio estadual \u00e0 popula\u00e7\u00e3o de Mato Grosso. De 1874 para hoje, nesses quase um s\u00e9culo e meio de instala\u00e7\u00e3o, a Justi\u00e7a mato-grossense vem colocando em pr\u00e1tica transforma\u00e7\u00f5es consideradas singulares e de grande relev\u00e2ncia para a constante melhoria da presta\u00e7\u00e3o jurisdicional.<\/p>\n<p>Nos \u00faltimos tempos, os investimentos em recursos tecnol\u00f3gicos t\u00eam proporcionado mais acessibilidade e celeridade nas pr\u00e1ticas e a\u00e7\u00f5es jur\u00eddicas em prol da popula\u00e7\u00e3o. A Alta Administra\u00e7\u00e3o do Poder Judici\u00e1rio atua diuturnamente para fazer a diferen\u00e7a e levar Justi\u00e7a a todos cidad\u00e3os e cidad\u00e3s que moram nos 141 munic\u00edpios de Mato Grosso que comp\u00f5em os 11 polos judiciais das 79 comarcas em funcionamento no Estado.<\/p>\n<p>A hist\u00f3ria de 148 anos do Poder Judici\u00e1rio de Mato Grosso passa, ao longo dos anos, pela dedica\u00e7\u00e3o e comprometimento do p\u00fablico interno. S\u00e3o 300 magistrados, entre desembargadores e desembargadoras, ju\u00edzes e ju\u00edzas, juntamente com 4.556 servidores, servidoras, 3.177 colaboradores e colaboradoras que atuam incansavelmente para garantir fortalecimento e efici\u00eancia dos servi\u00e7os prestados pela Justi\u00e7a.<\/p>\n<p>&nbsp;<\/p>\n","protected":false},"excerpt":{"rendered":"<p>O Poder Judici\u00e1rio de Mato Grosso completa no domingo, 1\u00ba de maio, 148 anos de cria\u00e7\u00e3o e, durante esta semana que antecede o anivers\u00e1rio do Judici\u00e1rio estadual, ser\u00e1 divulgado no portal e nas m\u00eddias sociais da Institui\u00e7\u00e3o uma s\u00e9rie de v\u00eddeos que destacam a miss\u00e3o da Justi\u00e7a para a sociedade. Tamb\u00e9m foi criado um hotsite [&hellip;]<\/p>\n","protected":false},"author":2,"featured_media":3607,"comment_status":"closed","ping_status":"closed","sticky":false,"template":"","format":"standard","meta":{"iawp_total_views":0,"footnotes":""},"categories":[26],"tags":[],"class_list":["post-3606","post","type-post","status-publish","format-standard","has-post-thumbnail","hentry","category-juridico"],"yoast_head":"<!-- This site is optimized with the Yoast SEO plugin v27.3 - https:\/\/yoast.com\/product\/yoast-seo-wordpress\/ -->\n<title>148 anos de hist\u00f3ria do TJMT &#8902; Blog da Condessa<\/title>\n<meta name=\"robots\" content=\"index, follow, max-snippet:-1, max-image-preview:large, max-video-preview:-1\" \/>\n<link rel=\"canonical\" href=\"https:\/\/blogdacondessa.com.br\/blog\/juridico\/148-anos-de-historia-do-tjmt\/\" \/>\n<meta property=\"og:locale\" content=\"pt_BR\" \/>\n<meta property=\"og:type\" content=\"article\" \/>\n<meta property=\"og:title\" content=\"148 anos de hist\u00f3ria do TJMT &#8902; Blog da Condessa\" \/>\n<meta property=\"og:description\" content=\"O Poder Judici\u00e1rio de Mato Grosso completa no domingo, 1\u00ba de maio, 148 anos de cria\u00e7\u00e3o e, durante esta semana que antecede o anivers\u00e1rio do Judici\u00e1rio estadual, ser\u00e1 divulgado no portal e nas m\u00eddias sociais da Institui\u00e7\u00e3o uma s\u00e9rie de v\u00eddeos que destacam a miss\u00e3o da Justi\u00e7a para a sociedade. Tamb\u00e9m foi criado um hotsite [&hellip;]\" \/>\n<meta property=\"og:url\" content=\"https:\/\/blogdacondessa.com.br\/blog\/juridico\/148-anos-de-historia-do-tjmt\/\" \/>\n<meta property=\"og:site_name\" content=\"Blog da Condessa\" \/>\n<meta property=\"article:published_time\" content=\"2022-04-26T09:00:23+00:00\" \/>\n<meta property=\"og:image\" content=\"https:\/\/blogdacondessa.com.br\/blog\/wp-content\/uploads\/2022\/04\/TJMT.jpg\" \/>\n\t<meta property=\"og:image:width\" content=\"959\" \/>\n\t<meta property=\"og:image:height\" content=\"495\" \/>\n\t<meta property=\"og:image:type\" content=\"image\/jpeg\" \/>\n<meta name=\"author\" content=\"Blog da Condessa\" \/>\n<meta name=\"twitter:card\" content=\"summary_large_image\" \/>\n<meta name=\"twitter:label1\" content=\"Escrito por\" \/>\n\t<meta name=\"twitter:data1\" content=\"Blog da Condessa\" \/>\n\t<meta name=\"twitter:label2\" content=\"Est. tempo de leitura\" \/>\n\t<meta name=\"twitter:data2\" content=\"2 minutos\" \/>\n<script type=\"application\/ld+json\" class=\"yoast-schema-graph\">{\"@context\":\"https:\\\/\\\/schema.org\",\"@graph\":[{\"@type\":\"Article\",\"@id\":\"https:\\\/\\\/blogdacondessa.com.br\\\/blog\\\/juridico\\\/148-anos-de-historia-do-tjmt\\\/#article\",\"isPartOf\":{\"@id\":\"https:\\\/\\\/blogdacondessa.com.br\\\/blog\\\/juridico\\\/148-anos-de-historia-do-tjmt\\\/\"},\"author\":{\"name\":\"Blog da Condessa\",\"@id\":\"https:\\\/\\\/blogdacondessa.com.br\\\/blog\\\/#\\\/schema\\\/person\\\/1d667ff8b785195b568677489d266035\"},\"headline\":\"148 anos de hist\u00f3ria do TJMT\",\"datePublished\":\"2022-04-26T09:00:23+00:00\",\"mainEntityOfPage\":{\"@id\":\"https:\\\/\\\/blogdacondessa.com.br\\\/blog\\\/juridico\\\/148-anos-de-historia-do-tjmt\\\/\"},\"wordCount\":289,\"image\":{\"@id\":\"https:\\\/\\\/blogdacondessa.com.br\\\/blog\\\/juridico\\\/148-anos-de-historia-do-tjmt\\\/#primaryimage\"},\"thumbnailUrl\":\"https:\\\/\\\/blogdacondessa.com.br\\\/blog\\\/wp-content\\\/uploads\\\/2022\\\/04\\\/TJMT.jpg\",\"articleSection\":[\"Jur\u00eddico\"],\"inLanguage\":\"pt-BR\"},{\"@type\":\"WebPage\",\"@id\":\"https:\\\/\\\/blogdacondessa.com.br\\\/blog\\\/juridico\\\/148-anos-de-historia-do-tjmt\\\/\",\"url\":\"https:\\\/\\\/blogdacondessa.com.br\\\/blog\\\/juridico\\\/148-anos-de-historia-do-tjmt\\\/\",\"name\":\"148 anos de hist\u00f3ria do TJMT &#8902; Blog da Condessa\",\"isPartOf\":{\"@id\":\"https:\\\/\\\/blogdacondessa.com.br\\\/blog\\\/#website\"},\"primaryImageOfPage\":{\"@id\":\"https:\\\/\\\/blogdacondessa.com.br\\\/blog\\\/juridico\\\/148-anos-de-historia-do-tjmt\\\/#primaryimage\"},\"image\":{\"@id\":\"https:\\\/\\\/blogdacondessa.com.br\\\/blog\\\/juridico\\\/148-anos-de-historia-do-tjmt\\\/#primaryimage\"},\"thumbnailUrl\":\"https:\\\/\\\/blogdacondessa.com.br\\\/blog\\\/wp-content\\\/uploads\\\/2022\\\/04\\\/TJMT.jpg\",\"datePublished\":\"2022-04-26T09:00:23+00:00\",\"author\":{\"@id\":\"https:\\\/\\\/blogdacondessa.com.br\\\/blog\\\/#\\\/schema\\\/person\\\/1d667ff8b785195b568677489d266035\"},\"breadcrumb\":{\"@id\":\"https:\\\/\\\/blogdacondessa.com.br\\\/blog\\\/juridico\\\/148-anos-de-historia-do-tjmt\\\/#breadcrumb\"},\"inLanguage\":\"pt-BR\",\"potentialAction\":[{\"@type\":\"ReadAction\",\"target\":[\"https:\\\/\\\/blogdacondessa.com.br\\\/blog\\\/juridico\\\/148-anos-de-historia-do-tjmt\\\/\"]}]},{\"@type\":\"ImageObject\",\"inLanguage\":\"pt-BR\",\"@id\":\"https:\\\/\\\/blogdacondessa.com.br\\\/blog\\\/juridico\\\/148-anos-de-historia-do-tjmt\\\/#primaryimage\",\"url\":\"https:\\\/\\\/blogdacondessa.com.br\\\/blog\\\/wp-content\\\/uploads\\\/2022\\\/04\\\/TJMT.jpg\",\"contentUrl\":\"https:\\\/\\\/blogdacondessa.com.br\\\/blog\\\/wp-content\\\/uploads\\\/2022\\\/04\\\/TJMT.jpg\",\"width\":959,\"height\":495},{\"@type\":\"BreadcrumbList\",\"@id\":\"https:\\\/\\\/blogdacondessa.com.br\\\/blog\\\/juridico\\\/148-anos-de-historia-do-tjmt\\\/#breadcrumb\",\"itemListElement\":[{\"@type\":\"ListItem\",\"position\":1,\"name\":\"In\u00edcio\",\"item\":\"https:\\\/\\\/blogdacondessa.com.br\\\/blog\\\/\"},{\"@type\":\"ListItem\",\"position\":2,\"name\":\"148 anos de hist\u00f3ria do TJMT\"}]},{\"@type\":\"WebSite\",\"@id\":\"https:\\\/\\\/blogdacondessa.com.br\\\/blog\\\/#website\",\"url\":\"https:\\\/\\\/blogdacondessa.com.br\\\/blog\\\/\",\"name\":\"Blog da Condessa\",\"description\":\"Com Shirley de Souza O\u2019Campos\",\"potentialAction\":[{\"@type\":\"SearchAction\",\"target\":{\"@type\":\"EntryPoint\",\"urlTemplate\":\"https:\\\/\\\/blogdacondessa.com.br\\\/blog\\\/?s={search_term_string}\"},\"query-input\":{\"@type\":\"PropertyValueSpecification\",\"valueRequired\":true,\"valueName\":\"search_term_string\"}}],\"inLanguage\":\"pt-BR\"},{\"@type\":\"Person\",\"@id\":\"https:\\\/\\\/blogdacondessa.com.br\\\/blog\\\/#\\\/schema\\\/person\\\/1d667ff8b785195b568677489d266035\",\"name\":\"Blog da Condessa\",\"image\":{\"@type\":\"ImageObject\",\"inLanguage\":\"pt-BR\",\"@id\":\"https:\\\/\\\/secure.gravatar.com\\\/avatar\\\/377c0eb8b4ad2bfc25461b41564b5971e721ca34a57642868fc7b0c8ac7b52c5?s=96&d=mm&r=g\",\"url\":\"https:\\\/\\\/secure.gravatar.com\\\/avatar\\\/377c0eb8b4ad2bfc25461b41564b5971e721ca34a57642868fc7b0c8ac7b52c5?s=96&d=mm&r=g\",\"contentUrl\":\"https:\\\/\\\/secure.gravatar.com\\\/avatar\\\/377c0eb8b4ad2bfc25461b41564b5971e721ca34a57642868fc7b0c8ac7b52c5?s=96&d=mm&r=g\",\"caption\":\"Blog da Condessa\"},\"url\":\"https:\\\/\\\/blogdacondessa.com.br\\\/blog\\\/author\\\/beatriz\\\/\"}]}<\/script>\n<!-- \/ Yoast SEO plugin. -->","yoast_head_json":{"title":"148 anos de hist\u00f3ria do TJMT &#8902; Blog da Condessa","robots":{"index":"index","follow":"follow","max-snippet":"max-snippet:-1","max-image-preview":"max-image-preview:large","max-video-preview":"max-video-preview:-1"},"canonical":"https:\/\/blogdacondessa.com.br\/blog\/juridico\/148-anos-de-historia-do-tjmt\/","og_locale":"pt_BR","og_type":"article","og_title":"148 anos de hist\u00f3ria do TJMT &#8902; Blog da Condessa","og_description":"O Poder Judici\u00e1rio de Mato Grosso completa no domingo, 1\u00ba de maio, 148 anos de cria\u00e7\u00e3o e, durante esta semana que antecede o anivers\u00e1rio do Judici\u00e1rio estadual, ser\u00e1 divulgado no portal e nas m\u00eddias sociais da Institui\u00e7\u00e3o uma s\u00e9rie de v\u00eddeos que destacam a miss\u00e3o da Justi\u00e7a para a sociedade. Tamb\u00e9m foi criado um hotsite [&hellip;]","og_url":"https:\/\/blogdacondessa.com.br\/blog\/juridico\/148-anos-de-historia-do-tjmt\/","og_site_name":"Blog da Condessa","article_published_time":"2022-04-26T09:00:23+00:00","og_image":[{"width":959,"height":495,"url":"https:\/\/blogdacondessa.com.br\/blog\/wp-content\/uploads\/2022\/04\/TJMT.jpg","type":"image\/jpeg"}],"author":"Blog da Condessa","twitter_card":"summary_large_image","twitter_misc":{"Escrito por":"Blog da Condessa","Est. tempo de leitura":"2 minutos"},"schema":{"@context":"https:\/\/schema.org","@graph":[{"@type":"Article","@id":"https:\/\/blogdacondessa.com.br\/blog\/juridico\/148-anos-de-historia-do-tjmt\/#article","isPartOf":{"@id":"https:\/\/blogdacondessa.com.br\/blog\/juridico\/148-anos-de-historia-do-tjmt\/"},"author":{"name":"Blog da Condessa","@id":"https:\/\/blogdacondessa.com.br\/blog\/#\/schema\/person\/1d667ff8b785195b568677489d266035"},"headline":"148 anos de hist\u00f3ria do TJMT","datePublished":"2022-04-26T09:00:23+00:00","mainEntityOfPage":{"@id":"https:\/\/blogdacondessa.com.br\/blog\/juridico\/148-anos-de-historia-do-tjmt\/"},"wordCount":289,"image":{"@id":"https:\/\/blogdacondessa.com.br\/blog\/juridico\/148-anos-de-historia-do-tjmt\/#primaryimage"},"thumbnailUrl":"https:\/\/blogdacondessa.com.br\/blog\/wp-content\/uploads\/2022\/04\/TJMT.jpg","articleSection":["Jur\u00eddico"],"inLanguage":"pt-BR"},{"@type":"WebPage","@id":"https:\/\/blogdacondessa.com.br\/blog\/juridico\/148-anos-de-historia-do-tjmt\/","url":"https:\/\/blogdacondessa.com.br\/blog\/juridico\/148-anos-de-historia-do-tjmt\/","name":"148 anos de hist\u00f3ria do TJMT &#8902; Blog da Condessa","isPartOf":{"@id":"https:\/\/blogdacondessa.com.br\/blog\/#website"},"primaryImageOfPage":{"@id":"https:\/\/blogdacondessa.com.br\/blog\/juridico\/148-anos-de-historia-do-tjmt\/#primaryimage"},"image":{"@id":"https:\/\/blogdacondessa.com.br\/blog\/juridico\/148-anos-de-historia-do-tjmt\/#primaryimage"},"thumbnailUrl":"https:\/\/blogdacondessa.com.br\/blog\/wp-content\/uploads\/2022\/04\/TJMT.jpg","datePublished":"2022-04-26T09:00:23+00:00","author":{"@id":"https:\/\/blogdacondessa.com.br\/blog\/#\/schema\/person\/1d667ff8b785195b568677489d266035"},"breadcrumb":{"@id":"https:\/\/blogdacondessa.com.br\/blog\/juridico\/148-anos-de-historia-do-tjmt\/#breadcrumb"},"inLanguage":"pt-BR","potentialAction":[{"@type":"ReadAction","target":["https:\/\/blogdacondessa.com.br\/blog\/juridico\/148-anos-de-historia-do-tjmt\/"]}]},{"@type":"ImageObject","inLanguage":"pt-BR","@id":"https:\/\/blogdacondessa.com.br\/blog\/juridico\/148-anos-de-historia-do-tjmt\/#primaryimage","url":"https:\/\/blogdacondessa.com.br\/blog\/wp-content\/uploads\/2022\/04\/TJMT.jpg","contentUrl":"https:\/\/blogdacondessa.com.br\/blog\/wp-content\/uploads\/2022\/04\/TJMT.jpg","width":959,"height":495},{"@type":"BreadcrumbList","@id":"https:\/\/blogdacondessa.com.br\/blog\/juridico\/148-anos-de-historia-do-tjmt\/#breadcrumb","itemListElement":[{"@type":"ListItem","position":1,"name":"In\u00edcio","item":"https:\/\/blogdacondessa.com.br\/blog\/"},{"@type":"ListItem","position":2,"name":"148 anos de hist\u00f3ria do TJMT"}]},{"@type":"WebSite","@id":"https:\/\/blogdacondessa.com.br\/blog\/#website","url":"https:\/\/blogdacondessa.com.br\/blog\/","name":"Blog da Condessa","description":"Com Shirley de Souza O\u2019Campos","potentialAction":[{"@type":"SearchAction","target":{"@type":"EntryPoint","urlTemplate":"https:\/\/blogdacondessa.com.br\/blog\/?s={search_term_string}"},"query-input":{"@type":"PropertyValueSpecification","valueRequired":true,"valueName":"search_term_string"}}],"inLanguage":"pt-BR"},{"@type":"Person","@id":"https:\/\/blogdacondessa.com.br\/blog\/#\/schema\/person\/1d667ff8b785195b568677489d266035","name":"Blog da Condessa","image":{"@type":"ImageObject","inLanguage":"pt-BR","@id":"https:\/\/secure.gravatar.com\/avatar\/377c0eb8b4ad2bfc25461b41564b5971e721ca34a57642868fc7b0c8ac7b52c5?s=96&d=mm&r=g","url":"https:\/\/secure.gravatar.com\/avatar\/377c0eb8b4ad2bfc25461b41564b5971e721ca34a57642868fc7b0c8ac7b52c5?s=96&d=mm&r=g","contentUrl":"https:\/\/secure.gravatar.com\/avatar\/377c0eb8b4ad2bfc25461b41564b5971e721ca34a57642868fc7b0c8ac7b52c5?s=96&d=mm&r=g","caption":"Blog da Condessa"},"url":"https:\/\/blogdacondessa.com.br\/blog\/author\/beatriz\/"}]}},"_links":{"self":[{"href":"https:\/\/blogdacondessa.com.br\/blog\/wp-json\/wp\/v2\/posts\/3606","targetHints":{"allow":["GET"]}}],"collection":[{"href":"https:\/\/blogdacondessa.com.br\/blog\/wp-json\/wp\/v2\/posts"}],"about":[{"href":"https:\/\/blogdacondessa.com.br\/blog\/wp-json\/wp\/v2\/types\/post"}],"author":[{"embeddable":true,"href":"https:\/\/blogdacondessa.com.br\/blog\/wp-json\/wp\/v2\/users\/2"}],"replies":[{"embeddable":true,"href":"https:\/\/blogdacondessa.com.br\/blog\/wp-json\/wp\/v2\/comments?post=3606"}],"version-history":[{"count":0,"href":"https:\/\/blogdacondessa.com.br\/blog\/wp-json\/wp\/v2\/posts\/3606\/revisions"}],"wp:featuredmedia":[{"embeddable":true,"href":"https:\/\/blogdacondessa.com.br\/blog\/wp-json\/wp\/v2\/media\/3607"}],"wp:attachment":[{"href":"https:\/\/blogdacondessa.com.br\/blog\/wp-json\/wp\/v2\/media?parent=3606"}],"wp:term":[{"taxonomy":"category","embeddable":true,"href":"https:\/\/blogdacondessa.com.br\/blog\/wp-json\/wp\/v2\/categories?post=3606"},{"taxonomy":"post_tag","embeddable":true,"href":"https:\/\/blogdacondessa.com.br\/blog\/wp-json\/wp\/v2\/tags?post=3606"}],"curies":[{"name":"wp","href":"https:\/\/api.w.org\/{rel}","templated":true}]}}