{"id":3504,"date":"2022-04-14T05:00:00","date_gmt":"2022-04-14T09:00:00","guid":{"rendered":"http:\/\/blogdacondessa.com.br\/?p=3504"},"modified":"2022-04-13T15:50:37","modified_gmt":"2022-04-13T19:50:37","slug":"brasil-registra-reciclagem-de-987-de-latas-de-aluminio-em-2021","status":"publish","type":"post","link":"https:\/\/blogdacondessa.com.br\/blog\/cidades-2\/brasil-registra-reciclagem-de-987-de-latas-de-aluminio-em-2021\/","title":{"rendered":"Brasil registra reciclagem de 98,7% de latas de alum\u00ednio em 2021"},"content":{"rendered":"<p>O Brasil reciclou aproximadamente 33 bilh\u00f5es de latinhas de alum\u00ednio em 2021, o que representa 98,7% de reaproveitamento do material produzido ao longo do ano. Os n\u00fameros foram divulgados no \u00faltimo dia 13 pela Associa\u00e7\u00e3o Brasileira do Alum\u00ednio (Abal) e a\u00a0Associa\u00e7\u00e3o Brasileira dos Fabricantes de Latas de Alum\u00ednio (Abralatas).<\/p>\n<p>As duas entidades formam juntas a Recicla Latas, organiza\u00e7\u00e3o que atua como gestora do termo de compromisso para o aperfei\u00e7oamento do sistema de log\u00edstica reversa de latas de alum\u00ednio para bebidas. Esse termo foi firmado pelas associa\u00e7\u00f5es do setor com o Minist\u00e9rio do Meio Ambiente em 2020. Nele, as associa\u00e7\u00f5es garantiram a manuten\u00e7\u00e3o do \u00edndice de reciclagem das latinhas no patamar de 95%, em cumprimento \u00e0 Pol\u00edtica Nacional de Res\u00edduos S\u00f3lidos (PNRS). A log\u00edstica reversa \u00e9 o processo de reinser\u00e7\u00e3o do material descartado na cadeia produtiva.<\/p>\n<p>Segundo as entidades, trata-se do maior \u00edndice da hist\u00f3ria da reciclagem de latas no pa\u00eds, desde o in\u00edcio do mapeamento em 1990, sendo tamb\u00e9m um dos maiores\u00a0do mundo. De um total de 33,4 bilh\u00f5es de latas vendidas, cerca de 33 bilh\u00f5es foram coletadas para o processo de reciclagem. Com isso, aproximadamente 1,9 milh\u00e3o de toneladas de gases de efeito estufa deixaram de ser emitidos na atmosfera, de acordo com c\u00e1lculos das associa\u00e7\u00f5es empresariais.<\/p>\n<p>As taxas de reciclagem de alum\u00ednio no Brasil s\u00e3o consideradas exemplares, especialmente nos \u00faltimos anos, com \u00edndices que superam os 96% de latinhas reaproveitadas, ap\u00f3s cumprirem seu ciclo de produ\u00e7\u00e3o, consumo e descarte. Esse ciclo de vida costuma ser curto, aproximadamente 60 dias separam a fabrica\u00e7\u00e3o de uma nova latinha de alum\u00ednio e seu retorno, como mat\u00e9ria prima, para a ind\u00fastria.<\/p>\n<p>\u201cH\u00e1 mais\u00a0de dez\u00a0anos, o \u00edndice de reciclagem de latas de alum\u00ednio se encontra em patamares superiores a 96%. O Brasil \u00e9\u00a0benchmark\u00a0(refer\u00eancia) no setor para o mundo, gra\u00e7as aos esfor\u00e7os conjuntos de toda a cadeia de suprimento\u00a0e dos investimentos da ind\u00fastria do alum\u00ednio na moderniza\u00e7\u00e3o do setor e na amplia\u00e7\u00e3o dos centros de coleta e reciclagem\u201d, destaca Janaina Donas, presidente da Abal.<\/p>\n<p><strong>\u00cdndice geral baixo<\/strong><\/p>\n<p>Apesar dos excelentes resultados do setor de alum\u00ednio, a\u00a0reciclagem\u00a0de outros produtos largamente consumidos no pa\u00eds \u00e9 baixa. O caso mais desafiador \u00e9 o do pl\u00e1stico. Apesar de ser o quarto maior consumidor da mat\u00e9ria-prima no mundo, o Brasil recicla apenas 1,29% de pl\u00e1stico, segundo estudo da WWF Brasil com dados do Banco Mundial, divulgado em 2019.\u00a0O percentual difere bastante dos n\u00fameros informados pela Associa\u00e7\u00e3o Brasileira da Ind\u00fastria de Pl\u00e1stico (Abiplast), que indica\u00a0que pouco mais 23% dos\u00a0<a href=\"http:\/\/www.abiplast.org.br\/noticias\/estudo-aponta-que-231-dos-residuos-plasticos-pos-consumo-foram-reciclados-em-2020-no-brasil\/\">res\u00edduos pl\u00e1sticos<\/a>\u00a0s\u00e3o reciclados no pa\u00eds, segundo n\u00fameros de 2020.<\/p>\n<p>Seja como for, o \u00edndice geral de reciclagem dos res\u00edduos s\u00f3lidos no pa\u00eds ainda \u00e9 de cerca de 5,3% do total potencialmente recuper\u00e1vel, segundo dados do Sistema Nacional de Informa\u00e7\u00f5es sobre Saneamento (SNIS). O levantamento consta da edi\u00e7\u00e3o mais recente do\u00a0<a href=\"http:\/\/www.snis.gov.br\/downloads\/diagnosticos\/rs\/2020\/DIAGNOSTICO_TEMATICO_VISAO_GERAL_RS_SNIS_2021.pdf\">Diagn\u00f3stico de Manejo de Res\u00edduos S\u00f3lidos Urbanos<\/a>, publicado em dezembro do ano passado, mas com dados consolidados de 2020.\u00a0(Fonte: Ag\u00eancia Brasil)<\/p>\n<p>&nbsp;<\/p>\n","protected":false},"excerpt":{"rendered":"<p>O Brasil reciclou aproximadamente 33 bilh\u00f5es de latinhas de alum\u00ednio em 2021, o que representa 98,7% de reaproveitamento do material produzido ao longo do ano. Os n\u00fameros foram divulgados no \u00faltimo dia 13 pela Associa\u00e7\u00e3o Brasileira do Alum\u00ednio (Abal) e a\u00a0Associa\u00e7\u00e3o Brasileira dos Fabricantes de Latas de Alum\u00ednio (Abralatas). As duas entidades formam juntas a [&hellip;]<\/p>\n","protected":false},"author":2,"featured_media":3505,"comment_status":"closed","ping_status":"closed","sticky":false,"template":"","format":"standard","meta":{"iawp_total_views":0,"footnotes":""},"categories":[15],"tags":[],"class_list":["post-3504","post","type-post","status-publish","format-standard","has-post-thumbnail","hentry","category-cidades-2"],"yoast_head":"<!-- This site is optimized with the Yoast SEO plugin v27.3 - https:\/\/yoast.com\/product\/yoast-seo-wordpress\/ -->\n<title>Brasil registra reciclagem de 98,7% de latas de alum\u00ednio em 2021 &#8902; Blog da Condessa<\/title>\n<meta name=\"robots\" content=\"index, follow, max-snippet:-1, max-image-preview:large, max-video-preview:-1\" \/>\n<link rel=\"canonical\" href=\"https:\/\/blogdacondessa.com.br\/blog\/cidades-2\/brasil-registra-reciclagem-de-987-de-latas-de-aluminio-em-2021\/\" \/>\n<meta property=\"og:locale\" content=\"pt_BR\" \/>\n<meta property=\"og:type\" content=\"article\" \/>\n<meta property=\"og:title\" content=\"Brasil registra reciclagem de 98,7% de latas de alum\u00ednio em 2021 &#8902; Blog da Condessa\" \/>\n<meta property=\"og:description\" content=\"O Brasil reciclou aproximadamente 33 bilh\u00f5es de latinhas de alum\u00ednio em 2021, o que representa 98,7% de reaproveitamento do material produzido ao longo do ano. Os n\u00fameros foram divulgados no \u00faltimo dia 13 pela Associa\u00e7\u00e3o Brasileira do Alum\u00ednio (Abal) e a\u00a0Associa\u00e7\u00e3o Brasileira dos Fabricantes de Latas de Alum\u00ednio (Abralatas). As duas entidades formam juntas a [&hellip;]\" \/>\n<meta property=\"og:url\" content=\"https:\/\/blogdacondessa.com.br\/blog\/cidades-2\/brasil-registra-reciclagem-de-987-de-latas-de-aluminio-em-2021\/\" \/>\n<meta property=\"og:site_name\" content=\"Blog da Condessa\" \/>\n<meta property=\"article:published_time\" content=\"2022-04-14T09:00:00+00:00\" \/>\n<meta property=\"og:image\" content=\"https:\/\/blogdacondessa.com.br\/blog\/wp-content\/uploads\/2022\/04\/reciclagem-latas.jpg\" \/>\n\t<meta property=\"og:image:width\" content=\"1170\" \/>\n\t<meta property=\"og:image:height\" content=\"700\" \/>\n\t<meta property=\"og:image:type\" content=\"image\/jpeg\" \/>\n<meta name=\"author\" content=\"Blog da Condessa\" \/>\n<meta name=\"twitter:card\" content=\"summary_large_image\" \/>\n<meta name=\"twitter:label1\" content=\"Escrito por\" \/>\n\t<meta name=\"twitter:data1\" content=\"Blog da Condessa\" \/>\n\t<meta name=\"twitter:label2\" content=\"Est. tempo de leitura\" \/>\n\t<meta name=\"twitter:data2\" content=\"3 minutos\" \/>\n<script type=\"application\/ld+json\" class=\"yoast-schema-graph\">{\"@context\":\"https:\\\/\\\/schema.org\",\"@graph\":[{\"@type\":\"Article\",\"@id\":\"https:\\\/\\\/blogdacondessa.com.br\\\/blog\\\/cidades-2\\\/brasil-registra-reciclagem-de-987-de-latas-de-aluminio-em-2021\\\/#article\",\"isPartOf\":{\"@id\":\"https:\\\/\\\/blogdacondessa.com.br\\\/blog\\\/cidades-2\\\/brasil-registra-reciclagem-de-987-de-latas-de-aluminio-em-2021\\\/\"},\"author\":{\"name\":\"Blog da Condessa\",\"@id\":\"https:\\\/\\\/blogdacondessa.com.br\\\/blog\\\/#\\\/schema\\\/person\\\/1d667ff8b785195b568677489d266035\"},\"headline\":\"Brasil registra reciclagem de 98,7% de latas de alum\u00ednio em 2021\",\"datePublished\":\"2022-04-14T09:00:00+00:00\",\"mainEntityOfPage\":{\"@id\":\"https:\\\/\\\/blogdacondessa.com.br\\\/blog\\\/cidades-2\\\/brasil-registra-reciclagem-de-987-de-latas-de-aluminio-em-2021\\\/\"},\"wordCount\":548,\"image\":{\"@id\":\"https:\\\/\\\/blogdacondessa.com.br\\\/blog\\\/cidades-2\\\/brasil-registra-reciclagem-de-987-de-latas-de-aluminio-em-2021\\\/#primaryimage\"},\"thumbnailUrl\":\"https:\\\/\\\/blogdacondessa.com.br\\\/blog\\\/wp-content\\\/uploads\\\/2022\\\/04\\\/reciclagem-latas.jpg\",\"articleSection\":[\"Nacional\"],\"inLanguage\":\"pt-BR\"},{\"@type\":\"WebPage\",\"@id\":\"https:\\\/\\\/blogdacondessa.com.br\\\/blog\\\/cidades-2\\\/brasil-registra-reciclagem-de-987-de-latas-de-aluminio-em-2021\\\/\",\"url\":\"https:\\\/\\\/blogdacondessa.com.br\\\/blog\\\/cidades-2\\\/brasil-registra-reciclagem-de-987-de-latas-de-aluminio-em-2021\\\/\",\"name\":\"Brasil registra reciclagem de 98,7% de latas de alum\u00ednio em 2021 &#8902; Blog da Condessa\",\"isPartOf\":{\"@id\":\"https:\\\/\\\/blogdacondessa.com.br\\\/blog\\\/#website\"},\"primaryImageOfPage\":{\"@id\":\"https:\\\/\\\/blogdacondessa.com.br\\\/blog\\\/cidades-2\\\/brasil-registra-reciclagem-de-987-de-latas-de-aluminio-em-2021\\\/#primaryimage\"},\"image\":{\"@id\":\"https:\\\/\\\/blogdacondessa.com.br\\\/blog\\\/cidades-2\\\/brasil-registra-reciclagem-de-987-de-latas-de-aluminio-em-2021\\\/#primaryimage\"},\"thumbnailUrl\":\"https:\\\/\\\/blogdacondessa.com.br\\\/blog\\\/wp-content\\\/uploads\\\/2022\\\/04\\\/reciclagem-latas.jpg\",\"datePublished\":\"2022-04-14T09:00:00+00:00\",\"author\":{\"@id\":\"https:\\\/\\\/blogdacondessa.com.br\\\/blog\\\/#\\\/schema\\\/person\\\/1d667ff8b785195b568677489d266035\"},\"breadcrumb\":{\"@id\":\"https:\\\/\\\/blogdacondessa.com.br\\\/blog\\\/cidades-2\\\/brasil-registra-reciclagem-de-987-de-latas-de-aluminio-em-2021\\\/#breadcrumb\"},\"inLanguage\":\"pt-BR\",\"potentialAction\":[{\"@type\":\"ReadAction\",\"target\":[\"https:\\\/\\\/blogdacondessa.com.br\\\/blog\\\/cidades-2\\\/brasil-registra-reciclagem-de-987-de-latas-de-aluminio-em-2021\\\/\"]}]},{\"@type\":\"ImageObject\",\"inLanguage\":\"pt-BR\",\"@id\":\"https:\\\/\\\/blogdacondessa.com.br\\\/blog\\\/cidades-2\\\/brasil-registra-reciclagem-de-987-de-latas-de-aluminio-em-2021\\\/#primaryimage\",\"url\":\"https:\\\/\\\/blogdacondessa.com.br\\\/blog\\\/wp-content\\\/uploads\\\/2022\\\/04\\\/reciclagem-latas.jpg\",\"contentUrl\":\"https:\\\/\\\/blogdacondessa.com.br\\\/blog\\\/wp-content\\\/uploads\\\/2022\\\/04\\\/reciclagem-latas.jpg\",\"width\":1170,\"height\":700,\"caption\":\"Foto: Rovena Rosa\\\/Ag\u00eancia Brasil\"},{\"@type\":\"BreadcrumbList\",\"@id\":\"https:\\\/\\\/blogdacondessa.com.br\\\/blog\\\/cidades-2\\\/brasil-registra-reciclagem-de-987-de-latas-de-aluminio-em-2021\\\/#breadcrumb\",\"itemListElement\":[{\"@type\":\"ListItem\",\"position\":1,\"name\":\"In\u00edcio\",\"item\":\"https:\\\/\\\/blogdacondessa.com.br\\\/blog\\\/\"},{\"@type\":\"ListItem\",\"position\":2,\"name\":\"Brasil registra reciclagem de 98,7% de latas de alum\u00ednio em 2021\"}]},{\"@type\":\"WebSite\",\"@id\":\"https:\\\/\\\/blogdacondessa.com.br\\\/blog\\\/#website\",\"url\":\"https:\\\/\\\/blogdacondessa.com.br\\\/blog\\\/\",\"name\":\"Blog da Condessa\",\"description\":\"Com Shirley de Souza O\u2019Campos\",\"potentialAction\":[{\"@type\":\"SearchAction\",\"target\":{\"@type\":\"EntryPoint\",\"urlTemplate\":\"https:\\\/\\\/blogdacondessa.com.br\\\/blog\\\/?s={search_term_string}\"},\"query-input\":{\"@type\":\"PropertyValueSpecification\",\"valueRequired\":true,\"valueName\":\"search_term_string\"}}],\"inLanguage\":\"pt-BR\"},{\"@type\":\"Person\",\"@id\":\"https:\\\/\\\/blogdacondessa.com.br\\\/blog\\\/#\\\/schema\\\/person\\\/1d667ff8b785195b568677489d266035\",\"name\":\"Blog da Condessa\",\"image\":{\"@type\":\"ImageObject\",\"inLanguage\":\"pt-BR\",\"@id\":\"https:\\\/\\\/secure.gravatar.com\\\/avatar\\\/377c0eb8b4ad2bfc25461b41564b5971e721ca34a57642868fc7b0c8ac7b52c5?s=96&d=mm&r=g\",\"url\":\"https:\\\/\\\/secure.gravatar.com\\\/avatar\\\/377c0eb8b4ad2bfc25461b41564b5971e721ca34a57642868fc7b0c8ac7b52c5?s=96&d=mm&r=g\",\"contentUrl\":\"https:\\\/\\\/secure.gravatar.com\\\/avatar\\\/377c0eb8b4ad2bfc25461b41564b5971e721ca34a57642868fc7b0c8ac7b52c5?s=96&d=mm&r=g\",\"caption\":\"Blog da Condessa\"},\"url\":\"https:\\\/\\\/blogdacondessa.com.br\\\/blog\\\/author\\\/beatriz\\\/\"}]}<\/script>\n<!-- \/ Yoast SEO plugin. -->","yoast_head_json":{"title":"Brasil registra reciclagem de 98,7% de latas de alum\u00ednio em 2021 &#8902; Blog da Condessa","robots":{"index":"index","follow":"follow","max-snippet":"max-snippet:-1","max-image-preview":"max-image-preview:large","max-video-preview":"max-video-preview:-1"},"canonical":"https:\/\/blogdacondessa.com.br\/blog\/cidades-2\/brasil-registra-reciclagem-de-987-de-latas-de-aluminio-em-2021\/","og_locale":"pt_BR","og_type":"article","og_title":"Brasil registra reciclagem de 98,7% de latas de alum\u00ednio em 2021 &#8902; Blog da Condessa","og_description":"O Brasil reciclou aproximadamente 33 bilh\u00f5es de latinhas de alum\u00ednio em 2021, o que representa 98,7% de reaproveitamento do material produzido ao longo do ano. Os n\u00fameros foram divulgados no \u00faltimo dia 13 pela Associa\u00e7\u00e3o Brasileira do Alum\u00ednio (Abal) e a\u00a0Associa\u00e7\u00e3o Brasileira dos Fabricantes de Latas de Alum\u00ednio (Abralatas). As duas entidades formam juntas a [&hellip;]","og_url":"https:\/\/blogdacondessa.com.br\/blog\/cidades-2\/brasil-registra-reciclagem-de-987-de-latas-de-aluminio-em-2021\/","og_site_name":"Blog da Condessa","article_published_time":"2022-04-14T09:00:00+00:00","og_image":[{"width":1170,"height":700,"url":"https:\/\/blogdacondessa.com.br\/blog\/wp-content\/uploads\/2022\/04\/reciclagem-latas.jpg","type":"image\/jpeg"}],"author":"Blog da Condessa","twitter_card":"summary_large_image","twitter_misc":{"Escrito por":"Blog da Condessa","Est. tempo de leitura":"3 minutos"},"schema":{"@context":"https:\/\/schema.org","@graph":[{"@type":"Article","@id":"https:\/\/blogdacondessa.com.br\/blog\/cidades-2\/brasil-registra-reciclagem-de-987-de-latas-de-aluminio-em-2021\/#article","isPartOf":{"@id":"https:\/\/blogdacondessa.com.br\/blog\/cidades-2\/brasil-registra-reciclagem-de-987-de-latas-de-aluminio-em-2021\/"},"author":{"name":"Blog da Condessa","@id":"https:\/\/blogdacondessa.com.br\/blog\/#\/schema\/person\/1d667ff8b785195b568677489d266035"},"headline":"Brasil registra reciclagem de 98,7% de latas de alum\u00ednio em 2021","datePublished":"2022-04-14T09:00:00+00:00","mainEntityOfPage":{"@id":"https:\/\/blogdacondessa.com.br\/blog\/cidades-2\/brasil-registra-reciclagem-de-987-de-latas-de-aluminio-em-2021\/"},"wordCount":548,"image":{"@id":"https:\/\/blogdacondessa.com.br\/blog\/cidades-2\/brasil-registra-reciclagem-de-987-de-latas-de-aluminio-em-2021\/#primaryimage"},"thumbnailUrl":"https:\/\/blogdacondessa.com.br\/blog\/wp-content\/uploads\/2022\/04\/reciclagem-latas.jpg","articleSection":["Nacional"],"inLanguage":"pt-BR"},{"@type":"WebPage","@id":"https:\/\/blogdacondessa.com.br\/blog\/cidades-2\/brasil-registra-reciclagem-de-987-de-latas-de-aluminio-em-2021\/","url":"https:\/\/blogdacondessa.com.br\/blog\/cidades-2\/brasil-registra-reciclagem-de-987-de-latas-de-aluminio-em-2021\/","name":"Brasil registra reciclagem de 98,7% de latas de alum\u00ednio em 2021 &#8902; Blog da Condessa","isPartOf":{"@id":"https:\/\/blogdacondessa.com.br\/blog\/#website"},"primaryImageOfPage":{"@id":"https:\/\/blogdacondessa.com.br\/blog\/cidades-2\/brasil-registra-reciclagem-de-987-de-latas-de-aluminio-em-2021\/#primaryimage"},"image":{"@id":"https:\/\/blogdacondessa.com.br\/blog\/cidades-2\/brasil-registra-reciclagem-de-987-de-latas-de-aluminio-em-2021\/#primaryimage"},"thumbnailUrl":"https:\/\/blogdacondessa.com.br\/blog\/wp-content\/uploads\/2022\/04\/reciclagem-latas.jpg","datePublished":"2022-04-14T09:00:00+00:00","author":{"@id":"https:\/\/blogdacondessa.com.br\/blog\/#\/schema\/person\/1d667ff8b785195b568677489d266035"},"breadcrumb":{"@id":"https:\/\/blogdacondessa.com.br\/blog\/cidades-2\/brasil-registra-reciclagem-de-987-de-latas-de-aluminio-em-2021\/#breadcrumb"},"inLanguage":"pt-BR","potentialAction":[{"@type":"ReadAction","target":["https:\/\/blogdacondessa.com.br\/blog\/cidades-2\/brasil-registra-reciclagem-de-987-de-latas-de-aluminio-em-2021\/"]}]},{"@type":"ImageObject","inLanguage":"pt-BR","@id":"https:\/\/blogdacondessa.com.br\/blog\/cidades-2\/brasil-registra-reciclagem-de-987-de-latas-de-aluminio-em-2021\/#primaryimage","url":"https:\/\/blogdacondessa.com.br\/blog\/wp-content\/uploads\/2022\/04\/reciclagem-latas.jpg","contentUrl":"https:\/\/blogdacondessa.com.br\/blog\/wp-content\/uploads\/2022\/04\/reciclagem-latas.jpg","width":1170,"height":700,"caption":"Foto: Rovena Rosa\/Ag\u00eancia Brasil"},{"@type":"BreadcrumbList","@id":"https:\/\/blogdacondessa.com.br\/blog\/cidades-2\/brasil-registra-reciclagem-de-987-de-latas-de-aluminio-em-2021\/#breadcrumb","itemListElement":[{"@type":"ListItem","position":1,"name":"In\u00edcio","item":"https:\/\/blogdacondessa.com.br\/blog\/"},{"@type":"ListItem","position":2,"name":"Brasil registra reciclagem de 98,7% de latas de alum\u00ednio em 2021"}]},{"@type":"WebSite","@id":"https:\/\/blogdacondessa.com.br\/blog\/#website","url":"https:\/\/blogdacondessa.com.br\/blog\/","name":"Blog da Condessa","description":"Com Shirley de Souza O\u2019Campos","potentialAction":[{"@type":"SearchAction","target":{"@type":"EntryPoint","urlTemplate":"https:\/\/blogdacondessa.com.br\/blog\/?s={search_term_string}"},"query-input":{"@type":"PropertyValueSpecification","valueRequired":true,"valueName":"search_term_string"}}],"inLanguage":"pt-BR"},{"@type":"Person","@id":"https:\/\/blogdacondessa.com.br\/blog\/#\/schema\/person\/1d667ff8b785195b568677489d266035","name":"Blog da Condessa","image":{"@type":"ImageObject","inLanguage":"pt-BR","@id":"https:\/\/secure.gravatar.com\/avatar\/377c0eb8b4ad2bfc25461b41564b5971e721ca34a57642868fc7b0c8ac7b52c5?s=96&d=mm&r=g","url":"https:\/\/secure.gravatar.com\/avatar\/377c0eb8b4ad2bfc25461b41564b5971e721ca34a57642868fc7b0c8ac7b52c5?s=96&d=mm&r=g","contentUrl":"https:\/\/secure.gravatar.com\/avatar\/377c0eb8b4ad2bfc25461b41564b5971e721ca34a57642868fc7b0c8ac7b52c5?s=96&d=mm&r=g","caption":"Blog da Condessa"},"url":"https:\/\/blogdacondessa.com.br\/blog\/author\/beatriz\/"}]}},"_links":{"self":[{"href":"https:\/\/blogdacondessa.com.br\/blog\/wp-json\/wp\/v2\/posts\/3504","targetHints":{"allow":["GET"]}}],"collection":[{"href":"https:\/\/blogdacondessa.com.br\/blog\/wp-json\/wp\/v2\/posts"}],"about":[{"href":"https:\/\/blogdacondessa.com.br\/blog\/wp-json\/wp\/v2\/types\/post"}],"author":[{"embeddable":true,"href":"https:\/\/blogdacondessa.com.br\/blog\/wp-json\/wp\/v2\/users\/2"}],"replies":[{"embeddable":true,"href":"https:\/\/blogdacondessa.com.br\/blog\/wp-json\/wp\/v2\/comments?post=3504"}],"version-history":[{"count":0,"href":"https:\/\/blogdacondessa.com.br\/blog\/wp-json\/wp\/v2\/posts\/3504\/revisions"}],"wp:featuredmedia":[{"embeddable":true,"href":"https:\/\/blogdacondessa.com.br\/blog\/wp-json\/wp\/v2\/media\/3505"}],"wp:attachment":[{"href":"https:\/\/blogdacondessa.com.br\/blog\/wp-json\/wp\/v2\/media?parent=3504"}],"wp:term":[{"taxonomy":"category","embeddable":true,"href":"https:\/\/blogdacondessa.com.br\/blog\/wp-json\/wp\/v2\/categories?post=3504"},{"taxonomy":"post_tag","embeddable":true,"href":"https:\/\/blogdacondessa.com.br\/blog\/wp-json\/wp\/v2\/tags?post=3504"}],"curies":[{"name":"wp","href":"https:\/\/api.w.org\/{rel}","templated":true}]}}