{"id":3501,"date":"2022-04-14T05:00:34","date_gmt":"2022-04-14T09:00:34","guid":{"rendered":"http:\/\/blogdacondessa.com.br\/?p=3501"},"modified":"2022-04-13T15:35:50","modified_gmt":"2022-04-13T19:35:50","slug":"medica-oferece-tratamento-pioneiro-de-estetica-paliativa-em-cuiaba","status":"publish","type":"post","link":"https:\/\/blogdacondessa.com.br\/blog\/saude\/medica-oferece-tratamento-pioneiro-de-estetica-paliativa-em-cuiaba\/","title":{"rendered":"M\u00e9dica oferece tratamento pioneiro de est\u00e9tica paliativa em Cuiab\u00e1"},"content":{"rendered":"<p>Assistir o paciente no p\u00f3s-tratamento do c\u00e2ncer, proporcionando um atendimento especializado de cuidado e bem-estar para um corpo muitas vezes debilitado e com sequelas. Esse \u00e9 o objetivo da est\u00e9tica paliativa, procedimento in\u00e9dito que est\u00e1 sendo oferecido em Cuiab\u00e1.<\/p>\n<p>A est\u00e9tica paliativa atende \u00e0 necessidade do indiv\u00edduo. O paciente em tratamento oncol\u00f3gico recebe a avalia\u00e7\u00e3o e delibera\u00e7\u00e3o do melhor tratamento espec\u00edfico, por exemplo, se est\u00e1 com alopecia (perda capilar) a especialista pode repor nutrientes para o cabelo crescer saud\u00e1vel, se o paciente est\u00e1 com fadiga, massagem relaxante, incha\u00e7o, drenagem linf\u00e1tica entre outros procedimentos.<\/p>\n<p>Outro foco da est\u00e9tica paliativa s\u00e3o as pacientes p\u00f3s-tratamento que querem recuperar a autoestima.<\/p>\n<p>\u201cDurante meu atendimento, pude perceber que muitos pacientes se sentem sozinhos ap\u00f3s o tratamento, tendo que lidar com as sequelas desenvolvidas sem acompanhamento profissional. E \u00e9 nesse ponto que a est\u00e9tica paliativa entra, tanto com tratamentos, quanto escuta e acolhimento\u201d, afirma a m\u00e9dica especialista Dra. Manoela Regina Alves Corr\u00eaa.<\/p>\n<p>A Dra. Manoela \u00e9 Radio-Oncologista formada no Instituto Nacional de C\u00e2ncer (Inca) e atua no Hospital de C\u00e2ncer de Mato Grosso, Santa Casa de Cuiab\u00e1 e Tez Est\u00e9tica Avan\u00e7ada. Mais informa\u00e7\u00f5es (65) 9.9601-0466 ou pelo Instagram @radioterapia_sem_medo.<\/p>\n","protected":false},"excerpt":{"rendered":"<p>Assistir o paciente no p\u00f3s-tratamento do c\u00e2ncer, proporcionando um atendimento especializado de cuidado e bem-estar para um corpo muitas vezes debilitado e com sequelas. Esse \u00e9 o objetivo da est\u00e9tica paliativa, procedimento in\u00e9dito que est\u00e1 sendo oferecido em Cuiab\u00e1. A est\u00e9tica paliativa atende \u00e0 necessidade do indiv\u00edduo. O paciente em tratamento oncol\u00f3gico recebe a avalia\u00e7\u00e3o [&hellip;]<\/p>\n","protected":false},"author":2,"featured_media":3502,"comment_status":"closed","ping_status":"closed","sticky":false,"template":"","format":"standard","meta":{"iawp_total_views":2,"footnotes":""},"categories":[5],"tags":[],"class_list":["post-3501","post","type-post","status-publish","format-standard","has-post-thumbnail","hentry","category-saude"],"yoast_head":"<!-- This site is optimized with the Yoast SEO plugin v27.3 - https:\/\/yoast.com\/product\/yoast-seo-wordpress\/ -->\n<title>M\u00e9dica oferece tratamento pioneiro de est\u00e9tica paliativa em Cuiab\u00e1 &#8902; Blog da Condessa<\/title>\n<meta name=\"robots\" content=\"index, follow, max-snippet:-1, max-image-preview:large, max-video-preview:-1\" \/>\n<link rel=\"canonical\" href=\"https:\/\/blogdacondessa.com.br\/blog\/saude\/medica-oferece-tratamento-pioneiro-de-estetica-paliativa-em-cuiaba\/\" \/>\n<meta property=\"og:locale\" content=\"pt_BR\" \/>\n<meta property=\"og:type\" content=\"article\" \/>\n<meta property=\"og:title\" content=\"M\u00e9dica oferece tratamento pioneiro de est\u00e9tica paliativa em Cuiab\u00e1 &#8902; Blog da Condessa\" \/>\n<meta property=\"og:description\" content=\"Assistir o paciente no p\u00f3s-tratamento do c\u00e2ncer, proporcionando um atendimento especializado de cuidado e bem-estar para um corpo muitas vezes debilitado e com sequelas. Esse \u00e9 o objetivo da est\u00e9tica paliativa, procedimento in\u00e9dito que est\u00e1 sendo oferecido em Cuiab\u00e1. A est\u00e9tica paliativa atende \u00e0 necessidade do indiv\u00edduo. O paciente em tratamento oncol\u00f3gico recebe a avalia\u00e7\u00e3o [&hellip;]\" \/>\n<meta property=\"og:url\" content=\"https:\/\/blogdacondessa.com.br\/blog\/saude\/medica-oferece-tratamento-pioneiro-de-estetica-paliativa-em-cuiaba\/\" \/>\n<meta property=\"og:site_name\" content=\"Blog da Condessa\" \/>\n<meta property=\"article:published_time\" content=\"2022-04-14T09:00:34+00:00\" \/>\n<meta property=\"og:image\" content=\"https:\/\/blogdacondessa.com.br\/blog\/wp-content\/uploads\/2022\/04\/dra-manu-2.jpeg\" \/>\n\t<meta property=\"og:image:width\" content=\"1600\" \/>\n\t<meta property=\"og:image:height\" content=\"900\" \/>\n\t<meta property=\"og:image:type\" content=\"image\/jpeg\" \/>\n<meta name=\"author\" content=\"Blog da Condessa\" \/>\n<meta name=\"twitter:card\" content=\"summary_large_image\" \/>\n<meta name=\"twitter:label1\" content=\"Escrito por\" \/>\n\t<meta name=\"twitter:data1\" content=\"Blog da Condessa\" \/>\n\t<meta name=\"twitter:label2\" content=\"Est. tempo de leitura\" \/>\n\t<meta name=\"twitter:data2\" content=\"2 minutos\" \/>\n<script type=\"application\/ld+json\" class=\"yoast-schema-graph\">{\"@context\":\"https:\\\/\\\/schema.org\",\"@graph\":[{\"@type\":\"Article\",\"@id\":\"https:\\\/\\\/blogdacondessa.com.br\\\/blog\\\/saude\\\/medica-oferece-tratamento-pioneiro-de-estetica-paliativa-em-cuiaba\\\/#article\",\"isPartOf\":{\"@id\":\"https:\\\/\\\/blogdacondessa.com.br\\\/blog\\\/saude\\\/medica-oferece-tratamento-pioneiro-de-estetica-paliativa-em-cuiaba\\\/\"},\"author\":{\"name\":\"Blog da Condessa\",\"@id\":\"https:\\\/\\\/blogdacondessa.com.br\\\/blog\\\/#\\\/schema\\\/person\\\/1d667ff8b785195b568677489d266035\"},\"headline\":\"M\u00e9dica oferece tratamento pioneiro de est\u00e9tica paliativa em Cuiab\u00e1\",\"datePublished\":\"2022-04-14T09:00:34+00:00\",\"mainEntityOfPage\":{\"@id\":\"https:\\\/\\\/blogdacondessa.com.br\\\/blog\\\/saude\\\/medica-oferece-tratamento-pioneiro-de-estetica-paliativa-em-cuiaba\\\/\"},\"wordCount\":226,\"image\":{\"@id\":\"https:\\\/\\\/blogdacondessa.com.br\\\/blog\\\/saude\\\/medica-oferece-tratamento-pioneiro-de-estetica-paliativa-em-cuiaba\\\/#primaryimage\"},\"thumbnailUrl\":\"https:\\\/\\\/blogdacondessa.com.br\\\/blog\\\/wp-content\\\/uploads\\\/2022\\\/04\\\/dra-manu-2.jpeg\",\"articleSection\":[\"Sa\u00fade\"],\"inLanguage\":\"pt-BR\"},{\"@type\":\"WebPage\",\"@id\":\"https:\\\/\\\/blogdacondessa.com.br\\\/blog\\\/saude\\\/medica-oferece-tratamento-pioneiro-de-estetica-paliativa-em-cuiaba\\\/\",\"url\":\"https:\\\/\\\/blogdacondessa.com.br\\\/blog\\\/saude\\\/medica-oferece-tratamento-pioneiro-de-estetica-paliativa-em-cuiaba\\\/\",\"name\":\"M\u00e9dica oferece tratamento pioneiro de est\u00e9tica paliativa em Cuiab\u00e1 &#8902; Blog da Condessa\",\"isPartOf\":{\"@id\":\"https:\\\/\\\/blogdacondessa.com.br\\\/blog\\\/#website\"},\"primaryImageOfPage\":{\"@id\":\"https:\\\/\\\/blogdacondessa.com.br\\\/blog\\\/saude\\\/medica-oferece-tratamento-pioneiro-de-estetica-paliativa-em-cuiaba\\\/#primaryimage\"},\"image\":{\"@id\":\"https:\\\/\\\/blogdacondessa.com.br\\\/blog\\\/saude\\\/medica-oferece-tratamento-pioneiro-de-estetica-paliativa-em-cuiaba\\\/#primaryimage\"},\"thumbnailUrl\":\"https:\\\/\\\/blogdacondessa.com.br\\\/blog\\\/wp-content\\\/uploads\\\/2022\\\/04\\\/dra-manu-2.jpeg\",\"datePublished\":\"2022-04-14T09:00:34+00:00\",\"author\":{\"@id\":\"https:\\\/\\\/blogdacondessa.com.br\\\/blog\\\/#\\\/schema\\\/person\\\/1d667ff8b785195b568677489d266035\"},\"breadcrumb\":{\"@id\":\"https:\\\/\\\/blogdacondessa.com.br\\\/blog\\\/saude\\\/medica-oferece-tratamento-pioneiro-de-estetica-paliativa-em-cuiaba\\\/#breadcrumb\"},\"inLanguage\":\"pt-BR\",\"potentialAction\":[{\"@type\":\"ReadAction\",\"target\":[\"https:\\\/\\\/blogdacondessa.com.br\\\/blog\\\/saude\\\/medica-oferece-tratamento-pioneiro-de-estetica-paliativa-em-cuiaba\\\/\"]}]},{\"@type\":\"ImageObject\",\"inLanguage\":\"pt-BR\",\"@id\":\"https:\\\/\\\/blogdacondessa.com.br\\\/blog\\\/saude\\\/medica-oferece-tratamento-pioneiro-de-estetica-paliativa-em-cuiaba\\\/#primaryimage\",\"url\":\"https:\\\/\\\/blogdacondessa.com.br\\\/blog\\\/wp-content\\\/uploads\\\/2022\\\/04\\\/dra-manu-2.jpeg\",\"contentUrl\":\"https:\\\/\\\/blogdacondessa.com.br\\\/blog\\\/wp-content\\\/uploads\\\/2022\\\/04\\\/dra-manu-2.jpeg\",\"width\":1600,\"height\":900},{\"@type\":\"BreadcrumbList\",\"@id\":\"https:\\\/\\\/blogdacondessa.com.br\\\/blog\\\/saude\\\/medica-oferece-tratamento-pioneiro-de-estetica-paliativa-em-cuiaba\\\/#breadcrumb\",\"itemListElement\":[{\"@type\":\"ListItem\",\"position\":1,\"name\":\"In\u00edcio\",\"item\":\"https:\\\/\\\/blogdacondessa.com.br\\\/blog\\\/\"},{\"@type\":\"ListItem\",\"position\":2,\"name\":\"M\u00e9dica oferece tratamento pioneiro de est\u00e9tica paliativa em Cuiab\u00e1\"}]},{\"@type\":\"WebSite\",\"@id\":\"https:\\\/\\\/blogdacondessa.com.br\\\/blog\\\/#website\",\"url\":\"https:\\\/\\\/blogdacondessa.com.br\\\/blog\\\/\",\"name\":\"Blog da Condessa\",\"description\":\"Com Shirley de Souza O\u2019Campos\",\"potentialAction\":[{\"@type\":\"SearchAction\",\"target\":{\"@type\":\"EntryPoint\",\"urlTemplate\":\"https:\\\/\\\/blogdacondessa.com.br\\\/blog\\\/?s={search_term_string}\"},\"query-input\":{\"@type\":\"PropertyValueSpecification\",\"valueRequired\":true,\"valueName\":\"search_term_string\"}}],\"inLanguage\":\"pt-BR\"},{\"@type\":\"Person\",\"@id\":\"https:\\\/\\\/blogdacondessa.com.br\\\/blog\\\/#\\\/schema\\\/person\\\/1d667ff8b785195b568677489d266035\",\"name\":\"Blog da Condessa\",\"image\":{\"@type\":\"ImageObject\",\"inLanguage\":\"pt-BR\",\"@id\":\"https:\\\/\\\/secure.gravatar.com\\\/avatar\\\/377c0eb8b4ad2bfc25461b41564b5971e721ca34a57642868fc7b0c8ac7b52c5?s=96&d=mm&r=g\",\"url\":\"https:\\\/\\\/secure.gravatar.com\\\/avatar\\\/377c0eb8b4ad2bfc25461b41564b5971e721ca34a57642868fc7b0c8ac7b52c5?s=96&d=mm&r=g\",\"contentUrl\":\"https:\\\/\\\/secure.gravatar.com\\\/avatar\\\/377c0eb8b4ad2bfc25461b41564b5971e721ca34a57642868fc7b0c8ac7b52c5?s=96&d=mm&r=g\",\"caption\":\"Blog da Condessa\"},\"url\":\"https:\\\/\\\/blogdacondessa.com.br\\\/blog\\\/author\\\/beatriz\\\/\"}]}<\/script>\n<!-- \/ Yoast SEO plugin. -->","yoast_head_json":{"title":"M\u00e9dica oferece tratamento pioneiro de est\u00e9tica paliativa em Cuiab\u00e1 &#8902; Blog da Condessa","robots":{"index":"index","follow":"follow","max-snippet":"max-snippet:-1","max-image-preview":"max-image-preview:large","max-video-preview":"max-video-preview:-1"},"canonical":"https:\/\/blogdacondessa.com.br\/blog\/saude\/medica-oferece-tratamento-pioneiro-de-estetica-paliativa-em-cuiaba\/","og_locale":"pt_BR","og_type":"article","og_title":"M\u00e9dica oferece tratamento pioneiro de est\u00e9tica paliativa em Cuiab\u00e1 &#8902; Blog da Condessa","og_description":"Assistir o paciente no p\u00f3s-tratamento do c\u00e2ncer, proporcionando um atendimento especializado de cuidado e bem-estar para um corpo muitas vezes debilitado e com sequelas. Esse \u00e9 o objetivo da est\u00e9tica paliativa, procedimento in\u00e9dito que est\u00e1 sendo oferecido em Cuiab\u00e1. A est\u00e9tica paliativa atende \u00e0 necessidade do indiv\u00edduo. O paciente em tratamento oncol\u00f3gico recebe a avalia\u00e7\u00e3o [&hellip;]","og_url":"https:\/\/blogdacondessa.com.br\/blog\/saude\/medica-oferece-tratamento-pioneiro-de-estetica-paliativa-em-cuiaba\/","og_site_name":"Blog da Condessa","article_published_time":"2022-04-14T09:00:34+00:00","og_image":[{"width":1600,"height":900,"url":"https:\/\/blogdacondessa.com.br\/blog\/wp-content\/uploads\/2022\/04\/dra-manu-2.jpeg","type":"image\/jpeg"}],"author":"Blog da Condessa","twitter_card":"summary_large_image","twitter_misc":{"Escrito por":"Blog da Condessa","Est. tempo de leitura":"2 minutos"},"schema":{"@context":"https:\/\/schema.org","@graph":[{"@type":"Article","@id":"https:\/\/blogdacondessa.com.br\/blog\/saude\/medica-oferece-tratamento-pioneiro-de-estetica-paliativa-em-cuiaba\/#article","isPartOf":{"@id":"https:\/\/blogdacondessa.com.br\/blog\/saude\/medica-oferece-tratamento-pioneiro-de-estetica-paliativa-em-cuiaba\/"},"author":{"name":"Blog da Condessa","@id":"https:\/\/blogdacondessa.com.br\/blog\/#\/schema\/person\/1d667ff8b785195b568677489d266035"},"headline":"M\u00e9dica oferece tratamento pioneiro de est\u00e9tica paliativa em Cuiab\u00e1","datePublished":"2022-04-14T09:00:34+00:00","mainEntityOfPage":{"@id":"https:\/\/blogdacondessa.com.br\/blog\/saude\/medica-oferece-tratamento-pioneiro-de-estetica-paliativa-em-cuiaba\/"},"wordCount":226,"image":{"@id":"https:\/\/blogdacondessa.com.br\/blog\/saude\/medica-oferece-tratamento-pioneiro-de-estetica-paliativa-em-cuiaba\/#primaryimage"},"thumbnailUrl":"https:\/\/blogdacondessa.com.br\/blog\/wp-content\/uploads\/2022\/04\/dra-manu-2.jpeg","articleSection":["Sa\u00fade"],"inLanguage":"pt-BR"},{"@type":"WebPage","@id":"https:\/\/blogdacondessa.com.br\/blog\/saude\/medica-oferece-tratamento-pioneiro-de-estetica-paliativa-em-cuiaba\/","url":"https:\/\/blogdacondessa.com.br\/blog\/saude\/medica-oferece-tratamento-pioneiro-de-estetica-paliativa-em-cuiaba\/","name":"M\u00e9dica oferece tratamento pioneiro de est\u00e9tica paliativa em Cuiab\u00e1 &#8902; Blog da Condessa","isPartOf":{"@id":"https:\/\/blogdacondessa.com.br\/blog\/#website"},"primaryImageOfPage":{"@id":"https:\/\/blogdacondessa.com.br\/blog\/saude\/medica-oferece-tratamento-pioneiro-de-estetica-paliativa-em-cuiaba\/#primaryimage"},"image":{"@id":"https:\/\/blogdacondessa.com.br\/blog\/saude\/medica-oferece-tratamento-pioneiro-de-estetica-paliativa-em-cuiaba\/#primaryimage"},"thumbnailUrl":"https:\/\/blogdacondessa.com.br\/blog\/wp-content\/uploads\/2022\/04\/dra-manu-2.jpeg","datePublished":"2022-04-14T09:00:34+00:00","author":{"@id":"https:\/\/blogdacondessa.com.br\/blog\/#\/schema\/person\/1d667ff8b785195b568677489d266035"},"breadcrumb":{"@id":"https:\/\/blogdacondessa.com.br\/blog\/saude\/medica-oferece-tratamento-pioneiro-de-estetica-paliativa-em-cuiaba\/#breadcrumb"},"inLanguage":"pt-BR","potentialAction":[{"@type":"ReadAction","target":["https:\/\/blogdacondessa.com.br\/blog\/saude\/medica-oferece-tratamento-pioneiro-de-estetica-paliativa-em-cuiaba\/"]}]},{"@type":"ImageObject","inLanguage":"pt-BR","@id":"https:\/\/blogdacondessa.com.br\/blog\/saude\/medica-oferece-tratamento-pioneiro-de-estetica-paliativa-em-cuiaba\/#primaryimage","url":"https:\/\/blogdacondessa.com.br\/blog\/wp-content\/uploads\/2022\/04\/dra-manu-2.jpeg","contentUrl":"https:\/\/blogdacondessa.com.br\/blog\/wp-content\/uploads\/2022\/04\/dra-manu-2.jpeg","width":1600,"height":900},{"@type":"BreadcrumbList","@id":"https:\/\/blogdacondessa.com.br\/blog\/saude\/medica-oferece-tratamento-pioneiro-de-estetica-paliativa-em-cuiaba\/#breadcrumb","itemListElement":[{"@type":"ListItem","position":1,"name":"In\u00edcio","item":"https:\/\/blogdacondessa.com.br\/blog\/"},{"@type":"ListItem","position":2,"name":"M\u00e9dica oferece tratamento pioneiro de est\u00e9tica paliativa em Cuiab\u00e1"}]},{"@type":"WebSite","@id":"https:\/\/blogdacondessa.com.br\/blog\/#website","url":"https:\/\/blogdacondessa.com.br\/blog\/","name":"Blog da Condessa","description":"Com Shirley de Souza O\u2019Campos","potentialAction":[{"@type":"SearchAction","target":{"@type":"EntryPoint","urlTemplate":"https:\/\/blogdacondessa.com.br\/blog\/?s={search_term_string}"},"query-input":{"@type":"PropertyValueSpecification","valueRequired":true,"valueName":"search_term_string"}}],"inLanguage":"pt-BR"},{"@type":"Person","@id":"https:\/\/blogdacondessa.com.br\/blog\/#\/schema\/person\/1d667ff8b785195b568677489d266035","name":"Blog da Condessa","image":{"@type":"ImageObject","inLanguage":"pt-BR","@id":"https:\/\/secure.gravatar.com\/avatar\/377c0eb8b4ad2bfc25461b41564b5971e721ca34a57642868fc7b0c8ac7b52c5?s=96&d=mm&r=g","url":"https:\/\/secure.gravatar.com\/avatar\/377c0eb8b4ad2bfc25461b41564b5971e721ca34a57642868fc7b0c8ac7b52c5?s=96&d=mm&r=g","contentUrl":"https:\/\/secure.gravatar.com\/avatar\/377c0eb8b4ad2bfc25461b41564b5971e721ca34a57642868fc7b0c8ac7b52c5?s=96&d=mm&r=g","caption":"Blog da Condessa"},"url":"https:\/\/blogdacondessa.com.br\/blog\/author\/beatriz\/"}]}},"_links":{"self":[{"href":"https:\/\/blogdacondessa.com.br\/blog\/wp-json\/wp\/v2\/posts\/3501","targetHints":{"allow":["GET"]}}],"collection":[{"href":"https:\/\/blogdacondessa.com.br\/blog\/wp-json\/wp\/v2\/posts"}],"about":[{"href":"https:\/\/blogdacondessa.com.br\/blog\/wp-json\/wp\/v2\/types\/post"}],"author":[{"embeddable":true,"href":"https:\/\/blogdacondessa.com.br\/blog\/wp-json\/wp\/v2\/users\/2"}],"replies":[{"embeddable":true,"href":"https:\/\/blogdacondessa.com.br\/blog\/wp-json\/wp\/v2\/comments?post=3501"}],"version-history":[{"count":0,"href":"https:\/\/blogdacondessa.com.br\/blog\/wp-json\/wp\/v2\/posts\/3501\/revisions"}],"wp:featuredmedia":[{"embeddable":true,"href":"https:\/\/blogdacondessa.com.br\/blog\/wp-json\/wp\/v2\/media\/3502"}],"wp:attachment":[{"href":"https:\/\/blogdacondessa.com.br\/blog\/wp-json\/wp\/v2\/media?parent=3501"}],"wp:term":[{"taxonomy":"category","embeddable":true,"href":"https:\/\/blogdacondessa.com.br\/blog\/wp-json\/wp\/v2\/categories?post=3501"},{"taxonomy":"post_tag","embeddable":true,"href":"https:\/\/blogdacondessa.com.br\/blog\/wp-json\/wp\/v2\/tags?post=3501"}],"curies":[{"name":"wp","href":"https:\/\/api.w.org\/{rel}","templated":true}]}}