{"id":3498,"date":"2022-04-14T05:00:50","date_gmt":"2022-04-14T09:00:50","guid":{"rendered":"http:\/\/blogdacondessa.com.br\/?p=3498"},"modified":"2022-04-13T15:34:11","modified_gmt":"2022-04-13T19:34:11","slug":"obras-da-praca-e-entorno-visam-potencializar-o-turismo-em-chapada-dos-guimaraes","status":"publish","type":"post","link":"https:\/\/blogdacondessa.com.br\/blog\/cidades\/obras-da-praca-e-entorno-visam-potencializar-o-turismo-em-chapada-dos-guimaraes\/","title":{"rendered":"Obras da pra\u00e7a e entorno visam potencializar o turismo em Chapada dos Guimaraes"},"content":{"rendered":"<p>A Secretaria de Estado de Infraestrutura e Log\u00edstica (Sinfra-MT) lan\u00e7ou, no \u00faltimo dia 13,\u00a0o edital de concorr\u00eancia p\u00fablica n\u00ba 03\/2022 para contrata\u00e7\u00e3o de empresa que ir\u00e1 reformar a Pra\u00e7a Dom Wunibaldo e revitalizar o entorno com a constru\u00e7\u00e3o de cobertura na Rua Quinco Caldas, em Chapada dos Guimar\u00e3es.<\/p>\n<p>A obra or\u00e7ada em R$ 14.504.338,48 ser\u00e1 executada pela Sinfra, com recursos da Secretaria de Desenvolvimento Econ\u00f4mico de Mato Grosso, por meio da Secretaria Adjunta de Turismo e parceria com Secretaria Adjunta de Cidades. A iniciativa faz parte das a\u00e7\u00f5es do programa Mais MT do Governo do Estado.<\/p>\n<p>A concorr\u00eancia p\u00fablica ser\u00e1 em lote \u00fanico e por menor pre\u00e7o. As empresas interessadas em participar de licita\u00e7\u00e3o t\u00eam at\u00e9 o dia 17 de maio para registrar as propostas na Sinfra-MT.<\/p>\n<p>O edital completo pode ser retirado gratuitamente no site :\u00a0<a href=\"http:\/\/www.sinfra.mt.gov.br\/\">www.sinfra.mt.gov.br<\/a>\u00a0ou solicitado pelo e-mail: cpl@sinfra.mt.gov.br.<\/p>\n<p>A abertura dos envelopes ocorrer\u00e1 a partir das 9h, do dia 17 de maio, na sala de reuni\u00f5es da Comiss\u00e3o Permanente de Licita\u00e7\u00e3o da Sinfra.<\/p>\n<p>De acordo com o secret\u00e1rio Adjunto de Turismo, Jefferson Moreno, o governo do Estado tem investido no desenvolvimento do turismo mato-grossense.<\/p>\n<p>\u201cEste grande investimento do Estado em Chapada dos Guimar\u00e3es mostra o quanto o governador Mauro Mendes acredita no potencial tur\u00edstico de Mato Grosso e \u00e9 sens\u00edvel \u00e0s demandas de cada munic\u00edpio\u201d, ressalta Moreno.<\/p>\n<p>O secret\u00e1rio de Desenvolvimento Econ\u00f4mico de Mato Grosso, C\u00e9sar Miranda, destaca o volume de a\u00e7\u00f5es voltadas ao turismo no Estado. \u201cO turismo de Mato Grosso est\u00e1 em franca recupera\u00e7\u00e3o com a inje\u00e7\u00e3o de recursos do governo do Estado. S\u00e3o cerca de R$ 150 milh\u00f5es em obras que ir\u00e3o atender praticamente todos os munic\u00edpios com potencial tur\u00edstico\u201d, conclui.<\/p>\n<p>Para mais informa\u00e7\u00f5es sobre o edital entre em contato com o telefone: (65) 3613-0529.<\/p>\n","protected":false},"excerpt":{"rendered":"<p>A Secretaria de Estado de Infraestrutura e Log\u00edstica (Sinfra-MT) lan\u00e7ou, no \u00faltimo dia 13,\u00a0o edital de concorr\u00eancia p\u00fablica n\u00ba 03\/2022 para contrata\u00e7\u00e3o de empresa que ir\u00e1 reformar a Pra\u00e7a Dom Wunibaldo e revitalizar o entorno com a constru\u00e7\u00e3o de cobertura na Rua Quinco Caldas, em Chapada dos Guimar\u00e3es. A obra or\u00e7ada em R$ 14.504.338,48 ser\u00e1 [&hellip;]<\/p>\n","protected":false},"author":2,"featured_media":3499,"comment_status":"closed","ping_status":"closed","sticky":false,"template":"","format":"standard","meta":{"iawp_total_views":1,"footnotes":""},"categories":[12],"tags":[],"class_list":["post-3498","post","type-post","status-publish","format-standard","has-post-thumbnail","hentry","category-cidades"],"yoast_head":"<!-- This site is optimized with the Yoast SEO plugin v27.3 - https:\/\/yoast.com\/product\/yoast-seo-wordpress\/ -->\n<title>Obras da pra\u00e7a e entorno visam potencializar o turismo em Chapada dos Guimaraes &#8902; Blog da Condessa<\/title>\n<meta name=\"robots\" content=\"index, follow, max-snippet:-1, max-image-preview:large, max-video-preview:-1\" \/>\n<link rel=\"canonical\" href=\"https:\/\/blogdacondessa.com.br\/blog\/cidades\/obras-da-praca-e-entorno-visam-potencializar-o-turismo-em-chapada-dos-guimaraes\/\" \/>\n<meta property=\"og:locale\" content=\"pt_BR\" \/>\n<meta property=\"og:type\" content=\"article\" \/>\n<meta property=\"og:title\" content=\"Obras da pra\u00e7a e entorno visam potencializar o turismo em Chapada dos Guimaraes &#8902; Blog da Condessa\" \/>\n<meta property=\"og:description\" content=\"A Secretaria de Estado de Infraestrutura e Log\u00edstica (Sinfra-MT) lan\u00e7ou, no \u00faltimo dia 13,\u00a0o edital de concorr\u00eancia p\u00fablica n\u00ba 03\/2022 para contrata\u00e7\u00e3o de empresa que ir\u00e1 reformar a Pra\u00e7a Dom Wunibaldo e revitalizar o entorno com a constru\u00e7\u00e3o de cobertura na Rua Quinco Caldas, em Chapada dos Guimar\u00e3es. A obra or\u00e7ada em R$ 14.504.338,48 ser\u00e1 [&hellip;]\" \/>\n<meta property=\"og:url\" content=\"https:\/\/blogdacondessa.com.br\/blog\/cidades\/obras-da-praca-e-entorno-visam-potencializar-o-turismo-em-chapada-dos-guimaraes\/\" \/>\n<meta property=\"og:site_name\" content=\"Blog da Condessa\" \/>\n<meta property=\"article:published_time\" content=\"2022-04-14T09:00:50+00:00\" \/>\n<meta property=\"og:image\" content=\"https:\/\/blogdacondessa.com.br\/blog\/wp-content\/uploads\/2022\/04\/chapada-dos-guimaraes.jpg\" \/>\n\t<meta property=\"og:image:width\" content=\"1024\" \/>\n\t<meta property=\"og:image:height\" content=\"683\" \/>\n\t<meta property=\"og:image:type\" content=\"image\/jpeg\" \/>\n<meta name=\"author\" content=\"Blog da Condessa\" \/>\n<meta name=\"twitter:card\" content=\"summary_large_image\" \/>\n<meta name=\"twitter:label1\" content=\"Escrito por\" \/>\n\t<meta name=\"twitter:data1\" content=\"Blog da Condessa\" \/>\n\t<meta name=\"twitter:label2\" content=\"Est. tempo de leitura\" \/>\n\t<meta name=\"twitter:data2\" content=\"2 minutos\" \/>\n<script type=\"application\/ld+json\" class=\"yoast-schema-graph\">{\"@context\":\"https:\\\/\\\/schema.org\",\"@graph\":[{\"@type\":\"Article\",\"@id\":\"https:\\\/\\\/blogdacondessa.com.br\\\/blog\\\/cidades\\\/obras-da-praca-e-entorno-visam-potencializar-o-turismo-em-chapada-dos-guimaraes\\\/#article\",\"isPartOf\":{\"@id\":\"https:\\\/\\\/blogdacondessa.com.br\\\/blog\\\/cidades\\\/obras-da-praca-e-entorno-visam-potencializar-o-turismo-em-chapada-dos-guimaraes\\\/\"},\"author\":{\"name\":\"Blog da Condessa\",\"@id\":\"https:\\\/\\\/blogdacondessa.com.br\\\/blog\\\/#\\\/schema\\\/person\\\/1d667ff8b785195b568677489d266035\"},\"headline\":\"Obras da pra\u00e7a e entorno visam potencializar o turismo em Chapada dos Guimaraes\",\"datePublished\":\"2022-04-14T09:00:50+00:00\",\"mainEntityOfPage\":{\"@id\":\"https:\\\/\\\/blogdacondessa.com.br\\\/blog\\\/cidades\\\/obras-da-praca-e-entorno-visam-potencializar-o-turismo-em-chapada-dos-guimaraes\\\/\"},\"wordCount\":343,\"image\":{\"@id\":\"https:\\\/\\\/blogdacondessa.com.br\\\/blog\\\/cidades\\\/obras-da-praca-e-entorno-visam-potencializar-o-turismo-em-chapada-dos-guimaraes\\\/#primaryimage\"},\"thumbnailUrl\":\"https:\\\/\\\/blogdacondessa.com.br\\\/blog\\\/wp-content\\\/uploads\\\/2022\\\/04\\\/chapada-dos-guimaraes.jpg\",\"articleSection\":[\"Cidades\"],\"inLanguage\":\"pt-BR\"},{\"@type\":\"WebPage\",\"@id\":\"https:\\\/\\\/blogdacondessa.com.br\\\/blog\\\/cidades\\\/obras-da-praca-e-entorno-visam-potencializar-o-turismo-em-chapada-dos-guimaraes\\\/\",\"url\":\"https:\\\/\\\/blogdacondessa.com.br\\\/blog\\\/cidades\\\/obras-da-praca-e-entorno-visam-potencializar-o-turismo-em-chapada-dos-guimaraes\\\/\",\"name\":\"Obras da pra\u00e7a e entorno visam potencializar o turismo em Chapada dos Guimaraes &#8902; Blog da Condessa\",\"isPartOf\":{\"@id\":\"https:\\\/\\\/blogdacondessa.com.br\\\/blog\\\/#website\"},\"primaryImageOfPage\":{\"@id\":\"https:\\\/\\\/blogdacondessa.com.br\\\/blog\\\/cidades\\\/obras-da-praca-e-entorno-visam-potencializar-o-turismo-em-chapada-dos-guimaraes\\\/#primaryimage\"},\"image\":{\"@id\":\"https:\\\/\\\/blogdacondessa.com.br\\\/blog\\\/cidades\\\/obras-da-praca-e-entorno-visam-potencializar-o-turismo-em-chapada-dos-guimaraes\\\/#primaryimage\"},\"thumbnailUrl\":\"https:\\\/\\\/blogdacondessa.com.br\\\/blog\\\/wp-content\\\/uploads\\\/2022\\\/04\\\/chapada-dos-guimaraes.jpg\",\"datePublished\":\"2022-04-14T09:00:50+00:00\",\"author\":{\"@id\":\"https:\\\/\\\/blogdacondessa.com.br\\\/blog\\\/#\\\/schema\\\/person\\\/1d667ff8b785195b568677489d266035\"},\"breadcrumb\":{\"@id\":\"https:\\\/\\\/blogdacondessa.com.br\\\/blog\\\/cidades\\\/obras-da-praca-e-entorno-visam-potencializar-o-turismo-em-chapada-dos-guimaraes\\\/#breadcrumb\"},\"inLanguage\":\"pt-BR\",\"potentialAction\":[{\"@type\":\"ReadAction\",\"target\":[\"https:\\\/\\\/blogdacondessa.com.br\\\/blog\\\/cidades\\\/obras-da-praca-e-entorno-visam-potencializar-o-turismo-em-chapada-dos-guimaraes\\\/\"]}]},{\"@type\":\"ImageObject\",\"inLanguage\":\"pt-BR\",\"@id\":\"https:\\\/\\\/blogdacondessa.com.br\\\/blog\\\/cidades\\\/obras-da-praca-e-entorno-visam-potencializar-o-turismo-em-chapada-dos-guimaraes\\\/#primaryimage\",\"url\":\"https:\\\/\\\/blogdacondessa.com.br\\\/blog\\\/wp-content\\\/uploads\\\/2022\\\/04\\\/chapada-dos-guimaraes.jpg\",\"contentUrl\":\"https:\\\/\\\/blogdacondessa.com.br\\\/blog\\\/wp-content\\\/uploads\\\/2022\\\/04\\\/chapada-dos-guimaraes.jpg\",\"width\":1024,\"height\":683,\"caption\":\"- Foto por: Junior Silgueiro\"},{\"@type\":\"BreadcrumbList\",\"@id\":\"https:\\\/\\\/blogdacondessa.com.br\\\/blog\\\/cidades\\\/obras-da-praca-e-entorno-visam-potencializar-o-turismo-em-chapada-dos-guimaraes\\\/#breadcrumb\",\"itemListElement\":[{\"@type\":\"ListItem\",\"position\":1,\"name\":\"In\u00edcio\",\"item\":\"https:\\\/\\\/blogdacondessa.com.br\\\/blog\\\/\"},{\"@type\":\"ListItem\",\"position\":2,\"name\":\"Obras da pra\u00e7a e entorno visam potencializar o turismo em Chapada dos Guimaraes\"}]},{\"@type\":\"WebSite\",\"@id\":\"https:\\\/\\\/blogdacondessa.com.br\\\/blog\\\/#website\",\"url\":\"https:\\\/\\\/blogdacondessa.com.br\\\/blog\\\/\",\"name\":\"Blog da Condessa\",\"description\":\"Com Shirley de Souza O\u2019Campos\",\"potentialAction\":[{\"@type\":\"SearchAction\",\"target\":{\"@type\":\"EntryPoint\",\"urlTemplate\":\"https:\\\/\\\/blogdacondessa.com.br\\\/blog\\\/?s={search_term_string}\"},\"query-input\":{\"@type\":\"PropertyValueSpecification\",\"valueRequired\":true,\"valueName\":\"search_term_string\"}}],\"inLanguage\":\"pt-BR\"},{\"@type\":\"Person\",\"@id\":\"https:\\\/\\\/blogdacondessa.com.br\\\/blog\\\/#\\\/schema\\\/person\\\/1d667ff8b785195b568677489d266035\",\"name\":\"Blog da Condessa\",\"image\":{\"@type\":\"ImageObject\",\"inLanguage\":\"pt-BR\",\"@id\":\"https:\\\/\\\/secure.gravatar.com\\\/avatar\\\/377c0eb8b4ad2bfc25461b41564b5971e721ca34a57642868fc7b0c8ac7b52c5?s=96&d=mm&r=g\",\"url\":\"https:\\\/\\\/secure.gravatar.com\\\/avatar\\\/377c0eb8b4ad2bfc25461b41564b5971e721ca34a57642868fc7b0c8ac7b52c5?s=96&d=mm&r=g\",\"contentUrl\":\"https:\\\/\\\/secure.gravatar.com\\\/avatar\\\/377c0eb8b4ad2bfc25461b41564b5971e721ca34a57642868fc7b0c8ac7b52c5?s=96&d=mm&r=g\",\"caption\":\"Blog da Condessa\"},\"url\":\"https:\\\/\\\/blogdacondessa.com.br\\\/blog\\\/author\\\/beatriz\\\/\"}]}<\/script>\n<!-- \/ Yoast SEO plugin. -->","yoast_head_json":{"title":"Obras da pra\u00e7a e entorno visam potencializar o turismo em Chapada dos Guimaraes &#8902; Blog da Condessa","robots":{"index":"index","follow":"follow","max-snippet":"max-snippet:-1","max-image-preview":"max-image-preview:large","max-video-preview":"max-video-preview:-1"},"canonical":"https:\/\/blogdacondessa.com.br\/blog\/cidades\/obras-da-praca-e-entorno-visam-potencializar-o-turismo-em-chapada-dos-guimaraes\/","og_locale":"pt_BR","og_type":"article","og_title":"Obras da pra\u00e7a e entorno visam potencializar o turismo em Chapada dos Guimaraes &#8902; Blog da Condessa","og_description":"A Secretaria de Estado de Infraestrutura e Log\u00edstica (Sinfra-MT) lan\u00e7ou, no \u00faltimo dia 13,\u00a0o edital de concorr\u00eancia p\u00fablica n\u00ba 03\/2022 para contrata\u00e7\u00e3o de empresa que ir\u00e1 reformar a Pra\u00e7a Dom Wunibaldo e revitalizar o entorno com a constru\u00e7\u00e3o de cobertura na Rua Quinco Caldas, em Chapada dos Guimar\u00e3es. A obra or\u00e7ada em R$ 14.504.338,48 ser\u00e1 [&hellip;]","og_url":"https:\/\/blogdacondessa.com.br\/blog\/cidades\/obras-da-praca-e-entorno-visam-potencializar-o-turismo-em-chapada-dos-guimaraes\/","og_site_name":"Blog da Condessa","article_published_time":"2022-04-14T09:00:50+00:00","og_image":[{"width":1024,"height":683,"url":"https:\/\/blogdacondessa.com.br\/blog\/wp-content\/uploads\/2022\/04\/chapada-dos-guimaraes.jpg","type":"image\/jpeg"}],"author":"Blog da Condessa","twitter_card":"summary_large_image","twitter_misc":{"Escrito por":"Blog da Condessa","Est. tempo de leitura":"2 minutos"},"schema":{"@context":"https:\/\/schema.org","@graph":[{"@type":"Article","@id":"https:\/\/blogdacondessa.com.br\/blog\/cidades\/obras-da-praca-e-entorno-visam-potencializar-o-turismo-em-chapada-dos-guimaraes\/#article","isPartOf":{"@id":"https:\/\/blogdacondessa.com.br\/blog\/cidades\/obras-da-praca-e-entorno-visam-potencializar-o-turismo-em-chapada-dos-guimaraes\/"},"author":{"name":"Blog da Condessa","@id":"https:\/\/blogdacondessa.com.br\/blog\/#\/schema\/person\/1d667ff8b785195b568677489d266035"},"headline":"Obras da pra\u00e7a e entorno visam potencializar o turismo em Chapada dos Guimaraes","datePublished":"2022-04-14T09:00:50+00:00","mainEntityOfPage":{"@id":"https:\/\/blogdacondessa.com.br\/blog\/cidades\/obras-da-praca-e-entorno-visam-potencializar-o-turismo-em-chapada-dos-guimaraes\/"},"wordCount":343,"image":{"@id":"https:\/\/blogdacondessa.com.br\/blog\/cidades\/obras-da-praca-e-entorno-visam-potencializar-o-turismo-em-chapada-dos-guimaraes\/#primaryimage"},"thumbnailUrl":"https:\/\/blogdacondessa.com.br\/blog\/wp-content\/uploads\/2022\/04\/chapada-dos-guimaraes.jpg","articleSection":["Cidades"],"inLanguage":"pt-BR"},{"@type":"WebPage","@id":"https:\/\/blogdacondessa.com.br\/blog\/cidades\/obras-da-praca-e-entorno-visam-potencializar-o-turismo-em-chapada-dos-guimaraes\/","url":"https:\/\/blogdacondessa.com.br\/blog\/cidades\/obras-da-praca-e-entorno-visam-potencializar-o-turismo-em-chapada-dos-guimaraes\/","name":"Obras da pra\u00e7a e entorno visam potencializar o turismo em Chapada dos Guimaraes &#8902; Blog da Condessa","isPartOf":{"@id":"https:\/\/blogdacondessa.com.br\/blog\/#website"},"primaryImageOfPage":{"@id":"https:\/\/blogdacondessa.com.br\/blog\/cidades\/obras-da-praca-e-entorno-visam-potencializar-o-turismo-em-chapada-dos-guimaraes\/#primaryimage"},"image":{"@id":"https:\/\/blogdacondessa.com.br\/blog\/cidades\/obras-da-praca-e-entorno-visam-potencializar-o-turismo-em-chapada-dos-guimaraes\/#primaryimage"},"thumbnailUrl":"https:\/\/blogdacondessa.com.br\/blog\/wp-content\/uploads\/2022\/04\/chapada-dos-guimaraes.jpg","datePublished":"2022-04-14T09:00:50+00:00","author":{"@id":"https:\/\/blogdacondessa.com.br\/blog\/#\/schema\/person\/1d667ff8b785195b568677489d266035"},"breadcrumb":{"@id":"https:\/\/blogdacondessa.com.br\/blog\/cidades\/obras-da-praca-e-entorno-visam-potencializar-o-turismo-em-chapada-dos-guimaraes\/#breadcrumb"},"inLanguage":"pt-BR","potentialAction":[{"@type":"ReadAction","target":["https:\/\/blogdacondessa.com.br\/blog\/cidades\/obras-da-praca-e-entorno-visam-potencializar-o-turismo-em-chapada-dos-guimaraes\/"]}]},{"@type":"ImageObject","inLanguage":"pt-BR","@id":"https:\/\/blogdacondessa.com.br\/blog\/cidades\/obras-da-praca-e-entorno-visam-potencializar-o-turismo-em-chapada-dos-guimaraes\/#primaryimage","url":"https:\/\/blogdacondessa.com.br\/blog\/wp-content\/uploads\/2022\/04\/chapada-dos-guimaraes.jpg","contentUrl":"https:\/\/blogdacondessa.com.br\/blog\/wp-content\/uploads\/2022\/04\/chapada-dos-guimaraes.jpg","width":1024,"height":683,"caption":"- Foto por: Junior Silgueiro"},{"@type":"BreadcrumbList","@id":"https:\/\/blogdacondessa.com.br\/blog\/cidades\/obras-da-praca-e-entorno-visam-potencializar-o-turismo-em-chapada-dos-guimaraes\/#breadcrumb","itemListElement":[{"@type":"ListItem","position":1,"name":"In\u00edcio","item":"https:\/\/blogdacondessa.com.br\/blog\/"},{"@type":"ListItem","position":2,"name":"Obras da pra\u00e7a e entorno visam potencializar o turismo em Chapada dos Guimaraes"}]},{"@type":"WebSite","@id":"https:\/\/blogdacondessa.com.br\/blog\/#website","url":"https:\/\/blogdacondessa.com.br\/blog\/","name":"Blog da Condessa","description":"Com Shirley de Souza O\u2019Campos","potentialAction":[{"@type":"SearchAction","target":{"@type":"EntryPoint","urlTemplate":"https:\/\/blogdacondessa.com.br\/blog\/?s={search_term_string}"},"query-input":{"@type":"PropertyValueSpecification","valueRequired":true,"valueName":"search_term_string"}}],"inLanguage":"pt-BR"},{"@type":"Person","@id":"https:\/\/blogdacondessa.com.br\/blog\/#\/schema\/person\/1d667ff8b785195b568677489d266035","name":"Blog da Condessa","image":{"@type":"ImageObject","inLanguage":"pt-BR","@id":"https:\/\/secure.gravatar.com\/avatar\/377c0eb8b4ad2bfc25461b41564b5971e721ca34a57642868fc7b0c8ac7b52c5?s=96&d=mm&r=g","url":"https:\/\/secure.gravatar.com\/avatar\/377c0eb8b4ad2bfc25461b41564b5971e721ca34a57642868fc7b0c8ac7b52c5?s=96&d=mm&r=g","contentUrl":"https:\/\/secure.gravatar.com\/avatar\/377c0eb8b4ad2bfc25461b41564b5971e721ca34a57642868fc7b0c8ac7b52c5?s=96&d=mm&r=g","caption":"Blog da Condessa"},"url":"https:\/\/blogdacondessa.com.br\/blog\/author\/beatriz\/"}]}},"_links":{"self":[{"href":"https:\/\/blogdacondessa.com.br\/blog\/wp-json\/wp\/v2\/posts\/3498","targetHints":{"allow":["GET"]}}],"collection":[{"href":"https:\/\/blogdacondessa.com.br\/blog\/wp-json\/wp\/v2\/posts"}],"about":[{"href":"https:\/\/blogdacondessa.com.br\/blog\/wp-json\/wp\/v2\/types\/post"}],"author":[{"embeddable":true,"href":"https:\/\/blogdacondessa.com.br\/blog\/wp-json\/wp\/v2\/users\/2"}],"replies":[{"embeddable":true,"href":"https:\/\/blogdacondessa.com.br\/blog\/wp-json\/wp\/v2\/comments?post=3498"}],"version-history":[{"count":0,"href":"https:\/\/blogdacondessa.com.br\/blog\/wp-json\/wp\/v2\/posts\/3498\/revisions"}],"wp:featuredmedia":[{"embeddable":true,"href":"https:\/\/blogdacondessa.com.br\/blog\/wp-json\/wp\/v2\/media\/3499"}],"wp:attachment":[{"href":"https:\/\/blogdacondessa.com.br\/blog\/wp-json\/wp\/v2\/media?parent=3498"}],"wp:term":[{"taxonomy":"category","embeddable":true,"href":"https:\/\/blogdacondessa.com.br\/blog\/wp-json\/wp\/v2\/categories?post=3498"},{"taxonomy":"post_tag","embeddable":true,"href":"https:\/\/blogdacondessa.com.br\/blog\/wp-json\/wp\/v2\/tags?post=3498"}],"curies":[{"name":"wp","href":"https:\/\/api.w.org\/{rel}","templated":true}]}}