{"id":3260,"date":"2022-03-20T05:00:45","date_gmt":"2022-03-20T09:00:45","guid":{"rendered":"http:\/\/blogdacondessa.com.br\/?p=3260"},"modified":"2022-03-19T17:11:52","modified_gmt":"2022-03-19T21:11:52","slug":"otimismo-7-formas-de-ser-mais-positivo-mesmo-em-tempos-sombrios","status":"publish","type":"post","link":"https:\/\/blogdacondessa.com.br\/blog\/cotidiano\/otimismo-7-formas-de-ser-mais-positivo-mesmo-em-tempos-sombrios\/","title":{"rendered":"Otimismo: 7 formas de ser mais positivo mesmo em tempos sombrios"},"content":{"rendered":"<p>Com a chegada de 2022, o v\u00e9u da pandemia que ofuscou os \u00faltimos dois anos come\u00e7ou a se levantar. Mas assim que o mundo parecia estar voltando a ser um local mais gentil, a guerra na Ucr\u00e2nia ganhou as manchetes.<\/p>\n<p>As m\u00e1s not\u00edcias, para al\u00e9m desse conflito, s\u00e3o muitas. Como ent\u00e3o permanecer otimista sem necessariamente ignorar a realidade?<\/p>\n<p>Diversos estudos destacam os benef\u00edcios do otimismo.<\/p>\n<p>Essa atitude em rela\u00e7\u00e3o \u00e0 vida nos faz viver mais (entre 11% e 15% a mais do que os menos otimistas, segundo um estudo da Boston School of Medicine), melhor (as chances de sofrer doen\u00e7as s\u00e3o menores para quem sabe apreciar o lado bom da vida), ter melhores relacionamentos e at\u00e9 ganhar sal\u00e1rios mais altos.<\/p>\n<p>Mas aqueles que tendem a ver o copo meio vazio podem fazer alguma coisa para mudar sua perspectiva?<\/p>\n<p>De acordo com Eric Kim, codiretor de uma pesquisa publicada no American Journal of Epidemiology em 2016, estudos com g\u00eameos &#8220;sugerem que at\u00e9 25% do otimismo pode ser gen\u00e9tico ou heredit\u00e1rio, implicando que at\u00e9 75% \u00e9 modific\u00e1vel&#8221;.<\/p>\n<p>Em outras palavras, a margem de manobra \u00e9 grande. Portanto, se voc\u00ea deseja limpar a nuvem pesada que paira sobre sua cabe\u00e7a, as recomenda\u00e7\u00f5es a seguir podem te ajudar, segundo especialistas.<\/p>\n<ol>\n<li><strong>Reconhe\u00e7a seu problema<\/strong><\/li>\n<\/ol>\n<p>Dizem que, com qualquer problema, o primeiro passo \u00e9 tomar consci\u00eancia dele.<\/p>\n<p>&#8220;Muitas pessoas pessimistas est\u00e3o muito apegadas \u00e0 ideia de que suas cren\u00e7as de que as coisas v\u00e3o dar errado est\u00e3o corretas e t\u00eam a percep\u00e7\u00e3o de que esses pensamentos ruins s\u00e3o permanentes, generalizados e personalizados&#8221;, explica \u00e0 BBC Mundo Allison Funk, doutora em psicologia do Instituto Americano de Terapia Cognitiva.<\/p>\n<p>&#8220;\u00c9 por isso que eu diria que o primeiro passo \u00e9 desenvolver um pouco de curiosidade sobre esse padr\u00e3o de pensamento e analisar se costumamos usar frases como &#8216;isso sempre acontece comigo, \u00e9 minha culpa, ou sempre vou me sentir assim&#8217;, cada vez que algo ruim acontece.&#8221;<\/p>\n<p>Funk diz que devemos estar dispostos a questionar essa maneira de pensar e nos perguntar se podem ter sido circunst\u00e2ncias al\u00e9m de nosso controle que fizeram com que algo ruim acontecesse conosco.<\/p>\n<ol start=\"2\">\n<li><strong>Pratique a gratid\u00e3o<\/strong><\/li>\n<\/ol>\n<p>Um exerc\u00edcio que muitos psic\u00f3logos recomendam \u00e9 expressar nossa gratid\u00e3o pelas coisas boas que temos.<\/p>\n<p>&#8220;Tome consci\u00eancia das coisas positivas que existem em sua vida e fa\u00e7a voc\u00ea se sentir mais esperan\u00e7oso de que haver\u00e1 coisas positivas no futuro&#8221;, diz Funk.<\/p>\n<p>Ela sugere escrever regularmente &#8220;cinco coisas pelas quais somos gratos ou enviar mensagens de texto para um amigo, se voc\u00ea quiser um n\u00edvel mais alto de responsabilidade&#8221;.<\/p>\n<p>Esse exerc\u00edcio simples pode nos ajudar a cultivar uma atitude mental mais positiva.<\/p>\n<p>Laura Rojas-Marco, psic\u00f3loga espanhola e autora de v\u00e1rios livros sobre desenvolvimento pessoal, conta que, al\u00e9m de ter trabalhado esse tema com seus pacientes durante a pandemia, ela mesma o praticava todas as noites depois do trabalho.<\/p>\n<p>&#8220;No final do dia, depois de trabalhar 15 horas com pessoas que sofriam muito, devido \u00e0 minha pr\u00f3pria sa\u00fade mental e emocional, anotei no meu caderno as coisas positivas que aconteceram naquele dia, para fechar o dia com algo positivo &#8220;, disse ela \u00e0 BBC Mundo.<\/p>\n<ol start=\"3\">\n<li><strong>Abra espa\u00e7o para a decep\u00e7\u00e3o<\/strong><\/li>\n<\/ol>\n<p>Um aspecto importante de ser o que eles chamam de &#8220;otimista realista&#8221; \u00e9 reconhecer que algumas coisas ruins v\u00e3o acontecer com voc\u00ea na vida.<\/p>\n<p>N\u00e3o se trata de pensar que cada dia ser\u00e1 perfeito, mas de saber que coisas ruins tamb\u00e9m acontecer\u00e3o na vida, mas que \u00e9 bom &#8220;dizer a n\u00f3s mesmos que seremos capazes de lidar com o que nos acontece, em vez de nos preocuparmos sobre coisas ruins que podem acontecer&#8221;, diz Funk.<\/p>\n<ol start=\"4\">\n<li><strong>Planeje atividades empolgantes e cuide de si mesmo<\/strong><\/li>\n<\/ol>\n<p>&#8220;Seria \u00f3timo ter f\u00e9rias planejadas em nossa agenda, mas tamb\u00e9m podem ser pequenas coisas que nos fazem sentir realizados&#8221;, diz Funk.<\/p>\n<p>&#8220;Planeje um encontro para um caf\u00e9 com um amigo que voc\u00ea n\u00e3o v\u00ea h\u00e1 muito tempo. Fa\u00e7a planos ao ar livre&#8221;, sugere a psic\u00f3loga.<\/p>\n<p>Tamb\u00e9m \u00e9 importante implementar estrat\u00e9gias ben\u00e9ficas para a regula\u00e7\u00e3o do humor em geral. &#8220;Sabemos que h\u00e1 uma forte correla\u00e7\u00e3o entre humor positivo e coisas como dormir o suficiente, comer bem, evitar subst\u00e2ncias nocivas e tratar doen\u00e7as f\u00edsicas&#8221;, diz Funk.<\/p>\n<p>&#8220;Trabalhar com a qu\u00edmica do seu corpo ajuda voc\u00ea a ter uma vis\u00e3o mais otimista da vida.&#8221;<\/p>\n<ol start=\"5\">\n<li><strong>Visualize como as coisas podem funcionar<\/strong><\/li>\n<\/ol>\n<p>A visualiza\u00e7\u00e3o \u00e9 uma grande aliada, explica Rojas-Marco. Ela afirma, por\u00e9m, que tem que ser uma visualiza\u00e7\u00e3o realista.<\/p>\n<p>&#8220;Se voc\u00ea visualizar algo no futuro que deseja que aconte\u00e7a, algo que deseja e imagina, isso ativar\u00e1 sua atitude proativa no c\u00e9rebro&#8221;, diz.<\/p>\n<p>&#8220;Depois vamos caminhar nessa dire\u00e7\u00e3o, porque \u00e9 mais f\u00e1cil come\u00e7ar a caminhar em dire\u00e7\u00e3o a algo que voc\u00ea sente que \u00e9 ating\u00edvel, do que em dire\u00e7\u00e3o a algo que n\u00e3o \u00e9&#8221;, diz a psic\u00f3loga, acrescentando que essa \u00e9 uma t\u00e9cnica que tamb\u00e9m \u00e9 usada com frequ\u00eancia em cl\u00ednicas de terapia para tratar fobias.<\/p>\n<p>Funk concorda com a utilidade das visualiza\u00e7\u00f5es, que devem ter como objetivo &#8220;imaginar-se vivendo de acordo com seus pr\u00f3prios valores&#8221;.<\/p>\n<p>&#8220;Porque quando as pessoas se visualizam como seus eus ideais, elas usam isso para se punir por n\u00e3o cumprir esses padr\u00f5es&#8221;, explica ela.<\/p>\n<p>As visualiza\u00e7\u00f5es tamb\u00e9m podem nos ajudar a definir metas. E &#8220;trabalhar em dire\u00e7\u00e3o a metas alcan\u00e7\u00e1veis pode nos dar uma sensa\u00e7\u00e3o de realiza\u00e7\u00e3o, e isso nos far\u00e1 sentir mais otimistas&#8221;.<\/p>\n<ol start=\"6\">\n<li><strong>Discuta com\u00a0sua voz interior<\/strong><\/li>\n<\/ol>\n<p>Quando voc\u00ea cai em um po\u00e7o escuro onde s\u00f3 v\u00ea tudo dando errado, Martin Seligman, psic\u00f3logo americano e um dos fundadores da psicologia positiva, diz que a primeira coisa a fazer \u00e9 reconhecer aquela voz que faz coment\u00e1rios negativos, discutir com ela como se fosse uma pessoa que s\u00f3 quer nos fazer sentir mal.<\/p>\n<p>&#8220;Essa voz interior \u00e9 muitas vezes o seu eu que est\u00e1 com medo, o eu inseguro, o eu medroso ou o eu pregui\u00e7oso, e a pregui\u00e7a \u00e0s vezes tamb\u00e9m nos prende&#8221;, diz Rojas-Marco.<\/p>\n<p>Por isso, \u00e9 importante estabelecer um di\u00e1logo interno com essa voz cr\u00edtica e a forma como falamos com n\u00f3s mesmos, diz.<\/p>\n<p>Argumente com essa voz interior apresentando contrapontos. Esse di\u00e1logo \u00e9 o que &#8220;vai influenciar o motor que nos coloca em a\u00e7\u00e3o&#8221;, por isso \u00e9 fundamental discutir e fazer refor\u00e7o positivo.<\/p>\n<ol start=\"7\">\n<li><strong>Reconhe\u00e7a o que acontece no mundo e voc\u00ea n\u00e3o pode controlar<\/strong><\/li>\n<\/ol>\n<p>Embora haja muito que podemos fazer para n\u00f3s mesmos, a verdade \u00e9 que \u00e0s vezes \u00e9 dif\u00edcil n\u00e3o perder o otimismo diante do que est\u00e1 acontecendo no mundo &#8211; e isso est\u00e1 completamente fora de nosso controle.<\/p>\n<p>A crise ambiental, os conflitos armados, os feminic\u00eddios e muitos outros problemas s\u00e3o para muitos fonte de ang\u00fastia e desesperan\u00e7a.<\/p>\n<p>Funk diz que \u00e9 importante reconhecer o que est\u00e1 acontecendo no mundo. &#8220;\u00c9 incrivelmente humano e apropriado ter sentimentos negativos&#8221;, diz a psic\u00f3loga.<\/p>\n<p>Mas ela explica que tamb\u00e9m \u00e9 importante lembrar que &#8220;n\u00e3o contribu\u00edmos para nenhuma situa\u00e7\u00e3o nos sentindo esgotados pelo que est\u00e1 acontecendo no mundo e escolhendo deixar que isso impacte a maneira como nos apresentamos ao mundo&#8221;.<\/p>\n<p>&#8220;\u00c0s vezes nos sentimos impotentes e incertos sobre o que vir\u00e1 de uma situa\u00e7\u00e3o global, mas a \u00fanica coisa que podemos controlar \u00e9 nosso pr\u00f3prio comportamento.&#8221;<\/p>\n<p>&#8220;Se controlarmos nossas pr\u00f3prias express\u00f5es emocionais, a forma como tratamos os outros e como nos apresentamos ao mundo de acordo com nossos valores, este \u00e9, na minha opini\u00e3o, o melhor ant\u00eddoto&#8221;, conclui Funk.<\/p>\n<p>Rojas-Marco reconhece que \u00e9 um desafio, mas diz que em momentos de grande crise o que nos ajuda \u00e9 focar no agora e em metas de curto prazo para manter o otimismo. &#8220;\u00c9 mais f\u00e1cil dar um passo \u00e0 frente do que pensar em fazer mil quil\u00f4metros&#8221;, diz.<\/p>\n<p>Devemos tamb\u00e9m aprender a resgatar o que \u00e9 positivo das situa\u00e7\u00f5es ruins, como, por exemplo, em plena guerra na Ucr\u00e2nia, os gestos generosos das centenas de pessoas foram \u00e0 fronteira da Ucr\u00e2nia \u2014 algumas da Espanha, que viajaram milhares de quil\u00f4metros, conta Rojas-Marco, para ir oferecer sua pr\u00f3pria casa aos refugiados que fugiram de seu pa\u00eds.<\/p>\n<p>&#8220;Isso d\u00e1 esperan\u00e7a. E quando uma pessoa testemunha o ato generoso de outra pessoa, tende a querer repeti-lo. Isso acaba formando uma corrente humana de generosidade, de empatia, que \u00e9 o que estamos vendo agora.&#8221;<\/p>\n","protected":false},"excerpt":{"rendered":"<p>Com a chegada de 2022, o v\u00e9u da pandemia que ofuscou os \u00faltimos dois anos come\u00e7ou a se levantar. Mas assim que o mundo parecia estar voltando a ser um local mais gentil, a guerra na Ucr\u00e2nia ganhou as manchetes. As m\u00e1s not\u00edcias, para al\u00e9m desse conflito, s\u00e3o muitas. Como ent\u00e3o permanecer otimista sem necessariamente [&hellip;]<\/p>\n","protected":false},"author":2,"featured_media":3261,"comment_status":"closed","ping_status":"closed","sticky":false,"template":"","format":"standard","meta":{"iawp_total_views":0,"footnotes":""},"categories":[24],"tags":[],"class_list":["post-3260","post","type-post","status-publish","format-standard","has-post-thumbnail","hentry","category-cotidiano"],"yoast_head":"<!-- This site is optimized with the Yoast SEO plugin v27.3 - https:\/\/yoast.com\/product\/yoast-seo-wordpress\/ -->\n<title>Otimismo: 7 formas de ser mais positivo mesmo em tempos sombrios &#8902; Blog da Condessa<\/title>\n<meta name=\"robots\" content=\"index, follow, max-snippet:-1, max-image-preview:large, max-video-preview:-1\" \/>\n<link rel=\"canonical\" href=\"https:\/\/blogdacondessa.com.br\/blog\/cotidiano\/otimismo-7-formas-de-ser-mais-positivo-mesmo-em-tempos-sombrios\/\" \/>\n<meta property=\"og:locale\" content=\"pt_BR\" \/>\n<meta property=\"og:type\" content=\"article\" \/>\n<meta property=\"og:title\" content=\"Otimismo: 7 formas de ser mais positivo mesmo em tempos sombrios &#8902; Blog da Condessa\" \/>\n<meta property=\"og:description\" content=\"Com a chegada de 2022, o v\u00e9u da pandemia que ofuscou os \u00faltimos dois anos come\u00e7ou a se levantar. Mas assim que o mundo parecia estar voltando a ser um local mais gentil, a guerra na Ucr\u00e2nia ganhou as manchetes. As m\u00e1s not\u00edcias, para al\u00e9m desse conflito, s\u00e3o muitas. Como ent\u00e3o permanecer otimista sem necessariamente [&hellip;]\" \/>\n<meta property=\"og:url\" content=\"https:\/\/blogdacondessa.com.br\/blog\/cotidiano\/otimismo-7-formas-de-ser-mais-positivo-mesmo-em-tempos-sombrios\/\" \/>\n<meta property=\"og:site_name\" content=\"Blog da Condessa\" \/>\n<meta property=\"article:published_time\" content=\"2022-03-20T09:00:45+00:00\" \/>\n<meta property=\"og:image\" content=\"https:\/\/blogdacondessa.com.br\/blog\/wp-content\/uploads\/2022\/03\/OTIMISMO.webp\" \/>\n\t<meta property=\"og:image:width\" content=\"800\" \/>\n\t<meta property=\"og:image:height\" content=\"450\" \/>\n\t<meta property=\"og:image:type\" content=\"image\/webp\" \/>\n<meta name=\"author\" content=\"Blog da Condessa\" \/>\n<meta name=\"twitter:card\" content=\"summary_large_image\" \/>\n<meta name=\"twitter:label1\" content=\"Escrito por\" \/>\n\t<meta name=\"twitter:data1\" content=\"Blog da Condessa\" \/>\n\t<meta name=\"twitter:label2\" content=\"Est. tempo de leitura\" \/>\n\t<meta name=\"twitter:data2\" content=\"7 minutos\" \/>\n<script type=\"application\/ld+json\" class=\"yoast-schema-graph\">{\"@context\":\"https:\\\/\\\/schema.org\",\"@graph\":[{\"@type\":\"Article\",\"@id\":\"https:\\\/\\\/blogdacondessa.com.br\\\/blog\\\/cotidiano\\\/otimismo-7-formas-de-ser-mais-positivo-mesmo-em-tempos-sombrios\\\/#article\",\"isPartOf\":{\"@id\":\"https:\\\/\\\/blogdacondessa.com.br\\\/blog\\\/cotidiano\\\/otimismo-7-formas-de-ser-mais-positivo-mesmo-em-tempos-sombrios\\\/\"},\"author\":{\"name\":\"Blog da Condessa\",\"@id\":\"https:\\\/\\\/blogdacondessa.com.br\\\/blog\\\/#\\\/schema\\\/person\\\/1d667ff8b785195b568677489d266035\"},\"headline\":\"Otimismo: 7 formas de ser mais positivo mesmo em tempos sombrios\",\"datePublished\":\"2022-03-20T09:00:45+00:00\",\"mainEntityOfPage\":{\"@id\":\"https:\\\/\\\/blogdacondessa.com.br\\\/blog\\\/cotidiano\\\/otimismo-7-formas-de-ser-mais-positivo-mesmo-em-tempos-sombrios\\\/\"},\"wordCount\":1443,\"image\":{\"@id\":\"https:\\\/\\\/blogdacondessa.com.br\\\/blog\\\/cotidiano\\\/otimismo-7-formas-de-ser-mais-positivo-mesmo-em-tempos-sombrios\\\/#primaryimage\"},\"thumbnailUrl\":\"https:\\\/\\\/blogdacondessa.com.br\\\/blog\\\/wp-content\\\/uploads\\\/2022\\\/03\\\/OTIMISMO.webp\",\"articleSection\":[\"Cotidiano\"],\"inLanguage\":\"pt-BR\"},{\"@type\":\"WebPage\",\"@id\":\"https:\\\/\\\/blogdacondessa.com.br\\\/blog\\\/cotidiano\\\/otimismo-7-formas-de-ser-mais-positivo-mesmo-em-tempos-sombrios\\\/\",\"url\":\"https:\\\/\\\/blogdacondessa.com.br\\\/blog\\\/cotidiano\\\/otimismo-7-formas-de-ser-mais-positivo-mesmo-em-tempos-sombrios\\\/\",\"name\":\"Otimismo: 7 formas de ser mais positivo mesmo em tempos sombrios &#8902; Blog da Condessa\",\"isPartOf\":{\"@id\":\"https:\\\/\\\/blogdacondessa.com.br\\\/blog\\\/#website\"},\"primaryImageOfPage\":{\"@id\":\"https:\\\/\\\/blogdacondessa.com.br\\\/blog\\\/cotidiano\\\/otimismo-7-formas-de-ser-mais-positivo-mesmo-em-tempos-sombrios\\\/#primaryimage\"},\"image\":{\"@id\":\"https:\\\/\\\/blogdacondessa.com.br\\\/blog\\\/cotidiano\\\/otimismo-7-formas-de-ser-mais-positivo-mesmo-em-tempos-sombrios\\\/#primaryimage\"},\"thumbnailUrl\":\"https:\\\/\\\/blogdacondessa.com.br\\\/blog\\\/wp-content\\\/uploads\\\/2022\\\/03\\\/OTIMISMO.webp\",\"datePublished\":\"2022-03-20T09:00:45+00:00\",\"author\":{\"@id\":\"https:\\\/\\\/blogdacondessa.com.br\\\/blog\\\/#\\\/schema\\\/person\\\/1d667ff8b785195b568677489d266035\"},\"breadcrumb\":{\"@id\":\"https:\\\/\\\/blogdacondessa.com.br\\\/blog\\\/cotidiano\\\/otimismo-7-formas-de-ser-mais-positivo-mesmo-em-tempos-sombrios\\\/#breadcrumb\"},\"inLanguage\":\"pt-BR\",\"potentialAction\":[{\"@type\":\"ReadAction\",\"target\":[\"https:\\\/\\\/blogdacondessa.com.br\\\/blog\\\/cotidiano\\\/otimismo-7-formas-de-ser-mais-positivo-mesmo-em-tempos-sombrios\\\/\"]}]},{\"@type\":\"ImageObject\",\"inLanguage\":\"pt-BR\",\"@id\":\"https:\\\/\\\/blogdacondessa.com.br\\\/blog\\\/cotidiano\\\/otimismo-7-formas-de-ser-mais-positivo-mesmo-em-tempos-sombrios\\\/#primaryimage\",\"url\":\"https:\\\/\\\/blogdacondessa.com.br\\\/blog\\\/wp-content\\\/uploads\\\/2022\\\/03\\\/OTIMISMO.webp\",\"contentUrl\":\"https:\\\/\\\/blogdacondessa.com.br\\\/blog\\\/wp-content\\\/uploads\\\/2022\\\/03\\\/OTIMISMO.webp\",\"width\":800,\"height\":450},{\"@type\":\"BreadcrumbList\",\"@id\":\"https:\\\/\\\/blogdacondessa.com.br\\\/blog\\\/cotidiano\\\/otimismo-7-formas-de-ser-mais-positivo-mesmo-em-tempos-sombrios\\\/#breadcrumb\",\"itemListElement\":[{\"@type\":\"ListItem\",\"position\":1,\"name\":\"In\u00edcio\",\"item\":\"https:\\\/\\\/blogdacondessa.com.br\\\/blog\\\/\"},{\"@type\":\"ListItem\",\"position\":2,\"name\":\"Otimismo: 7 formas de ser mais positivo mesmo em tempos sombrios\"}]},{\"@type\":\"WebSite\",\"@id\":\"https:\\\/\\\/blogdacondessa.com.br\\\/blog\\\/#website\",\"url\":\"https:\\\/\\\/blogdacondessa.com.br\\\/blog\\\/\",\"name\":\"Blog da Condessa\",\"description\":\"Com Shirley de Souza O\u2019Campos\",\"potentialAction\":[{\"@type\":\"SearchAction\",\"target\":{\"@type\":\"EntryPoint\",\"urlTemplate\":\"https:\\\/\\\/blogdacondessa.com.br\\\/blog\\\/?s={search_term_string}\"},\"query-input\":{\"@type\":\"PropertyValueSpecification\",\"valueRequired\":true,\"valueName\":\"search_term_string\"}}],\"inLanguage\":\"pt-BR\"},{\"@type\":\"Person\",\"@id\":\"https:\\\/\\\/blogdacondessa.com.br\\\/blog\\\/#\\\/schema\\\/person\\\/1d667ff8b785195b568677489d266035\",\"name\":\"Blog da Condessa\",\"image\":{\"@type\":\"ImageObject\",\"inLanguage\":\"pt-BR\",\"@id\":\"https:\\\/\\\/secure.gravatar.com\\\/avatar\\\/377c0eb8b4ad2bfc25461b41564b5971e721ca34a57642868fc7b0c8ac7b52c5?s=96&d=mm&r=g\",\"url\":\"https:\\\/\\\/secure.gravatar.com\\\/avatar\\\/377c0eb8b4ad2bfc25461b41564b5971e721ca34a57642868fc7b0c8ac7b52c5?s=96&d=mm&r=g\",\"contentUrl\":\"https:\\\/\\\/secure.gravatar.com\\\/avatar\\\/377c0eb8b4ad2bfc25461b41564b5971e721ca34a57642868fc7b0c8ac7b52c5?s=96&d=mm&r=g\",\"caption\":\"Blog da Condessa\"},\"url\":\"https:\\\/\\\/blogdacondessa.com.br\\\/blog\\\/author\\\/beatriz\\\/\"}]}<\/script>\n<!-- \/ Yoast SEO plugin. -->","yoast_head_json":{"title":"Otimismo: 7 formas de ser mais positivo mesmo em tempos sombrios &#8902; Blog da Condessa","robots":{"index":"index","follow":"follow","max-snippet":"max-snippet:-1","max-image-preview":"max-image-preview:large","max-video-preview":"max-video-preview:-1"},"canonical":"https:\/\/blogdacondessa.com.br\/blog\/cotidiano\/otimismo-7-formas-de-ser-mais-positivo-mesmo-em-tempos-sombrios\/","og_locale":"pt_BR","og_type":"article","og_title":"Otimismo: 7 formas de ser mais positivo mesmo em tempos sombrios &#8902; Blog da Condessa","og_description":"Com a chegada de 2022, o v\u00e9u da pandemia que ofuscou os \u00faltimos dois anos come\u00e7ou a se levantar. Mas assim que o mundo parecia estar voltando a ser um local mais gentil, a guerra na Ucr\u00e2nia ganhou as manchetes. As m\u00e1s not\u00edcias, para al\u00e9m desse conflito, s\u00e3o muitas. Como ent\u00e3o permanecer otimista sem necessariamente [&hellip;]","og_url":"https:\/\/blogdacondessa.com.br\/blog\/cotidiano\/otimismo-7-formas-de-ser-mais-positivo-mesmo-em-tempos-sombrios\/","og_site_name":"Blog da Condessa","article_published_time":"2022-03-20T09:00:45+00:00","og_image":[{"width":800,"height":450,"url":"https:\/\/blogdacondessa.com.br\/blog\/wp-content\/uploads\/2022\/03\/OTIMISMO.webp","type":"image\/webp"}],"author":"Blog da Condessa","twitter_card":"summary_large_image","twitter_misc":{"Escrito por":"Blog da Condessa","Est. tempo de leitura":"7 minutos"},"schema":{"@context":"https:\/\/schema.org","@graph":[{"@type":"Article","@id":"https:\/\/blogdacondessa.com.br\/blog\/cotidiano\/otimismo-7-formas-de-ser-mais-positivo-mesmo-em-tempos-sombrios\/#article","isPartOf":{"@id":"https:\/\/blogdacondessa.com.br\/blog\/cotidiano\/otimismo-7-formas-de-ser-mais-positivo-mesmo-em-tempos-sombrios\/"},"author":{"name":"Blog da Condessa","@id":"https:\/\/blogdacondessa.com.br\/blog\/#\/schema\/person\/1d667ff8b785195b568677489d266035"},"headline":"Otimismo: 7 formas de ser mais positivo mesmo em tempos sombrios","datePublished":"2022-03-20T09:00:45+00:00","mainEntityOfPage":{"@id":"https:\/\/blogdacondessa.com.br\/blog\/cotidiano\/otimismo-7-formas-de-ser-mais-positivo-mesmo-em-tempos-sombrios\/"},"wordCount":1443,"image":{"@id":"https:\/\/blogdacondessa.com.br\/blog\/cotidiano\/otimismo-7-formas-de-ser-mais-positivo-mesmo-em-tempos-sombrios\/#primaryimage"},"thumbnailUrl":"https:\/\/blogdacondessa.com.br\/blog\/wp-content\/uploads\/2022\/03\/OTIMISMO.webp","articleSection":["Cotidiano"],"inLanguage":"pt-BR"},{"@type":"WebPage","@id":"https:\/\/blogdacondessa.com.br\/blog\/cotidiano\/otimismo-7-formas-de-ser-mais-positivo-mesmo-em-tempos-sombrios\/","url":"https:\/\/blogdacondessa.com.br\/blog\/cotidiano\/otimismo-7-formas-de-ser-mais-positivo-mesmo-em-tempos-sombrios\/","name":"Otimismo: 7 formas de ser mais positivo mesmo em tempos sombrios &#8902; Blog da Condessa","isPartOf":{"@id":"https:\/\/blogdacondessa.com.br\/blog\/#website"},"primaryImageOfPage":{"@id":"https:\/\/blogdacondessa.com.br\/blog\/cotidiano\/otimismo-7-formas-de-ser-mais-positivo-mesmo-em-tempos-sombrios\/#primaryimage"},"image":{"@id":"https:\/\/blogdacondessa.com.br\/blog\/cotidiano\/otimismo-7-formas-de-ser-mais-positivo-mesmo-em-tempos-sombrios\/#primaryimage"},"thumbnailUrl":"https:\/\/blogdacondessa.com.br\/blog\/wp-content\/uploads\/2022\/03\/OTIMISMO.webp","datePublished":"2022-03-20T09:00:45+00:00","author":{"@id":"https:\/\/blogdacondessa.com.br\/blog\/#\/schema\/person\/1d667ff8b785195b568677489d266035"},"breadcrumb":{"@id":"https:\/\/blogdacondessa.com.br\/blog\/cotidiano\/otimismo-7-formas-de-ser-mais-positivo-mesmo-em-tempos-sombrios\/#breadcrumb"},"inLanguage":"pt-BR","potentialAction":[{"@type":"ReadAction","target":["https:\/\/blogdacondessa.com.br\/blog\/cotidiano\/otimismo-7-formas-de-ser-mais-positivo-mesmo-em-tempos-sombrios\/"]}]},{"@type":"ImageObject","inLanguage":"pt-BR","@id":"https:\/\/blogdacondessa.com.br\/blog\/cotidiano\/otimismo-7-formas-de-ser-mais-positivo-mesmo-em-tempos-sombrios\/#primaryimage","url":"https:\/\/blogdacondessa.com.br\/blog\/wp-content\/uploads\/2022\/03\/OTIMISMO.webp","contentUrl":"https:\/\/blogdacondessa.com.br\/blog\/wp-content\/uploads\/2022\/03\/OTIMISMO.webp","width":800,"height":450},{"@type":"BreadcrumbList","@id":"https:\/\/blogdacondessa.com.br\/blog\/cotidiano\/otimismo-7-formas-de-ser-mais-positivo-mesmo-em-tempos-sombrios\/#breadcrumb","itemListElement":[{"@type":"ListItem","position":1,"name":"In\u00edcio","item":"https:\/\/blogdacondessa.com.br\/blog\/"},{"@type":"ListItem","position":2,"name":"Otimismo: 7 formas de ser mais positivo mesmo em tempos sombrios"}]},{"@type":"WebSite","@id":"https:\/\/blogdacondessa.com.br\/blog\/#website","url":"https:\/\/blogdacondessa.com.br\/blog\/","name":"Blog da Condessa","description":"Com Shirley de Souza O\u2019Campos","potentialAction":[{"@type":"SearchAction","target":{"@type":"EntryPoint","urlTemplate":"https:\/\/blogdacondessa.com.br\/blog\/?s={search_term_string}"},"query-input":{"@type":"PropertyValueSpecification","valueRequired":true,"valueName":"search_term_string"}}],"inLanguage":"pt-BR"},{"@type":"Person","@id":"https:\/\/blogdacondessa.com.br\/blog\/#\/schema\/person\/1d667ff8b785195b568677489d266035","name":"Blog da Condessa","image":{"@type":"ImageObject","inLanguage":"pt-BR","@id":"https:\/\/secure.gravatar.com\/avatar\/377c0eb8b4ad2bfc25461b41564b5971e721ca34a57642868fc7b0c8ac7b52c5?s=96&d=mm&r=g","url":"https:\/\/secure.gravatar.com\/avatar\/377c0eb8b4ad2bfc25461b41564b5971e721ca34a57642868fc7b0c8ac7b52c5?s=96&d=mm&r=g","contentUrl":"https:\/\/secure.gravatar.com\/avatar\/377c0eb8b4ad2bfc25461b41564b5971e721ca34a57642868fc7b0c8ac7b52c5?s=96&d=mm&r=g","caption":"Blog da Condessa"},"url":"https:\/\/blogdacondessa.com.br\/blog\/author\/beatriz\/"}]}},"_links":{"self":[{"href":"https:\/\/blogdacondessa.com.br\/blog\/wp-json\/wp\/v2\/posts\/3260","targetHints":{"allow":["GET"]}}],"collection":[{"href":"https:\/\/blogdacondessa.com.br\/blog\/wp-json\/wp\/v2\/posts"}],"about":[{"href":"https:\/\/blogdacondessa.com.br\/blog\/wp-json\/wp\/v2\/types\/post"}],"author":[{"embeddable":true,"href":"https:\/\/blogdacondessa.com.br\/blog\/wp-json\/wp\/v2\/users\/2"}],"replies":[{"embeddable":true,"href":"https:\/\/blogdacondessa.com.br\/blog\/wp-json\/wp\/v2\/comments?post=3260"}],"version-history":[{"count":0,"href":"https:\/\/blogdacondessa.com.br\/blog\/wp-json\/wp\/v2\/posts\/3260\/revisions"}],"wp:featuredmedia":[{"embeddable":true,"href":"https:\/\/blogdacondessa.com.br\/blog\/wp-json\/wp\/v2\/media\/3261"}],"wp:attachment":[{"href":"https:\/\/blogdacondessa.com.br\/blog\/wp-json\/wp\/v2\/media?parent=3260"}],"wp:term":[{"taxonomy":"category","embeddable":true,"href":"https:\/\/blogdacondessa.com.br\/blog\/wp-json\/wp\/v2\/categories?post=3260"},{"taxonomy":"post_tag","embeddable":true,"href":"https:\/\/blogdacondessa.com.br\/blog\/wp-json\/wp\/v2\/tags?post=3260"}],"curies":[{"name":"wp","href":"https:\/\/api.w.org\/{rel}","templated":true}]}}