{"id":2681,"date":"2021-09-20T21:48:40","date_gmt":"2021-09-20T21:48:40","guid":{"rendered":"https:\/\/novo.blogdacondessa.com.br\/?p=2681"},"modified":"2021-09-20T21:48:40","modified_gmt":"2021-09-20T21:48:40","slug":"um-salto-para-o-progresso","status":"publish","type":"post","link":"https:\/\/blogdacondessa.com.br\/blog\/cidades\/um-salto-para-o-progresso\/","title":{"rendered":"Um salto para o progresso"},"content":{"rendered":"<p>A atua\u00e7\u00e3o da Assembleia Legislativa de Mato Grosso foi destaque durante a cerim\u00f4nia de assinatura do contrato para constru\u00e7\u00e3o, implanta\u00e7\u00e3o e explora\u00e7\u00e3o da 1\u00aa Ferrovia Estadual do Brasil, que vai interligar trechos de Mato Grosso, evento realizado no \u00faltimo dia 20, no Centro de Eventos do Pantanal, em Cuiab\u00e1.<\/p>\n<p>A ALMT deu condi\u00e7\u00f5es normativas para autorizar o governo do estado a realizar o empreendimento, que vai ligar trechos de Rondon\u00f3polis a Cuiab\u00e1 e de Rondon\u00f3polis a Nova Mutum e Lucas do Rio Verde, conectando a malha ferrovi\u00e1ria nacional, num investimento previsto de R$ 11,2 bilh\u00f5es.<br \/>\nO CEO da Rumo S\/A, companhia ferrovi\u00e1ria e de log\u00edstica brasileira, presidente Jo\u00e3o Alberto de Fernandes Abreu, destacou o trabalho dos deputados para alavancar esse projeto que dever\u00e1 gerar, conforme estudos realizados pela Rumo, mais de 230 mil empregos, com investimentos 100% privados.<br \/>\n\u201cVejo a postura da Assembleia como inovadora, como pioneira ao trazer para o estado uma proposta de emenda complementar que permite ter esse tipo de alternativa. O que vemos aqui no Mato Grosso \u00e9 um estado com uma capacidade de gest\u00e3o, de fato, inspiradora. Hoje \u00e9 um estado que est\u00e1 entre os melhores ranqueados do ponto de vista fiscal, super\u00e1vit, dinheiro em caixa e trabalhando em conjunto com a Assembleia Legislativa\u201d, reconheceu o presidente da Rumo.<br \/>\nO primeiro-secret\u00e1rio da Mesa Diretora, deputado Eduardo Botelho (DEM), discursou em nome dos deputados estaduais. Ele, que \u00e9 autor da Proposta de Emenda Constitucional 16\/2020, que alterou a Constitui\u00e7\u00e3o de Mato Grosso possibilitando concess\u00f5es ferrovi\u00e1rias dentro do estado. Tamb\u00e9m s\u00e3o autores dessa PEC a deputada Janaina Riva e o deputado Carlos Avallone.<br \/>\n\u201cTrata-se de uma a\u00e7\u00e3o s\u00f3lida, embasada legislativamente e que tem seguido um rito criterioso, para conferir seguran\u00e7a jur\u00eddica a este empreendimento de compet\u00eancia eminentemente estatal. Vai melhorar muito a nossa condi\u00e7\u00e3o log\u00edstica, a competitividade das nossas empresas e baratear os custos dos produtos\u201d, comemorou Botelho, ao lembrar que ALMT se tornou refer\u00eancia para outros estados, um deles \u00e9 Minas Gerais que j\u00e1 se inspirou no projeto.<br \/>\n\u201c\u00c9 hist\u00f3rico registrar que eu e o senador Jayme Campos levamos essa ideia para a Assembleia Legislativa. Foi exatamente o deputado Botelho, a deputada Janaina e o Max Russi que envolveram a todos para conseguir aprovar a Emenda Constitucional na Assembleia Legislativa e, depois a regulamenta\u00e7\u00e3o. Com isso, temos aqui um ato reconhecido pelo governo federal, porque depois de muitas tratativas, conseguimos mostrar que Mato Grosso tem condi\u00e7\u00f5es de liderar esse processo. Representa investimentos de bilh\u00f5es de reais que v\u00e3o gerar muitos empregos e desenvolvimento. Por isso, essa parceria da Assembleia Legislativa foi fundamental, principalmente, do deputado Botelho em acreditar e fazer com que toda a Assembleia se envolvesse nesse processo\u201d, disse o senador Wellington Fagundes, ao destacar que a iniciativa resgata a hist\u00f3ria com Cuiab\u00e1, \u00e0 luta do senador Vicente Vuolo.<br \/>\nDe acordo com o governador Mauro Mendes, a assinatura representa um salto para o progresso. \u201cCompartilho essa felicidade com todos aqueles que trabalharam para isso, a Assembleia Legislativa, a bancada federal e equipe do governo, todos aqueles que de alguma forma direta ou indireta ajudaram a construir essa realidade que vai ser hist\u00f3rica, n\u00e3o s\u00f3 pelo fato que representa, mas pelos desdobramentos futuros, pelo crescimento econ\u00f4mico, pela gera\u00e7\u00e3o de emprego, redu\u00e7\u00e3o de custo, poder permitir que a ind\u00fastria mato-grossense e o com\u00e9rcio tenham um modal de transporte mais barato, chegando at\u00e9 a sua capital e no cora\u00e7\u00e3o central do estado que \u00e9 a regi\u00e3o m\u00e9dio-norte\u201d, afirmou o governador.<\/p>\n","protected":false},"excerpt":{"rendered":"<p>A atua\u00e7\u00e3o da Assembleia Legislativa de Mato Grosso foi destaque durante a cerim\u00f4nia de assinatura do contrato para constru\u00e7\u00e3o, implanta\u00e7\u00e3o e explora\u00e7\u00e3o da 1\u00aa Ferrovia Estadual do Brasil, que vai interligar trechos de Mato Grosso, evento realizado no \u00faltimo dia 20, no Centro de Eventos do Pantanal, em Cuiab\u00e1. A ALMT deu condi\u00e7\u00f5es normativas para [&hellip;]<\/p>\n","protected":false},"author":2,"featured_media":2682,"comment_status":"closed","ping_status":"closed","sticky":false,"template":"","format":"standard","meta":{"iawp_total_views":0,"footnotes":""},"categories":[12],"tags":[],"class_list":["post-2681","post","type-post","status-publish","format-standard","has-post-thumbnail","hentry","category-cidades"],"yoast_head":"<!-- This site is optimized with the Yoast SEO plugin v27.3 - https:\/\/yoast.com\/product\/yoast-seo-wordpress\/ -->\n<title>Um salto para o progresso &#8902; Blog da Condessa<\/title>\n<meta name=\"robots\" content=\"index, follow, max-snippet:-1, max-image-preview:large, max-video-preview:-1\" \/>\n<link rel=\"canonical\" href=\"https:\/\/blogdacondessa.com.br\/blog\/cidades\/um-salto-para-o-progresso\/\" \/>\n<meta property=\"og:locale\" content=\"pt_BR\" \/>\n<meta property=\"og:type\" content=\"article\" \/>\n<meta property=\"og:title\" content=\"Um salto para o progresso &#8902; Blog da Condessa\" \/>\n<meta property=\"og:description\" content=\"A atua\u00e7\u00e3o da Assembleia Legislativa de Mato Grosso foi destaque durante a cerim\u00f4nia de assinatura do contrato para constru\u00e7\u00e3o, implanta\u00e7\u00e3o e explora\u00e7\u00e3o da 1\u00aa Ferrovia Estadual do Brasil, que vai interligar trechos de Mato Grosso, evento realizado no \u00faltimo dia 20, no Centro de Eventos do Pantanal, em Cuiab\u00e1. A ALMT deu condi\u00e7\u00f5es normativas para [&hellip;]\" \/>\n<meta property=\"og:url\" content=\"https:\/\/blogdacondessa.com.br\/blog\/cidades\/um-salto-para-o-progresso\/\" \/>\n<meta property=\"og:site_name\" content=\"Blog da Condessa\" \/>\n<meta property=\"article:published_time\" content=\"2021-09-20T21:48:40+00:00\" \/>\n<meta property=\"og:image\" content=\"https:\/\/blogdacondessa.com.br\/blog\/wp-content\/uploads\/2021\/09\/ferrovia-1.jpg\" \/>\n\t<meta property=\"og:image:width\" content=\"1300\" \/>\n\t<meta property=\"og:image:height\" content=\"867\" \/>\n\t<meta property=\"og:image:type\" content=\"image\/jpeg\" \/>\n<meta name=\"author\" content=\"Blog da Condessa\" \/>\n<meta name=\"twitter:card\" content=\"summary_large_image\" \/>\n<meta name=\"twitter:label1\" content=\"Escrito por\" \/>\n\t<meta name=\"twitter:data1\" content=\"Blog da Condessa\" \/>\n\t<meta name=\"twitter:label2\" content=\"Est. tempo de leitura\" \/>\n\t<meta name=\"twitter:data2\" content=\"3 minutos\" \/>\n<script type=\"application\/ld+json\" class=\"yoast-schema-graph\">{\"@context\":\"https:\\\/\\\/schema.org\",\"@graph\":[{\"@type\":\"Article\",\"@id\":\"https:\\\/\\\/blogdacondessa.com.br\\\/blog\\\/cidades\\\/um-salto-para-o-progresso\\\/#article\",\"isPartOf\":{\"@id\":\"https:\\\/\\\/blogdacondessa.com.br\\\/blog\\\/cidades\\\/um-salto-para-o-progresso\\\/\"},\"author\":{\"name\":\"Blog da Condessa\",\"@id\":\"https:\\\/\\\/blogdacondessa.com.br\\\/blog\\\/#\\\/schema\\\/person\\\/1d667ff8b785195b568677489d266035\"},\"headline\":\"Um salto para o progresso\",\"datePublished\":\"2021-09-20T21:48:40+00:00\",\"mainEntityOfPage\":{\"@id\":\"https:\\\/\\\/blogdacondessa.com.br\\\/blog\\\/cidades\\\/um-salto-para-o-progresso\\\/\"},\"wordCount\":610,\"image\":{\"@id\":\"https:\\\/\\\/blogdacondessa.com.br\\\/blog\\\/cidades\\\/um-salto-para-o-progresso\\\/#primaryimage\"},\"thumbnailUrl\":\"https:\\\/\\\/blogdacondessa.com.br\\\/blog\\\/wp-content\\\/uploads\\\/2021\\\/09\\\/ferrovia-1.jpg\",\"articleSection\":[\"Cidades\"],\"inLanguage\":\"pt-BR\"},{\"@type\":\"WebPage\",\"@id\":\"https:\\\/\\\/blogdacondessa.com.br\\\/blog\\\/cidades\\\/um-salto-para-o-progresso\\\/\",\"url\":\"https:\\\/\\\/blogdacondessa.com.br\\\/blog\\\/cidades\\\/um-salto-para-o-progresso\\\/\",\"name\":\"Um salto para o progresso &#8902; Blog da Condessa\",\"isPartOf\":{\"@id\":\"https:\\\/\\\/blogdacondessa.com.br\\\/blog\\\/#website\"},\"primaryImageOfPage\":{\"@id\":\"https:\\\/\\\/blogdacondessa.com.br\\\/blog\\\/cidades\\\/um-salto-para-o-progresso\\\/#primaryimage\"},\"image\":{\"@id\":\"https:\\\/\\\/blogdacondessa.com.br\\\/blog\\\/cidades\\\/um-salto-para-o-progresso\\\/#primaryimage\"},\"thumbnailUrl\":\"https:\\\/\\\/blogdacondessa.com.br\\\/blog\\\/wp-content\\\/uploads\\\/2021\\\/09\\\/ferrovia-1.jpg\",\"datePublished\":\"2021-09-20T21:48:40+00:00\",\"author\":{\"@id\":\"https:\\\/\\\/blogdacondessa.com.br\\\/blog\\\/#\\\/schema\\\/person\\\/1d667ff8b785195b568677489d266035\"},\"breadcrumb\":{\"@id\":\"https:\\\/\\\/blogdacondessa.com.br\\\/blog\\\/cidades\\\/um-salto-para-o-progresso\\\/#breadcrumb\"},\"inLanguage\":\"pt-BR\",\"potentialAction\":[{\"@type\":\"ReadAction\",\"target\":[\"https:\\\/\\\/blogdacondessa.com.br\\\/blog\\\/cidades\\\/um-salto-para-o-progresso\\\/\"]}]},{\"@type\":\"ImageObject\",\"inLanguage\":\"pt-BR\",\"@id\":\"https:\\\/\\\/blogdacondessa.com.br\\\/blog\\\/cidades\\\/um-salto-para-o-progresso\\\/#primaryimage\",\"url\":\"https:\\\/\\\/blogdacondessa.com.br\\\/blog\\\/wp-content\\\/uploads\\\/2021\\\/09\\\/ferrovia-1.jpg\",\"contentUrl\":\"https:\\\/\\\/blogdacondessa.com.br\\\/blog\\\/wp-content\\\/uploads\\\/2021\\\/09\\\/ferrovia-1.jpg\",\"width\":1300,\"height\":867,\"caption\":\"Foto: MAURICIO BARBANT \\\/ ALMT\"},{\"@type\":\"BreadcrumbList\",\"@id\":\"https:\\\/\\\/blogdacondessa.com.br\\\/blog\\\/cidades\\\/um-salto-para-o-progresso\\\/#breadcrumb\",\"itemListElement\":[{\"@type\":\"ListItem\",\"position\":1,\"name\":\"In\u00edcio\",\"item\":\"https:\\\/\\\/blogdacondessa.com.br\\\/blog\\\/\"},{\"@type\":\"ListItem\",\"position\":2,\"name\":\"Um salto para o progresso\"}]},{\"@type\":\"WebSite\",\"@id\":\"https:\\\/\\\/blogdacondessa.com.br\\\/blog\\\/#website\",\"url\":\"https:\\\/\\\/blogdacondessa.com.br\\\/blog\\\/\",\"name\":\"Blog da Condessa\",\"description\":\"Com Shirley de Souza O\u2019Campos\",\"potentialAction\":[{\"@type\":\"SearchAction\",\"target\":{\"@type\":\"EntryPoint\",\"urlTemplate\":\"https:\\\/\\\/blogdacondessa.com.br\\\/blog\\\/?s={search_term_string}\"},\"query-input\":{\"@type\":\"PropertyValueSpecification\",\"valueRequired\":true,\"valueName\":\"search_term_string\"}}],\"inLanguage\":\"pt-BR\"},{\"@type\":\"Person\",\"@id\":\"https:\\\/\\\/blogdacondessa.com.br\\\/blog\\\/#\\\/schema\\\/person\\\/1d667ff8b785195b568677489d266035\",\"name\":\"Blog da Condessa\",\"image\":{\"@type\":\"ImageObject\",\"inLanguage\":\"pt-BR\",\"@id\":\"https:\\\/\\\/secure.gravatar.com\\\/avatar\\\/377c0eb8b4ad2bfc25461b41564b5971e721ca34a57642868fc7b0c8ac7b52c5?s=96&d=mm&r=g\",\"url\":\"https:\\\/\\\/secure.gravatar.com\\\/avatar\\\/377c0eb8b4ad2bfc25461b41564b5971e721ca34a57642868fc7b0c8ac7b52c5?s=96&d=mm&r=g\",\"contentUrl\":\"https:\\\/\\\/secure.gravatar.com\\\/avatar\\\/377c0eb8b4ad2bfc25461b41564b5971e721ca34a57642868fc7b0c8ac7b52c5?s=96&d=mm&r=g\",\"caption\":\"Blog da Condessa\"},\"url\":\"https:\\\/\\\/blogdacondessa.com.br\\\/blog\\\/author\\\/beatriz\\\/\"}]}<\/script>\n<!-- \/ Yoast SEO plugin. -->","yoast_head_json":{"title":"Um salto para o progresso &#8902; Blog da Condessa","robots":{"index":"index","follow":"follow","max-snippet":"max-snippet:-1","max-image-preview":"max-image-preview:large","max-video-preview":"max-video-preview:-1"},"canonical":"https:\/\/blogdacondessa.com.br\/blog\/cidades\/um-salto-para-o-progresso\/","og_locale":"pt_BR","og_type":"article","og_title":"Um salto para o progresso &#8902; Blog da Condessa","og_description":"A atua\u00e7\u00e3o da Assembleia Legislativa de Mato Grosso foi destaque durante a cerim\u00f4nia de assinatura do contrato para constru\u00e7\u00e3o, implanta\u00e7\u00e3o e explora\u00e7\u00e3o da 1\u00aa Ferrovia Estadual do Brasil, que vai interligar trechos de Mato Grosso, evento realizado no \u00faltimo dia 20, no Centro de Eventos do Pantanal, em Cuiab\u00e1. A ALMT deu condi\u00e7\u00f5es normativas para [&hellip;]","og_url":"https:\/\/blogdacondessa.com.br\/blog\/cidades\/um-salto-para-o-progresso\/","og_site_name":"Blog da Condessa","article_published_time":"2021-09-20T21:48:40+00:00","og_image":[{"width":1300,"height":867,"url":"https:\/\/blogdacondessa.com.br\/blog\/wp-content\/uploads\/2021\/09\/ferrovia-1.jpg","type":"image\/jpeg"}],"author":"Blog da Condessa","twitter_card":"summary_large_image","twitter_misc":{"Escrito por":"Blog da Condessa","Est. tempo de leitura":"3 minutos"},"schema":{"@context":"https:\/\/schema.org","@graph":[{"@type":"Article","@id":"https:\/\/blogdacondessa.com.br\/blog\/cidades\/um-salto-para-o-progresso\/#article","isPartOf":{"@id":"https:\/\/blogdacondessa.com.br\/blog\/cidades\/um-salto-para-o-progresso\/"},"author":{"name":"Blog da Condessa","@id":"https:\/\/blogdacondessa.com.br\/blog\/#\/schema\/person\/1d667ff8b785195b568677489d266035"},"headline":"Um salto para o progresso","datePublished":"2021-09-20T21:48:40+00:00","mainEntityOfPage":{"@id":"https:\/\/blogdacondessa.com.br\/blog\/cidades\/um-salto-para-o-progresso\/"},"wordCount":610,"image":{"@id":"https:\/\/blogdacondessa.com.br\/blog\/cidades\/um-salto-para-o-progresso\/#primaryimage"},"thumbnailUrl":"https:\/\/blogdacondessa.com.br\/blog\/wp-content\/uploads\/2021\/09\/ferrovia-1.jpg","articleSection":["Cidades"],"inLanguage":"pt-BR"},{"@type":"WebPage","@id":"https:\/\/blogdacondessa.com.br\/blog\/cidades\/um-salto-para-o-progresso\/","url":"https:\/\/blogdacondessa.com.br\/blog\/cidades\/um-salto-para-o-progresso\/","name":"Um salto para o progresso &#8902; Blog da Condessa","isPartOf":{"@id":"https:\/\/blogdacondessa.com.br\/blog\/#website"},"primaryImageOfPage":{"@id":"https:\/\/blogdacondessa.com.br\/blog\/cidades\/um-salto-para-o-progresso\/#primaryimage"},"image":{"@id":"https:\/\/blogdacondessa.com.br\/blog\/cidades\/um-salto-para-o-progresso\/#primaryimage"},"thumbnailUrl":"https:\/\/blogdacondessa.com.br\/blog\/wp-content\/uploads\/2021\/09\/ferrovia-1.jpg","datePublished":"2021-09-20T21:48:40+00:00","author":{"@id":"https:\/\/blogdacondessa.com.br\/blog\/#\/schema\/person\/1d667ff8b785195b568677489d266035"},"breadcrumb":{"@id":"https:\/\/blogdacondessa.com.br\/blog\/cidades\/um-salto-para-o-progresso\/#breadcrumb"},"inLanguage":"pt-BR","potentialAction":[{"@type":"ReadAction","target":["https:\/\/blogdacondessa.com.br\/blog\/cidades\/um-salto-para-o-progresso\/"]}]},{"@type":"ImageObject","inLanguage":"pt-BR","@id":"https:\/\/blogdacondessa.com.br\/blog\/cidades\/um-salto-para-o-progresso\/#primaryimage","url":"https:\/\/blogdacondessa.com.br\/blog\/wp-content\/uploads\/2021\/09\/ferrovia-1.jpg","contentUrl":"https:\/\/blogdacondessa.com.br\/blog\/wp-content\/uploads\/2021\/09\/ferrovia-1.jpg","width":1300,"height":867,"caption":"Foto: MAURICIO BARBANT \/ ALMT"},{"@type":"BreadcrumbList","@id":"https:\/\/blogdacondessa.com.br\/blog\/cidades\/um-salto-para-o-progresso\/#breadcrumb","itemListElement":[{"@type":"ListItem","position":1,"name":"In\u00edcio","item":"https:\/\/blogdacondessa.com.br\/blog\/"},{"@type":"ListItem","position":2,"name":"Um salto para o progresso"}]},{"@type":"WebSite","@id":"https:\/\/blogdacondessa.com.br\/blog\/#website","url":"https:\/\/blogdacondessa.com.br\/blog\/","name":"Blog da Condessa","description":"Com Shirley de Souza O\u2019Campos","potentialAction":[{"@type":"SearchAction","target":{"@type":"EntryPoint","urlTemplate":"https:\/\/blogdacondessa.com.br\/blog\/?s={search_term_string}"},"query-input":{"@type":"PropertyValueSpecification","valueRequired":true,"valueName":"search_term_string"}}],"inLanguage":"pt-BR"},{"@type":"Person","@id":"https:\/\/blogdacondessa.com.br\/blog\/#\/schema\/person\/1d667ff8b785195b568677489d266035","name":"Blog da Condessa","image":{"@type":"ImageObject","inLanguage":"pt-BR","@id":"https:\/\/secure.gravatar.com\/avatar\/377c0eb8b4ad2bfc25461b41564b5971e721ca34a57642868fc7b0c8ac7b52c5?s=96&d=mm&r=g","url":"https:\/\/secure.gravatar.com\/avatar\/377c0eb8b4ad2bfc25461b41564b5971e721ca34a57642868fc7b0c8ac7b52c5?s=96&d=mm&r=g","contentUrl":"https:\/\/secure.gravatar.com\/avatar\/377c0eb8b4ad2bfc25461b41564b5971e721ca34a57642868fc7b0c8ac7b52c5?s=96&d=mm&r=g","caption":"Blog da Condessa"},"url":"https:\/\/blogdacondessa.com.br\/blog\/author\/beatriz\/"}]}},"_links":{"self":[{"href":"https:\/\/blogdacondessa.com.br\/blog\/wp-json\/wp\/v2\/posts\/2681","targetHints":{"allow":["GET"]}}],"collection":[{"href":"https:\/\/blogdacondessa.com.br\/blog\/wp-json\/wp\/v2\/posts"}],"about":[{"href":"https:\/\/blogdacondessa.com.br\/blog\/wp-json\/wp\/v2\/types\/post"}],"author":[{"embeddable":true,"href":"https:\/\/blogdacondessa.com.br\/blog\/wp-json\/wp\/v2\/users\/2"}],"replies":[{"embeddable":true,"href":"https:\/\/blogdacondessa.com.br\/blog\/wp-json\/wp\/v2\/comments?post=2681"}],"version-history":[{"count":0,"href":"https:\/\/blogdacondessa.com.br\/blog\/wp-json\/wp\/v2\/posts\/2681\/revisions"}],"wp:featuredmedia":[{"embeddable":true,"href":"https:\/\/blogdacondessa.com.br\/blog\/wp-json\/wp\/v2\/media\/2682"}],"wp:attachment":[{"href":"https:\/\/blogdacondessa.com.br\/blog\/wp-json\/wp\/v2\/media?parent=2681"}],"wp:term":[{"taxonomy":"category","embeddable":true,"href":"https:\/\/blogdacondessa.com.br\/blog\/wp-json\/wp\/v2\/categories?post=2681"},{"taxonomy":"post_tag","embeddable":true,"href":"https:\/\/blogdacondessa.com.br\/blog\/wp-json\/wp\/v2\/tags?post=2681"}],"curies":[{"name":"wp","href":"https:\/\/api.w.org\/{rel}","templated":true}]}}