{"id":2601,"date":"2021-09-20T18:45:01","date_gmt":"2021-09-20T18:45:01","guid":{"rendered":"https:\/\/novo.blogdacondessa.com.br\/?p=2601"},"modified":"2021-09-20T18:45:01","modified_gmt":"2021-09-20T18:45:01","slug":"chita-fuxico","status":"publish","type":"post","link":"https:\/\/blogdacondessa.com.br\/blog\/beleza\/chita-fuxico\/","title":{"rendered":"\u201cChita &#038; Fuxico\u201d"},"content":{"rendered":"<p>Em dezembro ocorrer\u00e1 o evento Collection, cole\u00e7\u00e3o Pr\u00eat-\u00e0-Porter, do projeto Chita &amp; Fuxico, da Associa\u00e7\u00e3o de Mulheres de Neg\u00f3cios e Profissionais -BPW Cuiab\u00e1. O an\u00fancio do que promete ser um boom fashion regional, ser\u00e1 feito atrav\u00e9s de um desfile solid\u00e1rio, que acontece nesta segunda-feira, 20\/9, 19 horas no jardim do Sesc Arsenal. A entrada ser\u00e1 gratuita e a sugest\u00e3o \u00e9 que os convidados fa\u00e7am doa\u00e7\u00e3o de tecidos de chita, em qualquer quantidade.<\/p>\n<p>O desfile solid\u00e1rio n\u00e3o ser\u00e1 um \u201cpreview\u201d do Collection, isso porque n\u00e3o estar\u00e3o exibidos na passarela os modelos com a produ\u00e7\u00e3o fashion, que est\u00e1 sendo criada, com o olhar cuidadoso de Edson Guilherme produtor de moda. \u201cIsso \u00e9 segredo, escondido a sete chaves\u201d disse Andr\u00e9a Barbosa, presidente da BPW Cuiab\u00e1, que \u00e9\u00a0 consultora de imagem e estilo. Ela informou que o evento que marca os 20 anos da institui\u00e7\u00e3o e que tem data e local marcados, 6 de dezembro no Buffet Leila Malouf, ser\u00e1 muito original, mas pouco pode revelar sobre o acontecimento.<\/p>\n<p>\u201cA passarela ser\u00e1 palco de cores marcante que transmitem alegria e valorizam a cultura e o regionalismo mato-grossense de forma sustent\u00e1vel e elegante, com inspira\u00e7\u00e3o\u00a0 nos modelos das maiores marcas de luxo para a moda mundial\u201d,\u00a0 destacou Andr\u00e9a. Ela apontou que a ideia \u00e9 mostrar em dezembro, o que h\u00e1 de melhor com estilo e glamour, valorizando os aspectos da nossa regionalidade. &#8220;Al\u00e9m das estampas da chita e os acess\u00f3rios de fuxico, as pe\u00e7as contar\u00e3o com a presen\u00e7a marcante da\u00a0 fauna e flora, das tradi\u00e7\u00f5es ribeirinhas e ind\u00edgenas. Com certeza um desafio para a BPW Cuiab\u00e1 e parceiros da iniciativa\u201d, disse a presidente.<\/p>\n<p>Zilda Zompero, coordenadora de Responsabilidade Social da BPW Cuiab\u00e1, idealizou o Collection partindo de um desfile que viu da Chanel. O encantamento traduziu o sonho de fazer do Chita &amp; Fuxico, uma griffe regional,\u00a0 com proje\u00e7\u00e3o para o mercado da moda em n\u00edvel nacional e internacional. Ao lado da presidente ela tem se empenhado para os melhores resultados.<\/p>\n<p><strong>Sobre o desfile solid\u00e1rio\u00a0<\/strong><\/p>\n<p>A programa\u00e7\u00e3o do desfile solid\u00e1rio ser\u00e1 transmitida via plataformas digitais, inclusive no Instagram @bpwcuiaba. Ter\u00e1 a participa\u00e7\u00e3o de modelos profissionais, mas a maioria ser\u00e1\u00a0 as mulheres representantes da BPW Cuiab\u00e1, que mostrar\u00e3o modelos que passam a fazer parte de seus looks no cotidiano. A primeira dama de Mato Grosso, Virginia Mendes, embaixadora estadual do projeto confirmou presen\u00e7a.<\/p>\n<p><strong>Sobre o projeto\u00a0<\/strong><\/p>\n<p>A sustentabilidade est\u00e1 no eixo estrutural do Projeto Chita &amp; Fuxico, que\u00a0 foi criado no final de 2018, pela fundadora da BPW Cuiab\u00e1, Sueli Batista,\u00a0 com o objetivo de qualificar e gerar renda \u00e0s mulheres em situa\u00e7\u00e3o de vulnerabilidade social, por renda; v\u00edtimas de viol\u00eancia dom\u00e9stica e m\u00e3es de crian\u00e7as com necessidades especiais. Visa tamb\u00e9m ampliar fonte de recursos financeiros\u00a0 para a BPW Cuiab\u00e1,\u00a0 objetivando o fomento de projetos socioculturais que impactam de maneira positiva a sociedade promovendo o seu empoderamento.<\/p>\n<p>Em\u00a0 2020 o projeto come\u00e7ou a decolar, tendo recursos pr\u00f3prios para a instala\u00e7\u00e3o de n\u00facleos de produ\u00e7\u00f5es formais para linhas que contemplam cama, mesa, banho, acess\u00f3rios e vestu\u00e1rios.<\/p>\n<p>O primeiro N\u00facleo Flor Ribeirinha, foi instalado em junho no Quintal da Domingas no bairro S\u00e3o\u00a0 Gon\u00e7alo Beira Rio. O segundo, N\u00facleo Florescer\u00a0 ser\u00e1 instalado\u00a0 dia 25 de setembro, na Associa\u00e7\u00e3o Seara de Luz, no bairro Liberdade. Para 2022 est\u00e1 previsto um n\u00facleo no Jardim Vit\u00f3ria.<\/p>\n<p>Em 2021 o projeto\u00a0 passou a contar com consultoria especializada, chamou a aten\u00e7\u00e3o de\u00a0 Fernanda Maximiano e La\u00eds Gulin, empreendedoras de Curitiba, que com suas expertises passaram a buscar caminhos para a expans\u00e3o do Chita &amp; Fuxico.<\/p>\n<p><strong>Os parceiros\u00a0 do desfile solid\u00e1rio<\/strong><\/p>\n<p>Para a realiza\u00e7\u00e3o evento a BPW Cuiab\u00e1 conta com a parceria do Sistema Fecomercio\/ Sesc e Senac de Mato Grosso, Edson Guilherme e Marcos Correia; o\u00a0 patroc\u00ednio da Eletro Fios e da Contam Assessoria Cont\u00e1bil e Empresarial, al\u00e9m de apoios da Cleide Im\u00f3veis, Portal Rosa Choque, Rafael Moraes fotografia, Manah Palace Hotel \u00e9 Rafaela Souza Haddad.<\/p>\n","protected":false},"excerpt":{"rendered":"<p>Em dezembro ocorrer\u00e1 o evento Collection, cole\u00e7\u00e3o Pr\u00eat-\u00e0-Porter, do projeto Chita &amp; Fuxico, da Associa\u00e7\u00e3o de Mulheres de Neg\u00f3cios e Profissionais -BPW Cuiab\u00e1. O an\u00fancio do que promete ser um boom fashion regional, ser\u00e1 feito atrav\u00e9s de um desfile solid\u00e1rio, que acontece nesta segunda-feira, 20\/9, 19 horas no jardim do Sesc Arsenal. A entrada ser\u00e1 [&hellip;]<\/p>\n","protected":false},"author":2,"featured_media":2602,"comment_status":"closed","ping_status":"closed","sticky":false,"template":"","format":"standard","meta":{"iawp_total_views":7,"footnotes":""},"categories":[17,21],"tags":[],"class_list":["post-2601","post","type-post","status-publish","format-standard","has-post-thumbnail","hentry","category-beleza","category-moda"],"yoast_head":"<!-- This site is optimized with the Yoast SEO plugin v27.3 - https:\/\/yoast.com\/product\/yoast-seo-wordpress\/ -->\n<title>\u201cChita &amp; Fuxico\u201d &#8902; Blog da Condessa<\/title>\n<meta name=\"robots\" content=\"index, follow, max-snippet:-1, max-image-preview:large, max-video-preview:-1\" \/>\n<link rel=\"canonical\" href=\"https:\/\/blogdacondessa.com.br\/blog\/beleza\/chita-fuxico\/\" \/>\n<meta property=\"og:locale\" content=\"pt_BR\" \/>\n<meta property=\"og:type\" content=\"article\" \/>\n<meta property=\"og:title\" content=\"\u201cChita &amp; Fuxico\u201d &#8902; Blog da Condessa\" \/>\n<meta property=\"og:description\" content=\"Em dezembro ocorrer\u00e1 o evento Collection, cole\u00e7\u00e3o Pr\u00eat-\u00e0-Porter, do projeto Chita &amp; Fuxico, da Associa\u00e7\u00e3o de Mulheres de Neg\u00f3cios e Profissionais -BPW Cuiab\u00e1. O an\u00fancio do que promete ser um boom fashion regional, ser\u00e1 feito atrav\u00e9s de um desfile solid\u00e1rio, que acontece nesta segunda-feira, 20\/9, 19 horas no jardim do Sesc Arsenal. A entrada ser\u00e1 [&hellip;]\" \/>\n<meta property=\"og:url\" content=\"https:\/\/blogdacondessa.com.br\/blog\/beleza\/chita-fuxico\/\" \/>\n<meta property=\"og:site_name\" content=\"Blog da Condessa\" \/>\n<meta property=\"article:published_time\" content=\"2021-09-20T18:45:01+00:00\" \/>\n<meta property=\"og:image\" content=\"https:\/\/blogdacondessa.com.br\/blog\/wp-content\/uploads\/2021\/09\/1-1.jpg\" \/>\n\t<meta property=\"og:image:width\" content=\"1125\" \/>\n\t<meta property=\"og:image:height\" content=\"857\" \/>\n\t<meta property=\"og:image:type\" content=\"image\/jpeg\" \/>\n<meta name=\"author\" content=\"Blog da Condessa\" \/>\n<meta name=\"twitter:card\" content=\"summary_large_image\" \/>\n<meta name=\"twitter:label1\" content=\"Escrito por\" \/>\n\t<meta name=\"twitter:data1\" content=\"Blog da Condessa\" \/>\n\t<meta name=\"twitter:label2\" content=\"Est. tempo de leitura\" \/>\n\t<meta name=\"twitter:data2\" content=\"3 minutos\" \/>\n<script type=\"application\/ld+json\" class=\"yoast-schema-graph\">{\"@context\":\"https:\\\/\\\/schema.org\",\"@graph\":[{\"@type\":\"Article\",\"@id\":\"https:\\\/\\\/blogdacondessa.com.br\\\/blog\\\/beleza\\\/chita-fuxico\\\/#article\",\"isPartOf\":{\"@id\":\"https:\\\/\\\/blogdacondessa.com.br\\\/blog\\\/beleza\\\/chita-fuxico\\\/\"},\"author\":{\"name\":\"Blog da Condessa\",\"@id\":\"https:\\\/\\\/blogdacondessa.com.br\\\/blog\\\/#\\\/schema\\\/person\\\/1d667ff8b785195b568677489d266035\"},\"headline\":\"\u201cChita &#038; Fuxico\u201d\",\"datePublished\":\"2021-09-20T18:45:01+00:00\",\"mainEntityOfPage\":{\"@id\":\"https:\\\/\\\/blogdacondessa.com.br\\\/blog\\\/beleza\\\/chita-fuxico\\\/\"},\"wordCount\":697,\"image\":{\"@id\":\"https:\\\/\\\/blogdacondessa.com.br\\\/blog\\\/beleza\\\/chita-fuxico\\\/#primaryimage\"},\"thumbnailUrl\":\"https:\\\/\\\/blogdacondessa.com.br\\\/blog\\\/wp-content\\\/uploads\\\/2021\\\/09\\\/1-1.jpg\",\"articleSection\":[\"Beleza\",\"Moda\"],\"inLanguage\":\"pt-BR\"},{\"@type\":\"WebPage\",\"@id\":\"https:\\\/\\\/blogdacondessa.com.br\\\/blog\\\/beleza\\\/chita-fuxico\\\/\",\"url\":\"https:\\\/\\\/blogdacondessa.com.br\\\/blog\\\/beleza\\\/chita-fuxico\\\/\",\"name\":\"\u201cChita & Fuxico\u201d &#8902; Blog da Condessa\",\"isPartOf\":{\"@id\":\"https:\\\/\\\/blogdacondessa.com.br\\\/blog\\\/#website\"},\"primaryImageOfPage\":{\"@id\":\"https:\\\/\\\/blogdacondessa.com.br\\\/blog\\\/beleza\\\/chita-fuxico\\\/#primaryimage\"},\"image\":{\"@id\":\"https:\\\/\\\/blogdacondessa.com.br\\\/blog\\\/beleza\\\/chita-fuxico\\\/#primaryimage\"},\"thumbnailUrl\":\"https:\\\/\\\/blogdacondessa.com.br\\\/blog\\\/wp-content\\\/uploads\\\/2021\\\/09\\\/1-1.jpg\",\"datePublished\":\"2021-09-20T18:45:01+00:00\",\"author\":{\"@id\":\"https:\\\/\\\/blogdacondessa.com.br\\\/blog\\\/#\\\/schema\\\/person\\\/1d667ff8b785195b568677489d266035\"},\"breadcrumb\":{\"@id\":\"https:\\\/\\\/blogdacondessa.com.br\\\/blog\\\/beleza\\\/chita-fuxico\\\/#breadcrumb\"},\"inLanguage\":\"pt-BR\",\"potentialAction\":[{\"@type\":\"ReadAction\",\"target\":[\"https:\\\/\\\/blogdacondessa.com.br\\\/blog\\\/beleza\\\/chita-fuxico\\\/\"]}]},{\"@type\":\"ImageObject\",\"inLanguage\":\"pt-BR\",\"@id\":\"https:\\\/\\\/blogdacondessa.com.br\\\/blog\\\/beleza\\\/chita-fuxico\\\/#primaryimage\",\"url\":\"https:\\\/\\\/blogdacondessa.com.br\\\/blog\\\/wp-content\\\/uploads\\\/2021\\\/09\\\/1-1.jpg\",\"contentUrl\":\"https:\\\/\\\/blogdacondessa.com.br\\\/blog\\\/wp-content\\\/uploads\\\/2021\\\/09\\\/1-1.jpg\",\"width\":1125,\"height\":857},{\"@type\":\"BreadcrumbList\",\"@id\":\"https:\\\/\\\/blogdacondessa.com.br\\\/blog\\\/beleza\\\/chita-fuxico\\\/#breadcrumb\",\"itemListElement\":[{\"@type\":\"ListItem\",\"position\":1,\"name\":\"In\u00edcio\",\"item\":\"https:\\\/\\\/blogdacondessa.com.br\\\/blog\\\/\"},{\"@type\":\"ListItem\",\"position\":2,\"name\":\"\u201cChita &#038; Fuxico\u201d\"}]},{\"@type\":\"WebSite\",\"@id\":\"https:\\\/\\\/blogdacondessa.com.br\\\/blog\\\/#website\",\"url\":\"https:\\\/\\\/blogdacondessa.com.br\\\/blog\\\/\",\"name\":\"Blog da Condessa\",\"description\":\"Com Shirley de Souza O\u2019Campos\",\"potentialAction\":[{\"@type\":\"SearchAction\",\"target\":{\"@type\":\"EntryPoint\",\"urlTemplate\":\"https:\\\/\\\/blogdacondessa.com.br\\\/blog\\\/?s={search_term_string}\"},\"query-input\":{\"@type\":\"PropertyValueSpecification\",\"valueRequired\":true,\"valueName\":\"search_term_string\"}}],\"inLanguage\":\"pt-BR\"},{\"@type\":\"Person\",\"@id\":\"https:\\\/\\\/blogdacondessa.com.br\\\/blog\\\/#\\\/schema\\\/person\\\/1d667ff8b785195b568677489d266035\",\"name\":\"Blog da Condessa\",\"image\":{\"@type\":\"ImageObject\",\"inLanguage\":\"pt-BR\",\"@id\":\"https:\\\/\\\/secure.gravatar.com\\\/avatar\\\/377c0eb8b4ad2bfc25461b41564b5971e721ca34a57642868fc7b0c8ac7b52c5?s=96&d=mm&r=g\",\"url\":\"https:\\\/\\\/secure.gravatar.com\\\/avatar\\\/377c0eb8b4ad2bfc25461b41564b5971e721ca34a57642868fc7b0c8ac7b52c5?s=96&d=mm&r=g\",\"contentUrl\":\"https:\\\/\\\/secure.gravatar.com\\\/avatar\\\/377c0eb8b4ad2bfc25461b41564b5971e721ca34a57642868fc7b0c8ac7b52c5?s=96&d=mm&r=g\",\"caption\":\"Blog da Condessa\"},\"url\":\"https:\\\/\\\/blogdacondessa.com.br\\\/blog\\\/author\\\/beatriz\\\/\"}]}<\/script>\n<!-- \/ Yoast SEO plugin. -->","yoast_head_json":{"title":"\u201cChita & Fuxico\u201d &#8902; Blog da Condessa","robots":{"index":"index","follow":"follow","max-snippet":"max-snippet:-1","max-image-preview":"max-image-preview:large","max-video-preview":"max-video-preview:-1"},"canonical":"https:\/\/blogdacondessa.com.br\/blog\/beleza\/chita-fuxico\/","og_locale":"pt_BR","og_type":"article","og_title":"\u201cChita & Fuxico\u201d &#8902; Blog da Condessa","og_description":"Em dezembro ocorrer\u00e1 o evento Collection, cole\u00e7\u00e3o Pr\u00eat-\u00e0-Porter, do projeto Chita &amp; Fuxico, da Associa\u00e7\u00e3o de Mulheres de Neg\u00f3cios e Profissionais -BPW Cuiab\u00e1. O an\u00fancio do que promete ser um boom fashion regional, ser\u00e1 feito atrav\u00e9s de um desfile solid\u00e1rio, que acontece nesta segunda-feira, 20\/9, 19 horas no jardim do Sesc Arsenal. A entrada ser\u00e1 [&hellip;]","og_url":"https:\/\/blogdacondessa.com.br\/blog\/beleza\/chita-fuxico\/","og_site_name":"Blog da Condessa","article_published_time":"2021-09-20T18:45:01+00:00","og_image":[{"width":1125,"height":857,"url":"https:\/\/blogdacondessa.com.br\/blog\/wp-content\/uploads\/2021\/09\/1-1.jpg","type":"image\/jpeg"}],"author":"Blog da Condessa","twitter_card":"summary_large_image","twitter_misc":{"Escrito por":"Blog da Condessa","Est. tempo de leitura":"3 minutos"},"schema":{"@context":"https:\/\/schema.org","@graph":[{"@type":"Article","@id":"https:\/\/blogdacondessa.com.br\/blog\/beleza\/chita-fuxico\/#article","isPartOf":{"@id":"https:\/\/blogdacondessa.com.br\/blog\/beleza\/chita-fuxico\/"},"author":{"name":"Blog da Condessa","@id":"https:\/\/blogdacondessa.com.br\/blog\/#\/schema\/person\/1d667ff8b785195b568677489d266035"},"headline":"\u201cChita &#038; Fuxico\u201d","datePublished":"2021-09-20T18:45:01+00:00","mainEntityOfPage":{"@id":"https:\/\/blogdacondessa.com.br\/blog\/beleza\/chita-fuxico\/"},"wordCount":697,"image":{"@id":"https:\/\/blogdacondessa.com.br\/blog\/beleza\/chita-fuxico\/#primaryimage"},"thumbnailUrl":"https:\/\/blogdacondessa.com.br\/blog\/wp-content\/uploads\/2021\/09\/1-1.jpg","articleSection":["Beleza","Moda"],"inLanguage":"pt-BR"},{"@type":"WebPage","@id":"https:\/\/blogdacondessa.com.br\/blog\/beleza\/chita-fuxico\/","url":"https:\/\/blogdacondessa.com.br\/blog\/beleza\/chita-fuxico\/","name":"\u201cChita & Fuxico\u201d &#8902; Blog da Condessa","isPartOf":{"@id":"https:\/\/blogdacondessa.com.br\/blog\/#website"},"primaryImageOfPage":{"@id":"https:\/\/blogdacondessa.com.br\/blog\/beleza\/chita-fuxico\/#primaryimage"},"image":{"@id":"https:\/\/blogdacondessa.com.br\/blog\/beleza\/chita-fuxico\/#primaryimage"},"thumbnailUrl":"https:\/\/blogdacondessa.com.br\/blog\/wp-content\/uploads\/2021\/09\/1-1.jpg","datePublished":"2021-09-20T18:45:01+00:00","author":{"@id":"https:\/\/blogdacondessa.com.br\/blog\/#\/schema\/person\/1d667ff8b785195b568677489d266035"},"breadcrumb":{"@id":"https:\/\/blogdacondessa.com.br\/blog\/beleza\/chita-fuxico\/#breadcrumb"},"inLanguage":"pt-BR","potentialAction":[{"@type":"ReadAction","target":["https:\/\/blogdacondessa.com.br\/blog\/beleza\/chita-fuxico\/"]}]},{"@type":"ImageObject","inLanguage":"pt-BR","@id":"https:\/\/blogdacondessa.com.br\/blog\/beleza\/chita-fuxico\/#primaryimage","url":"https:\/\/blogdacondessa.com.br\/blog\/wp-content\/uploads\/2021\/09\/1-1.jpg","contentUrl":"https:\/\/blogdacondessa.com.br\/blog\/wp-content\/uploads\/2021\/09\/1-1.jpg","width":1125,"height":857},{"@type":"BreadcrumbList","@id":"https:\/\/blogdacondessa.com.br\/blog\/beleza\/chita-fuxico\/#breadcrumb","itemListElement":[{"@type":"ListItem","position":1,"name":"In\u00edcio","item":"https:\/\/blogdacondessa.com.br\/blog\/"},{"@type":"ListItem","position":2,"name":"\u201cChita &#038; Fuxico\u201d"}]},{"@type":"WebSite","@id":"https:\/\/blogdacondessa.com.br\/blog\/#website","url":"https:\/\/blogdacondessa.com.br\/blog\/","name":"Blog da Condessa","description":"Com Shirley de Souza O\u2019Campos","potentialAction":[{"@type":"SearchAction","target":{"@type":"EntryPoint","urlTemplate":"https:\/\/blogdacondessa.com.br\/blog\/?s={search_term_string}"},"query-input":{"@type":"PropertyValueSpecification","valueRequired":true,"valueName":"search_term_string"}}],"inLanguage":"pt-BR"},{"@type":"Person","@id":"https:\/\/blogdacondessa.com.br\/blog\/#\/schema\/person\/1d667ff8b785195b568677489d266035","name":"Blog da Condessa","image":{"@type":"ImageObject","inLanguage":"pt-BR","@id":"https:\/\/secure.gravatar.com\/avatar\/377c0eb8b4ad2bfc25461b41564b5971e721ca34a57642868fc7b0c8ac7b52c5?s=96&d=mm&r=g","url":"https:\/\/secure.gravatar.com\/avatar\/377c0eb8b4ad2bfc25461b41564b5971e721ca34a57642868fc7b0c8ac7b52c5?s=96&d=mm&r=g","contentUrl":"https:\/\/secure.gravatar.com\/avatar\/377c0eb8b4ad2bfc25461b41564b5971e721ca34a57642868fc7b0c8ac7b52c5?s=96&d=mm&r=g","caption":"Blog da Condessa"},"url":"https:\/\/blogdacondessa.com.br\/blog\/author\/beatriz\/"}]}},"_links":{"self":[{"href":"https:\/\/blogdacondessa.com.br\/blog\/wp-json\/wp\/v2\/posts\/2601","targetHints":{"allow":["GET"]}}],"collection":[{"href":"https:\/\/blogdacondessa.com.br\/blog\/wp-json\/wp\/v2\/posts"}],"about":[{"href":"https:\/\/blogdacondessa.com.br\/blog\/wp-json\/wp\/v2\/types\/post"}],"author":[{"embeddable":true,"href":"https:\/\/blogdacondessa.com.br\/blog\/wp-json\/wp\/v2\/users\/2"}],"replies":[{"embeddable":true,"href":"https:\/\/blogdacondessa.com.br\/blog\/wp-json\/wp\/v2\/comments?post=2601"}],"version-history":[{"count":0,"href":"https:\/\/blogdacondessa.com.br\/blog\/wp-json\/wp\/v2\/posts\/2601\/revisions"}],"wp:featuredmedia":[{"embeddable":true,"href":"https:\/\/blogdacondessa.com.br\/blog\/wp-json\/wp\/v2\/media\/2602"}],"wp:attachment":[{"href":"https:\/\/blogdacondessa.com.br\/blog\/wp-json\/wp\/v2\/media?parent=2601"}],"wp:term":[{"taxonomy":"category","embeddable":true,"href":"https:\/\/blogdacondessa.com.br\/blog\/wp-json\/wp\/v2\/categories?post=2601"},{"taxonomy":"post_tag","embeddable":true,"href":"https:\/\/blogdacondessa.com.br\/blog\/wp-json\/wp\/v2\/tags?post=2601"}],"curies":[{"name":"wp","href":"https:\/\/api.w.org\/{rel}","templated":true}]}}