{"id":2596,"date":"2021-09-20T18:12:41","date_gmt":"2021-09-20T18:12:41","guid":{"rendered":"https:\/\/novo.blogdacondessa.com.br\/?p=2596"},"modified":"2021-09-20T18:12:41","modified_gmt":"2021-09-20T18:12:41","slug":"na-xa-cara","status":"publish","type":"post","link":"https:\/\/blogdacondessa.com.br\/blog\/cultura\/na-xa-cara\/","title":{"rendered":"\u201cNa X\u00e1 Cara\u201d"},"content":{"rendered":"<p>Os f\u00e3s de jazz fusion t\u00eam\u00a0motivo para comemorar. Nesta segunda-feira (20) ser\u00e1 lan\u00e7ado disco com \u201csotaque cuiabano\u201d, em que m\u00fasicos\u00a0da Tocandira adicionam ao g\u00eanero, tamb\u00e9m o rasqueado, rock, MPB e at\u00e9 disco music. O nome irreverente \u201cNa X\u00e1 Cara\u201d \u00e9 resultado de pesquisas musicais e mix de t\u00e9cnicas apuradas e traduz o peso com que o som chega aos ouvidos de quem o escuta.<\/p>\n<p>O novo trabalho da banda ser\u00e1 disponibilizado nas principais plataformas de streaming, que podem ser acessadas no endere\u00e7o\u00a0<a href=\"https:\/\/linktr.ee\/tocandira\">https:\/\/linktr.ee\/tocandira<\/a>, a partir das 19h. Comp\u00f5em o trio, o guitarrista Danilo Bareiro, o baterista \u00c9der Uch\u00f4a e o baixista Wellington Ber\u00ea.<\/p>\n<p>O projeto do disco foi aprovado em edital da Lei Federal Aldir Blanc em Cuiab\u00e1, executada pela Secretaria de Cultura, Esporte e Lazer, com apoio do Conselho Municipal de Pol\u00edtica Cultura de Cuiab\u00e1. Diretor art\u00edstico e produtor do disco, Danilo se emociona ao falar do trabalho, que tem produ\u00e7\u00e3o executiva \u00e9 de Vicente de Albuquerque.<\/p>\n<p>\u201cFoi um processo de produ\u00e7\u00e3o \u00fanico em nossas vidas. Diante do \u2018chamado\u2019 do edital nos lan\u00e7amos a produzir m\u00fasicas do zero e o resultado, para n\u00f3s, foi incr\u00edvel. Esse projeto se concretiza a partir do est\u00edmulo da pol\u00edtica cultural\u201d.<\/p>\n<p>O disco tem sete faixas e renova a parceria dos m\u00fasicos da banda e conta ainda com participa\u00e7\u00f5es especiais do tecladista Igor Mariano e do saxofonista Phellyppe Sabo. Quem assina a mixagem \u00e9 o \u00e1udio designer, Tchucka Jr.<\/p>\n<p>\u201cEu, \u00c9der e Ber\u00ea, parceiros de longa data e m\u00fasicos que formam a Tocandira mergulhamos em um processo t\u00e3o imersivo que por vezes alcan\u00e7amos a marca de 24 horas de produ\u00e7\u00e3o ininterrupta. Fechamos sete m\u00fasicas, mas adiantamos, temos um bom material para um pr\u00f3ximo disco\u201d, anuncia Danilo Bareiro.<\/p>\n<p>Na identidade plural do disco, ele enfatiza que a pesquisa com ritmos regionais de \u00c9der Uch\u00f4a influenciou muito e assim, o rasqueado e o cururu se fizeram presentes. Caso, de \u201cJazz queira ou n\u00e3o\u201d. Essa m\u00fasica tem a participa\u00e7\u00e3o de Igor Mariano. \u201cFicou um jazz com rasqueado, com pop e at\u00e9 disco music\u201d, descreve Danilo, ao falar da m\u00fasica mais ensolarada.<\/p>\n<p>Outra m\u00fasica, a \u201c32 passos para o precip\u00edcio\u201d &#8211; ideia de \u00c9der Uch\u00f4a -, tem acordes complexos aos quais foram adicionados samplers de internet. \u201cFicou um monstro elaborado. Passei 12 horas compondo os arranjos e Wellington fez a melodia\u201d, diverte-se Danilo.<\/p>\n<p>\u201cJ\u00e1 a Lamflex come\u00e7ou com uma proposta de lambad\u00e3o, mas acabou que a influ\u00eancia do metal se sobrep\u00f4s. A prop\u00f3sito, a presen\u00e7a do metal \u00e9 marcante no disco todo por causa do pedal duplo que o \u00c9der utiliza. J\u00e1 Ber\u00ea se utiliza muito da t\u00e9cnica de slap no contrabaixo. Ele foi influenciado pelos estudos que v\u00eam desenvolvendo\u201d, aponta.<\/p>\n<p>\u201cCajueiro rei e os cajus do arco-\u00edris&#8221;, com o sax de Phe Sabo, no que diz respeito ao local de cria\u00e7\u00e3o, tem tudo a ver com a cultura cuiabana. Compusemos debaixo de um cajueiro. Naquele dia chovia muito e um arco-\u00edris surgiu por detr\u00e1s dele\u201d, relembra.<\/p>\n<p>\u201cFlores de Gard\u00eania\u201d foi presente para Gard\u00eas, casada com Wellington Ber\u00ea. \u201cEle saiu para busca-la porque \u00edamos comemorar o anivers\u00e1rio dela e quando voltaram, a m\u00fasica j\u00e1 estava composta\u201d.<\/p>\n<p>Outra faixa, foi dedicada a Cristhiane. Ganhou o t\u00edtulo \u201cSh\u00e9\u201d, apelido carinhoso dado por Danilo \u00e0 esposa.<\/p>\n<p>Por fim, Na X\u00e1 Cara \u00e9 um h\u00edbrido de todas as influ\u00eancias, t\u00e9cnicas e g\u00eaneros que delinearam a trajet\u00f3ria dos tr\u00eas m\u00fasicos. \u201cE \u00e9 principalmente, fruto de tudo que est\u00e1 rolando na nossa mente atualmente: tem slap, metal, rasqueado e compasso sete por quatro. Ela descende de uma m\u00fasica que compus quando tinha um projeto com \u00c9der, o Jaburu\u201d.<\/p>\n<p>Danilo celebra o momento e acredita que o disco vai trazer frescor na vida de quem curte um bom jazz fusion. \u201cAfinal, sabemos por experi\u00eancia das apresenta\u00e7\u00f5es na noite mato-grossense, da observa\u00e7\u00e3o de nossas andan\u00e7as pelo Estado, que h\u00e1 um p\u00fablico consumidor \u00e1vido por trabalhos como este\u201d.<\/p>\n","protected":false},"excerpt":{"rendered":"<p>Os f\u00e3s de jazz fusion t\u00eam\u00a0motivo para comemorar. Nesta segunda-feira (20) ser\u00e1 lan\u00e7ado disco com \u201csotaque cuiabano\u201d, em que m\u00fasicos\u00a0da Tocandira adicionam ao g\u00eanero, tamb\u00e9m o rasqueado, rock, MPB e at\u00e9 disco music. O nome irreverente \u201cNa X\u00e1 Cara\u201d \u00e9 resultado de pesquisas musicais e mix de t\u00e9cnicas apuradas e traduz o peso com que [&hellip;]<\/p>\n","protected":false},"author":2,"featured_media":2597,"comment_status":"closed","ping_status":"closed","sticky":false,"template":"","format":"standard","meta":{"iawp_total_views":0,"footnotes":""},"categories":[18],"tags":[],"class_list":["post-2596","post","type-post","status-publish","format-standard","has-post-thumbnail","hentry","category-cultura"],"yoast_head":"<!-- This site is optimized with the Yoast SEO plugin v27.3 - https:\/\/yoast.com\/product\/yoast-seo-wordpress\/ -->\n<title>\u201cNa X\u00e1 Cara\u201d &#8902; Blog da Condessa<\/title>\n<meta name=\"robots\" content=\"index, follow, max-snippet:-1, max-image-preview:large, max-video-preview:-1\" \/>\n<link rel=\"canonical\" href=\"https:\/\/blogdacondessa.com.br\/blog\/cultura\/na-xa-cara\/\" \/>\n<meta property=\"og:locale\" content=\"pt_BR\" \/>\n<meta property=\"og:type\" content=\"article\" \/>\n<meta property=\"og:title\" content=\"\u201cNa X\u00e1 Cara\u201d &#8902; Blog da Condessa\" \/>\n<meta property=\"og:description\" content=\"Os f\u00e3s de jazz fusion t\u00eam\u00a0motivo para comemorar. Nesta segunda-feira (20) ser\u00e1 lan\u00e7ado disco com \u201csotaque cuiabano\u201d, em que m\u00fasicos\u00a0da Tocandira adicionam ao g\u00eanero, tamb\u00e9m o rasqueado, rock, MPB e at\u00e9 disco music. O nome irreverente \u201cNa X\u00e1 Cara\u201d \u00e9 resultado de pesquisas musicais e mix de t\u00e9cnicas apuradas e traduz o peso com que [&hellip;]\" \/>\n<meta property=\"og:url\" content=\"https:\/\/blogdacondessa.com.br\/blog\/cultura\/na-xa-cara\/\" \/>\n<meta property=\"og:site_name\" content=\"Blog da Condessa\" \/>\n<meta property=\"article:published_time\" content=\"2021-09-20T18:12:41+00:00\" \/>\n<meta property=\"og:image\" content=\"https:\/\/blogdacondessa.com.br\/blog\/wp-content\/uploads\/2021\/09\/tocandira.jpg\" \/>\n\t<meta property=\"og:image:width\" content=\"590\" \/>\n\t<meta property=\"og:image:height\" content=\"330\" \/>\n\t<meta property=\"og:image:type\" content=\"image\/jpeg\" \/>\n<meta name=\"author\" content=\"Blog da Condessa\" \/>\n<meta name=\"twitter:card\" content=\"summary_large_image\" \/>\n<meta name=\"twitter:label1\" content=\"Escrito por\" \/>\n\t<meta name=\"twitter:data1\" content=\"Blog da Condessa\" \/>\n\t<meta name=\"twitter:label2\" content=\"Est. tempo de leitura\" \/>\n\t<meta name=\"twitter:data2\" content=\"4 minutos\" \/>\n<script type=\"application\/ld+json\" class=\"yoast-schema-graph\">{\"@context\":\"https:\\\/\\\/schema.org\",\"@graph\":[{\"@type\":\"Article\",\"@id\":\"https:\\\/\\\/blogdacondessa.com.br\\\/blog\\\/cultura\\\/na-xa-cara\\\/#article\",\"isPartOf\":{\"@id\":\"https:\\\/\\\/blogdacondessa.com.br\\\/blog\\\/cultura\\\/na-xa-cara\\\/\"},\"author\":{\"name\":\"Blog da Condessa\",\"@id\":\"https:\\\/\\\/blogdacondessa.com.br\\\/blog\\\/#\\\/schema\\\/person\\\/1d667ff8b785195b568677489d266035\"},\"headline\":\"\u201cNa X\u00e1 Cara\u201d\",\"datePublished\":\"2021-09-20T18:12:41+00:00\",\"mainEntityOfPage\":{\"@id\":\"https:\\\/\\\/blogdacondessa.com.br\\\/blog\\\/cultura\\\/na-xa-cara\\\/\"},\"wordCount\":704,\"image\":{\"@id\":\"https:\\\/\\\/blogdacondessa.com.br\\\/blog\\\/cultura\\\/na-xa-cara\\\/#primaryimage\"},\"thumbnailUrl\":\"https:\\\/\\\/blogdacondessa.com.br\\\/blog\\\/wp-content\\\/uploads\\\/2021\\\/09\\\/tocandira.jpg\",\"articleSection\":[\"Cultura\"],\"inLanguage\":\"pt-BR\"},{\"@type\":\"WebPage\",\"@id\":\"https:\\\/\\\/blogdacondessa.com.br\\\/blog\\\/cultura\\\/na-xa-cara\\\/\",\"url\":\"https:\\\/\\\/blogdacondessa.com.br\\\/blog\\\/cultura\\\/na-xa-cara\\\/\",\"name\":\"\u201cNa X\u00e1 Cara\u201d &#8902; Blog da Condessa\",\"isPartOf\":{\"@id\":\"https:\\\/\\\/blogdacondessa.com.br\\\/blog\\\/#website\"},\"primaryImageOfPage\":{\"@id\":\"https:\\\/\\\/blogdacondessa.com.br\\\/blog\\\/cultura\\\/na-xa-cara\\\/#primaryimage\"},\"image\":{\"@id\":\"https:\\\/\\\/blogdacondessa.com.br\\\/blog\\\/cultura\\\/na-xa-cara\\\/#primaryimage\"},\"thumbnailUrl\":\"https:\\\/\\\/blogdacondessa.com.br\\\/blog\\\/wp-content\\\/uploads\\\/2021\\\/09\\\/tocandira.jpg\",\"datePublished\":\"2021-09-20T18:12:41+00:00\",\"author\":{\"@id\":\"https:\\\/\\\/blogdacondessa.com.br\\\/blog\\\/#\\\/schema\\\/person\\\/1d667ff8b785195b568677489d266035\"},\"breadcrumb\":{\"@id\":\"https:\\\/\\\/blogdacondessa.com.br\\\/blog\\\/cultura\\\/na-xa-cara\\\/#breadcrumb\"},\"inLanguage\":\"pt-BR\",\"potentialAction\":[{\"@type\":\"ReadAction\",\"target\":[\"https:\\\/\\\/blogdacondessa.com.br\\\/blog\\\/cultura\\\/na-xa-cara\\\/\"]}]},{\"@type\":\"ImageObject\",\"inLanguage\":\"pt-BR\",\"@id\":\"https:\\\/\\\/blogdacondessa.com.br\\\/blog\\\/cultura\\\/na-xa-cara\\\/#primaryimage\",\"url\":\"https:\\\/\\\/blogdacondessa.com.br\\\/blog\\\/wp-content\\\/uploads\\\/2021\\\/09\\\/tocandira.jpg\",\"contentUrl\":\"https:\\\/\\\/blogdacondessa.com.br\\\/blog\\\/wp-content\\\/uploads\\\/2021\\\/09\\\/tocandira.jpg\",\"width\":590,\"height\":330,\"caption\":\"Foto: Rafael Martine\"},{\"@type\":\"BreadcrumbList\",\"@id\":\"https:\\\/\\\/blogdacondessa.com.br\\\/blog\\\/cultura\\\/na-xa-cara\\\/#breadcrumb\",\"itemListElement\":[{\"@type\":\"ListItem\",\"position\":1,\"name\":\"In\u00edcio\",\"item\":\"https:\\\/\\\/blogdacondessa.com.br\\\/blog\\\/\"},{\"@type\":\"ListItem\",\"position\":2,\"name\":\"\u201cNa X\u00e1 Cara\u201d\"}]},{\"@type\":\"WebSite\",\"@id\":\"https:\\\/\\\/blogdacondessa.com.br\\\/blog\\\/#website\",\"url\":\"https:\\\/\\\/blogdacondessa.com.br\\\/blog\\\/\",\"name\":\"Blog da Condessa\",\"description\":\"Com Shirley de Souza O\u2019Campos\",\"potentialAction\":[{\"@type\":\"SearchAction\",\"target\":{\"@type\":\"EntryPoint\",\"urlTemplate\":\"https:\\\/\\\/blogdacondessa.com.br\\\/blog\\\/?s={search_term_string}\"},\"query-input\":{\"@type\":\"PropertyValueSpecification\",\"valueRequired\":true,\"valueName\":\"search_term_string\"}}],\"inLanguage\":\"pt-BR\"},{\"@type\":\"Person\",\"@id\":\"https:\\\/\\\/blogdacondessa.com.br\\\/blog\\\/#\\\/schema\\\/person\\\/1d667ff8b785195b568677489d266035\",\"name\":\"Blog da Condessa\",\"image\":{\"@type\":\"ImageObject\",\"inLanguage\":\"pt-BR\",\"@id\":\"https:\\\/\\\/secure.gravatar.com\\\/avatar\\\/377c0eb8b4ad2bfc25461b41564b5971e721ca34a57642868fc7b0c8ac7b52c5?s=96&d=mm&r=g\",\"url\":\"https:\\\/\\\/secure.gravatar.com\\\/avatar\\\/377c0eb8b4ad2bfc25461b41564b5971e721ca34a57642868fc7b0c8ac7b52c5?s=96&d=mm&r=g\",\"contentUrl\":\"https:\\\/\\\/secure.gravatar.com\\\/avatar\\\/377c0eb8b4ad2bfc25461b41564b5971e721ca34a57642868fc7b0c8ac7b52c5?s=96&d=mm&r=g\",\"caption\":\"Blog da Condessa\"},\"url\":\"https:\\\/\\\/blogdacondessa.com.br\\\/blog\\\/author\\\/beatriz\\\/\"}]}<\/script>\n<!-- \/ Yoast SEO plugin. -->","yoast_head_json":{"title":"\u201cNa X\u00e1 Cara\u201d &#8902; Blog da Condessa","robots":{"index":"index","follow":"follow","max-snippet":"max-snippet:-1","max-image-preview":"max-image-preview:large","max-video-preview":"max-video-preview:-1"},"canonical":"https:\/\/blogdacondessa.com.br\/blog\/cultura\/na-xa-cara\/","og_locale":"pt_BR","og_type":"article","og_title":"\u201cNa X\u00e1 Cara\u201d &#8902; Blog da Condessa","og_description":"Os f\u00e3s de jazz fusion t\u00eam\u00a0motivo para comemorar. Nesta segunda-feira (20) ser\u00e1 lan\u00e7ado disco com \u201csotaque cuiabano\u201d, em que m\u00fasicos\u00a0da Tocandira adicionam ao g\u00eanero, tamb\u00e9m o rasqueado, rock, MPB e at\u00e9 disco music. O nome irreverente \u201cNa X\u00e1 Cara\u201d \u00e9 resultado de pesquisas musicais e mix de t\u00e9cnicas apuradas e traduz o peso com que [&hellip;]","og_url":"https:\/\/blogdacondessa.com.br\/blog\/cultura\/na-xa-cara\/","og_site_name":"Blog da Condessa","article_published_time":"2021-09-20T18:12:41+00:00","og_image":[{"width":590,"height":330,"url":"https:\/\/blogdacondessa.com.br\/blog\/wp-content\/uploads\/2021\/09\/tocandira.jpg","type":"image\/jpeg"}],"author":"Blog da Condessa","twitter_card":"summary_large_image","twitter_misc":{"Escrito por":"Blog da Condessa","Est. tempo de leitura":"4 minutos"},"schema":{"@context":"https:\/\/schema.org","@graph":[{"@type":"Article","@id":"https:\/\/blogdacondessa.com.br\/blog\/cultura\/na-xa-cara\/#article","isPartOf":{"@id":"https:\/\/blogdacondessa.com.br\/blog\/cultura\/na-xa-cara\/"},"author":{"name":"Blog da Condessa","@id":"https:\/\/blogdacondessa.com.br\/blog\/#\/schema\/person\/1d667ff8b785195b568677489d266035"},"headline":"\u201cNa X\u00e1 Cara\u201d","datePublished":"2021-09-20T18:12:41+00:00","mainEntityOfPage":{"@id":"https:\/\/blogdacondessa.com.br\/blog\/cultura\/na-xa-cara\/"},"wordCount":704,"image":{"@id":"https:\/\/blogdacondessa.com.br\/blog\/cultura\/na-xa-cara\/#primaryimage"},"thumbnailUrl":"https:\/\/blogdacondessa.com.br\/blog\/wp-content\/uploads\/2021\/09\/tocandira.jpg","articleSection":["Cultura"],"inLanguage":"pt-BR"},{"@type":"WebPage","@id":"https:\/\/blogdacondessa.com.br\/blog\/cultura\/na-xa-cara\/","url":"https:\/\/blogdacondessa.com.br\/blog\/cultura\/na-xa-cara\/","name":"\u201cNa X\u00e1 Cara\u201d &#8902; Blog da Condessa","isPartOf":{"@id":"https:\/\/blogdacondessa.com.br\/blog\/#website"},"primaryImageOfPage":{"@id":"https:\/\/blogdacondessa.com.br\/blog\/cultura\/na-xa-cara\/#primaryimage"},"image":{"@id":"https:\/\/blogdacondessa.com.br\/blog\/cultura\/na-xa-cara\/#primaryimage"},"thumbnailUrl":"https:\/\/blogdacondessa.com.br\/blog\/wp-content\/uploads\/2021\/09\/tocandira.jpg","datePublished":"2021-09-20T18:12:41+00:00","author":{"@id":"https:\/\/blogdacondessa.com.br\/blog\/#\/schema\/person\/1d667ff8b785195b568677489d266035"},"breadcrumb":{"@id":"https:\/\/blogdacondessa.com.br\/blog\/cultura\/na-xa-cara\/#breadcrumb"},"inLanguage":"pt-BR","potentialAction":[{"@type":"ReadAction","target":["https:\/\/blogdacondessa.com.br\/blog\/cultura\/na-xa-cara\/"]}]},{"@type":"ImageObject","inLanguage":"pt-BR","@id":"https:\/\/blogdacondessa.com.br\/blog\/cultura\/na-xa-cara\/#primaryimage","url":"https:\/\/blogdacondessa.com.br\/blog\/wp-content\/uploads\/2021\/09\/tocandira.jpg","contentUrl":"https:\/\/blogdacondessa.com.br\/blog\/wp-content\/uploads\/2021\/09\/tocandira.jpg","width":590,"height":330,"caption":"Foto: Rafael Martine"},{"@type":"BreadcrumbList","@id":"https:\/\/blogdacondessa.com.br\/blog\/cultura\/na-xa-cara\/#breadcrumb","itemListElement":[{"@type":"ListItem","position":1,"name":"In\u00edcio","item":"https:\/\/blogdacondessa.com.br\/blog\/"},{"@type":"ListItem","position":2,"name":"\u201cNa X\u00e1 Cara\u201d"}]},{"@type":"WebSite","@id":"https:\/\/blogdacondessa.com.br\/blog\/#website","url":"https:\/\/blogdacondessa.com.br\/blog\/","name":"Blog da Condessa","description":"Com Shirley de Souza O\u2019Campos","potentialAction":[{"@type":"SearchAction","target":{"@type":"EntryPoint","urlTemplate":"https:\/\/blogdacondessa.com.br\/blog\/?s={search_term_string}"},"query-input":{"@type":"PropertyValueSpecification","valueRequired":true,"valueName":"search_term_string"}}],"inLanguage":"pt-BR"},{"@type":"Person","@id":"https:\/\/blogdacondessa.com.br\/blog\/#\/schema\/person\/1d667ff8b785195b568677489d266035","name":"Blog da Condessa","image":{"@type":"ImageObject","inLanguage":"pt-BR","@id":"https:\/\/secure.gravatar.com\/avatar\/377c0eb8b4ad2bfc25461b41564b5971e721ca34a57642868fc7b0c8ac7b52c5?s=96&d=mm&r=g","url":"https:\/\/secure.gravatar.com\/avatar\/377c0eb8b4ad2bfc25461b41564b5971e721ca34a57642868fc7b0c8ac7b52c5?s=96&d=mm&r=g","contentUrl":"https:\/\/secure.gravatar.com\/avatar\/377c0eb8b4ad2bfc25461b41564b5971e721ca34a57642868fc7b0c8ac7b52c5?s=96&d=mm&r=g","caption":"Blog da Condessa"},"url":"https:\/\/blogdacondessa.com.br\/blog\/author\/beatriz\/"}]}},"_links":{"self":[{"href":"https:\/\/blogdacondessa.com.br\/blog\/wp-json\/wp\/v2\/posts\/2596","targetHints":{"allow":["GET"]}}],"collection":[{"href":"https:\/\/blogdacondessa.com.br\/blog\/wp-json\/wp\/v2\/posts"}],"about":[{"href":"https:\/\/blogdacondessa.com.br\/blog\/wp-json\/wp\/v2\/types\/post"}],"author":[{"embeddable":true,"href":"https:\/\/blogdacondessa.com.br\/blog\/wp-json\/wp\/v2\/users\/2"}],"replies":[{"embeddable":true,"href":"https:\/\/blogdacondessa.com.br\/blog\/wp-json\/wp\/v2\/comments?post=2596"}],"version-history":[{"count":0,"href":"https:\/\/blogdacondessa.com.br\/blog\/wp-json\/wp\/v2\/posts\/2596\/revisions"}],"wp:featuredmedia":[{"embeddable":true,"href":"https:\/\/blogdacondessa.com.br\/blog\/wp-json\/wp\/v2\/media\/2597"}],"wp:attachment":[{"href":"https:\/\/blogdacondessa.com.br\/blog\/wp-json\/wp\/v2\/media?parent=2596"}],"wp:term":[{"taxonomy":"category","embeddable":true,"href":"https:\/\/blogdacondessa.com.br\/blog\/wp-json\/wp\/v2\/categories?post=2596"},{"taxonomy":"post_tag","embeddable":true,"href":"https:\/\/blogdacondessa.com.br\/blog\/wp-json\/wp\/v2\/tags?post=2596"}],"curies":[{"name":"wp","href":"https:\/\/api.w.org\/{rel}","templated":true}]}}