{"id":2592,"date":"2021-09-20T17:47:04","date_gmt":"2021-09-20T17:47:04","guid":{"rendered":"https:\/\/novo.blogdacondessa.com.br\/?p=2592"},"modified":"2021-09-20T17:47:04","modified_gmt":"2021-09-20T17:47:04","slug":"doe-sua-nota-2","status":"publish","type":"post","link":"https:\/\/blogdacondessa.com.br\/blog\/economia\/doe-sua-nota-2\/","title":{"rendered":"\u201cDoe Sua Nota\u201d"},"content":{"rendered":"<p>A partir de 1\u00ba de outubro os consumidores mato-grossenses poder\u00e3o doar simbolicamente as notas fiscais das suas compras para entidades beneficentes \u00e0 sua escolha, por meio do Doe Sua Nota. A nova funcionalidade faz parte do Programa Nota MT, da Secretaria de Fazenda (Sefaz), e vai distribuir por ano R$ 2 milh\u00f5es para que as institui\u00e7\u00f5es possam ser beneficiadas, independente de sorteios.<\/p>\n<p>Conforme a Portaria 184, publicada em 14 de setembro deste ano, que implementa a funcionalidade, o montante ser\u00e1 dividido em quatro campanhas \u2013 correspondentes a um trimestre civil \u2013 e que ter\u00e3o o valor de R$ 500 mil, cada. Esse total ser\u00e1 distribu\u00eddo de acordo com o total de notas fiscais doadas para cada entidade.<\/p>\n<p>Cada nota doada vai gerar pontos para as entidades escolhidas, que ao final dos per\u00edodos de coleta, se converter\u00e3o em valores em dinheiro. Importante salientar que somente \u00e9 poss\u00edvel doar notas com valores abaixo de R$ 1.000,00, pois acima disso o regulamento do Imposto Sobre Circula\u00e7\u00e3o de Mercadorias e Servi\u00e7os (ICMS) exige que o consumidor seja identificado na nota fiscal.<\/p>\n<p>Por ano ser\u00e3o realizadas quatro campanhas para arrecadar os documentos fiscais doados simbolicamente pelos consumidores. S\u00e3o elas: \u201cSiriri e Cururu\u201d, de 1\u00ba de janeiro a 31 de mar\u00e7o; \u201cCavalhada\u201d, de 1\u00ba de abril a 30 de junho; \u201cDan\u00e7a dos Mascarados\u201d, de 1\u00ba de julho a 30 de setembro e \u201cRasqueado\u201d, de 1\u00ba de outubro a 31 de dezembro. Sendo que o prazo final para registro da doa\u00e7\u00e3o simb\u00f3lica ser\u00e1 at\u00e9 o d\u00e9cimo dia subsequente \u00e0 data final de cada per\u00edodo.<\/p>\n<p>Ainda em 2021 a Sefaz vai promover uma campanha \u2013 a do Rasqueado. Portanto, entre os meses de outubro e dezembro aquelas pessoas que n\u00e3o quiserem participar dos sorteios do Nota MT, poder\u00e3o doar as notas fiscais das suas compras para uma das 194 institui\u00e7\u00f5es filantr\u00f3picas cadastradas no programa.<\/p>\n<p>A fim de trazer visibilidade e divulga\u00e7\u00e3o, as entidades poder\u00e3o fazer campanhas e eventos, al\u00e9m de ser poss\u00edvel que as mesmas busquem parcerias com estabelecimentos comercias para disponibiliza\u00e7\u00e3o de pontos de coleta, que ficar\u00e3o sob responsabilidade de cada institui\u00e7\u00e3o o recolhimento e vincula\u00e7\u00e3o dos documentos fiscais junto ao Nota MT.<\/p>\n<p>As doa\u00e7\u00f5es podem ser realizadas de duas formas: eletronicamente no aplicativo ou site do Nota MT, independente do contribuinte ser cadastrado no programa, por meio da inclus\u00e3o da chave de acesso do documento fiscal ou leitura do QR-Code, ou ainda, pessoalmente nos pontos de coleta das institui\u00e7\u00f5es que ser\u00e3o disponibilizados em estabelecimentos comerciais do estado de Mato Grosso. Para isso, basta solicitar a nota fiscal (NFC-e) em aquisi\u00e7\u00f5es de bens ou mercadorias sem que se inclua identifica\u00e7\u00e3o por CPF ou CNPJ.<\/p>\n<p><strong>Habilita\u00e7\u00e3o das entidades<\/strong><\/p>\n<p>Para receber as doa\u00e7\u00f5es as entidades sociais precisam estar devidamente cadastradas no Nota MT. As institui\u00e7\u00f5es que ainda n\u00e3o fazem parte do banco de dados do Programa devem procurar na Secretaria de Estado de Assist\u00eancia Social e Cidadania (Setasc), o setor de Cidadania e Inclus\u00e3o Socioprodutiva.<\/p>\n<p><strong>Reuni\u00f5es<\/strong><\/p>\n<p>A Sefaz vai promover nesta semana, nos dias 21 e 23, reuni\u00f5es online com os representantes das entidades sociais cadastradas no Nota MT para apresentar o projeto sobre o Doe Sua Nota. Na ocasi\u00e3o, as entidades poder\u00e3o tirar d\u00favidas sobre o Nota MT, assim como sobre a nova funcionalidade.<\/p>\n","protected":false},"excerpt":{"rendered":"<p>A partir de 1\u00ba de outubro os consumidores mato-grossenses poder\u00e3o doar simbolicamente as notas fiscais das suas compras para entidades beneficentes \u00e0 sua escolha, por meio do Doe Sua Nota. A nova funcionalidade faz parte do Programa Nota MT, da Secretaria de Fazenda (Sefaz), e vai distribuir por ano R$ 2 milh\u00f5es para que as [&hellip;]<\/p>\n","protected":false},"author":2,"featured_media":2593,"comment_status":"closed","ping_status":"closed","sticky":false,"template":"","format":"standard","meta":{"iawp_total_views":0,"footnotes":""},"categories":[9],"tags":[],"class_list":["post-2592","post","type-post","status-publish","format-standard","has-post-thumbnail","hentry","category-economia"],"yoast_head":"<!-- This site is optimized with the Yoast SEO plugin v27.3 - https:\/\/yoast.com\/product\/yoast-seo-wordpress\/ -->\n<title>\u201cDoe Sua Nota\u201d &#8902; Blog da Condessa<\/title>\n<meta name=\"robots\" content=\"index, follow, max-snippet:-1, max-image-preview:large, max-video-preview:-1\" \/>\n<link rel=\"canonical\" href=\"https:\/\/blogdacondessa.com.br\/blog\/economia\/doe-sua-nota-2\/\" \/>\n<meta property=\"og:locale\" content=\"pt_BR\" \/>\n<meta property=\"og:type\" content=\"article\" \/>\n<meta property=\"og:title\" content=\"\u201cDoe Sua Nota\u201d &#8902; Blog da Condessa\" \/>\n<meta property=\"og:description\" content=\"A partir de 1\u00ba de outubro os consumidores mato-grossenses poder\u00e3o doar simbolicamente as notas fiscais das suas compras para entidades beneficentes \u00e0 sua escolha, por meio do Doe Sua Nota. A nova funcionalidade faz parte do Programa Nota MT, da Secretaria de Fazenda (Sefaz), e vai distribuir por ano R$ 2 milh\u00f5es para que as [&hellip;]\" \/>\n<meta property=\"og:url\" content=\"https:\/\/blogdacondessa.com.br\/blog\/economia\/doe-sua-nota-2\/\" \/>\n<meta property=\"og:site_name\" content=\"Blog da Condessa\" \/>\n<meta property=\"article:published_time\" content=\"2021-09-20T17:47:04+00:00\" \/>\n<meta property=\"og:image\" content=\"https:\/\/blogdacondessa.com.br\/blog\/wp-content\/uploads\/2021\/09\/Emissao-Nota-Fiscal-1.jpg\" \/>\n\t<meta property=\"og:image:width\" content=\"1024\" \/>\n\t<meta property=\"og:image:height\" content=\"683\" \/>\n\t<meta property=\"og:image:type\" content=\"image\/jpeg\" \/>\n<meta name=\"author\" content=\"Blog da Condessa\" \/>\n<meta name=\"twitter:card\" content=\"summary_large_image\" \/>\n<meta name=\"twitter:label1\" content=\"Escrito por\" \/>\n\t<meta name=\"twitter:data1\" content=\"Blog da Condessa\" \/>\n\t<meta name=\"twitter:label2\" content=\"Est. tempo de leitura\" \/>\n\t<meta name=\"twitter:data2\" content=\"3 minutos\" \/>\n<script type=\"application\/ld+json\" class=\"yoast-schema-graph\">{\"@context\":\"https:\\\/\\\/schema.org\",\"@graph\":[{\"@type\":\"Article\",\"@id\":\"https:\\\/\\\/blogdacondessa.com.br\\\/blog\\\/economia\\\/doe-sua-nota-2\\\/#article\",\"isPartOf\":{\"@id\":\"https:\\\/\\\/blogdacondessa.com.br\\\/blog\\\/economia\\\/doe-sua-nota-2\\\/\"},\"author\":{\"name\":\"Blog da Condessa\",\"@id\":\"https:\\\/\\\/blogdacondessa.com.br\\\/blog\\\/#\\\/schema\\\/person\\\/1d667ff8b785195b568677489d266035\"},\"headline\":\"\u201cDoe Sua Nota\u201d\",\"datePublished\":\"2021-09-20T17:47:04+00:00\",\"mainEntityOfPage\":{\"@id\":\"https:\\\/\\\/blogdacondessa.com.br\\\/blog\\\/economia\\\/doe-sua-nota-2\\\/\"},\"wordCount\":562,\"image\":{\"@id\":\"https:\\\/\\\/blogdacondessa.com.br\\\/blog\\\/economia\\\/doe-sua-nota-2\\\/#primaryimage\"},\"thumbnailUrl\":\"https:\\\/\\\/blogdacondessa.com.br\\\/blog\\\/wp-content\\\/uploads\\\/2021\\\/09\\\/Emissao-Nota-Fiscal-1.jpg\",\"articleSection\":[\"Economia\"],\"inLanguage\":\"pt-BR\"},{\"@type\":\"WebPage\",\"@id\":\"https:\\\/\\\/blogdacondessa.com.br\\\/blog\\\/economia\\\/doe-sua-nota-2\\\/\",\"url\":\"https:\\\/\\\/blogdacondessa.com.br\\\/blog\\\/economia\\\/doe-sua-nota-2\\\/\",\"name\":\"\u201cDoe Sua Nota\u201d &#8902; Blog da Condessa\",\"isPartOf\":{\"@id\":\"https:\\\/\\\/blogdacondessa.com.br\\\/blog\\\/#website\"},\"primaryImageOfPage\":{\"@id\":\"https:\\\/\\\/blogdacondessa.com.br\\\/blog\\\/economia\\\/doe-sua-nota-2\\\/#primaryimage\"},\"image\":{\"@id\":\"https:\\\/\\\/blogdacondessa.com.br\\\/blog\\\/economia\\\/doe-sua-nota-2\\\/#primaryimage\"},\"thumbnailUrl\":\"https:\\\/\\\/blogdacondessa.com.br\\\/blog\\\/wp-content\\\/uploads\\\/2021\\\/09\\\/Emissao-Nota-Fiscal-1.jpg\",\"datePublished\":\"2021-09-20T17:47:04+00:00\",\"author\":{\"@id\":\"https:\\\/\\\/blogdacondessa.com.br\\\/blog\\\/#\\\/schema\\\/person\\\/1d667ff8b785195b568677489d266035\"},\"breadcrumb\":{\"@id\":\"https:\\\/\\\/blogdacondessa.com.br\\\/blog\\\/economia\\\/doe-sua-nota-2\\\/#breadcrumb\"},\"inLanguage\":\"pt-BR\",\"potentialAction\":[{\"@type\":\"ReadAction\",\"target\":[\"https:\\\/\\\/blogdacondessa.com.br\\\/blog\\\/economia\\\/doe-sua-nota-2\\\/\"]}]},{\"@type\":\"ImageObject\",\"inLanguage\":\"pt-BR\",\"@id\":\"https:\\\/\\\/blogdacondessa.com.br\\\/blog\\\/economia\\\/doe-sua-nota-2\\\/#primaryimage\",\"url\":\"https:\\\/\\\/blogdacondessa.com.br\\\/blog\\\/wp-content\\\/uploads\\\/2021\\\/09\\\/Emissao-Nota-Fiscal-1.jpg\",\"contentUrl\":\"https:\\\/\\\/blogdacondessa.com.br\\\/blog\\\/wp-content\\\/uploads\\\/2021\\\/09\\\/Emissao-Nota-Fiscal-1.jpg\",\"width\":1024,\"height\":683,\"caption\":\"Foto por: Secom-MT\"},{\"@type\":\"BreadcrumbList\",\"@id\":\"https:\\\/\\\/blogdacondessa.com.br\\\/blog\\\/economia\\\/doe-sua-nota-2\\\/#breadcrumb\",\"itemListElement\":[{\"@type\":\"ListItem\",\"position\":1,\"name\":\"In\u00edcio\",\"item\":\"https:\\\/\\\/blogdacondessa.com.br\\\/blog\\\/\"},{\"@type\":\"ListItem\",\"position\":2,\"name\":\"\u201cDoe Sua Nota\u201d\"}]},{\"@type\":\"WebSite\",\"@id\":\"https:\\\/\\\/blogdacondessa.com.br\\\/blog\\\/#website\",\"url\":\"https:\\\/\\\/blogdacondessa.com.br\\\/blog\\\/\",\"name\":\"Blog da Condessa\",\"description\":\"Com Shirley de Souza O\u2019Campos\",\"potentialAction\":[{\"@type\":\"SearchAction\",\"target\":{\"@type\":\"EntryPoint\",\"urlTemplate\":\"https:\\\/\\\/blogdacondessa.com.br\\\/blog\\\/?s={search_term_string}\"},\"query-input\":{\"@type\":\"PropertyValueSpecification\",\"valueRequired\":true,\"valueName\":\"search_term_string\"}}],\"inLanguage\":\"pt-BR\"},{\"@type\":\"Person\",\"@id\":\"https:\\\/\\\/blogdacondessa.com.br\\\/blog\\\/#\\\/schema\\\/person\\\/1d667ff8b785195b568677489d266035\",\"name\":\"Blog da Condessa\",\"image\":{\"@type\":\"ImageObject\",\"inLanguage\":\"pt-BR\",\"@id\":\"https:\\\/\\\/secure.gravatar.com\\\/avatar\\\/377c0eb8b4ad2bfc25461b41564b5971e721ca34a57642868fc7b0c8ac7b52c5?s=96&d=mm&r=g\",\"url\":\"https:\\\/\\\/secure.gravatar.com\\\/avatar\\\/377c0eb8b4ad2bfc25461b41564b5971e721ca34a57642868fc7b0c8ac7b52c5?s=96&d=mm&r=g\",\"contentUrl\":\"https:\\\/\\\/secure.gravatar.com\\\/avatar\\\/377c0eb8b4ad2bfc25461b41564b5971e721ca34a57642868fc7b0c8ac7b52c5?s=96&d=mm&r=g\",\"caption\":\"Blog da Condessa\"},\"url\":\"https:\\\/\\\/blogdacondessa.com.br\\\/blog\\\/author\\\/beatriz\\\/\"}]}<\/script>\n<!-- \/ Yoast SEO plugin. -->","yoast_head_json":{"title":"\u201cDoe Sua Nota\u201d &#8902; Blog da Condessa","robots":{"index":"index","follow":"follow","max-snippet":"max-snippet:-1","max-image-preview":"max-image-preview:large","max-video-preview":"max-video-preview:-1"},"canonical":"https:\/\/blogdacondessa.com.br\/blog\/economia\/doe-sua-nota-2\/","og_locale":"pt_BR","og_type":"article","og_title":"\u201cDoe Sua Nota\u201d &#8902; Blog da Condessa","og_description":"A partir de 1\u00ba de outubro os consumidores mato-grossenses poder\u00e3o doar simbolicamente as notas fiscais das suas compras para entidades beneficentes \u00e0 sua escolha, por meio do Doe Sua Nota. A nova funcionalidade faz parte do Programa Nota MT, da Secretaria de Fazenda (Sefaz), e vai distribuir por ano R$ 2 milh\u00f5es para que as [&hellip;]","og_url":"https:\/\/blogdacondessa.com.br\/blog\/economia\/doe-sua-nota-2\/","og_site_name":"Blog da Condessa","article_published_time":"2021-09-20T17:47:04+00:00","og_image":[{"width":1024,"height":683,"url":"https:\/\/blogdacondessa.com.br\/blog\/wp-content\/uploads\/2021\/09\/Emissao-Nota-Fiscal-1.jpg","type":"image\/jpeg"}],"author":"Blog da Condessa","twitter_card":"summary_large_image","twitter_misc":{"Escrito por":"Blog da Condessa","Est. tempo de leitura":"3 minutos"},"schema":{"@context":"https:\/\/schema.org","@graph":[{"@type":"Article","@id":"https:\/\/blogdacondessa.com.br\/blog\/economia\/doe-sua-nota-2\/#article","isPartOf":{"@id":"https:\/\/blogdacondessa.com.br\/blog\/economia\/doe-sua-nota-2\/"},"author":{"name":"Blog da Condessa","@id":"https:\/\/blogdacondessa.com.br\/blog\/#\/schema\/person\/1d667ff8b785195b568677489d266035"},"headline":"\u201cDoe Sua Nota\u201d","datePublished":"2021-09-20T17:47:04+00:00","mainEntityOfPage":{"@id":"https:\/\/blogdacondessa.com.br\/blog\/economia\/doe-sua-nota-2\/"},"wordCount":562,"image":{"@id":"https:\/\/blogdacondessa.com.br\/blog\/economia\/doe-sua-nota-2\/#primaryimage"},"thumbnailUrl":"https:\/\/blogdacondessa.com.br\/blog\/wp-content\/uploads\/2021\/09\/Emissao-Nota-Fiscal-1.jpg","articleSection":["Economia"],"inLanguage":"pt-BR"},{"@type":"WebPage","@id":"https:\/\/blogdacondessa.com.br\/blog\/economia\/doe-sua-nota-2\/","url":"https:\/\/blogdacondessa.com.br\/blog\/economia\/doe-sua-nota-2\/","name":"\u201cDoe Sua Nota\u201d &#8902; Blog da Condessa","isPartOf":{"@id":"https:\/\/blogdacondessa.com.br\/blog\/#website"},"primaryImageOfPage":{"@id":"https:\/\/blogdacondessa.com.br\/blog\/economia\/doe-sua-nota-2\/#primaryimage"},"image":{"@id":"https:\/\/blogdacondessa.com.br\/blog\/economia\/doe-sua-nota-2\/#primaryimage"},"thumbnailUrl":"https:\/\/blogdacondessa.com.br\/blog\/wp-content\/uploads\/2021\/09\/Emissao-Nota-Fiscal-1.jpg","datePublished":"2021-09-20T17:47:04+00:00","author":{"@id":"https:\/\/blogdacondessa.com.br\/blog\/#\/schema\/person\/1d667ff8b785195b568677489d266035"},"breadcrumb":{"@id":"https:\/\/blogdacondessa.com.br\/blog\/economia\/doe-sua-nota-2\/#breadcrumb"},"inLanguage":"pt-BR","potentialAction":[{"@type":"ReadAction","target":["https:\/\/blogdacondessa.com.br\/blog\/economia\/doe-sua-nota-2\/"]}]},{"@type":"ImageObject","inLanguage":"pt-BR","@id":"https:\/\/blogdacondessa.com.br\/blog\/economia\/doe-sua-nota-2\/#primaryimage","url":"https:\/\/blogdacondessa.com.br\/blog\/wp-content\/uploads\/2021\/09\/Emissao-Nota-Fiscal-1.jpg","contentUrl":"https:\/\/blogdacondessa.com.br\/blog\/wp-content\/uploads\/2021\/09\/Emissao-Nota-Fiscal-1.jpg","width":1024,"height":683,"caption":"Foto por: Secom-MT"},{"@type":"BreadcrumbList","@id":"https:\/\/blogdacondessa.com.br\/blog\/economia\/doe-sua-nota-2\/#breadcrumb","itemListElement":[{"@type":"ListItem","position":1,"name":"In\u00edcio","item":"https:\/\/blogdacondessa.com.br\/blog\/"},{"@type":"ListItem","position":2,"name":"\u201cDoe Sua Nota\u201d"}]},{"@type":"WebSite","@id":"https:\/\/blogdacondessa.com.br\/blog\/#website","url":"https:\/\/blogdacondessa.com.br\/blog\/","name":"Blog da Condessa","description":"Com Shirley de Souza O\u2019Campos","potentialAction":[{"@type":"SearchAction","target":{"@type":"EntryPoint","urlTemplate":"https:\/\/blogdacondessa.com.br\/blog\/?s={search_term_string}"},"query-input":{"@type":"PropertyValueSpecification","valueRequired":true,"valueName":"search_term_string"}}],"inLanguage":"pt-BR"},{"@type":"Person","@id":"https:\/\/blogdacondessa.com.br\/blog\/#\/schema\/person\/1d667ff8b785195b568677489d266035","name":"Blog da Condessa","image":{"@type":"ImageObject","inLanguage":"pt-BR","@id":"https:\/\/secure.gravatar.com\/avatar\/377c0eb8b4ad2bfc25461b41564b5971e721ca34a57642868fc7b0c8ac7b52c5?s=96&d=mm&r=g","url":"https:\/\/secure.gravatar.com\/avatar\/377c0eb8b4ad2bfc25461b41564b5971e721ca34a57642868fc7b0c8ac7b52c5?s=96&d=mm&r=g","contentUrl":"https:\/\/secure.gravatar.com\/avatar\/377c0eb8b4ad2bfc25461b41564b5971e721ca34a57642868fc7b0c8ac7b52c5?s=96&d=mm&r=g","caption":"Blog da Condessa"},"url":"https:\/\/blogdacondessa.com.br\/blog\/author\/beatriz\/"}]}},"_links":{"self":[{"href":"https:\/\/blogdacondessa.com.br\/blog\/wp-json\/wp\/v2\/posts\/2592","targetHints":{"allow":["GET"]}}],"collection":[{"href":"https:\/\/blogdacondessa.com.br\/blog\/wp-json\/wp\/v2\/posts"}],"about":[{"href":"https:\/\/blogdacondessa.com.br\/blog\/wp-json\/wp\/v2\/types\/post"}],"author":[{"embeddable":true,"href":"https:\/\/blogdacondessa.com.br\/blog\/wp-json\/wp\/v2\/users\/2"}],"replies":[{"embeddable":true,"href":"https:\/\/blogdacondessa.com.br\/blog\/wp-json\/wp\/v2\/comments?post=2592"}],"version-history":[{"count":0,"href":"https:\/\/blogdacondessa.com.br\/blog\/wp-json\/wp\/v2\/posts\/2592\/revisions"}],"wp:featuredmedia":[{"embeddable":true,"href":"https:\/\/blogdacondessa.com.br\/blog\/wp-json\/wp\/v2\/media\/2593"}],"wp:attachment":[{"href":"https:\/\/blogdacondessa.com.br\/blog\/wp-json\/wp\/v2\/media?parent=2592"}],"wp:term":[{"taxonomy":"category","embeddable":true,"href":"https:\/\/blogdacondessa.com.br\/blog\/wp-json\/wp\/v2\/categories?post=2592"},{"taxonomy":"post_tag","embeddable":true,"href":"https:\/\/blogdacondessa.com.br\/blog\/wp-json\/wp\/v2\/tags?post=2592"}],"curies":[{"name":"wp","href":"https:\/\/api.w.org\/{rel}","templated":true}]}}