{"id":2544,"date":"2021-09-14T20:33:15","date_gmt":"2021-09-14T20:33:15","guid":{"rendered":"https:\/\/novo.blogdacondessa.com.br\/?p=2544"},"modified":"2021-09-14T20:33:15","modified_gmt":"2021-09-14T20:33:15","slug":"o-tribunal-de-contas-e-o-parlamento","status":"publish","type":"post","link":"https:\/\/blogdacondessa.com.br\/blog\/cidades\/o-tribunal-de-contas-e-o-parlamento\/","title":{"rendered":"O Tribunal de Contas e o Parlamento"},"content":{"rendered":"<p>A Assembleia Legislativa do Estado de Mato Grosso (ALMT) e o Tribunal de Contas do Estado de Mato Grosso (TCE-MT) est\u00e3o ligados umbilicalmente pela fun\u00e7\u00e3o de controle externo da administra\u00e7\u00e3o p\u00fablica.<\/p>\n<p>A fiscaliza\u00e7\u00e3o cont\u00e1bil, or\u00e7ament\u00e1ria, financeira, operacional e patrimonial da administra\u00e7\u00e3o p\u00fablica \u00e9 exercida pelo Parlamento, mediante o controle externo, e pelo sistema de controle interno de cada Poder (art. 70, da CF\/88). O controle externo, por sua vez, \u00e9 exercido pelo Parlamento com aux\u00edlio do Tribunal de Contas (art. 71, caput, CF\/88).<\/p>\n<p>Nesse sentido, o TCE-MT auxilia os Parlamentos estadual e municipais,\u00a0dentre outras formas, ao (a) apreciar as contas prestadas anualmente pelo Governador do Estado e pelos Prefeitos, mediante parecer pr\u00e9vio; (b)\u00a0 realizar, por solicita\u00e7\u00e3o do parlamento, \u00a0de comiss\u00e3o t\u00e9cnica ou de inqu\u00e9rito, inspe\u00e7\u00f5es e auditorias de natureza cont\u00e1bil, financeira, or\u00e7ament\u00e1ria, operacional e patrimonial nos \u00f3rg\u00e3os e entidades da administra\u00e7\u00e3o p\u00fablica; (c) \u00a0prestar as informa\u00e7\u00f5es solicitadas pelo Parlamento ou por qualquer de suas comiss\u00f5es, sobre a fiscaliza\u00e7\u00e3o cont\u00e1bil, financeira, or\u00e7ament\u00e1ria, operacional e patrimonial e sobre resultados de auditorias e inspe\u00e7\u00f5es realizadas.<\/p>\n<p>Embora a ALMT tenha a titularidade do controle externo e a preponder\u00e2ncia na escolha de conselheiros do Tribunal de Contas (art. 42, \u00a72\u00ba, CE\/89), o TCE-MT possui autonomia administrativa, or\u00e7ament\u00e1ria e financeira. N\u00e3o obstante, o Tribunal tamb\u00e9m presta contas ao Parlamento estadual, mediante o envio de relat\u00f3rios trimestrais e anual de suas atividade.<\/p>\n<p>Visando ampliar e melhorar o relacionamento institucional com o Parlamento estadual, bem como regulamentar o processo de Solicita\u00e7\u00e3o da Assembleia Legislativa (SAL) de informa\u00e7\u00f5es e fiscaliza\u00e7\u00f5es, o TCE-MT, por meio da Resolu\u00e7\u00e3o Normativa n\u00ba 19\/2020, o TCE-MT criou a Assessoria Parlamentar (ASPAR)<\/p>\n<p>Para liderar essa importante unidade, o Conselheiro Presidente nomeou Carlos Brito como secret\u00e1rio, pois segundo o Guilherme Maluf ele \u201cconhece o trabalho e atua\u00e7\u00e3o da Assembleia Legislativa\u201d.<\/p>\n<p>Por fim, a cria\u00e7\u00e3o da ASPAR j\u00e1 \u00e9 uma realidade e um marco na gest\u00e3o do Presidente Guilherme Maluf e, certamente, ser\u00e1 um grande legado para a sociedade e o Tribunal na governan\u00e7a do controle externo e no relacionamento institucional com a ALMT.<\/p>\n<p><strong><em>*Isa\u00edas Lopes da Cunha \u00e9 auditor substituto de conselheiro do TCE-MT<\/em><\/strong><\/p>\n<p>&nbsp;<\/p>\n","protected":false},"excerpt":{"rendered":"<p>A Assembleia Legislativa do Estado de Mato Grosso (ALMT) e o Tribunal de Contas do Estado de Mato Grosso (TCE-MT) est\u00e3o ligados umbilicalmente pela fun\u00e7\u00e3o de controle externo da administra\u00e7\u00e3o p\u00fablica. A fiscaliza\u00e7\u00e3o cont\u00e1bil, or\u00e7ament\u00e1ria, financeira, operacional e patrimonial da administra\u00e7\u00e3o p\u00fablica \u00e9 exercida pelo Parlamento, mediante o controle externo, e pelo sistema de controle [&hellip;]<\/p>\n","protected":false},"author":2,"featured_media":2545,"comment_status":"closed","ping_status":"closed","sticky":false,"template":"","format":"standard","meta":{"iawp_total_views":0,"footnotes":""},"categories":[12],"tags":[],"class_list":["post-2544","post","type-post","status-publish","format-standard","has-post-thumbnail","hentry","category-cidades"],"yoast_head":"<!-- This site is optimized with the Yoast SEO plugin v27.3 - https:\/\/yoast.com\/product\/yoast-seo-wordpress\/ -->\n<title>O Tribunal de Contas e o Parlamento &#8902; Blog da Condessa<\/title>\n<meta name=\"robots\" content=\"index, follow, max-snippet:-1, max-image-preview:large, max-video-preview:-1\" \/>\n<link rel=\"canonical\" href=\"https:\/\/blogdacondessa.com.br\/blog\/cidades\/o-tribunal-de-contas-e-o-parlamento\/\" \/>\n<meta property=\"og:locale\" content=\"pt_BR\" \/>\n<meta property=\"og:type\" content=\"article\" \/>\n<meta property=\"og:title\" content=\"O Tribunal de Contas e o Parlamento &#8902; Blog da Condessa\" \/>\n<meta property=\"og:description\" content=\"A Assembleia Legislativa do Estado de Mato Grosso (ALMT) e o Tribunal de Contas do Estado de Mato Grosso (TCE-MT) est\u00e3o ligados umbilicalmente pela fun\u00e7\u00e3o de controle externo da administra\u00e7\u00e3o p\u00fablica. A fiscaliza\u00e7\u00e3o cont\u00e1bil, or\u00e7ament\u00e1ria, financeira, operacional e patrimonial da administra\u00e7\u00e3o p\u00fablica \u00e9 exercida pelo Parlamento, mediante o controle externo, e pelo sistema de controle [&hellip;]\" \/>\n<meta property=\"og:url\" content=\"https:\/\/blogdacondessa.com.br\/blog\/cidades\/o-tribunal-de-contas-e-o-parlamento\/\" \/>\n<meta property=\"og:site_name\" content=\"Blog da Condessa\" \/>\n<meta property=\"article:published_time\" content=\"2021-09-14T20:33:15+00:00\" \/>\n<meta property=\"og:image\" content=\"https:\/\/blogdacondessa.com.br\/blog\/wp-content\/uploads\/2021\/09\/isaias.jpg\" \/>\n\t<meta property=\"og:image:width\" content=\"365\" \/>\n\t<meta property=\"og:image:height\" content=\"243\" \/>\n\t<meta property=\"og:image:type\" content=\"image\/jpeg\" \/>\n<meta name=\"author\" content=\"Blog da Condessa\" \/>\n<meta name=\"twitter:card\" content=\"summary_large_image\" \/>\n<meta name=\"twitter:label1\" content=\"Escrito por\" \/>\n\t<meta name=\"twitter:data1\" content=\"Blog da Condessa\" \/>\n\t<meta name=\"twitter:label2\" content=\"Est. tempo de leitura\" \/>\n\t<meta name=\"twitter:data2\" content=\"2 minutos\" \/>\n<script type=\"application\/ld+json\" class=\"yoast-schema-graph\">{\"@context\":\"https:\\\/\\\/schema.org\",\"@graph\":[{\"@type\":\"Article\",\"@id\":\"https:\\\/\\\/blogdacondessa.com.br\\\/blog\\\/cidades\\\/o-tribunal-de-contas-e-o-parlamento\\\/#article\",\"isPartOf\":{\"@id\":\"https:\\\/\\\/blogdacondessa.com.br\\\/blog\\\/cidades\\\/o-tribunal-de-contas-e-o-parlamento\\\/\"},\"author\":{\"name\":\"Blog da Condessa\",\"@id\":\"https:\\\/\\\/blogdacondessa.com.br\\\/blog\\\/#\\\/schema\\\/person\\\/1d667ff8b785195b568677489d266035\"},\"headline\":\"O Tribunal de Contas e o Parlamento\",\"datePublished\":\"2021-09-14T20:33:15+00:00\",\"mainEntityOfPage\":{\"@id\":\"https:\\\/\\\/blogdacondessa.com.br\\\/blog\\\/cidades\\\/o-tribunal-de-contas-e-o-parlamento\\\/\"},\"wordCount\":394,\"image\":{\"@id\":\"https:\\\/\\\/blogdacondessa.com.br\\\/blog\\\/cidades\\\/o-tribunal-de-contas-e-o-parlamento\\\/#primaryimage\"},\"thumbnailUrl\":\"https:\\\/\\\/blogdacondessa.com.br\\\/blog\\\/wp-content\\\/uploads\\\/2021\\\/09\\\/isaias.jpg\",\"articleSection\":[\"Cidades\"],\"inLanguage\":\"pt-BR\"},{\"@type\":\"WebPage\",\"@id\":\"https:\\\/\\\/blogdacondessa.com.br\\\/blog\\\/cidades\\\/o-tribunal-de-contas-e-o-parlamento\\\/\",\"url\":\"https:\\\/\\\/blogdacondessa.com.br\\\/blog\\\/cidades\\\/o-tribunal-de-contas-e-o-parlamento\\\/\",\"name\":\"O Tribunal de Contas e o Parlamento &#8902; Blog da Condessa\",\"isPartOf\":{\"@id\":\"https:\\\/\\\/blogdacondessa.com.br\\\/blog\\\/#website\"},\"primaryImageOfPage\":{\"@id\":\"https:\\\/\\\/blogdacondessa.com.br\\\/blog\\\/cidades\\\/o-tribunal-de-contas-e-o-parlamento\\\/#primaryimage\"},\"image\":{\"@id\":\"https:\\\/\\\/blogdacondessa.com.br\\\/blog\\\/cidades\\\/o-tribunal-de-contas-e-o-parlamento\\\/#primaryimage\"},\"thumbnailUrl\":\"https:\\\/\\\/blogdacondessa.com.br\\\/blog\\\/wp-content\\\/uploads\\\/2021\\\/09\\\/isaias.jpg\",\"datePublished\":\"2021-09-14T20:33:15+00:00\",\"author\":{\"@id\":\"https:\\\/\\\/blogdacondessa.com.br\\\/blog\\\/#\\\/schema\\\/person\\\/1d667ff8b785195b568677489d266035\"},\"breadcrumb\":{\"@id\":\"https:\\\/\\\/blogdacondessa.com.br\\\/blog\\\/cidades\\\/o-tribunal-de-contas-e-o-parlamento\\\/#breadcrumb\"},\"inLanguage\":\"pt-BR\",\"potentialAction\":[{\"@type\":\"ReadAction\",\"target\":[\"https:\\\/\\\/blogdacondessa.com.br\\\/blog\\\/cidades\\\/o-tribunal-de-contas-e-o-parlamento\\\/\"]}]},{\"@type\":\"ImageObject\",\"inLanguage\":\"pt-BR\",\"@id\":\"https:\\\/\\\/blogdacondessa.com.br\\\/blog\\\/cidades\\\/o-tribunal-de-contas-e-o-parlamento\\\/#primaryimage\",\"url\":\"https:\\\/\\\/blogdacondessa.com.br\\\/blog\\\/wp-content\\\/uploads\\\/2021\\\/09\\\/isaias.jpg\",\"contentUrl\":\"https:\\\/\\\/blogdacondessa.com.br\\\/blog\\\/wp-content\\\/uploads\\\/2021\\\/09\\\/isaias.jpg\",\"width\":365,\"height\":243},{\"@type\":\"BreadcrumbList\",\"@id\":\"https:\\\/\\\/blogdacondessa.com.br\\\/blog\\\/cidades\\\/o-tribunal-de-contas-e-o-parlamento\\\/#breadcrumb\",\"itemListElement\":[{\"@type\":\"ListItem\",\"position\":1,\"name\":\"In\u00edcio\",\"item\":\"https:\\\/\\\/blogdacondessa.com.br\\\/blog\\\/\"},{\"@type\":\"ListItem\",\"position\":2,\"name\":\"O Tribunal de Contas e o Parlamento\"}]},{\"@type\":\"WebSite\",\"@id\":\"https:\\\/\\\/blogdacondessa.com.br\\\/blog\\\/#website\",\"url\":\"https:\\\/\\\/blogdacondessa.com.br\\\/blog\\\/\",\"name\":\"Blog da Condessa\",\"description\":\"Com Shirley de Souza O\u2019Campos\",\"potentialAction\":[{\"@type\":\"SearchAction\",\"target\":{\"@type\":\"EntryPoint\",\"urlTemplate\":\"https:\\\/\\\/blogdacondessa.com.br\\\/blog\\\/?s={search_term_string}\"},\"query-input\":{\"@type\":\"PropertyValueSpecification\",\"valueRequired\":true,\"valueName\":\"search_term_string\"}}],\"inLanguage\":\"pt-BR\"},{\"@type\":\"Person\",\"@id\":\"https:\\\/\\\/blogdacondessa.com.br\\\/blog\\\/#\\\/schema\\\/person\\\/1d667ff8b785195b568677489d266035\",\"name\":\"Blog da Condessa\",\"image\":{\"@type\":\"ImageObject\",\"inLanguage\":\"pt-BR\",\"@id\":\"https:\\\/\\\/secure.gravatar.com\\\/avatar\\\/377c0eb8b4ad2bfc25461b41564b5971e721ca34a57642868fc7b0c8ac7b52c5?s=96&d=mm&r=g\",\"url\":\"https:\\\/\\\/secure.gravatar.com\\\/avatar\\\/377c0eb8b4ad2bfc25461b41564b5971e721ca34a57642868fc7b0c8ac7b52c5?s=96&d=mm&r=g\",\"contentUrl\":\"https:\\\/\\\/secure.gravatar.com\\\/avatar\\\/377c0eb8b4ad2bfc25461b41564b5971e721ca34a57642868fc7b0c8ac7b52c5?s=96&d=mm&r=g\",\"caption\":\"Blog da Condessa\"},\"url\":\"https:\\\/\\\/blogdacondessa.com.br\\\/blog\\\/author\\\/beatriz\\\/\"}]}<\/script>\n<!-- \/ Yoast SEO plugin. -->","yoast_head_json":{"title":"O Tribunal de Contas e o Parlamento &#8902; Blog da Condessa","robots":{"index":"index","follow":"follow","max-snippet":"max-snippet:-1","max-image-preview":"max-image-preview:large","max-video-preview":"max-video-preview:-1"},"canonical":"https:\/\/blogdacondessa.com.br\/blog\/cidades\/o-tribunal-de-contas-e-o-parlamento\/","og_locale":"pt_BR","og_type":"article","og_title":"O Tribunal de Contas e o Parlamento &#8902; Blog da Condessa","og_description":"A Assembleia Legislativa do Estado de Mato Grosso (ALMT) e o Tribunal de Contas do Estado de Mato Grosso (TCE-MT) est\u00e3o ligados umbilicalmente pela fun\u00e7\u00e3o de controle externo da administra\u00e7\u00e3o p\u00fablica. A fiscaliza\u00e7\u00e3o cont\u00e1bil, or\u00e7ament\u00e1ria, financeira, operacional e patrimonial da administra\u00e7\u00e3o p\u00fablica \u00e9 exercida pelo Parlamento, mediante o controle externo, e pelo sistema de controle [&hellip;]","og_url":"https:\/\/blogdacondessa.com.br\/blog\/cidades\/o-tribunal-de-contas-e-o-parlamento\/","og_site_name":"Blog da Condessa","article_published_time":"2021-09-14T20:33:15+00:00","og_image":[{"width":365,"height":243,"url":"https:\/\/blogdacondessa.com.br\/blog\/wp-content\/uploads\/2021\/09\/isaias.jpg","type":"image\/jpeg"}],"author":"Blog da Condessa","twitter_card":"summary_large_image","twitter_misc":{"Escrito por":"Blog da Condessa","Est. tempo de leitura":"2 minutos"},"schema":{"@context":"https:\/\/schema.org","@graph":[{"@type":"Article","@id":"https:\/\/blogdacondessa.com.br\/blog\/cidades\/o-tribunal-de-contas-e-o-parlamento\/#article","isPartOf":{"@id":"https:\/\/blogdacondessa.com.br\/blog\/cidades\/o-tribunal-de-contas-e-o-parlamento\/"},"author":{"name":"Blog da Condessa","@id":"https:\/\/blogdacondessa.com.br\/blog\/#\/schema\/person\/1d667ff8b785195b568677489d266035"},"headline":"O Tribunal de Contas e o Parlamento","datePublished":"2021-09-14T20:33:15+00:00","mainEntityOfPage":{"@id":"https:\/\/blogdacondessa.com.br\/blog\/cidades\/o-tribunal-de-contas-e-o-parlamento\/"},"wordCount":394,"image":{"@id":"https:\/\/blogdacondessa.com.br\/blog\/cidades\/o-tribunal-de-contas-e-o-parlamento\/#primaryimage"},"thumbnailUrl":"https:\/\/blogdacondessa.com.br\/blog\/wp-content\/uploads\/2021\/09\/isaias.jpg","articleSection":["Cidades"],"inLanguage":"pt-BR"},{"@type":"WebPage","@id":"https:\/\/blogdacondessa.com.br\/blog\/cidades\/o-tribunal-de-contas-e-o-parlamento\/","url":"https:\/\/blogdacondessa.com.br\/blog\/cidades\/o-tribunal-de-contas-e-o-parlamento\/","name":"O Tribunal de Contas e o Parlamento &#8902; Blog da Condessa","isPartOf":{"@id":"https:\/\/blogdacondessa.com.br\/blog\/#website"},"primaryImageOfPage":{"@id":"https:\/\/blogdacondessa.com.br\/blog\/cidades\/o-tribunal-de-contas-e-o-parlamento\/#primaryimage"},"image":{"@id":"https:\/\/blogdacondessa.com.br\/blog\/cidades\/o-tribunal-de-contas-e-o-parlamento\/#primaryimage"},"thumbnailUrl":"https:\/\/blogdacondessa.com.br\/blog\/wp-content\/uploads\/2021\/09\/isaias.jpg","datePublished":"2021-09-14T20:33:15+00:00","author":{"@id":"https:\/\/blogdacondessa.com.br\/blog\/#\/schema\/person\/1d667ff8b785195b568677489d266035"},"breadcrumb":{"@id":"https:\/\/blogdacondessa.com.br\/blog\/cidades\/o-tribunal-de-contas-e-o-parlamento\/#breadcrumb"},"inLanguage":"pt-BR","potentialAction":[{"@type":"ReadAction","target":["https:\/\/blogdacondessa.com.br\/blog\/cidades\/o-tribunal-de-contas-e-o-parlamento\/"]}]},{"@type":"ImageObject","inLanguage":"pt-BR","@id":"https:\/\/blogdacondessa.com.br\/blog\/cidades\/o-tribunal-de-contas-e-o-parlamento\/#primaryimage","url":"https:\/\/blogdacondessa.com.br\/blog\/wp-content\/uploads\/2021\/09\/isaias.jpg","contentUrl":"https:\/\/blogdacondessa.com.br\/blog\/wp-content\/uploads\/2021\/09\/isaias.jpg","width":365,"height":243},{"@type":"BreadcrumbList","@id":"https:\/\/blogdacondessa.com.br\/blog\/cidades\/o-tribunal-de-contas-e-o-parlamento\/#breadcrumb","itemListElement":[{"@type":"ListItem","position":1,"name":"In\u00edcio","item":"https:\/\/blogdacondessa.com.br\/blog\/"},{"@type":"ListItem","position":2,"name":"O Tribunal de Contas e o Parlamento"}]},{"@type":"WebSite","@id":"https:\/\/blogdacondessa.com.br\/blog\/#website","url":"https:\/\/blogdacondessa.com.br\/blog\/","name":"Blog da Condessa","description":"Com Shirley de Souza O\u2019Campos","potentialAction":[{"@type":"SearchAction","target":{"@type":"EntryPoint","urlTemplate":"https:\/\/blogdacondessa.com.br\/blog\/?s={search_term_string}"},"query-input":{"@type":"PropertyValueSpecification","valueRequired":true,"valueName":"search_term_string"}}],"inLanguage":"pt-BR"},{"@type":"Person","@id":"https:\/\/blogdacondessa.com.br\/blog\/#\/schema\/person\/1d667ff8b785195b568677489d266035","name":"Blog da Condessa","image":{"@type":"ImageObject","inLanguage":"pt-BR","@id":"https:\/\/secure.gravatar.com\/avatar\/377c0eb8b4ad2bfc25461b41564b5971e721ca34a57642868fc7b0c8ac7b52c5?s=96&d=mm&r=g","url":"https:\/\/secure.gravatar.com\/avatar\/377c0eb8b4ad2bfc25461b41564b5971e721ca34a57642868fc7b0c8ac7b52c5?s=96&d=mm&r=g","contentUrl":"https:\/\/secure.gravatar.com\/avatar\/377c0eb8b4ad2bfc25461b41564b5971e721ca34a57642868fc7b0c8ac7b52c5?s=96&d=mm&r=g","caption":"Blog da Condessa"},"url":"https:\/\/blogdacondessa.com.br\/blog\/author\/beatriz\/"}]}},"_links":{"self":[{"href":"https:\/\/blogdacondessa.com.br\/blog\/wp-json\/wp\/v2\/posts\/2544","targetHints":{"allow":["GET"]}}],"collection":[{"href":"https:\/\/blogdacondessa.com.br\/blog\/wp-json\/wp\/v2\/posts"}],"about":[{"href":"https:\/\/blogdacondessa.com.br\/blog\/wp-json\/wp\/v2\/types\/post"}],"author":[{"embeddable":true,"href":"https:\/\/blogdacondessa.com.br\/blog\/wp-json\/wp\/v2\/users\/2"}],"replies":[{"embeddable":true,"href":"https:\/\/blogdacondessa.com.br\/blog\/wp-json\/wp\/v2\/comments?post=2544"}],"version-history":[{"count":0,"href":"https:\/\/blogdacondessa.com.br\/blog\/wp-json\/wp\/v2\/posts\/2544\/revisions"}],"wp:featuredmedia":[{"embeddable":true,"href":"https:\/\/blogdacondessa.com.br\/blog\/wp-json\/wp\/v2\/media\/2545"}],"wp:attachment":[{"href":"https:\/\/blogdacondessa.com.br\/blog\/wp-json\/wp\/v2\/media?parent=2544"}],"wp:term":[{"taxonomy":"category","embeddable":true,"href":"https:\/\/blogdacondessa.com.br\/blog\/wp-json\/wp\/v2\/categories?post=2544"},{"taxonomy":"post_tag","embeddable":true,"href":"https:\/\/blogdacondessa.com.br\/blog\/wp-json\/wp\/v2\/tags?post=2544"}],"curies":[{"name":"wp","href":"https:\/\/api.w.org\/{rel}","templated":true}]}}