{"id":2535,"date":"2021-09-14T02:19:09","date_gmt":"2021-09-14T02:19:09","guid":{"rendered":"https:\/\/novo.blogdacondessa.com.br\/?p=2535"},"modified":"2021-09-14T02:19:09","modified_gmt":"2021-09-14T02:19:09","slug":"sextou-vacina-vg-atinge-62-mil-pessoas-em-16-horas-ininterruptas","status":"publish","type":"post","link":"https:\/\/blogdacondessa.com.br\/blog\/cidades\/sextou-vacina-vg-atinge-62-mil-pessoas-em-16-horas-ininterruptas\/","title":{"rendered":"&#8220;Sextou Vacina VG&#8221; atinge 6,2 mil pessoas em 16 horas ininterruptas"},"content":{"rendered":"<p>V\u00e1rzea Grande vacinou mais de 11 mil pessoas entre sexta-feira, s\u00e1bado e domingo. Somente na sexta-feira, 10 de setembro, quando se iniciou o Programa \u2018Sextou Vacina VG\u2019 foram vacinadas 6.200 pessoas em 16 horas ininterruptas de atividades no Gin\u00e1sio do Fiot\u00e3o, o que representa dizer que foram vacinadas 387 pessoas por hora ou 6 pessoas por minuto, em uma grande frente de imuniza\u00e7\u00e3o da segunda maior cidade de Mato Grosso.<\/p>\n<p>\u201cNosso papel est\u00e1 em ofertar vacinas, mas dependemos do Governo Federal promover a entrega dos imunizantes necess\u00e1rios. Sempre deixei claro que temos capacidade para vacinar at\u00e9 10 mil pessoas por dia, mas para isto \u00e9 necess\u00e1ria toda uma log\u00edstica que envolve pessoal, estrutura e principalmente a participa\u00e7\u00e3o popular e V\u00e1rzea Grande e sua gente t\u00eam demonstrado interesse em vacinar e responsabilidade com as medidas sanit\u00e1rias para evitar a propaga\u00e7\u00e3o da COVID-19\u201d, frisou o prefeito Kalil Baracat que acompanha de perto as a\u00e7\u00f5es da Secretaria Municipal de Sa\u00fade na busca da imuniza\u00e7\u00e3o de toda a popula\u00e7\u00e3o.<\/p>\n<p>O prefeito refor\u00e7ou que V\u00e1rzea Grande deve ainda nesta semana iniciar a vacina\u00e7\u00e3o de jovens de 12 a 17 anos com comorbidades; de 15 a 17 sem comorbidades e de 12 a 14 anos sem comorbidades, seguindo este pr\u00e9-cadastro para avan\u00e7ar ainda mais na imuniza\u00e7\u00e3o de sua popula\u00e7\u00e3o e asseverou que todos os passos dados pela campanha de vacina\u00e7\u00e3o contra a COVID-19 est\u00e3o atingindo resultados al\u00e9m do esperado gra\u00e7as a esfor\u00e7o e comprometimento de cada um dos profissionais da \u00e1rea de sa\u00fade que permaneceram unidos e determinados por 16 horas ininterruptas para demonstrar que temos capacidade e condi\u00e7\u00f5es de avan\u00e7ar ainda mais na batalha contra a pandemia.<\/p>\n<p>O titular da Secretaria de Sa\u00fade de V\u00e1rzea Grande, Gon\u00e7alo Barros, foi mais longe ao lembrar que V\u00e1rzea Grande j\u00e1 aplicou mais de 245 mil vacinas desde janeiro deste ano, quando se iniciou de forma t\u00edmida a imuniza\u00e7\u00e3o das pessoas e que sofreu muitas intercorr\u00eancias e defini\u00e7\u00f5es de prioridades.<\/p>\n<p>\u201cSempre trabalhamos sob a \u00f3tica do prefeito Kalil Baracat de que toda a popula\u00e7\u00e3o deveria ser vacinada, mesmo o Plano Nacional de Imuniza\u00e7\u00e3o do Minist\u00e9rio da Sa\u00fade, inicialmente n\u00e3o adotando essa teoria, que agora est\u00e1 sendo debatida e aplicada\u201d, frisou Gon\u00e7alo Barros, lembrando que V\u00e1rzea Grande chegou a formalizar pedido de aquisi\u00e7\u00e3o de vacinas quando n\u00e3o havia regularidade na entrega das doses centralizada pelo Minist\u00e9rio da Sa\u00fade.<\/p>\n<p>Gon\u00e7alo Barros reafirmou as diversas etapas colocadas em pr\u00e1tica por V\u00e1rzea Grande como o &#8216;Resgate Cidad\u00e3o&#8217;, &#8216;Coruj\u00e3o&#8217;,\u00a0&#8216;Corujinha&#8217;,\u00a0&#8216;Plant\u00e3o da 2\u00aa Dose&#8217; e mais recentemente a \u2018Sextou Vacina VG\u2019. \u201cVamos continuar avan\u00e7ando e atendendo a popula\u00e7\u00e3o como determinou o prefeito Kalil Baracat e com certeza os resultados est\u00e3o sendo sentido por todos com baixa ocupa\u00e7\u00e3o de leitos, redu\u00e7\u00e3o de v\u00edtimas entre outros n\u00fameros que se demonstram animadores. Agora estes n\u00fameros n\u00e3o podem e n\u00e3o devem servir para que as pessoas deixem de seguir as regras do distanciamento social, do uso de m\u00e1scaras e outros meios higi\u00eanicos primordiais para se vencer a COVID-19\u201d, assinalou Gon\u00e7alo Barros.<\/p>\n<p>&nbsp;<\/p>\n","protected":false},"excerpt":{"rendered":"<p>V\u00e1rzea Grande vacinou mais de 11 mil pessoas entre sexta-feira, s\u00e1bado e domingo. Somente na sexta-feira, 10 de setembro, quando se iniciou o Programa \u2018Sextou Vacina VG\u2019 foram vacinadas 6.200 pessoas em 16 horas ininterruptas de atividades no Gin\u00e1sio do Fiot\u00e3o, o que representa dizer que foram vacinadas 387 pessoas por hora ou 6 pessoas [&hellip;]<\/p>\n","protected":false},"author":2,"featured_media":2536,"comment_status":"closed","ping_status":"closed","sticky":false,"template":"","format":"standard","meta":{"iawp_total_views":0,"footnotes":""},"categories":[12],"tags":[],"class_list":["post-2535","post","type-post","status-publish","format-standard","has-post-thumbnail","hentry","category-cidades"],"yoast_head":"<!-- This site is optimized with the Yoast SEO plugin v27.3 - https:\/\/yoast.com\/product\/yoast-seo-wordpress\/ -->\n<title>&quot;Sextou Vacina VG&quot; atinge 6,2 mil pessoas em 16 horas ininterruptas &#8902; Blog da Condessa<\/title>\n<meta name=\"robots\" content=\"index, follow, max-snippet:-1, max-image-preview:large, max-video-preview:-1\" \/>\n<link rel=\"canonical\" href=\"https:\/\/blogdacondessa.com.br\/blog\/cidades\/sextou-vacina-vg-atinge-62-mil-pessoas-em-16-horas-ininterruptas\/\" \/>\n<meta property=\"og:locale\" content=\"pt_BR\" \/>\n<meta property=\"og:type\" content=\"article\" \/>\n<meta property=\"og:title\" content=\"&quot;Sextou Vacina VG&quot; atinge 6,2 mil pessoas em 16 horas ininterruptas &#8902; Blog da Condessa\" \/>\n<meta property=\"og:description\" content=\"V\u00e1rzea Grande vacinou mais de 11 mil pessoas entre sexta-feira, s\u00e1bado e domingo. Somente na sexta-feira, 10 de setembro, quando se iniciou o Programa \u2018Sextou Vacina VG\u2019 foram vacinadas 6.200 pessoas em 16 horas ininterruptas de atividades no Gin\u00e1sio do Fiot\u00e3o, o que representa dizer que foram vacinadas 387 pessoas por hora ou 6 pessoas [&hellip;]\" \/>\n<meta property=\"og:url\" content=\"https:\/\/blogdacondessa.com.br\/blog\/cidades\/sextou-vacina-vg-atinge-62-mil-pessoas-em-16-horas-ininterruptas\/\" \/>\n<meta property=\"og:site_name\" content=\"Blog da Condessa\" \/>\n<meta property=\"article:published_time\" content=\"2021-09-14T02:19:09+00:00\" \/>\n<meta property=\"og:image\" content=\"https:\/\/blogdacondessa.com.br\/blog\/wp-content\/uploads\/2021\/09\/prefeityra-vg-vacina.jpg\" \/>\n\t<meta property=\"og:image:width\" content=\"1280\" \/>\n\t<meta property=\"og:image:height\" content=\"854\" \/>\n\t<meta property=\"og:image:type\" content=\"image\/jpeg\" \/>\n<meta name=\"author\" content=\"Blog da Condessa\" \/>\n<meta name=\"twitter:card\" content=\"summary_large_image\" \/>\n<meta name=\"twitter:label1\" content=\"Escrito por\" \/>\n\t<meta name=\"twitter:data1\" content=\"Blog da Condessa\" \/>\n\t<meta name=\"twitter:label2\" content=\"Est. tempo de leitura\" \/>\n\t<meta name=\"twitter:data2\" content=\"3 minutos\" \/>\n<script type=\"application\/ld+json\" class=\"yoast-schema-graph\">{\"@context\":\"https:\\\/\\\/schema.org\",\"@graph\":[{\"@type\":\"Article\",\"@id\":\"https:\\\/\\\/blogdacondessa.com.br\\\/blog\\\/cidades\\\/sextou-vacina-vg-atinge-62-mil-pessoas-em-16-horas-ininterruptas\\\/#article\",\"isPartOf\":{\"@id\":\"https:\\\/\\\/blogdacondessa.com.br\\\/blog\\\/cidades\\\/sextou-vacina-vg-atinge-62-mil-pessoas-em-16-horas-ininterruptas\\\/\"},\"author\":{\"name\":\"Blog da Condessa\",\"@id\":\"https:\\\/\\\/blogdacondessa.com.br\\\/blog\\\/#\\\/schema\\\/person\\\/1d667ff8b785195b568677489d266035\"},\"headline\":\"&#8220;Sextou Vacina VG&#8221; atinge 6,2 mil pessoas em 16 horas ininterruptas\",\"datePublished\":\"2021-09-14T02:19:09+00:00\",\"mainEntityOfPage\":{\"@id\":\"https:\\\/\\\/blogdacondessa.com.br\\\/blog\\\/cidades\\\/sextou-vacina-vg-atinge-62-mil-pessoas-em-16-horas-ininterruptas\\\/\"},\"wordCount\":556,\"image\":{\"@id\":\"https:\\\/\\\/blogdacondessa.com.br\\\/blog\\\/cidades\\\/sextou-vacina-vg-atinge-62-mil-pessoas-em-16-horas-ininterruptas\\\/#primaryimage\"},\"thumbnailUrl\":\"https:\\\/\\\/blogdacondessa.com.br\\\/blog\\\/wp-content\\\/uploads\\\/2021\\\/09\\\/prefeityra-vg-vacina.jpg\",\"articleSection\":[\"Cidades\"],\"inLanguage\":\"pt-BR\"},{\"@type\":\"WebPage\",\"@id\":\"https:\\\/\\\/blogdacondessa.com.br\\\/blog\\\/cidades\\\/sextou-vacina-vg-atinge-62-mil-pessoas-em-16-horas-ininterruptas\\\/\",\"url\":\"https:\\\/\\\/blogdacondessa.com.br\\\/blog\\\/cidades\\\/sextou-vacina-vg-atinge-62-mil-pessoas-em-16-horas-ininterruptas\\\/\",\"name\":\"\\\"Sextou Vacina VG\\\" atinge 6,2 mil pessoas em 16 horas ininterruptas &#8902; Blog da Condessa\",\"isPartOf\":{\"@id\":\"https:\\\/\\\/blogdacondessa.com.br\\\/blog\\\/#website\"},\"primaryImageOfPage\":{\"@id\":\"https:\\\/\\\/blogdacondessa.com.br\\\/blog\\\/cidades\\\/sextou-vacina-vg-atinge-62-mil-pessoas-em-16-horas-ininterruptas\\\/#primaryimage\"},\"image\":{\"@id\":\"https:\\\/\\\/blogdacondessa.com.br\\\/blog\\\/cidades\\\/sextou-vacina-vg-atinge-62-mil-pessoas-em-16-horas-ininterruptas\\\/#primaryimage\"},\"thumbnailUrl\":\"https:\\\/\\\/blogdacondessa.com.br\\\/blog\\\/wp-content\\\/uploads\\\/2021\\\/09\\\/prefeityra-vg-vacina.jpg\",\"datePublished\":\"2021-09-14T02:19:09+00:00\",\"author\":{\"@id\":\"https:\\\/\\\/blogdacondessa.com.br\\\/blog\\\/#\\\/schema\\\/person\\\/1d667ff8b785195b568677489d266035\"},\"breadcrumb\":{\"@id\":\"https:\\\/\\\/blogdacondessa.com.br\\\/blog\\\/cidades\\\/sextou-vacina-vg-atinge-62-mil-pessoas-em-16-horas-ininterruptas\\\/#breadcrumb\"},\"inLanguage\":\"pt-BR\",\"potentialAction\":[{\"@type\":\"ReadAction\",\"target\":[\"https:\\\/\\\/blogdacondessa.com.br\\\/blog\\\/cidades\\\/sextou-vacina-vg-atinge-62-mil-pessoas-em-16-horas-ininterruptas\\\/\"]}]},{\"@type\":\"ImageObject\",\"inLanguage\":\"pt-BR\",\"@id\":\"https:\\\/\\\/blogdacondessa.com.br\\\/blog\\\/cidades\\\/sextou-vacina-vg-atinge-62-mil-pessoas-em-16-horas-ininterruptas\\\/#primaryimage\",\"url\":\"https:\\\/\\\/blogdacondessa.com.br\\\/blog\\\/wp-content\\\/uploads\\\/2021\\\/09\\\/prefeityra-vg-vacina.jpg\",\"contentUrl\":\"https:\\\/\\\/blogdacondessa.com.br\\\/blog\\\/wp-content\\\/uploads\\\/2021\\\/09\\\/prefeityra-vg-vacina.jpg\",\"width\":1280,\"height\":854},{\"@type\":\"BreadcrumbList\",\"@id\":\"https:\\\/\\\/blogdacondessa.com.br\\\/blog\\\/cidades\\\/sextou-vacina-vg-atinge-62-mil-pessoas-em-16-horas-ininterruptas\\\/#breadcrumb\",\"itemListElement\":[{\"@type\":\"ListItem\",\"position\":1,\"name\":\"In\u00edcio\",\"item\":\"https:\\\/\\\/blogdacondessa.com.br\\\/blog\\\/\"},{\"@type\":\"ListItem\",\"position\":2,\"name\":\"&#8220;Sextou Vacina VG&#8221; atinge 6,2 mil pessoas em 16 horas ininterruptas\"}]},{\"@type\":\"WebSite\",\"@id\":\"https:\\\/\\\/blogdacondessa.com.br\\\/blog\\\/#website\",\"url\":\"https:\\\/\\\/blogdacondessa.com.br\\\/blog\\\/\",\"name\":\"Blog da Condessa\",\"description\":\"Com Shirley de Souza O\u2019Campos\",\"potentialAction\":[{\"@type\":\"SearchAction\",\"target\":{\"@type\":\"EntryPoint\",\"urlTemplate\":\"https:\\\/\\\/blogdacondessa.com.br\\\/blog\\\/?s={search_term_string}\"},\"query-input\":{\"@type\":\"PropertyValueSpecification\",\"valueRequired\":true,\"valueName\":\"search_term_string\"}}],\"inLanguage\":\"pt-BR\"},{\"@type\":\"Person\",\"@id\":\"https:\\\/\\\/blogdacondessa.com.br\\\/blog\\\/#\\\/schema\\\/person\\\/1d667ff8b785195b568677489d266035\",\"name\":\"Blog da Condessa\",\"image\":{\"@type\":\"ImageObject\",\"inLanguage\":\"pt-BR\",\"@id\":\"https:\\\/\\\/secure.gravatar.com\\\/avatar\\\/377c0eb8b4ad2bfc25461b41564b5971e721ca34a57642868fc7b0c8ac7b52c5?s=96&d=mm&r=g\",\"url\":\"https:\\\/\\\/secure.gravatar.com\\\/avatar\\\/377c0eb8b4ad2bfc25461b41564b5971e721ca34a57642868fc7b0c8ac7b52c5?s=96&d=mm&r=g\",\"contentUrl\":\"https:\\\/\\\/secure.gravatar.com\\\/avatar\\\/377c0eb8b4ad2bfc25461b41564b5971e721ca34a57642868fc7b0c8ac7b52c5?s=96&d=mm&r=g\",\"caption\":\"Blog da Condessa\"},\"url\":\"https:\\\/\\\/blogdacondessa.com.br\\\/blog\\\/author\\\/beatriz\\\/\"}]}<\/script>\n<!-- \/ Yoast SEO plugin. -->","yoast_head_json":{"title":"\"Sextou Vacina VG\" atinge 6,2 mil pessoas em 16 horas ininterruptas &#8902; Blog da Condessa","robots":{"index":"index","follow":"follow","max-snippet":"max-snippet:-1","max-image-preview":"max-image-preview:large","max-video-preview":"max-video-preview:-1"},"canonical":"https:\/\/blogdacondessa.com.br\/blog\/cidades\/sextou-vacina-vg-atinge-62-mil-pessoas-em-16-horas-ininterruptas\/","og_locale":"pt_BR","og_type":"article","og_title":"\"Sextou Vacina VG\" atinge 6,2 mil pessoas em 16 horas ininterruptas &#8902; Blog da Condessa","og_description":"V\u00e1rzea Grande vacinou mais de 11 mil pessoas entre sexta-feira, s\u00e1bado e domingo. Somente na sexta-feira, 10 de setembro, quando se iniciou o Programa \u2018Sextou Vacina VG\u2019 foram vacinadas 6.200 pessoas em 16 horas ininterruptas de atividades no Gin\u00e1sio do Fiot\u00e3o, o que representa dizer que foram vacinadas 387 pessoas por hora ou 6 pessoas [&hellip;]","og_url":"https:\/\/blogdacondessa.com.br\/blog\/cidades\/sextou-vacina-vg-atinge-62-mil-pessoas-em-16-horas-ininterruptas\/","og_site_name":"Blog da Condessa","article_published_time":"2021-09-14T02:19:09+00:00","og_image":[{"width":1280,"height":854,"url":"https:\/\/blogdacondessa.com.br\/blog\/wp-content\/uploads\/2021\/09\/prefeityra-vg-vacina.jpg","type":"image\/jpeg"}],"author":"Blog da Condessa","twitter_card":"summary_large_image","twitter_misc":{"Escrito por":"Blog da Condessa","Est. tempo de leitura":"3 minutos"},"schema":{"@context":"https:\/\/schema.org","@graph":[{"@type":"Article","@id":"https:\/\/blogdacondessa.com.br\/blog\/cidades\/sextou-vacina-vg-atinge-62-mil-pessoas-em-16-horas-ininterruptas\/#article","isPartOf":{"@id":"https:\/\/blogdacondessa.com.br\/blog\/cidades\/sextou-vacina-vg-atinge-62-mil-pessoas-em-16-horas-ininterruptas\/"},"author":{"name":"Blog da Condessa","@id":"https:\/\/blogdacondessa.com.br\/blog\/#\/schema\/person\/1d667ff8b785195b568677489d266035"},"headline":"&#8220;Sextou Vacina VG&#8221; atinge 6,2 mil pessoas em 16 horas ininterruptas","datePublished":"2021-09-14T02:19:09+00:00","mainEntityOfPage":{"@id":"https:\/\/blogdacondessa.com.br\/blog\/cidades\/sextou-vacina-vg-atinge-62-mil-pessoas-em-16-horas-ininterruptas\/"},"wordCount":556,"image":{"@id":"https:\/\/blogdacondessa.com.br\/blog\/cidades\/sextou-vacina-vg-atinge-62-mil-pessoas-em-16-horas-ininterruptas\/#primaryimage"},"thumbnailUrl":"https:\/\/blogdacondessa.com.br\/blog\/wp-content\/uploads\/2021\/09\/prefeityra-vg-vacina.jpg","articleSection":["Cidades"],"inLanguage":"pt-BR"},{"@type":"WebPage","@id":"https:\/\/blogdacondessa.com.br\/blog\/cidades\/sextou-vacina-vg-atinge-62-mil-pessoas-em-16-horas-ininterruptas\/","url":"https:\/\/blogdacondessa.com.br\/blog\/cidades\/sextou-vacina-vg-atinge-62-mil-pessoas-em-16-horas-ininterruptas\/","name":"\"Sextou Vacina VG\" atinge 6,2 mil pessoas em 16 horas ininterruptas &#8902; Blog da Condessa","isPartOf":{"@id":"https:\/\/blogdacondessa.com.br\/blog\/#website"},"primaryImageOfPage":{"@id":"https:\/\/blogdacondessa.com.br\/blog\/cidades\/sextou-vacina-vg-atinge-62-mil-pessoas-em-16-horas-ininterruptas\/#primaryimage"},"image":{"@id":"https:\/\/blogdacondessa.com.br\/blog\/cidades\/sextou-vacina-vg-atinge-62-mil-pessoas-em-16-horas-ininterruptas\/#primaryimage"},"thumbnailUrl":"https:\/\/blogdacondessa.com.br\/blog\/wp-content\/uploads\/2021\/09\/prefeityra-vg-vacina.jpg","datePublished":"2021-09-14T02:19:09+00:00","author":{"@id":"https:\/\/blogdacondessa.com.br\/blog\/#\/schema\/person\/1d667ff8b785195b568677489d266035"},"breadcrumb":{"@id":"https:\/\/blogdacondessa.com.br\/blog\/cidades\/sextou-vacina-vg-atinge-62-mil-pessoas-em-16-horas-ininterruptas\/#breadcrumb"},"inLanguage":"pt-BR","potentialAction":[{"@type":"ReadAction","target":["https:\/\/blogdacondessa.com.br\/blog\/cidades\/sextou-vacina-vg-atinge-62-mil-pessoas-em-16-horas-ininterruptas\/"]}]},{"@type":"ImageObject","inLanguage":"pt-BR","@id":"https:\/\/blogdacondessa.com.br\/blog\/cidades\/sextou-vacina-vg-atinge-62-mil-pessoas-em-16-horas-ininterruptas\/#primaryimage","url":"https:\/\/blogdacondessa.com.br\/blog\/wp-content\/uploads\/2021\/09\/prefeityra-vg-vacina.jpg","contentUrl":"https:\/\/blogdacondessa.com.br\/blog\/wp-content\/uploads\/2021\/09\/prefeityra-vg-vacina.jpg","width":1280,"height":854},{"@type":"BreadcrumbList","@id":"https:\/\/blogdacondessa.com.br\/blog\/cidades\/sextou-vacina-vg-atinge-62-mil-pessoas-em-16-horas-ininterruptas\/#breadcrumb","itemListElement":[{"@type":"ListItem","position":1,"name":"In\u00edcio","item":"https:\/\/blogdacondessa.com.br\/blog\/"},{"@type":"ListItem","position":2,"name":"&#8220;Sextou Vacina VG&#8221; atinge 6,2 mil pessoas em 16 horas ininterruptas"}]},{"@type":"WebSite","@id":"https:\/\/blogdacondessa.com.br\/blog\/#website","url":"https:\/\/blogdacondessa.com.br\/blog\/","name":"Blog da Condessa","description":"Com Shirley de Souza O\u2019Campos","potentialAction":[{"@type":"SearchAction","target":{"@type":"EntryPoint","urlTemplate":"https:\/\/blogdacondessa.com.br\/blog\/?s={search_term_string}"},"query-input":{"@type":"PropertyValueSpecification","valueRequired":true,"valueName":"search_term_string"}}],"inLanguage":"pt-BR"},{"@type":"Person","@id":"https:\/\/blogdacondessa.com.br\/blog\/#\/schema\/person\/1d667ff8b785195b568677489d266035","name":"Blog da Condessa","image":{"@type":"ImageObject","inLanguage":"pt-BR","@id":"https:\/\/secure.gravatar.com\/avatar\/377c0eb8b4ad2bfc25461b41564b5971e721ca34a57642868fc7b0c8ac7b52c5?s=96&d=mm&r=g","url":"https:\/\/secure.gravatar.com\/avatar\/377c0eb8b4ad2bfc25461b41564b5971e721ca34a57642868fc7b0c8ac7b52c5?s=96&d=mm&r=g","contentUrl":"https:\/\/secure.gravatar.com\/avatar\/377c0eb8b4ad2bfc25461b41564b5971e721ca34a57642868fc7b0c8ac7b52c5?s=96&d=mm&r=g","caption":"Blog da Condessa"},"url":"https:\/\/blogdacondessa.com.br\/blog\/author\/beatriz\/"}]}},"_links":{"self":[{"href":"https:\/\/blogdacondessa.com.br\/blog\/wp-json\/wp\/v2\/posts\/2535","targetHints":{"allow":["GET"]}}],"collection":[{"href":"https:\/\/blogdacondessa.com.br\/blog\/wp-json\/wp\/v2\/posts"}],"about":[{"href":"https:\/\/blogdacondessa.com.br\/blog\/wp-json\/wp\/v2\/types\/post"}],"author":[{"embeddable":true,"href":"https:\/\/blogdacondessa.com.br\/blog\/wp-json\/wp\/v2\/users\/2"}],"replies":[{"embeddable":true,"href":"https:\/\/blogdacondessa.com.br\/blog\/wp-json\/wp\/v2\/comments?post=2535"}],"version-history":[{"count":0,"href":"https:\/\/blogdacondessa.com.br\/blog\/wp-json\/wp\/v2\/posts\/2535\/revisions"}],"wp:featuredmedia":[{"embeddable":true,"href":"https:\/\/blogdacondessa.com.br\/blog\/wp-json\/wp\/v2\/media\/2536"}],"wp:attachment":[{"href":"https:\/\/blogdacondessa.com.br\/blog\/wp-json\/wp\/v2\/media?parent=2535"}],"wp:term":[{"taxonomy":"category","embeddable":true,"href":"https:\/\/blogdacondessa.com.br\/blog\/wp-json\/wp\/v2\/categories?post=2535"},{"taxonomy":"post_tag","embeddable":true,"href":"https:\/\/blogdacondessa.com.br\/blog\/wp-json\/wp\/v2\/tags?post=2535"}],"curies":[{"name":"wp","href":"https:\/\/api.w.org\/{rel}","templated":true}]}}