{"id":2531,"date":"2021-09-14T01:51:54","date_gmt":"2021-09-14T01:51:54","guid":{"rendered":"https:\/\/novo.blogdacondessa.com.br\/?p=2531"},"modified":"2021-09-14T01:51:54","modified_gmt":"2021-09-14T01:51:54","slug":"unimed-cuiaba-e-as-tratativas-com-os-pais-de-criancas-autistas","status":"publish","type":"post","link":"https:\/\/blogdacondessa.com.br\/blog\/saude\/unimed-cuiaba-e-as-tratativas-com-os-pais-de-criancas-autistas\/","title":{"rendered":"Unimed Cuiab\u00e1 e as tratativas com os pais de crian\u00e7as autistas"},"content":{"rendered":"<p>O modelo de atendimento da Unimed Cuiab\u00e1 para os pacientes com Transtorno do Espectro Autista (TEA) ou outros transtornos segue crit\u00e9rios rigorosos de diagn\u00f3stico, prescri\u00e7\u00e3o e avalia\u00e7\u00e3o. A Operadora de Sa\u00fade sempre ofereceu terap\u00eautica que inclui terapia ocupacional, psicologia e fonoaudiologia buscando o aprimoramento constante da sua estrutura para oferecer seguran\u00e7a e a melhor assist\u00eancia em sa\u00fade aos seus clientes.<\/p>\n<p>Atualmente, s\u00e3o 360 pacientes infantis com atrasos do neurodesenvolvimento. Destes, 230 crian\u00e7as t\u00eam diagn\u00f3stico de Transtorno do Espectro Autista (TEA) ou est\u00e3o em investiga\u00e7\u00e3o. Estas, em tratamento nas Cl\u00ednicas Unimed Cuiab\u00e1.<\/p>\n<p>H\u00e1 benefici\u00e1rios que optaram por n\u00e3o aderir ao tratamento oferecido, que segue normativas e est\u00e1 em conformidade com o rol da Ag\u00eancia Nacional de Sa\u00fade (ANS).\u00a0 Este grupo buscou a Justi\u00e7a, para garantir tratamentos diferenciados, em cl\u00ednicas particulares n\u00e3o credenciadas, com assist\u00eancia integral de terapias de at\u00e9 40 horas semanais, 8 horas di\u00e1rias, durante todo o m\u00eas, ou terapias n\u00e3o constantes no rol da Ag\u00eancia Nacional de Sa\u00fade. Terapias que legalmente a Unimed Cuiab\u00e1 n\u00e3o oferece. A demanda segue no judici\u00e1rio e todas as liminares est\u00e3o sendo atendidas.<\/p>\n<p>Na semana passada, a Unimed Cuiab\u00e1 havia convidado representantes do grupo de pais para uma reuni\u00e3o. O evento foi transformado em um palco pol\u00edtico e a Cooperativa viu-se obrigada a suspender o evento. Contudo, permanece aberta a solucionar o impasse pela via da negocia\u00e7\u00e3o direta e transparente.<\/p>\n<p><strong>Rede particular n\u00e3o credenciada aumenta valor da coparticipa\u00e7\u00e3o<\/strong><\/p>\n<p>Valores s\u00e3o superiores ao praticado pela rede Unimed Cuiab\u00e1 e pelo pr\u00f3prio mercado. A Unimed Cuiab\u00e1 sempre cobrou a coparticipa\u00e7\u00e3o \u2013 legal e contratualmente pactuada entre as partes, nestes tratamentos. O que ocorreu nesses casos espec\u00edficos depois da decis\u00e3o judicial, \u00e9 que o valor cobrado por prestador n\u00e3o credenciado \u00e9 muito acima do praticado pela rede da operadora e pelo pr\u00f3prio mercado. Isso, consequentemente resultou no aumento da coparticipa\u00e7\u00e3o que \u00e9 proporcional ao valor das terapias.<\/p>\n","protected":false},"excerpt":{"rendered":"<p>O modelo de atendimento da Unimed Cuiab\u00e1 para os pacientes com Transtorno do Espectro Autista (TEA) ou outros transtornos segue crit\u00e9rios rigorosos de diagn\u00f3stico, prescri\u00e7\u00e3o e avalia\u00e7\u00e3o. A Operadora de Sa\u00fade sempre ofereceu terap\u00eautica que inclui terapia ocupacional, psicologia e fonoaudiologia buscando o aprimoramento constante da sua estrutura para oferecer seguran\u00e7a e a melhor assist\u00eancia [&hellip;]<\/p>\n","protected":false},"author":2,"featured_media":2533,"comment_status":"closed","ping_status":"closed","sticky":false,"template":"","format":"standard","meta":{"iawp_total_views":0,"footnotes":""},"categories":[5],"tags":[],"class_list":["post-2531","post","type-post","status-publish","format-standard","has-post-thumbnail","hentry","category-saude"],"yoast_head":"<!-- This site is optimized with the Yoast SEO plugin v27.3 - https:\/\/yoast.com\/product\/yoast-seo-wordpress\/ -->\n<title>Unimed Cuiab\u00e1 e as tratativas com os pais de crian\u00e7as autistas &#8902; Blog da Condessa<\/title>\n<meta name=\"robots\" content=\"index, follow, max-snippet:-1, max-image-preview:large, max-video-preview:-1\" \/>\n<link rel=\"canonical\" href=\"https:\/\/blogdacondessa.com.br\/blog\/saude\/unimed-cuiaba-e-as-tratativas-com-os-pais-de-criancas-autistas\/\" \/>\n<meta property=\"og:locale\" content=\"pt_BR\" \/>\n<meta property=\"og:type\" content=\"article\" \/>\n<meta property=\"og:title\" content=\"Unimed Cuiab\u00e1 e as tratativas com os pais de crian\u00e7as autistas &#8902; Blog da Condessa\" \/>\n<meta property=\"og:description\" content=\"O modelo de atendimento da Unimed Cuiab\u00e1 para os pacientes com Transtorno do Espectro Autista (TEA) ou outros transtornos segue crit\u00e9rios rigorosos de diagn\u00f3stico, prescri\u00e7\u00e3o e avalia\u00e7\u00e3o. A Operadora de Sa\u00fade sempre ofereceu terap\u00eautica que inclui terapia ocupacional, psicologia e fonoaudiologia buscando o aprimoramento constante da sua estrutura para oferecer seguran\u00e7a e a melhor assist\u00eancia [&hellip;]\" \/>\n<meta property=\"og:url\" content=\"https:\/\/blogdacondessa.com.br\/blog\/saude\/unimed-cuiaba-e-as-tratativas-com-os-pais-de-criancas-autistas\/\" \/>\n<meta property=\"og:site_name\" content=\"Blog da Condessa\" \/>\n<meta property=\"article:published_time\" content=\"2021-09-14T01:51:54+00:00\" \/>\n<meta property=\"og:image\" content=\"https:\/\/blogdacondessa.com.br\/blog\/wp-content\/uploads\/2021\/09\/Unimed-1.jpg\" \/>\n\t<meta property=\"og:image:width\" content=\"700\" \/>\n\t<meta property=\"og:image:height\" content=\"467\" \/>\n\t<meta property=\"og:image:type\" content=\"image\/jpeg\" \/>\n<meta name=\"author\" content=\"Blog da Condessa\" \/>\n<meta name=\"twitter:card\" content=\"summary_large_image\" \/>\n<meta name=\"twitter:label1\" content=\"Escrito por\" \/>\n\t<meta name=\"twitter:data1\" content=\"Blog da Condessa\" \/>\n\t<meta name=\"twitter:label2\" content=\"Est. tempo de leitura\" \/>\n\t<meta name=\"twitter:data2\" content=\"2 minutos\" \/>\n<script type=\"application\/ld+json\" class=\"yoast-schema-graph\">{\"@context\":\"https:\\\/\\\/schema.org\",\"@graph\":[{\"@type\":\"Article\",\"@id\":\"https:\\\/\\\/blogdacondessa.com.br\\\/blog\\\/saude\\\/unimed-cuiaba-e-as-tratativas-com-os-pais-de-criancas-autistas\\\/#article\",\"isPartOf\":{\"@id\":\"https:\\\/\\\/blogdacondessa.com.br\\\/blog\\\/saude\\\/unimed-cuiaba-e-as-tratativas-com-os-pais-de-criancas-autistas\\\/\"},\"author\":{\"name\":\"Blog da Condessa\",\"@id\":\"https:\\\/\\\/blogdacondessa.com.br\\\/blog\\\/#\\\/schema\\\/person\\\/1d667ff8b785195b568677489d266035\"},\"headline\":\"Unimed Cuiab\u00e1 e as tratativas com os pais de crian\u00e7as autistas\",\"datePublished\":\"2021-09-14T01:51:54+00:00\",\"mainEntityOfPage\":{\"@id\":\"https:\\\/\\\/blogdacondessa.com.br\\\/blog\\\/saude\\\/unimed-cuiaba-e-as-tratativas-com-os-pais-de-criancas-autistas\\\/\"},\"wordCount\":359,\"image\":{\"@id\":\"https:\\\/\\\/blogdacondessa.com.br\\\/blog\\\/saude\\\/unimed-cuiaba-e-as-tratativas-com-os-pais-de-criancas-autistas\\\/#primaryimage\"},\"thumbnailUrl\":\"https:\\\/\\\/blogdacondessa.com.br\\\/blog\\\/wp-content\\\/uploads\\\/2021\\\/09\\\/Unimed-1.jpg\",\"articleSection\":[\"Sa\u00fade\"],\"inLanguage\":\"pt-BR\"},{\"@type\":\"WebPage\",\"@id\":\"https:\\\/\\\/blogdacondessa.com.br\\\/blog\\\/saude\\\/unimed-cuiaba-e-as-tratativas-com-os-pais-de-criancas-autistas\\\/\",\"url\":\"https:\\\/\\\/blogdacondessa.com.br\\\/blog\\\/saude\\\/unimed-cuiaba-e-as-tratativas-com-os-pais-de-criancas-autistas\\\/\",\"name\":\"Unimed Cuiab\u00e1 e as tratativas com os pais de crian\u00e7as autistas &#8902; Blog da Condessa\",\"isPartOf\":{\"@id\":\"https:\\\/\\\/blogdacondessa.com.br\\\/blog\\\/#website\"},\"primaryImageOfPage\":{\"@id\":\"https:\\\/\\\/blogdacondessa.com.br\\\/blog\\\/saude\\\/unimed-cuiaba-e-as-tratativas-com-os-pais-de-criancas-autistas\\\/#primaryimage\"},\"image\":{\"@id\":\"https:\\\/\\\/blogdacondessa.com.br\\\/blog\\\/saude\\\/unimed-cuiaba-e-as-tratativas-com-os-pais-de-criancas-autistas\\\/#primaryimage\"},\"thumbnailUrl\":\"https:\\\/\\\/blogdacondessa.com.br\\\/blog\\\/wp-content\\\/uploads\\\/2021\\\/09\\\/Unimed-1.jpg\",\"datePublished\":\"2021-09-14T01:51:54+00:00\",\"author\":{\"@id\":\"https:\\\/\\\/blogdacondessa.com.br\\\/blog\\\/#\\\/schema\\\/person\\\/1d667ff8b785195b568677489d266035\"},\"breadcrumb\":{\"@id\":\"https:\\\/\\\/blogdacondessa.com.br\\\/blog\\\/saude\\\/unimed-cuiaba-e-as-tratativas-com-os-pais-de-criancas-autistas\\\/#breadcrumb\"},\"inLanguage\":\"pt-BR\",\"potentialAction\":[{\"@type\":\"ReadAction\",\"target\":[\"https:\\\/\\\/blogdacondessa.com.br\\\/blog\\\/saude\\\/unimed-cuiaba-e-as-tratativas-com-os-pais-de-criancas-autistas\\\/\"]}]},{\"@type\":\"ImageObject\",\"inLanguage\":\"pt-BR\",\"@id\":\"https:\\\/\\\/blogdacondessa.com.br\\\/blog\\\/saude\\\/unimed-cuiaba-e-as-tratativas-com-os-pais-de-criancas-autistas\\\/#primaryimage\",\"url\":\"https:\\\/\\\/blogdacondessa.com.br\\\/blog\\\/wp-content\\\/uploads\\\/2021\\\/09\\\/Unimed-1.jpg\",\"contentUrl\":\"https:\\\/\\\/blogdacondessa.com.br\\\/blog\\\/wp-content\\\/uploads\\\/2021\\\/09\\\/Unimed-1.jpg\",\"width\":700,\"height\":467},{\"@type\":\"BreadcrumbList\",\"@id\":\"https:\\\/\\\/blogdacondessa.com.br\\\/blog\\\/saude\\\/unimed-cuiaba-e-as-tratativas-com-os-pais-de-criancas-autistas\\\/#breadcrumb\",\"itemListElement\":[{\"@type\":\"ListItem\",\"position\":1,\"name\":\"In\u00edcio\",\"item\":\"https:\\\/\\\/blogdacondessa.com.br\\\/blog\\\/\"},{\"@type\":\"ListItem\",\"position\":2,\"name\":\"Unimed Cuiab\u00e1 e as tratativas com os pais de crian\u00e7as autistas\"}]},{\"@type\":\"WebSite\",\"@id\":\"https:\\\/\\\/blogdacondessa.com.br\\\/blog\\\/#website\",\"url\":\"https:\\\/\\\/blogdacondessa.com.br\\\/blog\\\/\",\"name\":\"Blog da Condessa\",\"description\":\"Com Shirley de Souza O\u2019Campos\",\"potentialAction\":[{\"@type\":\"SearchAction\",\"target\":{\"@type\":\"EntryPoint\",\"urlTemplate\":\"https:\\\/\\\/blogdacondessa.com.br\\\/blog\\\/?s={search_term_string}\"},\"query-input\":{\"@type\":\"PropertyValueSpecification\",\"valueRequired\":true,\"valueName\":\"search_term_string\"}}],\"inLanguage\":\"pt-BR\"},{\"@type\":\"Person\",\"@id\":\"https:\\\/\\\/blogdacondessa.com.br\\\/blog\\\/#\\\/schema\\\/person\\\/1d667ff8b785195b568677489d266035\",\"name\":\"Blog da Condessa\",\"image\":{\"@type\":\"ImageObject\",\"inLanguage\":\"pt-BR\",\"@id\":\"https:\\\/\\\/secure.gravatar.com\\\/avatar\\\/377c0eb8b4ad2bfc25461b41564b5971e721ca34a57642868fc7b0c8ac7b52c5?s=96&d=mm&r=g\",\"url\":\"https:\\\/\\\/secure.gravatar.com\\\/avatar\\\/377c0eb8b4ad2bfc25461b41564b5971e721ca34a57642868fc7b0c8ac7b52c5?s=96&d=mm&r=g\",\"contentUrl\":\"https:\\\/\\\/secure.gravatar.com\\\/avatar\\\/377c0eb8b4ad2bfc25461b41564b5971e721ca34a57642868fc7b0c8ac7b52c5?s=96&d=mm&r=g\",\"caption\":\"Blog da Condessa\"},\"url\":\"https:\\\/\\\/blogdacondessa.com.br\\\/blog\\\/author\\\/beatriz\\\/\"}]}<\/script>\n<!-- \/ Yoast SEO plugin. -->","yoast_head_json":{"title":"Unimed Cuiab\u00e1 e as tratativas com os pais de crian\u00e7as autistas &#8902; Blog da Condessa","robots":{"index":"index","follow":"follow","max-snippet":"max-snippet:-1","max-image-preview":"max-image-preview:large","max-video-preview":"max-video-preview:-1"},"canonical":"https:\/\/blogdacondessa.com.br\/blog\/saude\/unimed-cuiaba-e-as-tratativas-com-os-pais-de-criancas-autistas\/","og_locale":"pt_BR","og_type":"article","og_title":"Unimed Cuiab\u00e1 e as tratativas com os pais de crian\u00e7as autistas &#8902; Blog da Condessa","og_description":"O modelo de atendimento da Unimed Cuiab\u00e1 para os pacientes com Transtorno do Espectro Autista (TEA) ou outros transtornos segue crit\u00e9rios rigorosos de diagn\u00f3stico, prescri\u00e7\u00e3o e avalia\u00e7\u00e3o. A Operadora de Sa\u00fade sempre ofereceu terap\u00eautica que inclui terapia ocupacional, psicologia e fonoaudiologia buscando o aprimoramento constante da sua estrutura para oferecer seguran\u00e7a e a melhor assist\u00eancia [&hellip;]","og_url":"https:\/\/blogdacondessa.com.br\/blog\/saude\/unimed-cuiaba-e-as-tratativas-com-os-pais-de-criancas-autistas\/","og_site_name":"Blog da Condessa","article_published_time":"2021-09-14T01:51:54+00:00","og_image":[{"width":700,"height":467,"url":"https:\/\/blogdacondessa.com.br\/blog\/wp-content\/uploads\/2021\/09\/Unimed-1.jpg","type":"image\/jpeg"}],"author":"Blog da Condessa","twitter_card":"summary_large_image","twitter_misc":{"Escrito por":"Blog da Condessa","Est. tempo de leitura":"2 minutos"},"schema":{"@context":"https:\/\/schema.org","@graph":[{"@type":"Article","@id":"https:\/\/blogdacondessa.com.br\/blog\/saude\/unimed-cuiaba-e-as-tratativas-com-os-pais-de-criancas-autistas\/#article","isPartOf":{"@id":"https:\/\/blogdacondessa.com.br\/blog\/saude\/unimed-cuiaba-e-as-tratativas-com-os-pais-de-criancas-autistas\/"},"author":{"name":"Blog da Condessa","@id":"https:\/\/blogdacondessa.com.br\/blog\/#\/schema\/person\/1d667ff8b785195b568677489d266035"},"headline":"Unimed Cuiab\u00e1 e as tratativas com os pais de crian\u00e7as autistas","datePublished":"2021-09-14T01:51:54+00:00","mainEntityOfPage":{"@id":"https:\/\/blogdacondessa.com.br\/blog\/saude\/unimed-cuiaba-e-as-tratativas-com-os-pais-de-criancas-autistas\/"},"wordCount":359,"image":{"@id":"https:\/\/blogdacondessa.com.br\/blog\/saude\/unimed-cuiaba-e-as-tratativas-com-os-pais-de-criancas-autistas\/#primaryimage"},"thumbnailUrl":"https:\/\/blogdacondessa.com.br\/blog\/wp-content\/uploads\/2021\/09\/Unimed-1.jpg","articleSection":["Sa\u00fade"],"inLanguage":"pt-BR"},{"@type":"WebPage","@id":"https:\/\/blogdacondessa.com.br\/blog\/saude\/unimed-cuiaba-e-as-tratativas-com-os-pais-de-criancas-autistas\/","url":"https:\/\/blogdacondessa.com.br\/blog\/saude\/unimed-cuiaba-e-as-tratativas-com-os-pais-de-criancas-autistas\/","name":"Unimed Cuiab\u00e1 e as tratativas com os pais de crian\u00e7as autistas &#8902; Blog da Condessa","isPartOf":{"@id":"https:\/\/blogdacondessa.com.br\/blog\/#website"},"primaryImageOfPage":{"@id":"https:\/\/blogdacondessa.com.br\/blog\/saude\/unimed-cuiaba-e-as-tratativas-com-os-pais-de-criancas-autistas\/#primaryimage"},"image":{"@id":"https:\/\/blogdacondessa.com.br\/blog\/saude\/unimed-cuiaba-e-as-tratativas-com-os-pais-de-criancas-autistas\/#primaryimage"},"thumbnailUrl":"https:\/\/blogdacondessa.com.br\/blog\/wp-content\/uploads\/2021\/09\/Unimed-1.jpg","datePublished":"2021-09-14T01:51:54+00:00","author":{"@id":"https:\/\/blogdacondessa.com.br\/blog\/#\/schema\/person\/1d667ff8b785195b568677489d266035"},"breadcrumb":{"@id":"https:\/\/blogdacondessa.com.br\/blog\/saude\/unimed-cuiaba-e-as-tratativas-com-os-pais-de-criancas-autistas\/#breadcrumb"},"inLanguage":"pt-BR","potentialAction":[{"@type":"ReadAction","target":["https:\/\/blogdacondessa.com.br\/blog\/saude\/unimed-cuiaba-e-as-tratativas-com-os-pais-de-criancas-autistas\/"]}]},{"@type":"ImageObject","inLanguage":"pt-BR","@id":"https:\/\/blogdacondessa.com.br\/blog\/saude\/unimed-cuiaba-e-as-tratativas-com-os-pais-de-criancas-autistas\/#primaryimage","url":"https:\/\/blogdacondessa.com.br\/blog\/wp-content\/uploads\/2021\/09\/Unimed-1.jpg","contentUrl":"https:\/\/blogdacondessa.com.br\/blog\/wp-content\/uploads\/2021\/09\/Unimed-1.jpg","width":700,"height":467},{"@type":"BreadcrumbList","@id":"https:\/\/blogdacondessa.com.br\/blog\/saude\/unimed-cuiaba-e-as-tratativas-com-os-pais-de-criancas-autistas\/#breadcrumb","itemListElement":[{"@type":"ListItem","position":1,"name":"In\u00edcio","item":"https:\/\/blogdacondessa.com.br\/blog\/"},{"@type":"ListItem","position":2,"name":"Unimed Cuiab\u00e1 e as tratativas com os pais de crian\u00e7as autistas"}]},{"@type":"WebSite","@id":"https:\/\/blogdacondessa.com.br\/blog\/#website","url":"https:\/\/blogdacondessa.com.br\/blog\/","name":"Blog da Condessa","description":"Com Shirley de Souza O\u2019Campos","potentialAction":[{"@type":"SearchAction","target":{"@type":"EntryPoint","urlTemplate":"https:\/\/blogdacondessa.com.br\/blog\/?s={search_term_string}"},"query-input":{"@type":"PropertyValueSpecification","valueRequired":true,"valueName":"search_term_string"}}],"inLanguage":"pt-BR"},{"@type":"Person","@id":"https:\/\/blogdacondessa.com.br\/blog\/#\/schema\/person\/1d667ff8b785195b568677489d266035","name":"Blog da Condessa","image":{"@type":"ImageObject","inLanguage":"pt-BR","@id":"https:\/\/secure.gravatar.com\/avatar\/377c0eb8b4ad2bfc25461b41564b5971e721ca34a57642868fc7b0c8ac7b52c5?s=96&d=mm&r=g","url":"https:\/\/secure.gravatar.com\/avatar\/377c0eb8b4ad2bfc25461b41564b5971e721ca34a57642868fc7b0c8ac7b52c5?s=96&d=mm&r=g","contentUrl":"https:\/\/secure.gravatar.com\/avatar\/377c0eb8b4ad2bfc25461b41564b5971e721ca34a57642868fc7b0c8ac7b52c5?s=96&d=mm&r=g","caption":"Blog da Condessa"},"url":"https:\/\/blogdacondessa.com.br\/blog\/author\/beatriz\/"}]}},"_links":{"self":[{"href":"https:\/\/blogdacondessa.com.br\/blog\/wp-json\/wp\/v2\/posts\/2531","targetHints":{"allow":["GET"]}}],"collection":[{"href":"https:\/\/blogdacondessa.com.br\/blog\/wp-json\/wp\/v2\/posts"}],"about":[{"href":"https:\/\/blogdacondessa.com.br\/blog\/wp-json\/wp\/v2\/types\/post"}],"author":[{"embeddable":true,"href":"https:\/\/blogdacondessa.com.br\/blog\/wp-json\/wp\/v2\/users\/2"}],"replies":[{"embeddable":true,"href":"https:\/\/blogdacondessa.com.br\/blog\/wp-json\/wp\/v2\/comments?post=2531"}],"version-history":[{"count":0,"href":"https:\/\/blogdacondessa.com.br\/blog\/wp-json\/wp\/v2\/posts\/2531\/revisions"}],"wp:featuredmedia":[{"embeddable":true,"href":"https:\/\/blogdacondessa.com.br\/blog\/wp-json\/wp\/v2\/media\/2533"}],"wp:attachment":[{"href":"https:\/\/blogdacondessa.com.br\/blog\/wp-json\/wp\/v2\/media?parent=2531"}],"wp:term":[{"taxonomy":"category","embeddable":true,"href":"https:\/\/blogdacondessa.com.br\/blog\/wp-json\/wp\/v2\/categories?post=2531"},{"taxonomy":"post_tag","embeddable":true,"href":"https:\/\/blogdacondessa.com.br\/blog\/wp-json\/wp\/v2\/tags?post=2531"}],"curies":[{"name":"wp","href":"https:\/\/api.w.org\/{rel}","templated":true}]}}