{"id":2474,"date":"2021-09-02T20:25:19","date_gmt":"2021-09-02T20:25:19","guid":{"rendered":"https:\/\/novo.blogdacondessa.com.br\/?p=2474"},"modified":"2021-09-02T20:25:19","modified_gmt":"2021-09-02T20:25:19","slug":"combate-ao-suicidio","status":"publish","type":"post","link":"https:\/\/blogdacondessa.com.br\/blog\/cidades\/combate-ao-suicidio\/","title":{"rendered":"\u201cCombate ao Suic\u00eddio\u201d"},"content":{"rendered":"<p>A Secretaria de Assist\u00eancia Social, Direitos Humanos e da Pessoa com Defici\u00eancia preparou uma extensa programa\u00e7\u00e3o alusiva ao \u201cSetembro Amarelo\u201d. Em todas as unidades socioassistenciais, como nos 14 Centros de Refer\u00eancia de Assist\u00eancia Social (Cras), os quatro Centros de Conviv\u00eancia de Idosos (CCI\u2019s) e os dois Centros de Refer\u00eancia Especializados (Creas), a\u00e7\u00f5es sobre o tema \u201cCombate ao Suic\u00eddio\u201d. Rodas de conversa, palestras, oficinas e trocas de experi\u00eancias ser\u00e3o alguma das atividades. O evento ser\u00e1 trabalhado de forma interdisciplinar, envolvendo as secretarias de Sa\u00fade, da Mulher e Mobilidade Urbana.<\/p>\n<p>\u201cEsse \u00e9 um tema que merece ser tratado com muita aten\u00e7\u00e3o e cuidado, pois envolve sentimento. Por isso que todos os profissionais devem ser sensibilizados sobre o assunto, para saber de que forma atender um poss\u00edvel caso, como tamb\u00e9m a popula\u00e7\u00e3o, saber como reconhecer em seu meio de conv\u00edvio\u201d, disse a secret\u00e1ria municipal de Assist\u00eancia Social, Direitos Humanos e da Pessoa com Defici\u00eancia, Hellen Ferreira.<\/p>\n<p>Tendo como p\u00fablico alvo, crian\u00e7as, adolescentes e idosos dos grupos do Servi\u00e7o de Conviv\u00eancia e Fortalecimento de V\u00ednculo- SCFV, a primeira atividade aconteceu na unidade do Cras do bairro Jardim Uni\u00e3o, em Cuiab\u00e1, na quarta-feira (1). A equipe t\u00e9cnica e orientadoras sociais abordaram a tem\u00e1tica por meio de uma oficina on line \u201ccruzada de sentimentos\u201d. Foram divididas em duas turmas, matutino e vespertino. A atividade segue at\u00e9 sexta-feira (3).<\/p>\n<p>No Centro de Conviv\u00eancia de Idosos- CCI \u201cMaria Ign\u00eas\u201d, na regi\u00e3o do CPA, o tema escolhido foi \u201cPreven\u00e7\u00e3o ao Suic\u00eddio: Voc\u00ea n\u00e3o est\u00e1 sozinho\u201d. Os idosos assistidos pela Unidade participam de uma Roda de Conversa Virtual.<\/p>\n<p>Na Casa de Amparo, unidade refer\u00eancia no atendimento \u00e0s mulheres v\u00edtimas de viol\u00eancia, as usu\u00e1rias acolhidas participam de uma roda de conversa \u201cValoriza\u00e7\u00e3o da Vida\u201d.<\/p>\n<p>Na pr\u00f3xima semana, nos dias 06, 08, 09 e 10 de setembro, atividades como confec\u00e7\u00e3o de pain\u00e9is, oficinas online, rodas de conversa e palestras, nas unidades dos Cras dos bairros Dr\u00ba F\u00e1bio, Jardim Uni\u00e3o, Pedra 90, Praeiro e Dom Aquino.<\/p>\n","protected":false},"excerpt":{"rendered":"<p>A Secretaria de Assist\u00eancia Social, Direitos Humanos e da Pessoa com Defici\u00eancia preparou uma extensa programa\u00e7\u00e3o alusiva ao \u201cSetembro Amarelo\u201d. Em todas as unidades socioassistenciais, como nos 14 Centros de Refer\u00eancia de Assist\u00eancia Social (Cras), os quatro Centros de Conviv\u00eancia de Idosos (CCI\u2019s) e os dois Centros de Refer\u00eancia Especializados (Creas), a\u00e7\u00f5es sobre o tema [&hellip;]<\/p>\n","protected":false},"author":2,"featured_media":2475,"comment_status":"closed","ping_status":"closed","sticky":false,"template":"","format":"standard","meta":{"iawp_total_views":1,"footnotes":""},"categories":[12],"tags":[],"class_list":["post-2474","post","type-post","status-publish","format-standard","has-post-thumbnail","hentry","category-cidades"],"yoast_head":"<!-- This site is optimized with the Yoast SEO plugin v27.3 - https:\/\/yoast.com\/product\/yoast-seo-wordpress\/ -->\n<title>\u201cCombate ao Suic\u00eddio\u201d &#8902; Blog da Condessa<\/title>\n<meta name=\"robots\" content=\"index, follow, max-snippet:-1, max-image-preview:large, max-video-preview:-1\" \/>\n<link rel=\"canonical\" href=\"https:\/\/blogdacondessa.com.br\/blog\/cidades\/combate-ao-suicidio\/\" \/>\n<meta property=\"og:locale\" content=\"pt_BR\" \/>\n<meta property=\"og:type\" content=\"article\" \/>\n<meta property=\"og:title\" content=\"\u201cCombate ao Suic\u00eddio\u201d &#8902; Blog da Condessa\" \/>\n<meta property=\"og:description\" content=\"A Secretaria de Assist\u00eancia Social, Direitos Humanos e da Pessoa com Defici\u00eancia preparou uma extensa programa\u00e7\u00e3o alusiva ao \u201cSetembro Amarelo\u201d. Em todas as unidades socioassistenciais, como nos 14 Centros de Refer\u00eancia de Assist\u00eancia Social (Cras), os quatro Centros de Conviv\u00eancia de Idosos (CCI\u2019s) e os dois Centros de Refer\u00eancia Especializados (Creas), a\u00e7\u00f5es sobre o tema [&hellip;]\" \/>\n<meta property=\"og:url\" content=\"https:\/\/blogdacondessa.com.br\/blog\/cidades\/combate-ao-suicidio\/\" \/>\n<meta property=\"og:site_name\" content=\"Blog da Condessa\" \/>\n<meta property=\"article:published_time\" content=\"2021-09-02T20:25:19+00:00\" \/>\n<meta property=\"og:image\" content=\"https:\/\/blogdacondessa.com.br\/blog\/wp-content\/uploads\/2021\/09\/marcia-pinheiro.jpg\" \/>\n\t<meta property=\"og:image:width\" content=\"1080\" \/>\n\t<meta property=\"og:image:height\" content=\"1080\" \/>\n\t<meta property=\"og:image:type\" content=\"image\/jpeg\" \/>\n<meta name=\"author\" content=\"Blog da Condessa\" \/>\n<meta name=\"twitter:card\" content=\"summary_large_image\" \/>\n<meta name=\"twitter:label1\" content=\"Escrito por\" \/>\n\t<meta name=\"twitter:data1\" content=\"Blog da Condessa\" \/>\n\t<meta name=\"twitter:label2\" content=\"Est. tempo de leitura\" \/>\n\t<meta name=\"twitter:data2\" content=\"2 minutos\" \/>\n<script type=\"application\/ld+json\" class=\"yoast-schema-graph\">{\"@context\":\"https:\\\/\\\/schema.org\",\"@graph\":[{\"@type\":\"Article\",\"@id\":\"https:\\\/\\\/blogdacondessa.com.br\\\/blog\\\/cidades\\\/combate-ao-suicidio\\\/#article\",\"isPartOf\":{\"@id\":\"https:\\\/\\\/blogdacondessa.com.br\\\/blog\\\/cidades\\\/combate-ao-suicidio\\\/\"},\"author\":{\"name\":\"Blog da Condessa\",\"@id\":\"https:\\\/\\\/blogdacondessa.com.br\\\/blog\\\/#\\\/schema\\\/person\\\/1d667ff8b785195b568677489d266035\"},\"headline\":\"\u201cCombate ao Suic\u00eddio\u201d\",\"datePublished\":\"2021-09-02T20:25:19+00:00\",\"mainEntityOfPage\":{\"@id\":\"https:\\\/\\\/blogdacondessa.com.br\\\/blog\\\/cidades\\\/combate-ao-suicidio\\\/\"},\"wordCount\":363,\"image\":{\"@id\":\"https:\\\/\\\/blogdacondessa.com.br\\\/blog\\\/cidades\\\/combate-ao-suicidio\\\/#primaryimage\"},\"thumbnailUrl\":\"https:\\\/\\\/blogdacondessa.com.br\\\/blog\\\/wp-content\\\/uploads\\\/2021\\\/09\\\/marcia-pinheiro.jpg\",\"articleSection\":[\"Cidades\"],\"inLanguage\":\"pt-BR\"},{\"@type\":\"WebPage\",\"@id\":\"https:\\\/\\\/blogdacondessa.com.br\\\/blog\\\/cidades\\\/combate-ao-suicidio\\\/\",\"url\":\"https:\\\/\\\/blogdacondessa.com.br\\\/blog\\\/cidades\\\/combate-ao-suicidio\\\/\",\"name\":\"\u201cCombate ao Suic\u00eddio\u201d &#8902; Blog da Condessa\",\"isPartOf\":{\"@id\":\"https:\\\/\\\/blogdacondessa.com.br\\\/blog\\\/#website\"},\"primaryImageOfPage\":{\"@id\":\"https:\\\/\\\/blogdacondessa.com.br\\\/blog\\\/cidades\\\/combate-ao-suicidio\\\/#primaryimage\"},\"image\":{\"@id\":\"https:\\\/\\\/blogdacondessa.com.br\\\/blog\\\/cidades\\\/combate-ao-suicidio\\\/#primaryimage\"},\"thumbnailUrl\":\"https:\\\/\\\/blogdacondessa.com.br\\\/blog\\\/wp-content\\\/uploads\\\/2021\\\/09\\\/marcia-pinheiro.jpg\",\"datePublished\":\"2021-09-02T20:25:19+00:00\",\"author\":{\"@id\":\"https:\\\/\\\/blogdacondessa.com.br\\\/blog\\\/#\\\/schema\\\/person\\\/1d667ff8b785195b568677489d266035\"},\"breadcrumb\":{\"@id\":\"https:\\\/\\\/blogdacondessa.com.br\\\/blog\\\/cidades\\\/combate-ao-suicidio\\\/#breadcrumb\"},\"inLanguage\":\"pt-BR\",\"potentialAction\":[{\"@type\":\"ReadAction\",\"target\":[\"https:\\\/\\\/blogdacondessa.com.br\\\/blog\\\/cidades\\\/combate-ao-suicidio\\\/\"]}]},{\"@type\":\"ImageObject\",\"inLanguage\":\"pt-BR\",\"@id\":\"https:\\\/\\\/blogdacondessa.com.br\\\/blog\\\/cidades\\\/combate-ao-suicidio\\\/#primaryimage\",\"url\":\"https:\\\/\\\/blogdacondessa.com.br\\\/blog\\\/wp-content\\\/uploads\\\/2021\\\/09\\\/marcia-pinheiro.jpg\",\"contentUrl\":\"https:\\\/\\\/blogdacondessa.com.br\\\/blog\\\/wp-content\\\/uploads\\\/2021\\\/09\\\/marcia-pinheiro.jpg\",\"width\":1080,\"height\":1080},{\"@type\":\"BreadcrumbList\",\"@id\":\"https:\\\/\\\/blogdacondessa.com.br\\\/blog\\\/cidades\\\/combate-ao-suicidio\\\/#breadcrumb\",\"itemListElement\":[{\"@type\":\"ListItem\",\"position\":1,\"name\":\"In\u00edcio\",\"item\":\"https:\\\/\\\/blogdacondessa.com.br\\\/blog\\\/\"},{\"@type\":\"ListItem\",\"position\":2,\"name\":\"\u201cCombate ao Suic\u00eddio\u201d\"}]},{\"@type\":\"WebSite\",\"@id\":\"https:\\\/\\\/blogdacondessa.com.br\\\/blog\\\/#website\",\"url\":\"https:\\\/\\\/blogdacondessa.com.br\\\/blog\\\/\",\"name\":\"Blog da Condessa\",\"description\":\"Com Shirley de Souza O\u2019Campos\",\"potentialAction\":[{\"@type\":\"SearchAction\",\"target\":{\"@type\":\"EntryPoint\",\"urlTemplate\":\"https:\\\/\\\/blogdacondessa.com.br\\\/blog\\\/?s={search_term_string}\"},\"query-input\":{\"@type\":\"PropertyValueSpecification\",\"valueRequired\":true,\"valueName\":\"search_term_string\"}}],\"inLanguage\":\"pt-BR\"},{\"@type\":\"Person\",\"@id\":\"https:\\\/\\\/blogdacondessa.com.br\\\/blog\\\/#\\\/schema\\\/person\\\/1d667ff8b785195b568677489d266035\",\"name\":\"Blog da Condessa\",\"image\":{\"@type\":\"ImageObject\",\"inLanguage\":\"pt-BR\",\"@id\":\"https:\\\/\\\/secure.gravatar.com\\\/avatar\\\/377c0eb8b4ad2bfc25461b41564b5971e721ca34a57642868fc7b0c8ac7b52c5?s=96&d=mm&r=g\",\"url\":\"https:\\\/\\\/secure.gravatar.com\\\/avatar\\\/377c0eb8b4ad2bfc25461b41564b5971e721ca34a57642868fc7b0c8ac7b52c5?s=96&d=mm&r=g\",\"contentUrl\":\"https:\\\/\\\/secure.gravatar.com\\\/avatar\\\/377c0eb8b4ad2bfc25461b41564b5971e721ca34a57642868fc7b0c8ac7b52c5?s=96&d=mm&r=g\",\"caption\":\"Blog da Condessa\"},\"url\":\"https:\\\/\\\/blogdacondessa.com.br\\\/blog\\\/author\\\/beatriz\\\/\"}]}<\/script>\n<!-- \/ Yoast SEO plugin. -->","yoast_head_json":{"title":"\u201cCombate ao Suic\u00eddio\u201d &#8902; Blog da Condessa","robots":{"index":"index","follow":"follow","max-snippet":"max-snippet:-1","max-image-preview":"max-image-preview:large","max-video-preview":"max-video-preview:-1"},"canonical":"https:\/\/blogdacondessa.com.br\/blog\/cidades\/combate-ao-suicidio\/","og_locale":"pt_BR","og_type":"article","og_title":"\u201cCombate ao Suic\u00eddio\u201d &#8902; Blog da Condessa","og_description":"A Secretaria de Assist\u00eancia Social, Direitos Humanos e da Pessoa com Defici\u00eancia preparou uma extensa programa\u00e7\u00e3o alusiva ao \u201cSetembro Amarelo\u201d. Em todas as unidades socioassistenciais, como nos 14 Centros de Refer\u00eancia de Assist\u00eancia Social (Cras), os quatro Centros de Conviv\u00eancia de Idosos (CCI\u2019s) e os dois Centros de Refer\u00eancia Especializados (Creas), a\u00e7\u00f5es sobre o tema [&hellip;]","og_url":"https:\/\/blogdacondessa.com.br\/blog\/cidades\/combate-ao-suicidio\/","og_site_name":"Blog da Condessa","article_published_time":"2021-09-02T20:25:19+00:00","og_image":[{"width":1080,"height":1080,"url":"https:\/\/blogdacondessa.com.br\/blog\/wp-content\/uploads\/2021\/09\/marcia-pinheiro.jpg","type":"image\/jpeg"}],"author":"Blog da Condessa","twitter_card":"summary_large_image","twitter_misc":{"Escrito por":"Blog da Condessa","Est. tempo de leitura":"2 minutos"},"schema":{"@context":"https:\/\/schema.org","@graph":[{"@type":"Article","@id":"https:\/\/blogdacondessa.com.br\/blog\/cidades\/combate-ao-suicidio\/#article","isPartOf":{"@id":"https:\/\/blogdacondessa.com.br\/blog\/cidades\/combate-ao-suicidio\/"},"author":{"name":"Blog da Condessa","@id":"https:\/\/blogdacondessa.com.br\/blog\/#\/schema\/person\/1d667ff8b785195b568677489d266035"},"headline":"\u201cCombate ao Suic\u00eddio\u201d","datePublished":"2021-09-02T20:25:19+00:00","mainEntityOfPage":{"@id":"https:\/\/blogdacondessa.com.br\/blog\/cidades\/combate-ao-suicidio\/"},"wordCount":363,"image":{"@id":"https:\/\/blogdacondessa.com.br\/blog\/cidades\/combate-ao-suicidio\/#primaryimage"},"thumbnailUrl":"https:\/\/blogdacondessa.com.br\/blog\/wp-content\/uploads\/2021\/09\/marcia-pinheiro.jpg","articleSection":["Cidades"],"inLanguage":"pt-BR"},{"@type":"WebPage","@id":"https:\/\/blogdacondessa.com.br\/blog\/cidades\/combate-ao-suicidio\/","url":"https:\/\/blogdacondessa.com.br\/blog\/cidades\/combate-ao-suicidio\/","name":"\u201cCombate ao Suic\u00eddio\u201d &#8902; Blog da Condessa","isPartOf":{"@id":"https:\/\/blogdacondessa.com.br\/blog\/#website"},"primaryImageOfPage":{"@id":"https:\/\/blogdacondessa.com.br\/blog\/cidades\/combate-ao-suicidio\/#primaryimage"},"image":{"@id":"https:\/\/blogdacondessa.com.br\/blog\/cidades\/combate-ao-suicidio\/#primaryimage"},"thumbnailUrl":"https:\/\/blogdacondessa.com.br\/blog\/wp-content\/uploads\/2021\/09\/marcia-pinheiro.jpg","datePublished":"2021-09-02T20:25:19+00:00","author":{"@id":"https:\/\/blogdacondessa.com.br\/blog\/#\/schema\/person\/1d667ff8b785195b568677489d266035"},"breadcrumb":{"@id":"https:\/\/blogdacondessa.com.br\/blog\/cidades\/combate-ao-suicidio\/#breadcrumb"},"inLanguage":"pt-BR","potentialAction":[{"@type":"ReadAction","target":["https:\/\/blogdacondessa.com.br\/blog\/cidades\/combate-ao-suicidio\/"]}]},{"@type":"ImageObject","inLanguage":"pt-BR","@id":"https:\/\/blogdacondessa.com.br\/blog\/cidades\/combate-ao-suicidio\/#primaryimage","url":"https:\/\/blogdacondessa.com.br\/blog\/wp-content\/uploads\/2021\/09\/marcia-pinheiro.jpg","contentUrl":"https:\/\/blogdacondessa.com.br\/blog\/wp-content\/uploads\/2021\/09\/marcia-pinheiro.jpg","width":1080,"height":1080},{"@type":"BreadcrumbList","@id":"https:\/\/blogdacondessa.com.br\/blog\/cidades\/combate-ao-suicidio\/#breadcrumb","itemListElement":[{"@type":"ListItem","position":1,"name":"In\u00edcio","item":"https:\/\/blogdacondessa.com.br\/blog\/"},{"@type":"ListItem","position":2,"name":"\u201cCombate ao Suic\u00eddio\u201d"}]},{"@type":"WebSite","@id":"https:\/\/blogdacondessa.com.br\/blog\/#website","url":"https:\/\/blogdacondessa.com.br\/blog\/","name":"Blog da Condessa","description":"Com Shirley de Souza O\u2019Campos","potentialAction":[{"@type":"SearchAction","target":{"@type":"EntryPoint","urlTemplate":"https:\/\/blogdacondessa.com.br\/blog\/?s={search_term_string}"},"query-input":{"@type":"PropertyValueSpecification","valueRequired":true,"valueName":"search_term_string"}}],"inLanguage":"pt-BR"},{"@type":"Person","@id":"https:\/\/blogdacondessa.com.br\/blog\/#\/schema\/person\/1d667ff8b785195b568677489d266035","name":"Blog da Condessa","image":{"@type":"ImageObject","inLanguage":"pt-BR","@id":"https:\/\/secure.gravatar.com\/avatar\/377c0eb8b4ad2bfc25461b41564b5971e721ca34a57642868fc7b0c8ac7b52c5?s=96&d=mm&r=g","url":"https:\/\/secure.gravatar.com\/avatar\/377c0eb8b4ad2bfc25461b41564b5971e721ca34a57642868fc7b0c8ac7b52c5?s=96&d=mm&r=g","contentUrl":"https:\/\/secure.gravatar.com\/avatar\/377c0eb8b4ad2bfc25461b41564b5971e721ca34a57642868fc7b0c8ac7b52c5?s=96&d=mm&r=g","caption":"Blog da Condessa"},"url":"https:\/\/blogdacondessa.com.br\/blog\/author\/beatriz\/"}]}},"_links":{"self":[{"href":"https:\/\/blogdacondessa.com.br\/blog\/wp-json\/wp\/v2\/posts\/2474","targetHints":{"allow":["GET"]}}],"collection":[{"href":"https:\/\/blogdacondessa.com.br\/blog\/wp-json\/wp\/v2\/posts"}],"about":[{"href":"https:\/\/blogdacondessa.com.br\/blog\/wp-json\/wp\/v2\/types\/post"}],"author":[{"embeddable":true,"href":"https:\/\/blogdacondessa.com.br\/blog\/wp-json\/wp\/v2\/users\/2"}],"replies":[{"embeddable":true,"href":"https:\/\/blogdacondessa.com.br\/blog\/wp-json\/wp\/v2\/comments?post=2474"}],"version-history":[{"count":0,"href":"https:\/\/blogdacondessa.com.br\/blog\/wp-json\/wp\/v2\/posts\/2474\/revisions"}],"wp:featuredmedia":[{"embeddable":true,"href":"https:\/\/blogdacondessa.com.br\/blog\/wp-json\/wp\/v2\/media\/2475"}],"wp:attachment":[{"href":"https:\/\/blogdacondessa.com.br\/blog\/wp-json\/wp\/v2\/media?parent=2474"}],"wp:term":[{"taxonomy":"category","embeddable":true,"href":"https:\/\/blogdacondessa.com.br\/blog\/wp-json\/wp\/v2\/categories?post=2474"},{"taxonomy":"post_tag","embeddable":true,"href":"https:\/\/blogdacondessa.com.br\/blog\/wp-json\/wp\/v2\/tags?post=2474"}],"curies":[{"name":"wp","href":"https:\/\/api.w.org\/{rel}","templated":true}]}}