{"id":2468,"date":"2021-09-02T17:15:58","date_gmt":"2021-09-02T17:15:58","guid":{"rendered":"https:\/\/novo.blogdacondessa.com.br\/?p=2468"},"modified":"2021-09-02T17:15:58","modified_gmt":"2021-09-02T17:15:58","slug":"profissionais-da-saude-recebem-atendimento-terapeutico-com-florais-de-minas","status":"publish","type":"post","link":"https:\/\/blogdacondessa.com.br\/blog\/saude\/profissionais-da-saude-recebem-atendimento-terapeutico-com-florais-de-minas\/","title":{"rendered":"Profissionais da sa\u00fade recebem atendimento terap\u00eautico com Florais de Minas"},"content":{"rendered":"<p>Os trabalhadores filiados ao Sindicato dos Servidores P\u00fablicos da Sa\u00fade do Estado de Mato Grosso (SISMA\/MT) recebem atendimento terap\u00eautico gratuito, com os Florais de Minas, desde junho deste ano. Ao todo, 50 profissionais de todo o Estado foram atendidos, entre junho e agosto, pela terapeuta Rita Borges, volunt\u00e1ria na iniciativa.<\/p>\n<p>\u201cConhecemos a carga f\u00edsica, psicol\u00f3gica e emocional que o servidor da sa\u00fade enfrenta, por isso, a meta do sindicato \u00e9 realizar diversos atendimentos para promover a aten\u00e7\u00e3o \u00e0 sa\u00fade de forma integral, em especial por meio do autocuidado, seja de maneira direta, ou por meio de conv\u00eanios. Por\u00e9m, neste momento de distanciamento social consideramos os Florais uma medida eficiente\u201d, afian\u00e7ou a presidente do SISMA\/MT, Carmen Machado.<\/p>\n<p>Sobre o tratamento a terapeuta Rita Borges conta, \u201cS\u00e3o utilizadas subst\u00e2ncias, essenciais florais, produzidas pelas plantas e flores nativas ou bem adaptadas ao Brasil, por isso combinam com o nosso corpo e trazem benef\u00edcios \u00e0 sa\u00fade\u201d.<\/p>\n<p>A terapeuta ainda conta que o modelo de atendimento remoto, realizado pelo SISMA possibilita o amplo acesso e garante os benef\u00edcios do tratamento.<\/p>\n<p>\u201cA pr\u00f3pria pessoa escolhe as suas flores, porque ela reconhece a suas necessidades, e os florais trabalham o sub consciente, aquilo que n\u00e3o est\u00e1 exposto, e acertadamente ela escolhe a essencia floral que mais necessita, que est\u00e1 no subconsciente para ser trabalhado\u201d, refor\u00e7a\u201d, Rita Borges.<\/p>\n<p>Para ter acesso a essa a terapia de Florais de Minas, o filiado ou dependente s\u00f3 precisa preencher uma ficha com dados pessoais, e relatos de doen\u00e7as e inc\u00f4modos, e selecionar as flores. Com essas informa\u00e7\u00f5es, a terapeuta realizar\u00e1 a anamnese online, que ao final prescrever\u00e1 o tratamento, com este documento em m\u00e3os, o floral dever\u00e1 ser manipulado, e tem o custo m\u00e9dio de investimento de R$35,00 nas farm\u00e1cias especializadas em manipula\u00e7\u00e3o.<\/p>\n<p>\u201cOs Florais s\u00e3o uma esp\u00e9cie de suplemento, uma bebida saud\u00e1vel, para ser tomada em poucas gotinhas, que se mostra eficaz na manuten\u00e7\u00e3o de uma melhor qualidade de vida. Pode ser utilizado como complementar ao tratamento m\u00e9dico, ou mesmo que n\u00e3o exista um tratamento tradicional, ele \u00e9 aliado para combater condi\u00e7\u00f5es como ins\u00f4nia e ansiedade\u201d, comentou a enfermeira e terapeuta que ser\u00e1 respons\u00e1vel pelo atendimento, Rita Borges.<\/p>\n<p>O projeto de tratamento com os Florais de Minas \u00e9 coordenado pela 2\u00aa-secret\u00e1ria do SISMA\/MT Solanayara da Silva. Ela avalia a recep\u00e7\u00e3o por parte dos filiados como positiva, considerando que o reconhecimento dessa Pr\u00e1tica Integrativa Complementar (PIC) pelo Sistema \u00danico de Sa\u00fade (SUS) e a Organiza\u00e7\u00e3o Mundial de Sa\u00fade (OMS) \u00e9 recente, por isso, ainda levar\u00e1 algum tempo para que as pessoas confiem mais nos benef\u00edcios.<\/p>\n<p>Para mais informa\u00e7\u00f5es fale com o SISMA pelo telefone (65) 3661-5615, caso precise de ajuda para encontrar uma farm\u00e1cia especializada, o filiado pode falar com a coordenadora do projeto Solanyara, (65) 9 8115-3748.<\/p>\n","protected":false},"excerpt":{"rendered":"<p>Os trabalhadores filiados ao Sindicato dos Servidores P\u00fablicos da Sa\u00fade do Estado de Mato Grosso (SISMA\/MT) recebem atendimento terap\u00eautico gratuito, com os Florais de Minas, desde junho deste ano. Ao todo, 50 profissionais de todo o Estado foram atendidos, entre junho e agosto, pela terapeuta Rita Borges, volunt\u00e1ria na iniciativa. \u201cConhecemos a carga f\u00edsica, psicol\u00f3gica [&hellip;]<\/p>\n","protected":false},"author":2,"featured_media":2469,"comment_status":"closed","ping_status":"closed","sticky":false,"template":"","format":"standard","meta":{"iawp_total_views":0,"footnotes":""},"categories":[5],"tags":[],"class_list":["post-2468","post","type-post","status-publish","format-standard","has-post-thumbnail","hentry","category-saude"],"yoast_head":"<!-- This site is optimized with the Yoast SEO plugin v27.3 - https:\/\/yoast.com\/product\/yoast-seo-wordpress\/ -->\n<title>Profissionais da sa\u00fade recebem atendimento terap\u00eautico com Florais de Minas &#8902; Blog da Condessa<\/title>\n<meta name=\"robots\" content=\"index, follow, max-snippet:-1, max-image-preview:large, max-video-preview:-1\" \/>\n<link rel=\"canonical\" href=\"https:\/\/blogdacondessa.com.br\/blog\/saude\/profissionais-da-saude-recebem-atendimento-terapeutico-com-florais-de-minas\/\" \/>\n<meta property=\"og:locale\" content=\"pt_BR\" \/>\n<meta property=\"og:type\" content=\"article\" \/>\n<meta property=\"og:title\" content=\"Profissionais da sa\u00fade recebem atendimento terap\u00eautico com Florais de Minas &#8902; Blog da Condessa\" \/>\n<meta property=\"og:description\" content=\"Os trabalhadores filiados ao Sindicato dos Servidores P\u00fablicos da Sa\u00fade do Estado de Mato Grosso (SISMA\/MT) recebem atendimento terap\u00eautico gratuito, com os Florais de Minas, desde junho deste ano. Ao todo, 50 profissionais de todo o Estado foram atendidos, entre junho e agosto, pela terapeuta Rita Borges, volunt\u00e1ria na iniciativa. \u201cConhecemos a carga f\u00edsica, psicol\u00f3gica [&hellip;]\" \/>\n<meta property=\"og:url\" content=\"https:\/\/blogdacondessa.com.br\/blog\/saude\/profissionais-da-saude-recebem-atendimento-terapeutico-com-florais-de-minas\/\" \/>\n<meta property=\"og:site_name\" content=\"Blog da Condessa\" \/>\n<meta property=\"article:published_time\" content=\"2021-09-02T17:15:58+00:00\" \/>\n<meta property=\"og:image\" content=\"https:\/\/blogdacondessa.com.br\/blog\/wp-content\/uploads\/2021\/09\/florais_terapia_sisma_mt_saude.jpg\" \/>\n\t<meta property=\"og:image:width\" content=\"537\" \/>\n\t<meta property=\"og:image:height\" content=\"354\" \/>\n\t<meta property=\"og:image:type\" content=\"image\/jpeg\" \/>\n<meta name=\"author\" content=\"Blog da Condessa\" \/>\n<meta name=\"twitter:card\" content=\"summary_large_image\" \/>\n<meta name=\"twitter:label1\" content=\"Escrito por\" \/>\n\t<meta name=\"twitter:data1\" content=\"Blog da Condessa\" \/>\n\t<meta name=\"twitter:label2\" content=\"Est. tempo de leitura\" \/>\n\t<meta name=\"twitter:data2\" content=\"2 minutos\" \/>\n<script type=\"application\/ld+json\" class=\"yoast-schema-graph\">{\"@context\":\"https:\\\/\\\/schema.org\",\"@graph\":[{\"@type\":\"Article\",\"@id\":\"https:\\\/\\\/blogdacondessa.com.br\\\/blog\\\/saude\\\/profissionais-da-saude-recebem-atendimento-terapeutico-com-florais-de-minas\\\/#article\",\"isPartOf\":{\"@id\":\"https:\\\/\\\/blogdacondessa.com.br\\\/blog\\\/saude\\\/profissionais-da-saude-recebem-atendimento-terapeutico-com-florais-de-minas\\\/\"},\"author\":{\"name\":\"Blog da Condessa\",\"@id\":\"https:\\\/\\\/blogdacondessa.com.br\\\/blog\\\/#\\\/schema\\\/person\\\/1d667ff8b785195b568677489d266035\"},\"headline\":\"Profissionais da sa\u00fade recebem atendimento terap\u00eautico com Florais de Minas\",\"datePublished\":\"2021-09-02T17:15:58+00:00\",\"mainEntityOfPage\":{\"@id\":\"https:\\\/\\\/blogdacondessa.com.br\\\/blog\\\/saude\\\/profissionais-da-saude-recebem-atendimento-terapeutico-com-florais-de-minas\\\/\"},\"wordCount\":507,\"image\":{\"@id\":\"https:\\\/\\\/blogdacondessa.com.br\\\/blog\\\/saude\\\/profissionais-da-saude-recebem-atendimento-terapeutico-com-florais-de-minas\\\/#primaryimage\"},\"thumbnailUrl\":\"https:\\\/\\\/blogdacondessa.com.br\\\/blog\\\/wp-content\\\/uploads\\\/2021\\\/09\\\/florais_terapia_sisma_mt_saude.jpg\",\"articleSection\":[\"Sa\u00fade\"],\"inLanguage\":\"pt-BR\"},{\"@type\":\"WebPage\",\"@id\":\"https:\\\/\\\/blogdacondessa.com.br\\\/blog\\\/saude\\\/profissionais-da-saude-recebem-atendimento-terapeutico-com-florais-de-minas\\\/\",\"url\":\"https:\\\/\\\/blogdacondessa.com.br\\\/blog\\\/saude\\\/profissionais-da-saude-recebem-atendimento-terapeutico-com-florais-de-minas\\\/\",\"name\":\"Profissionais da sa\u00fade recebem atendimento terap\u00eautico com Florais de Minas &#8902; Blog da Condessa\",\"isPartOf\":{\"@id\":\"https:\\\/\\\/blogdacondessa.com.br\\\/blog\\\/#website\"},\"primaryImageOfPage\":{\"@id\":\"https:\\\/\\\/blogdacondessa.com.br\\\/blog\\\/saude\\\/profissionais-da-saude-recebem-atendimento-terapeutico-com-florais-de-minas\\\/#primaryimage\"},\"image\":{\"@id\":\"https:\\\/\\\/blogdacondessa.com.br\\\/blog\\\/saude\\\/profissionais-da-saude-recebem-atendimento-terapeutico-com-florais-de-minas\\\/#primaryimage\"},\"thumbnailUrl\":\"https:\\\/\\\/blogdacondessa.com.br\\\/blog\\\/wp-content\\\/uploads\\\/2021\\\/09\\\/florais_terapia_sisma_mt_saude.jpg\",\"datePublished\":\"2021-09-02T17:15:58+00:00\",\"author\":{\"@id\":\"https:\\\/\\\/blogdacondessa.com.br\\\/blog\\\/#\\\/schema\\\/person\\\/1d667ff8b785195b568677489d266035\"},\"breadcrumb\":{\"@id\":\"https:\\\/\\\/blogdacondessa.com.br\\\/blog\\\/saude\\\/profissionais-da-saude-recebem-atendimento-terapeutico-com-florais-de-minas\\\/#breadcrumb\"},\"inLanguage\":\"pt-BR\",\"potentialAction\":[{\"@type\":\"ReadAction\",\"target\":[\"https:\\\/\\\/blogdacondessa.com.br\\\/blog\\\/saude\\\/profissionais-da-saude-recebem-atendimento-terapeutico-com-florais-de-minas\\\/\"]}]},{\"@type\":\"ImageObject\",\"inLanguage\":\"pt-BR\",\"@id\":\"https:\\\/\\\/blogdacondessa.com.br\\\/blog\\\/saude\\\/profissionais-da-saude-recebem-atendimento-terapeutico-com-florais-de-minas\\\/#primaryimage\",\"url\":\"https:\\\/\\\/blogdacondessa.com.br\\\/blog\\\/wp-content\\\/uploads\\\/2021\\\/09\\\/florais_terapia_sisma_mt_saude.jpg\",\"contentUrl\":\"https:\\\/\\\/blogdacondessa.com.br\\\/blog\\\/wp-content\\\/uploads\\\/2021\\\/09\\\/florais_terapia_sisma_mt_saude.jpg\",\"width\":537,\"height\":354},{\"@type\":\"BreadcrumbList\",\"@id\":\"https:\\\/\\\/blogdacondessa.com.br\\\/blog\\\/saude\\\/profissionais-da-saude-recebem-atendimento-terapeutico-com-florais-de-minas\\\/#breadcrumb\",\"itemListElement\":[{\"@type\":\"ListItem\",\"position\":1,\"name\":\"In\u00edcio\",\"item\":\"https:\\\/\\\/blogdacondessa.com.br\\\/blog\\\/\"},{\"@type\":\"ListItem\",\"position\":2,\"name\":\"Profissionais da sa\u00fade recebem atendimento terap\u00eautico com Florais de Minas\"}]},{\"@type\":\"WebSite\",\"@id\":\"https:\\\/\\\/blogdacondessa.com.br\\\/blog\\\/#website\",\"url\":\"https:\\\/\\\/blogdacondessa.com.br\\\/blog\\\/\",\"name\":\"Blog da Condessa\",\"description\":\"Com Shirley de Souza O\u2019Campos\",\"potentialAction\":[{\"@type\":\"SearchAction\",\"target\":{\"@type\":\"EntryPoint\",\"urlTemplate\":\"https:\\\/\\\/blogdacondessa.com.br\\\/blog\\\/?s={search_term_string}\"},\"query-input\":{\"@type\":\"PropertyValueSpecification\",\"valueRequired\":true,\"valueName\":\"search_term_string\"}}],\"inLanguage\":\"pt-BR\"},{\"@type\":\"Person\",\"@id\":\"https:\\\/\\\/blogdacondessa.com.br\\\/blog\\\/#\\\/schema\\\/person\\\/1d667ff8b785195b568677489d266035\",\"name\":\"Blog da Condessa\",\"image\":{\"@type\":\"ImageObject\",\"inLanguage\":\"pt-BR\",\"@id\":\"https:\\\/\\\/secure.gravatar.com\\\/avatar\\\/377c0eb8b4ad2bfc25461b41564b5971e721ca34a57642868fc7b0c8ac7b52c5?s=96&d=mm&r=g\",\"url\":\"https:\\\/\\\/secure.gravatar.com\\\/avatar\\\/377c0eb8b4ad2bfc25461b41564b5971e721ca34a57642868fc7b0c8ac7b52c5?s=96&d=mm&r=g\",\"contentUrl\":\"https:\\\/\\\/secure.gravatar.com\\\/avatar\\\/377c0eb8b4ad2bfc25461b41564b5971e721ca34a57642868fc7b0c8ac7b52c5?s=96&d=mm&r=g\",\"caption\":\"Blog da Condessa\"},\"url\":\"https:\\\/\\\/blogdacondessa.com.br\\\/blog\\\/author\\\/beatriz\\\/\"}]}<\/script>\n<!-- \/ Yoast SEO plugin. -->","yoast_head_json":{"title":"Profissionais da sa\u00fade recebem atendimento terap\u00eautico com Florais de Minas &#8902; Blog da Condessa","robots":{"index":"index","follow":"follow","max-snippet":"max-snippet:-1","max-image-preview":"max-image-preview:large","max-video-preview":"max-video-preview:-1"},"canonical":"https:\/\/blogdacondessa.com.br\/blog\/saude\/profissionais-da-saude-recebem-atendimento-terapeutico-com-florais-de-minas\/","og_locale":"pt_BR","og_type":"article","og_title":"Profissionais da sa\u00fade recebem atendimento terap\u00eautico com Florais de Minas &#8902; Blog da Condessa","og_description":"Os trabalhadores filiados ao Sindicato dos Servidores P\u00fablicos da Sa\u00fade do Estado de Mato Grosso (SISMA\/MT) recebem atendimento terap\u00eautico gratuito, com os Florais de Minas, desde junho deste ano. Ao todo, 50 profissionais de todo o Estado foram atendidos, entre junho e agosto, pela terapeuta Rita Borges, volunt\u00e1ria na iniciativa. \u201cConhecemos a carga f\u00edsica, psicol\u00f3gica [&hellip;]","og_url":"https:\/\/blogdacondessa.com.br\/blog\/saude\/profissionais-da-saude-recebem-atendimento-terapeutico-com-florais-de-minas\/","og_site_name":"Blog da Condessa","article_published_time":"2021-09-02T17:15:58+00:00","og_image":[{"width":537,"height":354,"url":"https:\/\/blogdacondessa.com.br\/blog\/wp-content\/uploads\/2021\/09\/florais_terapia_sisma_mt_saude.jpg","type":"image\/jpeg"}],"author":"Blog da Condessa","twitter_card":"summary_large_image","twitter_misc":{"Escrito por":"Blog da Condessa","Est. tempo de leitura":"2 minutos"},"schema":{"@context":"https:\/\/schema.org","@graph":[{"@type":"Article","@id":"https:\/\/blogdacondessa.com.br\/blog\/saude\/profissionais-da-saude-recebem-atendimento-terapeutico-com-florais-de-minas\/#article","isPartOf":{"@id":"https:\/\/blogdacondessa.com.br\/blog\/saude\/profissionais-da-saude-recebem-atendimento-terapeutico-com-florais-de-minas\/"},"author":{"name":"Blog da Condessa","@id":"https:\/\/blogdacondessa.com.br\/blog\/#\/schema\/person\/1d667ff8b785195b568677489d266035"},"headline":"Profissionais da sa\u00fade recebem atendimento terap\u00eautico com Florais de Minas","datePublished":"2021-09-02T17:15:58+00:00","mainEntityOfPage":{"@id":"https:\/\/blogdacondessa.com.br\/blog\/saude\/profissionais-da-saude-recebem-atendimento-terapeutico-com-florais-de-minas\/"},"wordCount":507,"image":{"@id":"https:\/\/blogdacondessa.com.br\/blog\/saude\/profissionais-da-saude-recebem-atendimento-terapeutico-com-florais-de-minas\/#primaryimage"},"thumbnailUrl":"https:\/\/blogdacondessa.com.br\/blog\/wp-content\/uploads\/2021\/09\/florais_terapia_sisma_mt_saude.jpg","articleSection":["Sa\u00fade"],"inLanguage":"pt-BR"},{"@type":"WebPage","@id":"https:\/\/blogdacondessa.com.br\/blog\/saude\/profissionais-da-saude-recebem-atendimento-terapeutico-com-florais-de-minas\/","url":"https:\/\/blogdacondessa.com.br\/blog\/saude\/profissionais-da-saude-recebem-atendimento-terapeutico-com-florais-de-minas\/","name":"Profissionais da sa\u00fade recebem atendimento terap\u00eautico com Florais de Minas &#8902; Blog da Condessa","isPartOf":{"@id":"https:\/\/blogdacondessa.com.br\/blog\/#website"},"primaryImageOfPage":{"@id":"https:\/\/blogdacondessa.com.br\/blog\/saude\/profissionais-da-saude-recebem-atendimento-terapeutico-com-florais-de-minas\/#primaryimage"},"image":{"@id":"https:\/\/blogdacondessa.com.br\/blog\/saude\/profissionais-da-saude-recebem-atendimento-terapeutico-com-florais-de-minas\/#primaryimage"},"thumbnailUrl":"https:\/\/blogdacondessa.com.br\/blog\/wp-content\/uploads\/2021\/09\/florais_terapia_sisma_mt_saude.jpg","datePublished":"2021-09-02T17:15:58+00:00","author":{"@id":"https:\/\/blogdacondessa.com.br\/blog\/#\/schema\/person\/1d667ff8b785195b568677489d266035"},"breadcrumb":{"@id":"https:\/\/blogdacondessa.com.br\/blog\/saude\/profissionais-da-saude-recebem-atendimento-terapeutico-com-florais-de-minas\/#breadcrumb"},"inLanguage":"pt-BR","potentialAction":[{"@type":"ReadAction","target":["https:\/\/blogdacondessa.com.br\/blog\/saude\/profissionais-da-saude-recebem-atendimento-terapeutico-com-florais-de-minas\/"]}]},{"@type":"ImageObject","inLanguage":"pt-BR","@id":"https:\/\/blogdacondessa.com.br\/blog\/saude\/profissionais-da-saude-recebem-atendimento-terapeutico-com-florais-de-minas\/#primaryimage","url":"https:\/\/blogdacondessa.com.br\/blog\/wp-content\/uploads\/2021\/09\/florais_terapia_sisma_mt_saude.jpg","contentUrl":"https:\/\/blogdacondessa.com.br\/blog\/wp-content\/uploads\/2021\/09\/florais_terapia_sisma_mt_saude.jpg","width":537,"height":354},{"@type":"BreadcrumbList","@id":"https:\/\/blogdacondessa.com.br\/blog\/saude\/profissionais-da-saude-recebem-atendimento-terapeutico-com-florais-de-minas\/#breadcrumb","itemListElement":[{"@type":"ListItem","position":1,"name":"In\u00edcio","item":"https:\/\/blogdacondessa.com.br\/blog\/"},{"@type":"ListItem","position":2,"name":"Profissionais da sa\u00fade recebem atendimento terap\u00eautico com Florais de Minas"}]},{"@type":"WebSite","@id":"https:\/\/blogdacondessa.com.br\/blog\/#website","url":"https:\/\/blogdacondessa.com.br\/blog\/","name":"Blog da Condessa","description":"Com Shirley de Souza O\u2019Campos","potentialAction":[{"@type":"SearchAction","target":{"@type":"EntryPoint","urlTemplate":"https:\/\/blogdacondessa.com.br\/blog\/?s={search_term_string}"},"query-input":{"@type":"PropertyValueSpecification","valueRequired":true,"valueName":"search_term_string"}}],"inLanguage":"pt-BR"},{"@type":"Person","@id":"https:\/\/blogdacondessa.com.br\/blog\/#\/schema\/person\/1d667ff8b785195b568677489d266035","name":"Blog da Condessa","image":{"@type":"ImageObject","inLanguage":"pt-BR","@id":"https:\/\/secure.gravatar.com\/avatar\/377c0eb8b4ad2bfc25461b41564b5971e721ca34a57642868fc7b0c8ac7b52c5?s=96&d=mm&r=g","url":"https:\/\/secure.gravatar.com\/avatar\/377c0eb8b4ad2bfc25461b41564b5971e721ca34a57642868fc7b0c8ac7b52c5?s=96&d=mm&r=g","contentUrl":"https:\/\/secure.gravatar.com\/avatar\/377c0eb8b4ad2bfc25461b41564b5971e721ca34a57642868fc7b0c8ac7b52c5?s=96&d=mm&r=g","caption":"Blog da Condessa"},"url":"https:\/\/blogdacondessa.com.br\/blog\/author\/beatriz\/"}]}},"_links":{"self":[{"href":"https:\/\/blogdacondessa.com.br\/blog\/wp-json\/wp\/v2\/posts\/2468","targetHints":{"allow":["GET"]}}],"collection":[{"href":"https:\/\/blogdacondessa.com.br\/blog\/wp-json\/wp\/v2\/posts"}],"about":[{"href":"https:\/\/blogdacondessa.com.br\/blog\/wp-json\/wp\/v2\/types\/post"}],"author":[{"embeddable":true,"href":"https:\/\/blogdacondessa.com.br\/blog\/wp-json\/wp\/v2\/users\/2"}],"replies":[{"embeddable":true,"href":"https:\/\/blogdacondessa.com.br\/blog\/wp-json\/wp\/v2\/comments?post=2468"}],"version-history":[{"count":0,"href":"https:\/\/blogdacondessa.com.br\/blog\/wp-json\/wp\/v2\/posts\/2468\/revisions"}],"wp:featuredmedia":[{"embeddable":true,"href":"https:\/\/blogdacondessa.com.br\/blog\/wp-json\/wp\/v2\/media\/2469"}],"wp:attachment":[{"href":"https:\/\/blogdacondessa.com.br\/blog\/wp-json\/wp\/v2\/media?parent=2468"}],"wp:term":[{"taxonomy":"category","embeddable":true,"href":"https:\/\/blogdacondessa.com.br\/blog\/wp-json\/wp\/v2\/categories?post=2468"},{"taxonomy":"post_tag","embeddable":true,"href":"https:\/\/blogdacondessa.com.br\/blog\/wp-json\/wp\/v2\/tags?post=2468"}],"curies":[{"name":"wp","href":"https:\/\/api.w.org\/{rel}","templated":true}]}}