{"id":2465,"date":"2021-09-02T14:08:59","date_gmt":"2021-09-02T14:08:59","guid":{"rendered":"https:\/\/novo.blogdacondessa.com.br\/?p=2465"},"modified":"2021-09-02T14:08:59","modified_gmt":"2021-09-02T14:08:59","slug":"estilista-martha-medeiros-vai-projetar-artesanato-de-limpo-grande-para-o-mundo","status":"publish","type":"post","link":"https:\/\/blogdacondessa.com.br\/blog\/cidades\/estilista-martha-medeiros-vai-projetar-artesanato-de-limpo-grande-para-o-mundo\/","title":{"rendered":"Estilista Martha Medeiros vai projetar artesanato de Limpo Grande para o mundo"},"content":{"rendered":"<p>O m\u00eas de setembro mal come\u00e7ou e j\u00e1 se revela como um marco na tradi\u00e7\u00e3o e na cultura local. As redes do Distrito de Limpo Grande, em V\u00e1rzea Grande (MT), est\u00e3o prestes a ganhar o mundo e receber o reconhecido merecimento pelo seu valor hist\u00f3rico. Na manh\u00e3 do \u00faltimo dia 1\u00ba, a Associa\u00e7\u00e3o das Redeiras de V\u00e1rzea Grande e a estilista Martha Medeiros firmaram parceria para divulga\u00e7\u00e3o, fomento e valoriza\u00e7\u00e3o das pe\u00e7as, que em pleno s\u00e9culo 21, ainda s\u00e3o feitas a m\u00e3o, em tear manual.<\/p>\n<p>A parceria foi constru\u00edda a pedido da primeira-dama de Mato Grosso, Virginia Mendes e atrav\u00e9s da a\u00e7\u00e3o da primeira-dama de V\u00e1rzea Grande, Kika Doril\u00eao Baracat.<\/p>\n<p>Inclusive a Administra\u00e7\u00e3o Municipal anunciou tamb\u00e9m as obras do Centro Comunit\u00e1rio do Distrito de Limpo Grande que servir\u00e1 para exposi\u00e7\u00e3o, cursos e para abrir uma ag\u00eancia da MT Fomento para liberar cr\u00e9dito para as redeiras.<\/p>\n<p>A rede e o modo de fazer a rede v\u00e1rzea-grandense s\u00e3o reconhecidos, por Lei, como patrim\u00f4nio cultural material e imaterial do Munic\u00edpio de V\u00e1rzea Grande. A rede n\u00e3o tem verso, tem seu desenho visto dos dois lados, e \u00e9 feita por um tear manual vertical que tem ponto \u00fanico, produzindo pe\u00e7as exclusivas.<\/p>\n<p>Mesmo carregando o peso do simbolismo de representar a cultura de V\u00e1rzea Grande, este artesanato corre o risco de se perder por falta de incentivos que despertem o interesse dos mais jovens. As redeiras que ainda est\u00e3o em atividade s\u00e3o em geral filhas e netas de outras redeiras e come\u00e7aram o of\u00edcio com cerca de 12 anos. O sonho de tornar esses produtos, que s\u00e3o pe\u00e7as \u00fanicas, em obras de artes, ficou muito mais perto de se tornar realidade. Martha se comprometeu a buscar meios de baratear a aquisi\u00e7\u00e3o de mat\u00e9ria-prima, as linhas e barbantes, e ainda divulgar, por meio de sua marca, as pe\u00e7as confeccionadas em Limpo Grande. \u201cO luxo do Brasil est\u00e1 em V\u00e1rzea Grande e juntas o artesanato vai virar sim, uma obra de arte. Artesanato \u00e9 feito com cora\u00e7\u00e3o, as m\u00e3os s\u00e3o apenas instrumentos da concep\u00e7\u00e3o\u201d.<\/p>\n<p>Martha Medeiros chegou at\u00e9 a comunidade de Limpo Grande por meio de uma articula\u00e7\u00e3o feita pela primeira-dama do Munic\u00edpio, Kika Doril\u00eao Baracat e a pedido da primeira-dama do Estado, Virginia Mendes, amiga pessoal da estilista. Martha \u00e9 reconhecida internacionalmente por ter transformado a renda nordestina em lindas e valorizadas pe\u00e7as de vestu\u00e1rio. \u201cEu vim at\u00e9 aqui para fazer, para contribuir com a mudan\u00e7a. Retorno em outubro ao Estado, mas neste tempo vou articular a aquisi\u00e7\u00e3o de linhas de qualidade e a pre\u00e7os diferenciados, pois esse insumo precisa ser subsidiado e ter qualidade. Fora isso, as ind\u00fastrias ter\u00e3o de produzir cores especiais que atendem \u00e0s caracter\u00edsticas dessa arte, que em suma, retrata a natureza, o Pantanal, a fauna e a flora, s\u00e3o cores vivas e as redeiras t\u00eam de ter acesso \u00e0 mat\u00e9ria-prima\u201d.<\/p>\n<p>Para tecer uma rede tradicional, a Associa\u00e7\u00e3o informou que s\u00e3o utilizados cerca de 40 novelos, ao custo unit\u00e1rio de R$ 20. \u201cA esse valor, n\u00e3o h\u00e1 viabilidade\u201d, frisou Martha.<\/p>\n<p>A representante da Associa\u00e7\u00e3o, Jilaine Maria da Silva, conta que s\u00e3o quase dois meses para a redeira concluir uma rede. \u201cQuando o custo final passa de dois mil reais, a pessoa n\u00e3o entende, acha caro, mas n\u00e3o considera o tempo investido e nem o valor dos materiais. S\u00e3o produtos \u00fanicos, 100% algod\u00e3o e feitos em tear manual\u201d. \u00a0\u00a0Sobre a parceria que come\u00e7ou a ser alinhavada, Jislaine disse que n\u00e3o h\u00e1 \u201coportunidade melhor para se divulgar um trabalho centen\u00e1rio como esse\u201d.<\/p>\n<p>Outra preocupa\u00e7\u00e3o que Martha trouxe ao encontro foi de que as pe\u00e7as sejam vendidas diretamente pelas artes\u00e3s redeiras, \u201cpara que o dinheiro chegue a quem de fato produz\u201d.<\/p>\n<p>Numa demonstra\u00e7\u00e3o ao vivo de uso do tear manual, feito pela redeira Giva, Martha se emocionou. \u201cTemos de cuidar, sen\u00e3o, n\u00e3o vai mais existir\u201d.<\/p>\n<p>A primeira-dama de V\u00e1rzea Grande, Kika Doril\u00eao Baracat, destacou que o objetivo era justamente esse, de trazer a estilista Martha in loco na comunidade para ela conhecer o produto e quem est\u00e1 por tr\u00e1s de cada pe\u00e7a. Essa a\u00e7\u00e3o em conjunto tinha a inten\u00e7\u00e3o de tornar a visita da Martha em algo concreto, que traga impactos \u00e0s redeiras. Martha abra\u00e7ou a cultura alagoana e a mostrou para o mundo. Tenho certeza de que o mesmo vai acontecer com a cultura de V\u00e1rzea Grande\u201d. Ainda como destacou Kika, \u201cnossas redes t\u00eam um ponto \u00fanico, as redes s\u00e3o tecidas de maneira \u00fanica e o mundo precisa conhecer essa arte\u201d.<\/p>\n<p>Virginia Mendes, primeira-dama do Estado, disse com muita satisfa\u00e7\u00e3o que o encontro de hoje era um sonho que vinha sendo acalentado h\u00e1 quatro anos. \u201cUm namoro longo\u201d, definiu. Sobre o fomento da atividade, ela disse que o Estado poder\u00e1 criar algum tipo de aux\u00edlio financeiro para a Associa\u00e7\u00e3o, at\u00e9 mesmo por meio do Ser Fam\u00edlia Emergencial.<\/p>\n<p>A secret\u00e1ria municipal de Assist\u00eancia Social, Ana Cristina Vieira, destacou que mais que viabilizar o fomento financeiro \u00e0s redeiras, a parceria visa sedimentar a cultura local nos grandes centros e que assim, haja incentivos para perpetua\u00e7\u00e3o dessa tradi\u00e7\u00e3o. \u201cCom a Martha conhecendo a produ\u00e7\u00e3o in loco \u00e9 poss\u00edvel agregar\u00a0valor \u00e0s pe\u00e7as. Cada uma delas carrega todo o simbolismo e tradi\u00e7\u00e3o de um povo, do povo v\u00e1rzea-grandense\u201d.<\/p>\n<p><strong>Patrim\u00f4nio cultural<\/strong><\/p>\n<p>Em outubro de 2018, a ent\u00e3o prefeita, Lucimar Sacre de Campos, sancionou a Lei 4.406\/2018 que reconhece a rede e o modo de fazer da rede v\u00e1rzea-grandense como patrim\u00f4nio cultural material e imaterial do Munic\u00edpio de V\u00e1rzea Grande.<\/p>\n<p>Conforme a Lei, \u201cficam reconhecidas as redeiras e o modo de fazer a rede v\u00e1rzea-grandense como patrim\u00f4nio cultural material e imaterial do Munic\u00edpio de V\u00e1rzea Grande. Consideram-se redeiras aquelas que em seu ber\u00e7o familiar aprenderam o of\u00edcio de tecer e fabricar a rede v\u00e1rzea-grandense\u201d.<\/p>\n<p>Como pontuou a secret\u00e1ria Adjunta de Educa\u00e7\u00e3o, Cultura, Esporte e Lazer, Maria Alice Barros, V\u00e1rzea Grande \u00e9 o \u00fanico lugar no mundo com essas caracter\u00edsticas da produ\u00e7\u00e3o de redes e de tape\u00e7aria em tear manual. \u201cAs redes s\u00e3o express\u00f5es de nossa identidade cultural e social s\u00e3o transmitidas de gera\u00e7\u00e3o em gera\u00e7\u00e3o\u201d.<\/p>\n<p><strong>AMBIENTA\u00c7\u00c3O\u00a0<\/strong><\/p>\n<p>O encontro entre as artes\u00e3s, as primeiras-damas e a estilista, ocorreu na Escola Municipal de Educa\u00e7\u00e3o B\u00e1sica (EMEB) \u2018Euraides de Paula\u2019, no Limpo Grande. Al\u00e9m de estar localizada no ber\u00e7o do maior s\u00edmbolo cultural da cidade, a escola tem um trabalho diferenciado, justamente voltado \u00e0 perpetua\u00e7\u00e3o da profiss\u00e3o de redeira. A unidade integra o projeto Escola em Tempo Ampliado (ETA), que oferta oficinas extraclasses no contraturno de sala de aula como forma de apoiar e desenvolver potencialidades dos estudantes. Nesta EMEB existe a \u00fanica oficina de tecelagem do ETA, que justamente, tem como miss\u00e3o despertar o interesse dos jovens na profiss\u00e3o, para ela n\u00e3o se perder. Como destaca a diretora, Eva Isabel da Costa, a maior parte dos alunos que frequenta a oficina de tecelagem \u00e9 neto ou neta de redeiras.<\/p>\n<p><strong>A MARCA\u00a0<\/strong><\/p>\n<p>Martha Medeiros \u00e9 uma estilista apaixonada que fez da renda feita \u00e0 m\u00e3o sua mat\u00e9ria primordial. Desenvolveu e lapidou seu processo de cria\u00e7\u00e3o atrav\u00e9s dos anos, desde a inf\u00e2ncia em Alagoas, nos anos 60, quando era incitada pela av\u00f3 a observar a natureza ao redor como principal fonte de refer\u00eancia e inspira\u00e7\u00e3o. Come\u00e7ou a vida profissional fazendo bonecas de pano e vendendo em feiras livres.<\/p>\n<p>Ao assumir o posto de estilista de sua pr\u00f3pria marca, Martha Medeiros acionou tamb\u00e9m a paix\u00e3o que sempre teve pela renda feita \u00e0 m\u00e3o &#8211; tradicional artesanato brasileiro e, sobretudo, nordestino &#8211; fazendo dela sua principal mat\u00e9ria prima. O uso da renda &#8211; produzida exclusivamente para a marca por artes\u00e3s de comunidades do Nordeste do Brasil, que hoje somam mais de 450 mulheres &#8211; aliados a outros materiais nobres, como tecidos dos mesmos fornecedores das maisons de couture parisienses, conferiram \u00e0 marca seu car\u00e1ter \u00fanico.<\/p>\n","protected":false},"excerpt":{"rendered":"<p>O m\u00eas de setembro mal come\u00e7ou e j\u00e1 se revela como um marco na tradi\u00e7\u00e3o e na cultura local. As redes do Distrito de Limpo Grande, em V\u00e1rzea Grande (MT), est\u00e3o prestes a ganhar o mundo e receber o reconhecido merecimento pelo seu valor hist\u00f3rico. Na manh\u00e3 do \u00faltimo dia 1\u00ba, a Associa\u00e7\u00e3o das Redeiras [&hellip;]<\/p>\n","protected":false},"author":2,"featured_media":2466,"comment_status":"closed","ping_status":"closed","sticky":false,"template":"","format":"standard","meta":{"iawp_total_views":0,"footnotes":""},"categories":[12],"tags":[],"class_list":["post-2465","post","type-post","status-publish","format-standard","has-post-thumbnail","hentry","category-cidades"],"yoast_head":"<!-- This site is optimized with the Yoast SEO plugin v27.3 - https:\/\/yoast.com\/product\/yoast-seo-wordpress\/ -->\n<title>Estilista Martha Medeiros vai projetar artesanato de Limpo Grande para o mundo &#8902; Blog da Condessa<\/title>\n<meta name=\"robots\" content=\"index, follow, max-snippet:-1, max-image-preview:large, max-video-preview:-1\" \/>\n<link rel=\"canonical\" href=\"https:\/\/blogdacondessa.com.br\/blog\/cidades\/estilista-martha-medeiros-vai-projetar-artesanato-de-limpo-grande-para-o-mundo\/\" \/>\n<meta property=\"og:locale\" content=\"pt_BR\" \/>\n<meta property=\"og:type\" content=\"article\" \/>\n<meta property=\"og:title\" content=\"Estilista Martha Medeiros vai projetar artesanato de Limpo Grande para o mundo &#8902; Blog da Condessa\" \/>\n<meta property=\"og:description\" content=\"O m\u00eas de setembro mal come\u00e7ou e j\u00e1 se revela como um marco na tradi\u00e7\u00e3o e na cultura local. As redes do Distrito de Limpo Grande, em V\u00e1rzea Grande (MT), est\u00e3o prestes a ganhar o mundo e receber o reconhecido merecimento pelo seu valor hist\u00f3rico. Na manh\u00e3 do \u00faltimo dia 1\u00ba, a Associa\u00e7\u00e3o das Redeiras [&hellip;]\" \/>\n<meta property=\"og:url\" content=\"https:\/\/blogdacondessa.com.br\/blog\/cidades\/estilista-martha-medeiros-vai-projetar-artesanato-de-limpo-grande-para-o-mundo\/\" \/>\n<meta property=\"og:site_name\" content=\"Blog da Condessa\" \/>\n<meta property=\"article:published_time\" content=\"2021-09-02T14:08:59+00:00\" \/>\n<meta property=\"og:image\" content=\"https:\/\/blogdacondessa.com.br\/blog\/wp-content\/uploads\/2021\/09\/primeiras-damas-2-scaled.jpg\" \/>\n\t<meta property=\"og:image:width\" content=\"2560\" \/>\n\t<meta property=\"og:image:height\" content=\"1890\" \/>\n\t<meta property=\"og:image:type\" content=\"image\/jpeg\" \/>\n<meta name=\"author\" content=\"Blog da Condessa\" \/>\n<meta name=\"twitter:card\" content=\"summary_large_image\" \/>\n<meta name=\"twitter:label1\" content=\"Escrito por\" \/>\n\t<meta name=\"twitter:data1\" content=\"Blog da Condessa\" \/>\n\t<meta name=\"twitter:label2\" content=\"Est. tempo de leitura\" \/>\n\t<meta name=\"twitter:data2\" content=\"7 minutos\" \/>\n<script type=\"application\/ld+json\" class=\"yoast-schema-graph\">{\"@context\":\"https:\\\/\\\/schema.org\",\"@graph\":[{\"@type\":\"Article\",\"@id\":\"https:\\\/\\\/blogdacondessa.com.br\\\/blog\\\/cidades\\\/estilista-martha-medeiros-vai-projetar-artesanato-de-limpo-grande-para-o-mundo\\\/#article\",\"isPartOf\":{\"@id\":\"https:\\\/\\\/blogdacondessa.com.br\\\/blog\\\/cidades\\\/estilista-martha-medeiros-vai-projetar-artesanato-de-limpo-grande-para-o-mundo\\\/\"},\"author\":{\"name\":\"Blog da Condessa\",\"@id\":\"https:\\\/\\\/blogdacondessa.com.br\\\/blog\\\/#\\\/schema\\\/person\\\/1d667ff8b785195b568677489d266035\"},\"headline\":\"Estilista Martha Medeiros vai projetar artesanato de Limpo Grande para o mundo\",\"datePublished\":\"2021-09-02T14:08:59+00:00\",\"mainEntityOfPage\":{\"@id\":\"https:\\\/\\\/blogdacondessa.com.br\\\/blog\\\/cidades\\\/estilista-martha-medeiros-vai-projetar-artesanato-de-limpo-grande-para-o-mundo\\\/\"},\"wordCount\":1423,\"image\":{\"@id\":\"https:\\\/\\\/blogdacondessa.com.br\\\/blog\\\/cidades\\\/estilista-martha-medeiros-vai-projetar-artesanato-de-limpo-grande-para-o-mundo\\\/#primaryimage\"},\"thumbnailUrl\":\"https:\\\/\\\/blogdacondessa.com.br\\\/blog\\\/wp-content\\\/uploads\\\/2021\\\/09\\\/primeiras-damas-2-scaled.jpg\",\"articleSection\":[\"Cidades\"],\"inLanguage\":\"pt-BR\"},{\"@type\":\"WebPage\",\"@id\":\"https:\\\/\\\/blogdacondessa.com.br\\\/blog\\\/cidades\\\/estilista-martha-medeiros-vai-projetar-artesanato-de-limpo-grande-para-o-mundo\\\/\",\"url\":\"https:\\\/\\\/blogdacondessa.com.br\\\/blog\\\/cidades\\\/estilista-martha-medeiros-vai-projetar-artesanato-de-limpo-grande-para-o-mundo\\\/\",\"name\":\"Estilista Martha Medeiros vai projetar artesanato de Limpo Grande para o mundo &#8902; Blog da Condessa\",\"isPartOf\":{\"@id\":\"https:\\\/\\\/blogdacondessa.com.br\\\/blog\\\/#website\"},\"primaryImageOfPage\":{\"@id\":\"https:\\\/\\\/blogdacondessa.com.br\\\/blog\\\/cidades\\\/estilista-martha-medeiros-vai-projetar-artesanato-de-limpo-grande-para-o-mundo\\\/#primaryimage\"},\"image\":{\"@id\":\"https:\\\/\\\/blogdacondessa.com.br\\\/blog\\\/cidades\\\/estilista-martha-medeiros-vai-projetar-artesanato-de-limpo-grande-para-o-mundo\\\/#primaryimage\"},\"thumbnailUrl\":\"https:\\\/\\\/blogdacondessa.com.br\\\/blog\\\/wp-content\\\/uploads\\\/2021\\\/09\\\/primeiras-damas-2-scaled.jpg\",\"datePublished\":\"2021-09-02T14:08:59+00:00\",\"author\":{\"@id\":\"https:\\\/\\\/blogdacondessa.com.br\\\/blog\\\/#\\\/schema\\\/person\\\/1d667ff8b785195b568677489d266035\"},\"breadcrumb\":{\"@id\":\"https:\\\/\\\/blogdacondessa.com.br\\\/blog\\\/cidades\\\/estilista-martha-medeiros-vai-projetar-artesanato-de-limpo-grande-para-o-mundo\\\/#breadcrumb\"},\"inLanguage\":\"pt-BR\",\"potentialAction\":[{\"@type\":\"ReadAction\",\"target\":[\"https:\\\/\\\/blogdacondessa.com.br\\\/blog\\\/cidades\\\/estilista-martha-medeiros-vai-projetar-artesanato-de-limpo-grande-para-o-mundo\\\/\"]}]},{\"@type\":\"ImageObject\",\"inLanguage\":\"pt-BR\",\"@id\":\"https:\\\/\\\/blogdacondessa.com.br\\\/blog\\\/cidades\\\/estilista-martha-medeiros-vai-projetar-artesanato-de-limpo-grande-para-o-mundo\\\/#primaryimage\",\"url\":\"https:\\\/\\\/blogdacondessa.com.br\\\/blog\\\/wp-content\\\/uploads\\\/2021\\\/09\\\/primeiras-damas-2-scaled.jpg\",\"contentUrl\":\"https:\\\/\\\/blogdacondessa.com.br\\\/blog\\\/wp-content\\\/uploads\\\/2021\\\/09\\\/primeiras-damas-2-scaled.jpg\",\"width\":2560,\"height\":1890},{\"@type\":\"BreadcrumbList\",\"@id\":\"https:\\\/\\\/blogdacondessa.com.br\\\/blog\\\/cidades\\\/estilista-martha-medeiros-vai-projetar-artesanato-de-limpo-grande-para-o-mundo\\\/#breadcrumb\",\"itemListElement\":[{\"@type\":\"ListItem\",\"position\":1,\"name\":\"In\u00edcio\",\"item\":\"https:\\\/\\\/blogdacondessa.com.br\\\/blog\\\/\"},{\"@type\":\"ListItem\",\"position\":2,\"name\":\"Estilista Martha Medeiros vai projetar artesanato de Limpo Grande para o mundo\"}]},{\"@type\":\"WebSite\",\"@id\":\"https:\\\/\\\/blogdacondessa.com.br\\\/blog\\\/#website\",\"url\":\"https:\\\/\\\/blogdacondessa.com.br\\\/blog\\\/\",\"name\":\"Blog da Condessa\",\"description\":\"Com Shirley de Souza O\u2019Campos\",\"potentialAction\":[{\"@type\":\"SearchAction\",\"target\":{\"@type\":\"EntryPoint\",\"urlTemplate\":\"https:\\\/\\\/blogdacondessa.com.br\\\/blog\\\/?s={search_term_string}\"},\"query-input\":{\"@type\":\"PropertyValueSpecification\",\"valueRequired\":true,\"valueName\":\"search_term_string\"}}],\"inLanguage\":\"pt-BR\"},{\"@type\":\"Person\",\"@id\":\"https:\\\/\\\/blogdacondessa.com.br\\\/blog\\\/#\\\/schema\\\/person\\\/1d667ff8b785195b568677489d266035\",\"name\":\"Blog da Condessa\",\"image\":{\"@type\":\"ImageObject\",\"inLanguage\":\"pt-BR\",\"@id\":\"https:\\\/\\\/secure.gravatar.com\\\/avatar\\\/377c0eb8b4ad2bfc25461b41564b5971e721ca34a57642868fc7b0c8ac7b52c5?s=96&d=mm&r=g\",\"url\":\"https:\\\/\\\/secure.gravatar.com\\\/avatar\\\/377c0eb8b4ad2bfc25461b41564b5971e721ca34a57642868fc7b0c8ac7b52c5?s=96&d=mm&r=g\",\"contentUrl\":\"https:\\\/\\\/secure.gravatar.com\\\/avatar\\\/377c0eb8b4ad2bfc25461b41564b5971e721ca34a57642868fc7b0c8ac7b52c5?s=96&d=mm&r=g\",\"caption\":\"Blog da Condessa\"},\"url\":\"https:\\\/\\\/blogdacondessa.com.br\\\/blog\\\/author\\\/beatriz\\\/\"}]}<\/script>\n<!-- \/ Yoast SEO plugin. -->","yoast_head_json":{"title":"Estilista Martha Medeiros vai projetar artesanato de Limpo Grande para o mundo &#8902; Blog da Condessa","robots":{"index":"index","follow":"follow","max-snippet":"max-snippet:-1","max-image-preview":"max-image-preview:large","max-video-preview":"max-video-preview:-1"},"canonical":"https:\/\/blogdacondessa.com.br\/blog\/cidades\/estilista-martha-medeiros-vai-projetar-artesanato-de-limpo-grande-para-o-mundo\/","og_locale":"pt_BR","og_type":"article","og_title":"Estilista Martha Medeiros vai projetar artesanato de Limpo Grande para o mundo &#8902; Blog da Condessa","og_description":"O m\u00eas de setembro mal come\u00e7ou e j\u00e1 se revela como um marco na tradi\u00e7\u00e3o e na cultura local. As redes do Distrito de Limpo Grande, em V\u00e1rzea Grande (MT), est\u00e3o prestes a ganhar o mundo e receber o reconhecido merecimento pelo seu valor hist\u00f3rico. Na manh\u00e3 do \u00faltimo dia 1\u00ba, a Associa\u00e7\u00e3o das Redeiras [&hellip;]","og_url":"https:\/\/blogdacondessa.com.br\/blog\/cidades\/estilista-martha-medeiros-vai-projetar-artesanato-de-limpo-grande-para-o-mundo\/","og_site_name":"Blog da Condessa","article_published_time":"2021-09-02T14:08:59+00:00","og_image":[{"width":2560,"height":1890,"url":"https:\/\/blogdacondessa.com.br\/blog\/wp-content\/uploads\/2021\/09\/primeiras-damas-2-scaled.jpg","type":"image\/jpeg"}],"author":"Blog da Condessa","twitter_card":"summary_large_image","twitter_misc":{"Escrito por":"Blog da Condessa","Est. tempo de leitura":"7 minutos"},"schema":{"@context":"https:\/\/schema.org","@graph":[{"@type":"Article","@id":"https:\/\/blogdacondessa.com.br\/blog\/cidades\/estilista-martha-medeiros-vai-projetar-artesanato-de-limpo-grande-para-o-mundo\/#article","isPartOf":{"@id":"https:\/\/blogdacondessa.com.br\/blog\/cidades\/estilista-martha-medeiros-vai-projetar-artesanato-de-limpo-grande-para-o-mundo\/"},"author":{"name":"Blog da Condessa","@id":"https:\/\/blogdacondessa.com.br\/blog\/#\/schema\/person\/1d667ff8b785195b568677489d266035"},"headline":"Estilista Martha Medeiros vai projetar artesanato de Limpo Grande para o mundo","datePublished":"2021-09-02T14:08:59+00:00","mainEntityOfPage":{"@id":"https:\/\/blogdacondessa.com.br\/blog\/cidades\/estilista-martha-medeiros-vai-projetar-artesanato-de-limpo-grande-para-o-mundo\/"},"wordCount":1423,"image":{"@id":"https:\/\/blogdacondessa.com.br\/blog\/cidades\/estilista-martha-medeiros-vai-projetar-artesanato-de-limpo-grande-para-o-mundo\/#primaryimage"},"thumbnailUrl":"https:\/\/blogdacondessa.com.br\/blog\/wp-content\/uploads\/2021\/09\/primeiras-damas-2-scaled.jpg","articleSection":["Cidades"],"inLanguage":"pt-BR"},{"@type":"WebPage","@id":"https:\/\/blogdacondessa.com.br\/blog\/cidades\/estilista-martha-medeiros-vai-projetar-artesanato-de-limpo-grande-para-o-mundo\/","url":"https:\/\/blogdacondessa.com.br\/blog\/cidades\/estilista-martha-medeiros-vai-projetar-artesanato-de-limpo-grande-para-o-mundo\/","name":"Estilista Martha Medeiros vai projetar artesanato de Limpo Grande para o mundo &#8902; Blog da Condessa","isPartOf":{"@id":"https:\/\/blogdacondessa.com.br\/blog\/#website"},"primaryImageOfPage":{"@id":"https:\/\/blogdacondessa.com.br\/blog\/cidades\/estilista-martha-medeiros-vai-projetar-artesanato-de-limpo-grande-para-o-mundo\/#primaryimage"},"image":{"@id":"https:\/\/blogdacondessa.com.br\/blog\/cidades\/estilista-martha-medeiros-vai-projetar-artesanato-de-limpo-grande-para-o-mundo\/#primaryimage"},"thumbnailUrl":"https:\/\/blogdacondessa.com.br\/blog\/wp-content\/uploads\/2021\/09\/primeiras-damas-2-scaled.jpg","datePublished":"2021-09-02T14:08:59+00:00","author":{"@id":"https:\/\/blogdacondessa.com.br\/blog\/#\/schema\/person\/1d667ff8b785195b568677489d266035"},"breadcrumb":{"@id":"https:\/\/blogdacondessa.com.br\/blog\/cidades\/estilista-martha-medeiros-vai-projetar-artesanato-de-limpo-grande-para-o-mundo\/#breadcrumb"},"inLanguage":"pt-BR","potentialAction":[{"@type":"ReadAction","target":["https:\/\/blogdacondessa.com.br\/blog\/cidades\/estilista-martha-medeiros-vai-projetar-artesanato-de-limpo-grande-para-o-mundo\/"]}]},{"@type":"ImageObject","inLanguage":"pt-BR","@id":"https:\/\/blogdacondessa.com.br\/blog\/cidades\/estilista-martha-medeiros-vai-projetar-artesanato-de-limpo-grande-para-o-mundo\/#primaryimage","url":"https:\/\/blogdacondessa.com.br\/blog\/wp-content\/uploads\/2021\/09\/primeiras-damas-2-scaled.jpg","contentUrl":"https:\/\/blogdacondessa.com.br\/blog\/wp-content\/uploads\/2021\/09\/primeiras-damas-2-scaled.jpg","width":2560,"height":1890},{"@type":"BreadcrumbList","@id":"https:\/\/blogdacondessa.com.br\/blog\/cidades\/estilista-martha-medeiros-vai-projetar-artesanato-de-limpo-grande-para-o-mundo\/#breadcrumb","itemListElement":[{"@type":"ListItem","position":1,"name":"In\u00edcio","item":"https:\/\/blogdacondessa.com.br\/blog\/"},{"@type":"ListItem","position":2,"name":"Estilista Martha Medeiros vai projetar artesanato de Limpo Grande para o mundo"}]},{"@type":"WebSite","@id":"https:\/\/blogdacondessa.com.br\/blog\/#website","url":"https:\/\/blogdacondessa.com.br\/blog\/","name":"Blog da Condessa","description":"Com Shirley de Souza O\u2019Campos","potentialAction":[{"@type":"SearchAction","target":{"@type":"EntryPoint","urlTemplate":"https:\/\/blogdacondessa.com.br\/blog\/?s={search_term_string}"},"query-input":{"@type":"PropertyValueSpecification","valueRequired":true,"valueName":"search_term_string"}}],"inLanguage":"pt-BR"},{"@type":"Person","@id":"https:\/\/blogdacondessa.com.br\/blog\/#\/schema\/person\/1d667ff8b785195b568677489d266035","name":"Blog da Condessa","image":{"@type":"ImageObject","inLanguage":"pt-BR","@id":"https:\/\/secure.gravatar.com\/avatar\/377c0eb8b4ad2bfc25461b41564b5971e721ca34a57642868fc7b0c8ac7b52c5?s=96&d=mm&r=g","url":"https:\/\/secure.gravatar.com\/avatar\/377c0eb8b4ad2bfc25461b41564b5971e721ca34a57642868fc7b0c8ac7b52c5?s=96&d=mm&r=g","contentUrl":"https:\/\/secure.gravatar.com\/avatar\/377c0eb8b4ad2bfc25461b41564b5971e721ca34a57642868fc7b0c8ac7b52c5?s=96&d=mm&r=g","caption":"Blog da Condessa"},"url":"https:\/\/blogdacondessa.com.br\/blog\/author\/beatriz\/"}]}},"_links":{"self":[{"href":"https:\/\/blogdacondessa.com.br\/blog\/wp-json\/wp\/v2\/posts\/2465","targetHints":{"allow":["GET"]}}],"collection":[{"href":"https:\/\/blogdacondessa.com.br\/blog\/wp-json\/wp\/v2\/posts"}],"about":[{"href":"https:\/\/blogdacondessa.com.br\/blog\/wp-json\/wp\/v2\/types\/post"}],"author":[{"embeddable":true,"href":"https:\/\/blogdacondessa.com.br\/blog\/wp-json\/wp\/v2\/users\/2"}],"replies":[{"embeddable":true,"href":"https:\/\/blogdacondessa.com.br\/blog\/wp-json\/wp\/v2\/comments?post=2465"}],"version-history":[{"count":0,"href":"https:\/\/blogdacondessa.com.br\/blog\/wp-json\/wp\/v2\/posts\/2465\/revisions"}],"wp:featuredmedia":[{"embeddable":true,"href":"https:\/\/blogdacondessa.com.br\/blog\/wp-json\/wp\/v2\/media\/2466"}],"wp:attachment":[{"href":"https:\/\/blogdacondessa.com.br\/blog\/wp-json\/wp\/v2\/media?parent=2465"}],"wp:term":[{"taxonomy":"category","embeddable":true,"href":"https:\/\/blogdacondessa.com.br\/blog\/wp-json\/wp\/v2\/categories?post=2465"},{"taxonomy":"post_tag","embeddable":true,"href":"https:\/\/blogdacondessa.com.br\/blog\/wp-json\/wp\/v2\/tags?post=2465"}],"curies":[{"name":"wp","href":"https:\/\/api.w.org\/{rel}","templated":true}]}}