{"id":2069,"date":"2021-07-28T13:08:17","date_gmt":"2021-07-28T13:08:17","guid":{"rendered":"https:\/\/novo.blogdacondessa.com.br\/?p=2069"},"modified":"2021-07-28T13:08:17","modified_gmt":"2021-07-28T13:08:17","slug":"nao-podemos-ficar-alheios-apenas-esperando-a-friagem-passar","status":"publish","type":"post","link":"https:\/\/blogdacondessa.com.br\/blog\/cidades\/nao-podemos-ficar-alheios-apenas-esperando-a-friagem-passar\/","title":{"rendered":"\u201cN\u00e3o podemos ficar alheios, apenas esperando a friagem passar\u201d"},"content":{"rendered":"<p><em>Prefeito e primeira-dama determinam for\u00e7a-tarefa para aux\u00edlio de popula\u00e7\u00e3o em vulnerabilidade social durante nova frente fria. A a\u00e7\u00e3o, envolvendo todas as secretarias da Prefeitura de Cuiab\u00e1 deve arrecadar cobertores, agasalhos e alimentos.<\/em><\/p>\n<p>O prefeito Emanuel Pinheiro determinou a realiza\u00e7\u00e3o de uma for\u00e7a-tarefa emergencial envolvendo todas as secretarias da Prefeitura de Cuiab\u00e1, visando o desenvolvimento de a\u00e7\u00f5es focadas no aux\u00edlio da popula\u00e7\u00e3o em situa\u00e7\u00e3o de vulnerabilidade social diante da nova frente fria prevista para esta semana. Segundo os institutos de meteorologia, a estimativa \u00e9 de que ocorra uma brusca queda na temperatura, podendo chegar a m\u00ednima de 10\u00baC.<\/p>\n<p>A atua\u00e7\u00e3o foi definida no \u00faltimo dia 26, em reuni\u00e3o solicitada pela primeira-dama M\u00e1rcia Pinheiro com todos os secret\u00e1rios. Com participa\u00e7\u00e3o ativa nas a\u00e7\u00f5es sociais, M\u00e1rcia \u00e9 conhecedora das dificuldades enfrentadas pela popula\u00e7\u00e3o em situa\u00e7\u00e3o de vulnerabilidade, especialmente no per\u00edodo do inverno. Ela \u00e9 a idealizadora, por exemplo, da campanha Aquece Cuiab\u00e1, que entrega cobertores durante as frentes frias que atingem Cuiab\u00e1.<\/p>\n<p>\u201cTemos a nossa campanha, que \u00e9 extremamente importante. Mas, nessa a\u00e7\u00e3o emergencial precisamos de um esfor\u00e7o a mais de todos. Precisamos nos unir para possibilitar que essa popula\u00e7\u00e3o passe por esse per\u00edodo com o menor sofrimento poss\u00edvel. Cuiab\u00e1 \u00e9 uma cidade em que as pessoas est\u00e3o acostumadas com o calor de mais de 37\u00baC e de repente cair para 10\u00baC ou 8\u00b0C causa um impacto muito grande\u201d, comentou M\u00e1rcia Pinheiro.<\/p>\n<p>O apontamento feito pelo Centro de Previs\u00e3o de Tempo e Estudos Clim\u00e1ticos (CPTEC) demonstra n\u00fameros bem diferentes dos que os cuiabanos est\u00e3o acostumados a enfrentar. Na quarta-feira (28) os term\u00f4metros devem marcar m\u00ednima de 17\u00baC e a m\u00e1xima de 28\u00baC. Na quinta-feira (29), a m\u00ednima prevista \u00e9 de 12\u00baC e m\u00e1xima de 25\u00baC. Na sexta-feira (30), a temperatura deve ficar entre 10\u00baC e 28\u00baC, e no s\u00e1bado (31) entre 13\u00baC e 33\u00baC.<\/p>\n<p>Diante da situa\u00e7\u00e3o, o prefeito Emanuel Pinheiro mais uma vez reafirmou a todos os secret\u00e1rios presentes na reuni\u00e3o o compromisso de sua gest\u00e3o de trabalhar de forma priorit\u00e1ria para atendimento das demandas da popula\u00e7\u00e3o mais carente. Nesse sentido, estabeleceu o envolvimento de todas as secretarias municipais na a\u00e7\u00e3o emergencial, que j\u00e1 nesta ter\u00e7a-feira deve definir a estrat\u00e9gia de atua\u00e7\u00e3o nesses pr\u00f3ximos dias.<\/p>\n<p>\u201cEstamos prestes a ser atingidos por uma das maiores frentes dos \u00faltimos anos e isso merece nossa aten\u00e7\u00e3o, principalmente por conta da popula\u00e7\u00e3o em situa\u00e7\u00e3o de ruas e daqueles moradores dos bairros mais carentes. Sabemos que \u00e9 um per\u00edodo extremamente complicado para essas pessoas e n\u00e3o podemos ficar alheios, apenas esperando a friagem passar. A nossa gest\u00e3o n\u00e3o \u00e9 indiferente. Ao contr\u00e1rio disso, ela \u00e9 sens\u00edvel e humanizada\u201d, disse Emanuel.<\/p>\n<p>Seguindo mapeamento da Secretaria Municipal de Assist\u00eancia Social, Direitos Humanos e da Pessoa com Defici\u00eancia, a estimativa \u00e9 de que os cobertores, agasalhos e alimentos arrecadados atendam pelo menos 4,5 mil pessoas, somando a popula\u00e7\u00e3o em situa\u00e7\u00e3o de rua e habitantes de 56 comunidades carentes. A ideia \u00e9 que, al\u00e9m dos materiais, as demais secretarias contribuam ainda com disponibiliza\u00e7\u00e3o de equipes e ve\u00edculos para distribui\u00e7\u00e3o.<\/p>\n","protected":false},"excerpt":{"rendered":"<p>Prefeito e primeira-dama determinam for\u00e7a-tarefa para aux\u00edlio de popula\u00e7\u00e3o em vulnerabilidade social durante nova frente fria. A a\u00e7\u00e3o, envolvendo todas as secretarias da Prefeitura de Cuiab\u00e1 deve arrecadar cobertores, agasalhos e alimentos. O prefeito Emanuel Pinheiro determinou a realiza\u00e7\u00e3o de uma for\u00e7a-tarefa emergencial envolvendo todas as secretarias da Prefeitura de Cuiab\u00e1, visando o desenvolvimento de [&hellip;]<\/p>\n","protected":false},"author":7,"featured_media":2070,"comment_status":"closed","ping_status":"closed","sticky":false,"template":"","format":"standard","meta":{"iawp_total_views":1,"footnotes":""},"categories":[12],"tags":[],"class_list":["post-2069","post","type-post","status-publish","format-standard","has-post-thumbnail","hentry","category-cidades"],"yoast_head":"<!-- This site is optimized with the Yoast SEO plugin v27.3 - https:\/\/yoast.com\/product\/yoast-seo-wordpress\/ -->\n<title>\u201cN\u00e3o podemos ficar alheios, apenas esperando a friagem passar\u201d &#8902; Blog da Condessa<\/title>\n<meta name=\"robots\" content=\"index, follow, max-snippet:-1, max-image-preview:large, max-video-preview:-1\" \/>\n<link rel=\"canonical\" href=\"https:\/\/blogdacondessa.com.br\/blog\/cidades\/nao-podemos-ficar-alheios-apenas-esperando-a-friagem-passar\/\" \/>\n<meta property=\"og:locale\" content=\"pt_BR\" \/>\n<meta property=\"og:type\" content=\"article\" \/>\n<meta property=\"og:title\" content=\"\u201cN\u00e3o podemos ficar alheios, apenas esperando a friagem passar\u201d &#8902; Blog da Condessa\" \/>\n<meta property=\"og:description\" content=\"Prefeito e primeira-dama determinam for\u00e7a-tarefa para aux\u00edlio de popula\u00e7\u00e3o em vulnerabilidade social durante nova frente fria. A a\u00e7\u00e3o, envolvendo todas as secretarias da Prefeitura de Cuiab\u00e1 deve arrecadar cobertores, agasalhos e alimentos. O prefeito Emanuel Pinheiro determinou a realiza\u00e7\u00e3o de uma for\u00e7a-tarefa emergencial envolvendo todas as secretarias da Prefeitura de Cuiab\u00e1, visando o desenvolvimento de [&hellip;]\" \/>\n<meta property=\"og:url\" content=\"https:\/\/blogdacondessa.com.br\/blog\/cidades\/nao-podemos-ficar-alheios-apenas-esperando-a-friagem-passar\/\" \/>\n<meta property=\"og:site_name\" content=\"Blog da Condessa\" \/>\n<meta property=\"article:published_time\" content=\"2021-07-28T13:08:17+00:00\" \/>\n<meta property=\"og:image\" content=\"https:\/\/blogdacondessa.com.br\/blog\/wp-content\/uploads\/2021\/07\/f5564d3515aba744065b44b196ea6e3a_L.jpg\" \/>\n\t<meta property=\"og:image:width\" content=\"600\" \/>\n\t<meta property=\"og:image:height\" content=\"400\" \/>\n\t<meta property=\"og:image:type\" content=\"image\/jpeg\" \/>\n<meta name=\"author\" content=\"airton\" \/>\n<meta name=\"twitter:card\" content=\"summary_large_image\" \/>\n<meta name=\"twitter:label1\" content=\"Escrito por\" \/>\n\t<meta name=\"twitter:data1\" content=\"airton\" \/>\n\t<meta name=\"twitter:label2\" content=\"Est. tempo de leitura\" \/>\n\t<meta name=\"twitter:data2\" content=\"3 minutos\" \/>\n<script type=\"application\/ld+json\" class=\"yoast-schema-graph\">{\"@context\":\"https:\\\/\\\/schema.org\",\"@graph\":[{\"@type\":\"Article\",\"@id\":\"https:\\\/\\\/blogdacondessa.com.br\\\/blog\\\/cidades\\\/nao-podemos-ficar-alheios-apenas-esperando-a-friagem-passar\\\/#article\",\"isPartOf\":{\"@id\":\"https:\\\/\\\/blogdacondessa.com.br\\\/blog\\\/cidades\\\/nao-podemos-ficar-alheios-apenas-esperando-a-friagem-passar\\\/\"},\"author\":{\"name\":\"airton\",\"@id\":\"https:\\\/\\\/blogdacondessa.com.br\\\/blog\\\/#\\\/schema\\\/person\\\/292c4cb5acb8adfc928179eb6157de30\"},\"headline\":\"\u201cN\u00e3o podemos ficar alheios, apenas esperando a friagem passar\u201d\",\"datePublished\":\"2021-07-28T13:08:17+00:00\",\"mainEntityOfPage\":{\"@id\":\"https:\\\/\\\/blogdacondessa.com.br\\\/blog\\\/cidades\\\/nao-podemos-ficar-alheios-apenas-esperando-a-friagem-passar\\\/\"},\"wordCount\":556,\"image\":{\"@id\":\"https:\\\/\\\/blogdacondessa.com.br\\\/blog\\\/cidades\\\/nao-podemos-ficar-alheios-apenas-esperando-a-friagem-passar\\\/#primaryimage\"},\"thumbnailUrl\":\"https:\\\/\\\/blogdacondessa.com.br\\\/blog\\\/wp-content\\\/uploads\\\/2021\\\/07\\\/f5564d3515aba744065b44b196ea6e3a_L.jpg\",\"articleSection\":[\"Cidades\"],\"inLanguage\":\"pt-BR\"},{\"@type\":\"WebPage\",\"@id\":\"https:\\\/\\\/blogdacondessa.com.br\\\/blog\\\/cidades\\\/nao-podemos-ficar-alheios-apenas-esperando-a-friagem-passar\\\/\",\"url\":\"https:\\\/\\\/blogdacondessa.com.br\\\/blog\\\/cidades\\\/nao-podemos-ficar-alheios-apenas-esperando-a-friagem-passar\\\/\",\"name\":\"\u201cN\u00e3o podemos ficar alheios, apenas esperando a friagem passar\u201d &#8902; Blog da Condessa\",\"isPartOf\":{\"@id\":\"https:\\\/\\\/blogdacondessa.com.br\\\/blog\\\/#website\"},\"primaryImageOfPage\":{\"@id\":\"https:\\\/\\\/blogdacondessa.com.br\\\/blog\\\/cidades\\\/nao-podemos-ficar-alheios-apenas-esperando-a-friagem-passar\\\/#primaryimage\"},\"image\":{\"@id\":\"https:\\\/\\\/blogdacondessa.com.br\\\/blog\\\/cidades\\\/nao-podemos-ficar-alheios-apenas-esperando-a-friagem-passar\\\/#primaryimage\"},\"thumbnailUrl\":\"https:\\\/\\\/blogdacondessa.com.br\\\/blog\\\/wp-content\\\/uploads\\\/2021\\\/07\\\/f5564d3515aba744065b44b196ea6e3a_L.jpg\",\"datePublished\":\"2021-07-28T13:08:17+00:00\",\"author\":{\"@id\":\"https:\\\/\\\/blogdacondessa.com.br\\\/blog\\\/#\\\/schema\\\/person\\\/292c4cb5acb8adfc928179eb6157de30\"},\"breadcrumb\":{\"@id\":\"https:\\\/\\\/blogdacondessa.com.br\\\/blog\\\/cidades\\\/nao-podemos-ficar-alheios-apenas-esperando-a-friagem-passar\\\/#breadcrumb\"},\"inLanguage\":\"pt-BR\",\"potentialAction\":[{\"@type\":\"ReadAction\",\"target\":[\"https:\\\/\\\/blogdacondessa.com.br\\\/blog\\\/cidades\\\/nao-podemos-ficar-alheios-apenas-esperando-a-friagem-passar\\\/\"]}]},{\"@type\":\"ImageObject\",\"inLanguage\":\"pt-BR\",\"@id\":\"https:\\\/\\\/blogdacondessa.com.br\\\/blog\\\/cidades\\\/nao-podemos-ficar-alheios-apenas-esperando-a-friagem-passar\\\/#primaryimage\",\"url\":\"https:\\\/\\\/blogdacondessa.com.br\\\/blog\\\/wp-content\\\/uploads\\\/2021\\\/07\\\/f5564d3515aba744065b44b196ea6e3a_L.jpg\",\"contentUrl\":\"https:\\\/\\\/blogdacondessa.com.br\\\/blog\\\/wp-content\\\/uploads\\\/2021\\\/07\\\/f5564d3515aba744065b44b196ea6e3a_L.jpg\",\"width\":600,\"height\":400},{\"@type\":\"BreadcrumbList\",\"@id\":\"https:\\\/\\\/blogdacondessa.com.br\\\/blog\\\/cidades\\\/nao-podemos-ficar-alheios-apenas-esperando-a-friagem-passar\\\/#breadcrumb\",\"itemListElement\":[{\"@type\":\"ListItem\",\"position\":1,\"name\":\"In\u00edcio\",\"item\":\"https:\\\/\\\/blogdacondessa.com.br\\\/blog\\\/\"},{\"@type\":\"ListItem\",\"position\":2,\"name\":\"\u201cN\u00e3o podemos ficar alheios, apenas esperando a friagem passar\u201d\"}]},{\"@type\":\"WebSite\",\"@id\":\"https:\\\/\\\/blogdacondessa.com.br\\\/blog\\\/#website\",\"url\":\"https:\\\/\\\/blogdacondessa.com.br\\\/blog\\\/\",\"name\":\"Blog da Condessa\",\"description\":\"Com Shirley de Souza O\u2019Campos\",\"potentialAction\":[{\"@type\":\"SearchAction\",\"target\":{\"@type\":\"EntryPoint\",\"urlTemplate\":\"https:\\\/\\\/blogdacondessa.com.br\\\/blog\\\/?s={search_term_string}\"},\"query-input\":{\"@type\":\"PropertyValueSpecification\",\"valueRequired\":true,\"valueName\":\"search_term_string\"}}],\"inLanguage\":\"pt-BR\"},{\"@type\":\"Person\",\"@id\":\"https:\\\/\\\/blogdacondessa.com.br\\\/blog\\\/#\\\/schema\\\/person\\\/292c4cb5acb8adfc928179eb6157de30\",\"name\":\"airton\",\"image\":{\"@type\":\"ImageObject\",\"inLanguage\":\"pt-BR\",\"@id\":\"https:\\\/\\\/secure.gravatar.com\\\/avatar\\\/fff439d242b57aadc9897c7a757d12f6a9c2c282667e036a6f7b3ab0e701799c?s=96&d=mm&r=g\",\"url\":\"https:\\\/\\\/secure.gravatar.com\\\/avatar\\\/fff439d242b57aadc9897c7a757d12f6a9c2c282667e036a6f7b3ab0e701799c?s=96&d=mm&r=g\",\"contentUrl\":\"https:\\\/\\\/secure.gravatar.com\\\/avatar\\\/fff439d242b57aadc9897c7a757d12f6a9c2c282667e036a6f7b3ab0e701799c?s=96&d=mm&r=g\",\"caption\":\"airton\"},\"url\":\"https:\\\/\\\/blogdacondessa.com.br\\\/blog\\\/author\\\/airton\\\/\"}]}<\/script>\n<!-- \/ Yoast SEO plugin. -->","yoast_head_json":{"title":"\u201cN\u00e3o podemos ficar alheios, apenas esperando a friagem passar\u201d &#8902; Blog da Condessa","robots":{"index":"index","follow":"follow","max-snippet":"max-snippet:-1","max-image-preview":"max-image-preview:large","max-video-preview":"max-video-preview:-1"},"canonical":"https:\/\/blogdacondessa.com.br\/blog\/cidades\/nao-podemos-ficar-alheios-apenas-esperando-a-friagem-passar\/","og_locale":"pt_BR","og_type":"article","og_title":"\u201cN\u00e3o podemos ficar alheios, apenas esperando a friagem passar\u201d &#8902; Blog da Condessa","og_description":"Prefeito e primeira-dama determinam for\u00e7a-tarefa para aux\u00edlio de popula\u00e7\u00e3o em vulnerabilidade social durante nova frente fria. A a\u00e7\u00e3o, envolvendo todas as secretarias da Prefeitura de Cuiab\u00e1 deve arrecadar cobertores, agasalhos e alimentos. O prefeito Emanuel Pinheiro determinou a realiza\u00e7\u00e3o de uma for\u00e7a-tarefa emergencial envolvendo todas as secretarias da Prefeitura de Cuiab\u00e1, visando o desenvolvimento de [&hellip;]","og_url":"https:\/\/blogdacondessa.com.br\/blog\/cidades\/nao-podemos-ficar-alheios-apenas-esperando-a-friagem-passar\/","og_site_name":"Blog da Condessa","article_published_time":"2021-07-28T13:08:17+00:00","og_image":[{"width":600,"height":400,"url":"https:\/\/blogdacondessa.com.br\/blog\/wp-content\/uploads\/2021\/07\/f5564d3515aba744065b44b196ea6e3a_L.jpg","type":"image\/jpeg"}],"author":"airton","twitter_card":"summary_large_image","twitter_misc":{"Escrito por":"airton","Est. tempo de leitura":"3 minutos"},"schema":{"@context":"https:\/\/schema.org","@graph":[{"@type":"Article","@id":"https:\/\/blogdacondessa.com.br\/blog\/cidades\/nao-podemos-ficar-alheios-apenas-esperando-a-friagem-passar\/#article","isPartOf":{"@id":"https:\/\/blogdacondessa.com.br\/blog\/cidades\/nao-podemos-ficar-alheios-apenas-esperando-a-friagem-passar\/"},"author":{"name":"airton","@id":"https:\/\/blogdacondessa.com.br\/blog\/#\/schema\/person\/292c4cb5acb8adfc928179eb6157de30"},"headline":"\u201cN\u00e3o podemos ficar alheios, apenas esperando a friagem passar\u201d","datePublished":"2021-07-28T13:08:17+00:00","mainEntityOfPage":{"@id":"https:\/\/blogdacondessa.com.br\/blog\/cidades\/nao-podemos-ficar-alheios-apenas-esperando-a-friagem-passar\/"},"wordCount":556,"image":{"@id":"https:\/\/blogdacondessa.com.br\/blog\/cidades\/nao-podemos-ficar-alheios-apenas-esperando-a-friagem-passar\/#primaryimage"},"thumbnailUrl":"https:\/\/blogdacondessa.com.br\/blog\/wp-content\/uploads\/2021\/07\/f5564d3515aba744065b44b196ea6e3a_L.jpg","articleSection":["Cidades"],"inLanguage":"pt-BR"},{"@type":"WebPage","@id":"https:\/\/blogdacondessa.com.br\/blog\/cidades\/nao-podemos-ficar-alheios-apenas-esperando-a-friagem-passar\/","url":"https:\/\/blogdacondessa.com.br\/blog\/cidades\/nao-podemos-ficar-alheios-apenas-esperando-a-friagem-passar\/","name":"\u201cN\u00e3o podemos ficar alheios, apenas esperando a friagem passar\u201d &#8902; Blog da Condessa","isPartOf":{"@id":"https:\/\/blogdacondessa.com.br\/blog\/#website"},"primaryImageOfPage":{"@id":"https:\/\/blogdacondessa.com.br\/blog\/cidades\/nao-podemos-ficar-alheios-apenas-esperando-a-friagem-passar\/#primaryimage"},"image":{"@id":"https:\/\/blogdacondessa.com.br\/blog\/cidades\/nao-podemos-ficar-alheios-apenas-esperando-a-friagem-passar\/#primaryimage"},"thumbnailUrl":"https:\/\/blogdacondessa.com.br\/blog\/wp-content\/uploads\/2021\/07\/f5564d3515aba744065b44b196ea6e3a_L.jpg","datePublished":"2021-07-28T13:08:17+00:00","author":{"@id":"https:\/\/blogdacondessa.com.br\/blog\/#\/schema\/person\/292c4cb5acb8adfc928179eb6157de30"},"breadcrumb":{"@id":"https:\/\/blogdacondessa.com.br\/blog\/cidades\/nao-podemos-ficar-alheios-apenas-esperando-a-friagem-passar\/#breadcrumb"},"inLanguage":"pt-BR","potentialAction":[{"@type":"ReadAction","target":["https:\/\/blogdacondessa.com.br\/blog\/cidades\/nao-podemos-ficar-alheios-apenas-esperando-a-friagem-passar\/"]}]},{"@type":"ImageObject","inLanguage":"pt-BR","@id":"https:\/\/blogdacondessa.com.br\/blog\/cidades\/nao-podemos-ficar-alheios-apenas-esperando-a-friagem-passar\/#primaryimage","url":"https:\/\/blogdacondessa.com.br\/blog\/wp-content\/uploads\/2021\/07\/f5564d3515aba744065b44b196ea6e3a_L.jpg","contentUrl":"https:\/\/blogdacondessa.com.br\/blog\/wp-content\/uploads\/2021\/07\/f5564d3515aba744065b44b196ea6e3a_L.jpg","width":600,"height":400},{"@type":"BreadcrumbList","@id":"https:\/\/blogdacondessa.com.br\/blog\/cidades\/nao-podemos-ficar-alheios-apenas-esperando-a-friagem-passar\/#breadcrumb","itemListElement":[{"@type":"ListItem","position":1,"name":"In\u00edcio","item":"https:\/\/blogdacondessa.com.br\/blog\/"},{"@type":"ListItem","position":2,"name":"\u201cN\u00e3o podemos ficar alheios, apenas esperando a friagem passar\u201d"}]},{"@type":"WebSite","@id":"https:\/\/blogdacondessa.com.br\/blog\/#website","url":"https:\/\/blogdacondessa.com.br\/blog\/","name":"Blog da Condessa","description":"Com Shirley de Souza O\u2019Campos","potentialAction":[{"@type":"SearchAction","target":{"@type":"EntryPoint","urlTemplate":"https:\/\/blogdacondessa.com.br\/blog\/?s={search_term_string}"},"query-input":{"@type":"PropertyValueSpecification","valueRequired":true,"valueName":"search_term_string"}}],"inLanguage":"pt-BR"},{"@type":"Person","@id":"https:\/\/blogdacondessa.com.br\/blog\/#\/schema\/person\/292c4cb5acb8adfc928179eb6157de30","name":"airton","image":{"@type":"ImageObject","inLanguage":"pt-BR","@id":"https:\/\/secure.gravatar.com\/avatar\/fff439d242b57aadc9897c7a757d12f6a9c2c282667e036a6f7b3ab0e701799c?s=96&d=mm&r=g","url":"https:\/\/secure.gravatar.com\/avatar\/fff439d242b57aadc9897c7a757d12f6a9c2c282667e036a6f7b3ab0e701799c?s=96&d=mm&r=g","contentUrl":"https:\/\/secure.gravatar.com\/avatar\/fff439d242b57aadc9897c7a757d12f6a9c2c282667e036a6f7b3ab0e701799c?s=96&d=mm&r=g","caption":"airton"},"url":"https:\/\/blogdacondessa.com.br\/blog\/author\/airton\/"}]}},"_links":{"self":[{"href":"https:\/\/blogdacondessa.com.br\/blog\/wp-json\/wp\/v2\/posts\/2069","targetHints":{"allow":["GET"]}}],"collection":[{"href":"https:\/\/blogdacondessa.com.br\/blog\/wp-json\/wp\/v2\/posts"}],"about":[{"href":"https:\/\/blogdacondessa.com.br\/blog\/wp-json\/wp\/v2\/types\/post"}],"author":[{"embeddable":true,"href":"https:\/\/blogdacondessa.com.br\/blog\/wp-json\/wp\/v2\/users\/7"}],"replies":[{"embeddable":true,"href":"https:\/\/blogdacondessa.com.br\/blog\/wp-json\/wp\/v2\/comments?post=2069"}],"version-history":[{"count":0,"href":"https:\/\/blogdacondessa.com.br\/blog\/wp-json\/wp\/v2\/posts\/2069\/revisions"}],"wp:featuredmedia":[{"embeddable":true,"href":"https:\/\/blogdacondessa.com.br\/blog\/wp-json\/wp\/v2\/media\/2070"}],"wp:attachment":[{"href":"https:\/\/blogdacondessa.com.br\/blog\/wp-json\/wp\/v2\/media?parent=2069"}],"wp:term":[{"taxonomy":"category","embeddable":true,"href":"https:\/\/blogdacondessa.com.br\/blog\/wp-json\/wp\/v2\/categories?post=2069"},{"taxonomy":"post_tag","embeddable":true,"href":"https:\/\/blogdacondessa.com.br\/blog\/wp-json\/wp\/v2\/tags?post=2069"}],"curies":[{"name":"wp","href":"https:\/\/api.w.org\/{rel}","templated":true}]}}