{"id":2062,"date":"2021-07-28T13:05:02","date_gmt":"2021-07-28T13:05:02","guid":{"rendered":"https:\/\/novo.blogdacondessa.com.br\/?p=2062"},"modified":"2021-07-28T13:05:02","modified_gmt":"2021-07-28T13:05:02","slug":"dia-mundial-de-luta-contra-as-hepatites-virais","status":"publish","type":"post","link":"https:\/\/blogdacondessa.com.br\/blog\/saude\/dia-mundial-de-luta-contra-as-hepatites-virais\/","title":{"rendered":"Dia Mundial de Luta Contra as Hepatites Virais"},"content":{"rendered":"<p><em>Doen\u00e7a afeta 325 milh\u00f5es de pessoas no mundo e pode levar a hepatite aguda, cirrose e c\u00e2ncer de f\u00edgado.<\/em>\u00a0<em>Controle de hepatites virais depende de medidas de preven\u00e7\u00e3o e amplia\u00e7\u00e3o de estrat\u00e9gias diagn\u00f3sticas.<\/em><\/p>\n<p>O Dia Mundial de Luta Contra as Hepatites Virais \u00e9 celebrado no dia 28 de julho e tem como objetivo conscientizar a popula\u00e7\u00e3o sobre o impacto dessas doen\u00e7as e incentivar seu combate e preven\u00e7\u00e3o. Estima-se que 325 milh\u00f5es de pessoas convivem com hepatites virais no mundo atualmente, das quais mais de 290 milh\u00f5es est\u00e3o infectadas com os tipos B e C (e muitas n\u00e3o sabem). Apesar de existirem tratamentos para a doen\u00e7a, a preven\u00e7\u00e3o \u00e9 a melhor forma de se proteger.<\/p>\n<p>\u201cPraticamente todos os v\u00edrus que nos infectam de forma aguda provocam uma inflama\u00e7\u00e3o reacional no f\u00edgado, isto \u00e9, uma hepatite\u201d, conta o infectologista do Cedic Cedilab\/Dasa Jos\u00e9 David Urbaez. \u201cNo caso dos v\u00edrus que causam as hepatites virais, eles t\u00eam o f\u00edgado como o principal alvo de sua a\u00e7\u00e3o e s\u00e3o muito diversos, tendo caracter\u00edsticas e mecanismos de transmiss\u00e3o muito diferentes uns dos outros\u201d, continua.<\/p>\n<p>Existem cinco tipos identificados de hepatites virais: A, B, C, D (mais conhecida como Delta) e E. O v\u00edrus que causa o tipo A \u00e9 transmitido pelo consumo de \u00e1gua ou comida que teve contato com as fezes de uma pessoa contaminada. A doen\u00e7a causada por ele costuma ser aguda, e os sintomas s\u00e3o sensa\u00e7\u00e3o de mal-estar, indisposi\u00e7\u00e3o e uma febre de baixa intensidade. Em 99% dos casos ela \u00e9 combatida pelo pr\u00f3prio sistema imunol\u00f3gico do paciente, mas em quadros raros ela pode evoluir para uma insufici\u00eancia hep\u00e1tica fulminante, o que pode levar ao \u00f3bito em pouco tempo. O tipo E \u00e9 muito parecido com a hepatite A, com a diferen\u00e7a que pode se tornar cr\u00f4nico em pessoas imunocomprometidas em rar\u00edssimos casos. J\u00e1 o Delta \u00e9 muito particular, s\u00f3 infecta quem j\u00e1 possui o v\u00edrus do tipo B e est\u00e1 restrito geograficamente \u00e0 bacia do Amazonas e pa\u00edses do Mediterr\u00e2neo.<\/p>\n<p>\u201cAs hepatites B e C tamb\u00e9m possuem uma fase aguda, mas podem se instalar no f\u00edgado e levar a casos cr\u00f4nicos com les\u00e3o moderada e progressiva ao longo dos anos. O tecido saud\u00e1vel \u00e9 substitu\u00eddo por um tecido de fibrose, o que pode levar a uma altera\u00e7\u00e3o muito grande na funcionalidade do \u00f3rg\u00e3o\u201d, conta David. \u201cNo final dessa evolu\u00e7\u00e3o, o indiv\u00edduo passa a ser portador de uma cirrose hep\u00e1tica, que pode levar \u00e0 morte ou necessidade de transplante\u201d, continua.<\/p>\n<p>O v\u00edrus da hepatite B \u00e9 muito infeccioso e pode ser transmitido por sangue ou secre\u00e7\u00f5es contaminadas. J\u00e1 o tipo C evolui para doen\u00e7a cr\u00f4nica em 85% dos infectados e \u00e9 transmitido principalmente por trocas sangu\u00edneas, como ocorre em hemotransfus\u00f5es, entre usu\u00e1rios de drogas injet\u00e1veis e inal\u00e1veis e em procedimentos com instrumentos perfurocortantes. \u00c9 uma das principais indica\u00e7\u00f5es de transplante.<\/p>\n<p>\u201cA \u00fanica maneira de saber se uma pessoa est\u00e1 ou n\u00e3o com hepatite viral \u00e9 por meio de exames de sangue. Infelizmente a doen\u00e7a ainda \u00e9 subdiagnosticada e estima-se que grande parte dos infectados com os tipos B e C n\u00e3o sabem que est\u00e3o\u201d, conta a hepatologista do Hospital Bras\u00edlia Nat\u00e1lia Trevizoli. \u201cEssas hepatites se destacam por estarem entre as principais causas de cirrose hep\u00e1tica no mundo e causam dois em cada tr\u00eas casos de c\u00e2ncer do f\u00edgado\u201d, continua.<\/p>\n<p>Os tratamentos dispon\u00edveis para os casos cr\u00f4nicos da doen\u00e7a s\u00e3o muito eficazes. Nem todos os casos do tipo B necessitam de tratamento, mas a infec\u00e7\u00e3o precisa ser controlada com medica\u00e7\u00e3o pelo resto da vida, j\u00e1 que n\u00e3o \u00e9 cur\u00e1vel e pode voltar a progredir caso o tratamento seja interrompido. Para o tipo B tamb\u00e9m existe uma vacina que garante mais de 95% de prote\u00e7\u00e3o e \u00e9 aplicada universalmente pelo calend\u00e1rio brasileiro de vacina\u00e7\u00e3o. Ela est\u00e1 dispon\u00edvel tamb\u00e9m no Cedic Cedilab. Para a hepatite C n\u00e3o existe vacina, mas a medica\u00e7\u00e3o \u00e9 capaz de curar o paciente em um per\u00edodo de 12 a 24 semanas e tem alta taxa de sucesso.<\/p>\n<p>\u201cExistem v\u00e1rias medidas de preven\u00e7\u00e3o que podem evitar a transmiss\u00e3o das hepatites virais, como: o uso de preservativo em todas as rela\u00e7\u00f5es sexuais; exigir materiais esterilizados ou descart\u00e1veis em est\u00fadios de tatuagem e de piercings; n\u00e3o compartilhar instrumentos de manicure e pedicure, nem l\u00e2minas de barbear ou depilar; n\u00e3o compartilhar agulhas e seringas e equipamentos para drogas inaladas\u201d, conta Nat\u00e1lia. \u201cTamb\u00e9m s\u00e3o recomendados cuidados m\u00e9dicos e odontol\u00f3gicos, incluindo r\u00edgido controle para evitar a transmiss\u00e3o por meio de transfus\u00f5es de sangue, transplantes, hemodi\u00e1lise, procedimentos perfurocortantes e transmiss\u00e3o vertical (da m\u00e3e para o filho durante gesta\u00e7\u00e3o, parto ou amamenta\u00e7\u00e3o)\u201d, continua.<\/p>\n<p>O Hospital Bras\u00edlia possui um Centro de Refer\u00eancia em Doen\u00e7as do F\u00edgado, com uma equipe multidisciplinar qualificada para tratar as hepatites virais e demais doen\u00e7as que afetam o \u00f3rg\u00e3o, al\u00e9m de uma infraestrutura especializada para consultas, cirurgias e transplantes.<\/p>\n","protected":false},"excerpt":{"rendered":"<p>Doen\u00e7a afeta 325 milh\u00f5es de pessoas no mundo e pode levar a hepatite aguda, cirrose e c\u00e2ncer de f\u00edgado.\u00a0Controle de hepatites virais depende de medidas de preven\u00e7\u00e3o e amplia\u00e7\u00e3o de estrat\u00e9gias diagn\u00f3sticas. O Dia Mundial de Luta Contra as Hepatites Virais \u00e9 celebrado no dia 28 de julho e tem como objetivo conscientizar a popula\u00e7\u00e3o [&hellip;]<\/p>\n","protected":false},"author":7,"featured_media":2063,"comment_status":"closed","ping_status":"closed","sticky":false,"template":"","format":"standard","meta":{"iawp_total_views":0,"footnotes":""},"categories":[5],"tags":[],"class_list":["post-2062","post","type-post","status-publish","format-standard","has-post-thumbnail","hentry","category-saude"],"yoast_head":"<!-- This site is optimized with the Yoast SEO plugin v27.3 - https:\/\/yoast.com\/product\/yoast-seo-wordpress\/ -->\n<title>Dia Mundial de Luta Contra as Hepatites Virais &#8902; Blog da Condessa<\/title>\n<meta name=\"robots\" content=\"index, follow, max-snippet:-1, max-image-preview:large, max-video-preview:-1\" \/>\n<link rel=\"canonical\" href=\"https:\/\/blogdacondessa.com.br\/blog\/saude\/dia-mundial-de-luta-contra-as-hepatites-virais\/\" \/>\n<meta property=\"og:locale\" content=\"pt_BR\" \/>\n<meta property=\"og:type\" content=\"article\" \/>\n<meta property=\"og:title\" content=\"Dia Mundial de Luta Contra as Hepatites Virais &#8902; Blog da Condessa\" \/>\n<meta property=\"og:description\" content=\"Doen\u00e7a afeta 325 milh\u00f5es de pessoas no mundo e pode levar a hepatite aguda, cirrose e c\u00e2ncer de f\u00edgado.\u00a0Controle de hepatites virais depende de medidas de preven\u00e7\u00e3o e amplia\u00e7\u00e3o de estrat\u00e9gias diagn\u00f3sticas. O Dia Mundial de Luta Contra as Hepatites Virais \u00e9 celebrado no dia 28 de julho e tem como objetivo conscientizar a popula\u00e7\u00e3o [&hellip;]\" \/>\n<meta property=\"og:url\" content=\"https:\/\/blogdacondessa.com.br\/blog\/saude\/dia-mundial-de-luta-contra-as-hepatites-virais\/\" \/>\n<meta property=\"og:site_name\" content=\"Blog da Condessa\" \/>\n<meta property=\"article:published_time\" content=\"2021-07-28T13:05:02+00:00\" \/>\n<meta property=\"og:image\" content=\"https:\/\/blogdacondessa.com.br\/blog\/wp-content\/uploads\/2021\/07\/587746ff6320613e33bbe5dba0deac7f_L.jpg\" \/>\n\t<meta property=\"og:image:width\" content=\"600\" \/>\n\t<meta property=\"og:image:height\" content=\"338\" \/>\n\t<meta property=\"og:image:type\" content=\"image\/jpeg\" \/>\n<meta name=\"author\" content=\"airton\" \/>\n<meta name=\"twitter:card\" content=\"summary_large_image\" \/>\n<meta name=\"twitter:label1\" content=\"Escrito por\" \/>\n\t<meta name=\"twitter:data1\" content=\"airton\" \/>\n\t<meta name=\"twitter:label2\" content=\"Est. tempo de leitura\" \/>\n\t<meta name=\"twitter:data2\" content=\"4 minutos\" \/>\n<script type=\"application\/ld+json\" class=\"yoast-schema-graph\">{\"@context\":\"https:\\\/\\\/schema.org\",\"@graph\":[{\"@type\":\"Article\",\"@id\":\"https:\\\/\\\/blogdacondessa.com.br\\\/blog\\\/saude\\\/dia-mundial-de-luta-contra-as-hepatites-virais\\\/#article\",\"isPartOf\":{\"@id\":\"https:\\\/\\\/blogdacondessa.com.br\\\/blog\\\/saude\\\/dia-mundial-de-luta-contra-as-hepatites-virais\\\/\"},\"author\":{\"name\":\"airton\",\"@id\":\"https:\\\/\\\/blogdacondessa.com.br\\\/blog\\\/#\\\/schema\\\/person\\\/292c4cb5acb8adfc928179eb6157de30\"},\"headline\":\"Dia Mundial de Luta Contra as Hepatites Virais\",\"datePublished\":\"2021-07-28T13:05:02+00:00\",\"mainEntityOfPage\":{\"@id\":\"https:\\\/\\\/blogdacondessa.com.br\\\/blog\\\/saude\\\/dia-mundial-de-luta-contra-as-hepatites-virais\\\/\"},\"wordCount\":895,\"image\":{\"@id\":\"https:\\\/\\\/blogdacondessa.com.br\\\/blog\\\/saude\\\/dia-mundial-de-luta-contra-as-hepatites-virais\\\/#primaryimage\"},\"thumbnailUrl\":\"https:\\\/\\\/blogdacondessa.com.br\\\/blog\\\/wp-content\\\/uploads\\\/2021\\\/07\\\/587746ff6320613e33bbe5dba0deac7f_L.jpg\",\"articleSection\":[\"Sa\u00fade\"],\"inLanguage\":\"pt-BR\"},{\"@type\":\"WebPage\",\"@id\":\"https:\\\/\\\/blogdacondessa.com.br\\\/blog\\\/saude\\\/dia-mundial-de-luta-contra-as-hepatites-virais\\\/\",\"url\":\"https:\\\/\\\/blogdacondessa.com.br\\\/blog\\\/saude\\\/dia-mundial-de-luta-contra-as-hepatites-virais\\\/\",\"name\":\"Dia Mundial de Luta Contra as Hepatites Virais &#8902; Blog da Condessa\",\"isPartOf\":{\"@id\":\"https:\\\/\\\/blogdacondessa.com.br\\\/blog\\\/#website\"},\"primaryImageOfPage\":{\"@id\":\"https:\\\/\\\/blogdacondessa.com.br\\\/blog\\\/saude\\\/dia-mundial-de-luta-contra-as-hepatites-virais\\\/#primaryimage\"},\"image\":{\"@id\":\"https:\\\/\\\/blogdacondessa.com.br\\\/blog\\\/saude\\\/dia-mundial-de-luta-contra-as-hepatites-virais\\\/#primaryimage\"},\"thumbnailUrl\":\"https:\\\/\\\/blogdacondessa.com.br\\\/blog\\\/wp-content\\\/uploads\\\/2021\\\/07\\\/587746ff6320613e33bbe5dba0deac7f_L.jpg\",\"datePublished\":\"2021-07-28T13:05:02+00:00\",\"author\":{\"@id\":\"https:\\\/\\\/blogdacondessa.com.br\\\/blog\\\/#\\\/schema\\\/person\\\/292c4cb5acb8adfc928179eb6157de30\"},\"breadcrumb\":{\"@id\":\"https:\\\/\\\/blogdacondessa.com.br\\\/blog\\\/saude\\\/dia-mundial-de-luta-contra-as-hepatites-virais\\\/#breadcrumb\"},\"inLanguage\":\"pt-BR\",\"potentialAction\":[{\"@type\":\"ReadAction\",\"target\":[\"https:\\\/\\\/blogdacondessa.com.br\\\/blog\\\/saude\\\/dia-mundial-de-luta-contra-as-hepatites-virais\\\/\"]}]},{\"@type\":\"ImageObject\",\"inLanguage\":\"pt-BR\",\"@id\":\"https:\\\/\\\/blogdacondessa.com.br\\\/blog\\\/saude\\\/dia-mundial-de-luta-contra-as-hepatites-virais\\\/#primaryimage\",\"url\":\"https:\\\/\\\/blogdacondessa.com.br\\\/blog\\\/wp-content\\\/uploads\\\/2021\\\/07\\\/587746ff6320613e33bbe5dba0deac7f_L.jpg\",\"contentUrl\":\"https:\\\/\\\/blogdacondessa.com.br\\\/blog\\\/wp-content\\\/uploads\\\/2021\\\/07\\\/587746ff6320613e33bbe5dba0deac7f_L.jpg\",\"width\":600,\"height\":338},{\"@type\":\"BreadcrumbList\",\"@id\":\"https:\\\/\\\/blogdacondessa.com.br\\\/blog\\\/saude\\\/dia-mundial-de-luta-contra-as-hepatites-virais\\\/#breadcrumb\",\"itemListElement\":[{\"@type\":\"ListItem\",\"position\":1,\"name\":\"In\u00edcio\",\"item\":\"https:\\\/\\\/blogdacondessa.com.br\\\/blog\\\/\"},{\"@type\":\"ListItem\",\"position\":2,\"name\":\"Dia Mundial de Luta Contra as Hepatites Virais\"}]},{\"@type\":\"WebSite\",\"@id\":\"https:\\\/\\\/blogdacondessa.com.br\\\/blog\\\/#website\",\"url\":\"https:\\\/\\\/blogdacondessa.com.br\\\/blog\\\/\",\"name\":\"Blog da Condessa\",\"description\":\"Com Shirley de Souza O\u2019Campos\",\"potentialAction\":[{\"@type\":\"SearchAction\",\"target\":{\"@type\":\"EntryPoint\",\"urlTemplate\":\"https:\\\/\\\/blogdacondessa.com.br\\\/blog\\\/?s={search_term_string}\"},\"query-input\":{\"@type\":\"PropertyValueSpecification\",\"valueRequired\":true,\"valueName\":\"search_term_string\"}}],\"inLanguage\":\"pt-BR\"},{\"@type\":\"Person\",\"@id\":\"https:\\\/\\\/blogdacondessa.com.br\\\/blog\\\/#\\\/schema\\\/person\\\/292c4cb5acb8adfc928179eb6157de30\",\"name\":\"airton\",\"image\":{\"@type\":\"ImageObject\",\"inLanguage\":\"pt-BR\",\"@id\":\"https:\\\/\\\/secure.gravatar.com\\\/avatar\\\/fff439d242b57aadc9897c7a757d12f6a9c2c282667e036a6f7b3ab0e701799c?s=96&d=mm&r=g\",\"url\":\"https:\\\/\\\/secure.gravatar.com\\\/avatar\\\/fff439d242b57aadc9897c7a757d12f6a9c2c282667e036a6f7b3ab0e701799c?s=96&d=mm&r=g\",\"contentUrl\":\"https:\\\/\\\/secure.gravatar.com\\\/avatar\\\/fff439d242b57aadc9897c7a757d12f6a9c2c282667e036a6f7b3ab0e701799c?s=96&d=mm&r=g\",\"caption\":\"airton\"},\"url\":\"https:\\\/\\\/blogdacondessa.com.br\\\/blog\\\/author\\\/airton\\\/\"}]}<\/script>\n<!-- \/ Yoast SEO plugin. -->","yoast_head_json":{"title":"Dia Mundial de Luta Contra as Hepatites Virais &#8902; Blog da Condessa","robots":{"index":"index","follow":"follow","max-snippet":"max-snippet:-1","max-image-preview":"max-image-preview:large","max-video-preview":"max-video-preview:-1"},"canonical":"https:\/\/blogdacondessa.com.br\/blog\/saude\/dia-mundial-de-luta-contra-as-hepatites-virais\/","og_locale":"pt_BR","og_type":"article","og_title":"Dia Mundial de Luta Contra as Hepatites Virais &#8902; Blog da Condessa","og_description":"Doen\u00e7a afeta 325 milh\u00f5es de pessoas no mundo e pode levar a hepatite aguda, cirrose e c\u00e2ncer de f\u00edgado.\u00a0Controle de hepatites virais depende de medidas de preven\u00e7\u00e3o e amplia\u00e7\u00e3o de estrat\u00e9gias diagn\u00f3sticas. O Dia Mundial de Luta Contra as Hepatites Virais \u00e9 celebrado no dia 28 de julho e tem como objetivo conscientizar a popula\u00e7\u00e3o [&hellip;]","og_url":"https:\/\/blogdacondessa.com.br\/blog\/saude\/dia-mundial-de-luta-contra-as-hepatites-virais\/","og_site_name":"Blog da Condessa","article_published_time":"2021-07-28T13:05:02+00:00","og_image":[{"width":600,"height":338,"url":"https:\/\/blogdacondessa.com.br\/blog\/wp-content\/uploads\/2021\/07\/587746ff6320613e33bbe5dba0deac7f_L.jpg","type":"image\/jpeg"}],"author":"airton","twitter_card":"summary_large_image","twitter_misc":{"Escrito por":"airton","Est. tempo de leitura":"4 minutos"},"schema":{"@context":"https:\/\/schema.org","@graph":[{"@type":"Article","@id":"https:\/\/blogdacondessa.com.br\/blog\/saude\/dia-mundial-de-luta-contra-as-hepatites-virais\/#article","isPartOf":{"@id":"https:\/\/blogdacondessa.com.br\/blog\/saude\/dia-mundial-de-luta-contra-as-hepatites-virais\/"},"author":{"name":"airton","@id":"https:\/\/blogdacondessa.com.br\/blog\/#\/schema\/person\/292c4cb5acb8adfc928179eb6157de30"},"headline":"Dia Mundial de Luta Contra as Hepatites Virais","datePublished":"2021-07-28T13:05:02+00:00","mainEntityOfPage":{"@id":"https:\/\/blogdacondessa.com.br\/blog\/saude\/dia-mundial-de-luta-contra-as-hepatites-virais\/"},"wordCount":895,"image":{"@id":"https:\/\/blogdacondessa.com.br\/blog\/saude\/dia-mundial-de-luta-contra-as-hepatites-virais\/#primaryimage"},"thumbnailUrl":"https:\/\/blogdacondessa.com.br\/blog\/wp-content\/uploads\/2021\/07\/587746ff6320613e33bbe5dba0deac7f_L.jpg","articleSection":["Sa\u00fade"],"inLanguage":"pt-BR"},{"@type":"WebPage","@id":"https:\/\/blogdacondessa.com.br\/blog\/saude\/dia-mundial-de-luta-contra-as-hepatites-virais\/","url":"https:\/\/blogdacondessa.com.br\/blog\/saude\/dia-mundial-de-luta-contra-as-hepatites-virais\/","name":"Dia Mundial de Luta Contra as Hepatites Virais &#8902; Blog da Condessa","isPartOf":{"@id":"https:\/\/blogdacondessa.com.br\/blog\/#website"},"primaryImageOfPage":{"@id":"https:\/\/blogdacondessa.com.br\/blog\/saude\/dia-mundial-de-luta-contra-as-hepatites-virais\/#primaryimage"},"image":{"@id":"https:\/\/blogdacondessa.com.br\/blog\/saude\/dia-mundial-de-luta-contra-as-hepatites-virais\/#primaryimage"},"thumbnailUrl":"https:\/\/blogdacondessa.com.br\/blog\/wp-content\/uploads\/2021\/07\/587746ff6320613e33bbe5dba0deac7f_L.jpg","datePublished":"2021-07-28T13:05:02+00:00","author":{"@id":"https:\/\/blogdacondessa.com.br\/blog\/#\/schema\/person\/292c4cb5acb8adfc928179eb6157de30"},"breadcrumb":{"@id":"https:\/\/blogdacondessa.com.br\/blog\/saude\/dia-mundial-de-luta-contra-as-hepatites-virais\/#breadcrumb"},"inLanguage":"pt-BR","potentialAction":[{"@type":"ReadAction","target":["https:\/\/blogdacondessa.com.br\/blog\/saude\/dia-mundial-de-luta-contra-as-hepatites-virais\/"]}]},{"@type":"ImageObject","inLanguage":"pt-BR","@id":"https:\/\/blogdacondessa.com.br\/blog\/saude\/dia-mundial-de-luta-contra-as-hepatites-virais\/#primaryimage","url":"https:\/\/blogdacondessa.com.br\/blog\/wp-content\/uploads\/2021\/07\/587746ff6320613e33bbe5dba0deac7f_L.jpg","contentUrl":"https:\/\/blogdacondessa.com.br\/blog\/wp-content\/uploads\/2021\/07\/587746ff6320613e33bbe5dba0deac7f_L.jpg","width":600,"height":338},{"@type":"BreadcrumbList","@id":"https:\/\/blogdacondessa.com.br\/blog\/saude\/dia-mundial-de-luta-contra-as-hepatites-virais\/#breadcrumb","itemListElement":[{"@type":"ListItem","position":1,"name":"In\u00edcio","item":"https:\/\/blogdacondessa.com.br\/blog\/"},{"@type":"ListItem","position":2,"name":"Dia Mundial de Luta Contra as Hepatites Virais"}]},{"@type":"WebSite","@id":"https:\/\/blogdacondessa.com.br\/blog\/#website","url":"https:\/\/blogdacondessa.com.br\/blog\/","name":"Blog da Condessa","description":"Com Shirley de Souza O\u2019Campos","potentialAction":[{"@type":"SearchAction","target":{"@type":"EntryPoint","urlTemplate":"https:\/\/blogdacondessa.com.br\/blog\/?s={search_term_string}"},"query-input":{"@type":"PropertyValueSpecification","valueRequired":true,"valueName":"search_term_string"}}],"inLanguage":"pt-BR"},{"@type":"Person","@id":"https:\/\/blogdacondessa.com.br\/blog\/#\/schema\/person\/292c4cb5acb8adfc928179eb6157de30","name":"airton","image":{"@type":"ImageObject","inLanguage":"pt-BR","@id":"https:\/\/secure.gravatar.com\/avatar\/fff439d242b57aadc9897c7a757d12f6a9c2c282667e036a6f7b3ab0e701799c?s=96&d=mm&r=g","url":"https:\/\/secure.gravatar.com\/avatar\/fff439d242b57aadc9897c7a757d12f6a9c2c282667e036a6f7b3ab0e701799c?s=96&d=mm&r=g","contentUrl":"https:\/\/secure.gravatar.com\/avatar\/fff439d242b57aadc9897c7a757d12f6a9c2c282667e036a6f7b3ab0e701799c?s=96&d=mm&r=g","caption":"airton"},"url":"https:\/\/blogdacondessa.com.br\/blog\/author\/airton\/"}]}},"_links":{"self":[{"href":"https:\/\/blogdacondessa.com.br\/blog\/wp-json\/wp\/v2\/posts\/2062","targetHints":{"allow":["GET"]}}],"collection":[{"href":"https:\/\/blogdacondessa.com.br\/blog\/wp-json\/wp\/v2\/posts"}],"about":[{"href":"https:\/\/blogdacondessa.com.br\/blog\/wp-json\/wp\/v2\/types\/post"}],"author":[{"embeddable":true,"href":"https:\/\/blogdacondessa.com.br\/blog\/wp-json\/wp\/v2\/users\/7"}],"replies":[{"embeddable":true,"href":"https:\/\/blogdacondessa.com.br\/blog\/wp-json\/wp\/v2\/comments?post=2062"}],"version-history":[{"count":0,"href":"https:\/\/blogdacondessa.com.br\/blog\/wp-json\/wp\/v2\/posts\/2062\/revisions"}],"wp:featuredmedia":[{"embeddable":true,"href":"https:\/\/blogdacondessa.com.br\/blog\/wp-json\/wp\/v2\/media\/2063"}],"wp:attachment":[{"href":"https:\/\/blogdacondessa.com.br\/blog\/wp-json\/wp\/v2\/media?parent=2062"}],"wp:term":[{"taxonomy":"category","embeddable":true,"href":"https:\/\/blogdacondessa.com.br\/blog\/wp-json\/wp\/v2\/categories?post=2062"},{"taxonomy":"post_tag","embeddable":true,"href":"https:\/\/blogdacondessa.com.br\/blog\/wp-json\/wp\/v2\/tags?post=2062"}],"curies":[{"name":"wp","href":"https:\/\/api.w.org\/{rel}","templated":true}]}}