{"id":2059,"date":"2021-07-28T12:59:56","date_gmt":"2021-07-28T12:59:56","guid":{"rendered":"https:\/\/novo.blogdacondessa.com.br\/?p=2059"},"modified":"2021-07-28T12:59:56","modified_gmt":"2021-07-28T12:59:56","slug":"camara-de-cuiaba-disponibiliza-20-vagas-de-estagio","status":"publish","type":"post","link":"https:\/\/blogdacondessa.com.br\/blog\/politica\/camara-de-cuiaba-disponibiliza-20-vagas-de-estagio\/","title":{"rendered":"C\u00e2mara de Cuiab\u00e1 disponibiliza 20 vagas de est\u00e1gio"},"content":{"rendered":"<p><em>Os interessados t\u00eam at\u00e9 sexta-feira (30) para enviar o formul\u00e1rio e documentos. Poder\u00e3o participar da sele\u00e7\u00e3o estudantes de qualquer curso de gradua\u00e7\u00e3o ou n\u00edvel m\u00e9dio profissionalizante.\u00a0\u00a0A publica\u00e7\u00e3o dos aprovados para o cadastro reserva ser\u00e1 no dia 16 de agosto.<\/em><\/p>\n<p>Est\u00e3o abertas as inscri\u00e7\u00f5es para o processo seletivo para forma\u00e7\u00e3o de cadastro reserva de estagi\u00e1rio para a C\u00e2mara Municipal de Cuiab\u00e1.<\/p>\n<p>De acordo com o edital publicado no Di\u00e1rio Oficial de Contas, poder\u00e3o participar da sele\u00e7\u00e3o o estudante regularmente matriculado em qualquer curso de gradua\u00e7\u00e3o ou n\u00edvel m\u00e9dio profissionalizante em institui\u00e7\u00e3o de ensino superior ou t\u00e9cnico de Cuiab\u00e1 e V\u00e1rzea Grande, p\u00fablica ou privada, e que tenha comprovada aprova\u00e7\u00e3o em pelo menos 50% dos cr\u00e9ditos ou das horas-aulas constantes no curr\u00edculo. Al\u00e9m disso, h\u00e1 outras regras que est\u00e3o estabelecidas no edital.<\/p>\n<p>Ser\u00e3o ofertadas 20 vagas de est\u00e1gio para cadastro de reserva, sendo: 14 para candidatos em ampla concorr\u00eancia, duas vagas para pessoa com defici\u00eancia e quatro vagas para negros e \u00edndios. O valor da bolsa-aux\u00edlio ser\u00e1 de R$ 1,3 mil por m\u00eas. Os estagi\u00e1rios ainda ter\u00e3o aux\u00edlio transporte no valor de R$ 200.<\/p>\n<p>O regime de hor\u00e1rio ser\u00e1 de 30 horas semanais, ou seja, seis horas di\u00e1rias, a serem cumpridas em hor\u00e1rios e turnos definidos pela C\u00e2mara.<\/p>\n<p><strong>Inscri\u00e7\u00f5es &#8211;<\/strong>\u00a0Antes de efetuar a inscri\u00e7\u00e3o o candidato dever\u00e1 conhecer o Edital e certificar-se de que preenche todos os requisitos exigidos. Para ter acesso ao documento na \u00edntegra acesse o link:\u00a0http:\/\/www.camaracuiaba.mt.gov.br\/arqs\/EDITAL_CADASTRO_RESERVA_ESTAGIO_CAMARA_MUNICIPAL_CUIABA.pdf<\/p>\n<p>As inscri\u00e7\u00f5es s\u00e3o gratuitas e recebidas somente via e-mail: estagio@camaracuiaba.mt.gov.br.<\/p>\n<p>Os candidatos dever\u00e3o preencher uma ficha cadastral que est\u00e1 dispon\u00edvel no site http:\/\/www.camaracuiaba.mt.gov.br\/arqs\/FICHA_DE_INSCRICAO_PROGRAMA_DE_SELECAO_ESTAGIO_CMC.docx e enviar ao endere\u00e7o de e-mail acima junto com as c\u00f3pias dos seguintes documentos: Carteira de Identidade \/ Cadastro de Pessoas F\u00edsicas (CPF) \/ T\u00edtulo de Eleitor, em caso de maior de 18 anos \/ Certid\u00e3o de Reservista, caso o candidato seja maior de 18 anos e do sexo masculino \/ Se menor, a Carteira de Identidade e Cadastro de Pessoas F\u00edsicas do respons\u00e1vel \/ Atestado de Frequ\u00eancia Escolar atual autenticada pela Institui\u00e7\u00e3o de Ensino \/ Comprovante de endere\u00e7o \/ Se pertencer ao programa de cotas, dever\u00e1 inclui as declara\u00e7\u00f5es e documentos previstos no edital.<\/p>\n","protected":false},"excerpt":{"rendered":"<p>Os interessados t\u00eam at\u00e9 sexta-feira (30) para enviar o formul\u00e1rio e documentos. Poder\u00e3o participar da sele\u00e7\u00e3o estudantes de qualquer curso de gradua\u00e7\u00e3o ou n\u00edvel m\u00e9dio profissionalizante.\u00a0\u00a0A publica\u00e7\u00e3o dos aprovados para o cadastro reserva ser\u00e1 no dia 16 de agosto. Est\u00e3o abertas as inscri\u00e7\u00f5es para o processo seletivo para forma\u00e7\u00e3o de cadastro reserva de estagi\u00e1rio para [&hellip;]<\/p>\n","protected":false},"author":7,"featured_media":2060,"comment_status":"closed","ping_status":"closed","sticky":false,"template":"","format":"standard","meta":{"iawp_total_views":0,"footnotes":""},"categories":[10],"tags":[],"class_list":["post-2059","post","type-post","status-publish","format-standard","has-post-thumbnail","hentry","category-politica"],"yoast_head":"<!-- This site is optimized with the Yoast SEO plugin v27.3 - https:\/\/yoast.com\/product\/yoast-seo-wordpress\/ -->\n<title>C\u00e2mara de Cuiab\u00e1 disponibiliza 20 vagas de est\u00e1gio &#8902; Blog da Condessa<\/title>\n<meta name=\"robots\" content=\"index, follow, max-snippet:-1, max-image-preview:large, max-video-preview:-1\" \/>\n<link rel=\"canonical\" href=\"https:\/\/blogdacondessa.com.br\/blog\/politica\/camara-de-cuiaba-disponibiliza-20-vagas-de-estagio\/\" \/>\n<meta property=\"og:locale\" content=\"pt_BR\" \/>\n<meta property=\"og:type\" content=\"article\" \/>\n<meta property=\"og:title\" content=\"C\u00e2mara de Cuiab\u00e1 disponibiliza 20 vagas de est\u00e1gio &#8902; Blog da Condessa\" \/>\n<meta property=\"og:description\" content=\"Os interessados t\u00eam at\u00e9 sexta-feira (30) para enviar o formul\u00e1rio e documentos. Poder\u00e3o participar da sele\u00e7\u00e3o estudantes de qualquer curso de gradua\u00e7\u00e3o ou n\u00edvel m\u00e9dio profissionalizante.\u00a0\u00a0A publica\u00e7\u00e3o dos aprovados para o cadastro reserva ser\u00e1 no dia 16 de agosto. Est\u00e3o abertas as inscri\u00e7\u00f5es para o processo seletivo para forma\u00e7\u00e3o de cadastro reserva de estagi\u00e1rio para [&hellip;]\" \/>\n<meta property=\"og:url\" content=\"https:\/\/blogdacondessa.com.br\/blog\/politica\/camara-de-cuiaba-disponibiliza-20-vagas-de-estagio\/\" \/>\n<meta property=\"og:site_name\" content=\"Blog da Condessa\" \/>\n<meta property=\"article:published_time\" content=\"2021-07-28T12:59:56+00:00\" \/>\n<meta property=\"og:image\" content=\"https:\/\/blogdacondessa.com.br\/blog\/wp-content\/uploads\/2021\/07\/4097c75a2ae44c9ffa12ddb6154d2815_L.jpg\" \/>\n\t<meta property=\"og:image:width\" content=\"600\" \/>\n\t<meta property=\"og:image:height\" content=\"400\" \/>\n\t<meta property=\"og:image:type\" content=\"image\/jpeg\" \/>\n<meta name=\"author\" content=\"airton\" \/>\n<meta name=\"twitter:card\" content=\"summary_large_image\" \/>\n<meta name=\"twitter:label1\" content=\"Escrito por\" \/>\n\t<meta name=\"twitter:data1\" content=\"airton\" \/>\n\t<meta name=\"twitter:label2\" content=\"Est. tempo de leitura\" \/>\n\t<meta name=\"twitter:data2\" content=\"2 minutos\" \/>\n<script type=\"application\/ld+json\" class=\"yoast-schema-graph\">{\"@context\":\"https:\\\/\\\/schema.org\",\"@graph\":[{\"@type\":\"Article\",\"@id\":\"https:\\\/\\\/blogdacondessa.com.br\\\/blog\\\/politica\\\/camara-de-cuiaba-disponibiliza-20-vagas-de-estagio\\\/#article\",\"isPartOf\":{\"@id\":\"https:\\\/\\\/blogdacondessa.com.br\\\/blog\\\/politica\\\/camara-de-cuiaba-disponibiliza-20-vagas-de-estagio\\\/\"},\"author\":{\"name\":\"airton\",\"@id\":\"https:\\\/\\\/blogdacondessa.com.br\\\/blog\\\/#\\\/schema\\\/person\\\/292c4cb5acb8adfc928179eb6157de30\"},\"headline\":\"C\u00e2mara de Cuiab\u00e1 disponibiliza 20 vagas de est\u00e1gio\",\"datePublished\":\"2021-07-28T12:59:56+00:00\",\"mainEntityOfPage\":{\"@id\":\"https:\\\/\\\/blogdacondessa.com.br\\\/blog\\\/politica\\\/camara-de-cuiaba-disponibiliza-20-vagas-de-estagio\\\/\"},\"wordCount\":441,\"image\":{\"@id\":\"https:\\\/\\\/blogdacondessa.com.br\\\/blog\\\/politica\\\/camara-de-cuiaba-disponibiliza-20-vagas-de-estagio\\\/#primaryimage\"},\"thumbnailUrl\":\"https:\\\/\\\/blogdacondessa.com.br\\\/blog\\\/wp-content\\\/uploads\\\/2021\\\/07\\\/4097c75a2ae44c9ffa12ddb6154d2815_L.jpg\",\"articleSection\":[\"Pol\u00edtica\"],\"inLanguage\":\"pt-BR\"},{\"@type\":\"WebPage\",\"@id\":\"https:\\\/\\\/blogdacondessa.com.br\\\/blog\\\/politica\\\/camara-de-cuiaba-disponibiliza-20-vagas-de-estagio\\\/\",\"url\":\"https:\\\/\\\/blogdacondessa.com.br\\\/blog\\\/politica\\\/camara-de-cuiaba-disponibiliza-20-vagas-de-estagio\\\/\",\"name\":\"C\u00e2mara de Cuiab\u00e1 disponibiliza 20 vagas de est\u00e1gio &#8902; Blog da Condessa\",\"isPartOf\":{\"@id\":\"https:\\\/\\\/blogdacondessa.com.br\\\/blog\\\/#website\"},\"primaryImageOfPage\":{\"@id\":\"https:\\\/\\\/blogdacondessa.com.br\\\/blog\\\/politica\\\/camara-de-cuiaba-disponibiliza-20-vagas-de-estagio\\\/#primaryimage\"},\"image\":{\"@id\":\"https:\\\/\\\/blogdacondessa.com.br\\\/blog\\\/politica\\\/camara-de-cuiaba-disponibiliza-20-vagas-de-estagio\\\/#primaryimage\"},\"thumbnailUrl\":\"https:\\\/\\\/blogdacondessa.com.br\\\/blog\\\/wp-content\\\/uploads\\\/2021\\\/07\\\/4097c75a2ae44c9ffa12ddb6154d2815_L.jpg\",\"datePublished\":\"2021-07-28T12:59:56+00:00\",\"author\":{\"@id\":\"https:\\\/\\\/blogdacondessa.com.br\\\/blog\\\/#\\\/schema\\\/person\\\/292c4cb5acb8adfc928179eb6157de30\"},\"breadcrumb\":{\"@id\":\"https:\\\/\\\/blogdacondessa.com.br\\\/blog\\\/politica\\\/camara-de-cuiaba-disponibiliza-20-vagas-de-estagio\\\/#breadcrumb\"},\"inLanguage\":\"pt-BR\",\"potentialAction\":[{\"@type\":\"ReadAction\",\"target\":[\"https:\\\/\\\/blogdacondessa.com.br\\\/blog\\\/politica\\\/camara-de-cuiaba-disponibiliza-20-vagas-de-estagio\\\/\"]}]},{\"@type\":\"ImageObject\",\"inLanguage\":\"pt-BR\",\"@id\":\"https:\\\/\\\/blogdacondessa.com.br\\\/blog\\\/politica\\\/camara-de-cuiaba-disponibiliza-20-vagas-de-estagio\\\/#primaryimage\",\"url\":\"https:\\\/\\\/blogdacondessa.com.br\\\/blog\\\/wp-content\\\/uploads\\\/2021\\\/07\\\/4097c75a2ae44c9ffa12ddb6154d2815_L.jpg\",\"contentUrl\":\"https:\\\/\\\/blogdacondessa.com.br\\\/blog\\\/wp-content\\\/uploads\\\/2021\\\/07\\\/4097c75a2ae44c9ffa12ddb6154d2815_L.jpg\",\"width\":600,\"height\":400},{\"@type\":\"BreadcrumbList\",\"@id\":\"https:\\\/\\\/blogdacondessa.com.br\\\/blog\\\/politica\\\/camara-de-cuiaba-disponibiliza-20-vagas-de-estagio\\\/#breadcrumb\",\"itemListElement\":[{\"@type\":\"ListItem\",\"position\":1,\"name\":\"In\u00edcio\",\"item\":\"https:\\\/\\\/blogdacondessa.com.br\\\/blog\\\/\"},{\"@type\":\"ListItem\",\"position\":2,\"name\":\"C\u00e2mara de Cuiab\u00e1 disponibiliza 20 vagas de est\u00e1gio\"}]},{\"@type\":\"WebSite\",\"@id\":\"https:\\\/\\\/blogdacondessa.com.br\\\/blog\\\/#website\",\"url\":\"https:\\\/\\\/blogdacondessa.com.br\\\/blog\\\/\",\"name\":\"Blog da Condessa\",\"description\":\"Com Shirley de Souza O\u2019Campos\",\"potentialAction\":[{\"@type\":\"SearchAction\",\"target\":{\"@type\":\"EntryPoint\",\"urlTemplate\":\"https:\\\/\\\/blogdacondessa.com.br\\\/blog\\\/?s={search_term_string}\"},\"query-input\":{\"@type\":\"PropertyValueSpecification\",\"valueRequired\":true,\"valueName\":\"search_term_string\"}}],\"inLanguage\":\"pt-BR\"},{\"@type\":\"Person\",\"@id\":\"https:\\\/\\\/blogdacondessa.com.br\\\/blog\\\/#\\\/schema\\\/person\\\/292c4cb5acb8adfc928179eb6157de30\",\"name\":\"airton\",\"image\":{\"@type\":\"ImageObject\",\"inLanguage\":\"pt-BR\",\"@id\":\"https:\\\/\\\/secure.gravatar.com\\\/avatar\\\/fff439d242b57aadc9897c7a757d12f6a9c2c282667e036a6f7b3ab0e701799c?s=96&d=mm&r=g\",\"url\":\"https:\\\/\\\/secure.gravatar.com\\\/avatar\\\/fff439d242b57aadc9897c7a757d12f6a9c2c282667e036a6f7b3ab0e701799c?s=96&d=mm&r=g\",\"contentUrl\":\"https:\\\/\\\/secure.gravatar.com\\\/avatar\\\/fff439d242b57aadc9897c7a757d12f6a9c2c282667e036a6f7b3ab0e701799c?s=96&d=mm&r=g\",\"caption\":\"airton\"},\"url\":\"https:\\\/\\\/blogdacondessa.com.br\\\/blog\\\/author\\\/airton\\\/\"}]}<\/script>\n<!-- \/ Yoast SEO plugin. -->","yoast_head_json":{"title":"C\u00e2mara de Cuiab\u00e1 disponibiliza 20 vagas de est\u00e1gio &#8902; Blog da Condessa","robots":{"index":"index","follow":"follow","max-snippet":"max-snippet:-1","max-image-preview":"max-image-preview:large","max-video-preview":"max-video-preview:-1"},"canonical":"https:\/\/blogdacondessa.com.br\/blog\/politica\/camara-de-cuiaba-disponibiliza-20-vagas-de-estagio\/","og_locale":"pt_BR","og_type":"article","og_title":"C\u00e2mara de Cuiab\u00e1 disponibiliza 20 vagas de est\u00e1gio &#8902; Blog da Condessa","og_description":"Os interessados t\u00eam at\u00e9 sexta-feira (30) para enviar o formul\u00e1rio e documentos. Poder\u00e3o participar da sele\u00e7\u00e3o estudantes de qualquer curso de gradua\u00e7\u00e3o ou n\u00edvel m\u00e9dio profissionalizante.\u00a0\u00a0A publica\u00e7\u00e3o dos aprovados para o cadastro reserva ser\u00e1 no dia 16 de agosto. Est\u00e3o abertas as inscri\u00e7\u00f5es para o processo seletivo para forma\u00e7\u00e3o de cadastro reserva de estagi\u00e1rio para [&hellip;]","og_url":"https:\/\/blogdacondessa.com.br\/blog\/politica\/camara-de-cuiaba-disponibiliza-20-vagas-de-estagio\/","og_site_name":"Blog da Condessa","article_published_time":"2021-07-28T12:59:56+00:00","og_image":[{"width":600,"height":400,"url":"https:\/\/blogdacondessa.com.br\/blog\/wp-content\/uploads\/2021\/07\/4097c75a2ae44c9ffa12ddb6154d2815_L.jpg","type":"image\/jpeg"}],"author":"airton","twitter_card":"summary_large_image","twitter_misc":{"Escrito por":"airton","Est. tempo de leitura":"2 minutos"},"schema":{"@context":"https:\/\/schema.org","@graph":[{"@type":"Article","@id":"https:\/\/blogdacondessa.com.br\/blog\/politica\/camara-de-cuiaba-disponibiliza-20-vagas-de-estagio\/#article","isPartOf":{"@id":"https:\/\/blogdacondessa.com.br\/blog\/politica\/camara-de-cuiaba-disponibiliza-20-vagas-de-estagio\/"},"author":{"name":"airton","@id":"https:\/\/blogdacondessa.com.br\/blog\/#\/schema\/person\/292c4cb5acb8adfc928179eb6157de30"},"headline":"C\u00e2mara de Cuiab\u00e1 disponibiliza 20 vagas de est\u00e1gio","datePublished":"2021-07-28T12:59:56+00:00","mainEntityOfPage":{"@id":"https:\/\/blogdacondessa.com.br\/blog\/politica\/camara-de-cuiaba-disponibiliza-20-vagas-de-estagio\/"},"wordCount":441,"image":{"@id":"https:\/\/blogdacondessa.com.br\/blog\/politica\/camara-de-cuiaba-disponibiliza-20-vagas-de-estagio\/#primaryimage"},"thumbnailUrl":"https:\/\/blogdacondessa.com.br\/blog\/wp-content\/uploads\/2021\/07\/4097c75a2ae44c9ffa12ddb6154d2815_L.jpg","articleSection":["Pol\u00edtica"],"inLanguage":"pt-BR"},{"@type":"WebPage","@id":"https:\/\/blogdacondessa.com.br\/blog\/politica\/camara-de-cuiaba-disponibiliza-20-vagas-de-estagio\/","url":"https:\/\/blogdacondessa.com.br\/blog\/politica\/camara-de-cuiaba-disponibiliza-20-vagas-de-estagio\/","name":"C\u00e2mara de Cuiab\u00e1 disponibiliza 20 vagas de est\u00e1gio &#8902; Blog da Condessa","isPartOf":{"@id":"https:\/\/blogdacondessa.com.br\/blog\/#website"},"primaryImageOfPage":{"@id":"https:\/\/blogdacondessa.com.br\/blog\/politica\/camara-de-cuiaba-disponibiliza-20-vagas-de-estagio\/#primaryimage"},"image":{"@id":"https:\/\/blogdacondessa.com.br\/blog\/politica\/camara-de-cuiaba-disponibiliza-20-vagas-de-estagio\/#primaryimage"},"thumbnailUrl":"https:\/\/blogdacondessa.com.br\/blog\/wp-content\/uploads\/2021\/07\/4097c75a2ae44c9ffa12ddb6154d2815_L.jpg","datePublished":"2021-07-28T12:59:56+00:00","author":{"@id":"https:\/\/blogdacondessa.com.br\/blog\/#\/schema\/person\/292c4cb5acb8adfc928179eb6157de30"},"breadcrumb":{"@id":"https:\/\/blogdacondessa.com.br\/blog\/politica\/camara-de-cuiaba-disponibiliza-20-vagas-de-estagio\/#breadcrumb"},"inLanguage":"pt-BR","potentialAction":[{"@type":"ReadAction","target":["https:\/\/blogdacondessa.com.br\/blog\/politica\/camara-de-cuiaba-disponibiliza-20-vagas-de-estagio\/"]}]},{"@type":"ImageObject","inLanguage":"pt-BR","@id":"https:\/\/blogdacondessa.com.br\/blog\/politica\/camara-de-cuiaba-disponibiliza-20-vagas-de-estagio\/#primaryimage","url":"https:\/\/blogdacondessa.com.br\/blog\/wp-content\/uploads\/2021\/07\/4097c75a2ae44c9ffa12ddb6154d2815_L.jpg","contentUrl":"https:\/\/blogdacondessa.com.br\/blog\/wp-content\/uploads\/2021\/07\/4097c75a2ae44c9ffa12ddb6154d2815_L.jpg","width":600,"height":400},{"@type":"BreadcrumbList","@id":"https:\/\/blogdacondessa.com.br\/blog\/politica\/camara-de-cuiaba-disponibiliza-20-vagas-de-estagio\/#breadcrumb","itemListElement":[{"@type":"ListItem","position":1,"name":"In\u00edcio","item":"https:\/\/blogdacondessa.com.br\/blog\/"},{"@type":"ListItem","position":2,"name":"C\u00e2mara de Cuiab\u00e1 disponibiliza 20 vagas de est\u00e1gio"}]},{"@type":"WebSite","@id":"https:\/\/blogdacondessa.com.br\/blog\/#website","url":"https:\/\/blogdacondessa.com.br\/blog\/","name":"Blog da Condessa","description":"Com Shirley de Souza O\u2019Campos","potentialAction":[{"@type":"SearchAction","target":{"@type":"EntryPoint","urlTemplate":"https:\/\/blogdacondessa.com.br\/blog\/?s={search_term_string}"},"query-input":{"@type":"PropertyValueSpecification","valueRequired":true,"valueName":"search_term_string"}}],"inLanguage":"pt-BR"},{"@type":"Person","@id":"https:\/\/blogdacondessa.com.br\/blog\/#\/schema\/person\/292c4cb5acb8adfc928179eb6157de30","name":"airton","image":{"@type":"ImageObject","inLanguage":"pt-BR","@id":"https:\/\/secure.gravatar.com\/avatar\/fff439d242b57aadc9897c7a757d12f6a9c2c282667e036a6f7b3ab0e701799c?s=96&d=mm&r=g","url":"https:\/\/secure.gravatar.com\/avatar\/fff439d242b57aadc9897c7a757d12f6a9c2c282667e036a6f7b3ab0e701799c?s=96&d=mm&r=g","contentUrl":"https:\/\/secure.gravatar.com\/avatar\/fff439d242b57aadc9897c7a757d12f6a9c2c282667e036a6f7b3ab0e701799c?s=96&d=mm&r=g","caption":"airton"},"url":"https:\/\/blogdacondessa.com.br\/blog\/author\/airton\/"}]}},"_links":{"self":[{"href":"https:\/\/blogdacondessa.com.br\/blog\/wp-json\/wp\/v2\/posts\/2059","targetHints":{"allow":["GET"]}}],"collection":[{"href":"https:\/\/blogdacondessa.com.br\/blog\/wp-json\/wp\/v2\/posts"}],"about":[{"href":"https:\/\/blogdacondessa.com.br\/blog\/wp-json\/wp\/v2\/types\/post"}],"author":[{"embeddable":true,"href":"https:\/\/blogdacondessa.com.br\/blog\/wp-json\/wp\/v2\/users\/7"}],"replies":[{"embeddable":true,"href":"https:\/\/blogdacondessa.com.br\/blog\/wp-json\/wp\/v2\/comments?post=2059"}],"version-history":[{"count":0,"href":"https:\/\/blogdacondessa.com.br\/blog\/wp-json\/wp\/v2\/posts\/2059\/revisions"}],"wp:featuredmedia":[{"embeddable":true,"href":"https:\/\/blogdacondessa.com.br\/blog\/wp-json\/wp\/v2\/media\/2060"}],"wp:attachment":[{"href":"https:\/\/blogdacondessa.com.br\/blog\/wp-json\/wp\/v2\/media?parent=2059"}],"wp:term":[{"taxonomy":"category","embeddable":true,"href":"https:\/\/blogdacondessa.com.br\/blog\/wp-json\/wp\/v2\/categories?post=2059"},{"taxonomy":"post_tag","embeddable":true,"href":"https:\/\/blogdacondessa.com.br\/blog\/wp-json\/wp\/v2\/tags?post=2059"}],"curies":[{"name":"wp","href":"https:\/\/api.w.org\/{rel}","templated":true}]}}