{"id":2056,"date":"2021-07-28T12:58:16","date_gmt":"2021-07-28T12:58:16","guid":{"rendered":"https:\/\/novo.blogdacondessa.com.br\/?p=2056"},"modified":"2021-07-28T12:58:16","modified_gmt":"2021-07-28T12:58:16","slug":"premio-brasil-amigo-da-crianca","status":"publish","type":"post","link":"https:\/\/blogdacondessa.com.br\/blog\/cidades-2\/premio-brasil-amigo-da-crianca\/","title":{"rendered":"Pr\u00eamio Brasil Amigo da Crian\u00e7a"},"content":{"rendered":"<p>O Minist\u00e9rio da Mulher, da Fam\u00edlia e dos Direitos Humanos publicou, no\u00a0<a href=\"https:\/\/www.in.gov.br\/web\/dou\/-\/portaria-n-2.618-de-26-de-julho-de-2021-334548251\">Di\u00e1rio Oficial da Uni\u00e3o<\/a>\u00a0do \u00faltimo dia 27, portaria que institui o Pr\u00eamio Brasil Amigo da Crian\u00e7a, visando \u201cselecionar, premiar e disseminar as melhores pr\u00e1ticas de organiza\u00e7\u00f5es da sociedade civil e pessoas f\u00edsicas, na promo\u00e7\u00e3o e fortalecimento dos direitos de crian\u00e7as e adolescentes\u201d, bem como no apoio \u00e0 implementa\u00e7\u00e3o de pol\u00edticas p\u00fablicas em Direitos Humanos, nas esferas municipal, estadual e federal.<\/p>\n<p>A iniciativa pretende identificar, selecionar e premiar \u201cboas pr\u00e1ticas relacionadas \u00e0 aten\u00e7\u00e3o \u00e0 inf\u00e2ncia e \u00e0 adolesc\u00eancia\u201d, que possibilitem sua replica\u00e7\u00e3o em outras unidades da federa\u00e7\u00e3o, de forma a favorecer o cumprimento do Estatuto da Crian\u00e7a e do Adolescente.<\/p>\n<p>Entre os objetivos elencados na portaria est\u00e1 o de reconhecer e dar visibilidade a essas boas pr\u00e1ticas que impactem positivamente na qualidade de vida de crian\u00e7as e adolescentes brasileiros, de forma a apoiar, dinamizar e fomentar a promo\u00e7\u00e3o de direitos na aten\u00e7\u00e3o \u00e0 inf\u00e2ncia e \u00e0 adolesc\u00eancia.<\/p>\n<p>A medida pretende tamb\u00e9m promover a dissemina\u00e7\u00e3o do conhecimento relacionado \u00e0s boas pr\u00e1ticas em Direitos Humanos voltadas \u00e0 aten\u00e7\u00e3o integral e \u00e0 promo\u00e7\u00e3o do desenvolvimento na inf\u00e2ncia e adolesc\u00eancia; e proporcionar a troca de experi\u00eancias e informa\u00e7\u00f5es entre poder p\u00fablico e sociedade civil.<\/p>\n<p>A coordena\u00e7\u00e3o do pr\u00eamio ficar\u00e1 a cargo da Secretaria Nacional dos Direitos da Crian\u00e7a e do Adolescente. De acordo com a portaria, a sele\u00e7\u00e3o das melhores pr\u00e1ticas ser\u00e1 feita nos moldes das regras que ser\u00e3o apresentadas, via imprensa oficial, em edital espec\u00edfico. (Fonte: Ag\u00eancia Brasil)<\/p>\n","protected":false},"excerpt":{"rendered":"<p>O Minist\u00e9rio da Mulher, da Fam\u00edlia e dos Direitos Humanos publicou, no\u00a0Di\u00e1rio Oficial da Uni\u00e3o\u00a0do \u00faltimo dia 27, portaria que institui o Pr\u00eamio Brasil Amigo da Crian\u00e7a, visando \u201cselecionar, premiar e disseminar as melhores pr\u00e1ticas de organiza\u00e7\u00f5es da sociedade civil e pessoas f\u00edsicas, na promo\u00e7\u00e3o e fortalecimento dos direitos de crian\u00e7as e adolescentes\u201d, bem como [&hellip;]<\/p>\n","protected":false},"author":7,"featured_media":2057,"comment_status":"closed","ping_status":"closed","sticky":false,"template":"","format":"standard","meta":{"iawp_total_views":0,"footnotes":""},"categories":[15],"tags":[],"class_list":["post-2056","post","type-post","status-publish","format-standard","has-post-thumbnail","hentry","category-cidades-2"],"yoast_head":"<!-- This site is optimized with the Yoast SEO plugin v27.3 - https:\/\/yoast.com\/product\/yoast-seo-wordpress\/ -->\n<title>Pr\u00eamio Brasil Amigo da Crian\u00e7a &#8902; Blog da Condessa<\/title>\n<meta name=\"robots\" content=\"index, follow, max-snippet:-1, max-image-preview:large, max-video-preview:-1\" \/>\n<link rel=\"canonical\" href=\"https:\/\/blogdacondessa.com.br\/blog\/cidades-2\/premio-brasil-amigo-da-crianca\/\" \/>\n<meta property=\"og:locale\" content=\"pt_BR\" \/>\n<meta property=\"og:type\" content=\"article\" \/>\n<meta property=\"og:title\" content=\"Pr\u00eamio Brasil Amigo da Crian\u00e7a &#8902; Blog da Condessa\" \/>\n<meta property=\"og:description\" content=\"O Minist\u00e9rio da Mulher, da Fam\u00edlia e dos Direitos Humanos publicou, no\u00a0Di\u00e1rio Oficial da Uni\u00e3o\u00a0do \u00faltimo dia 27, portaria que institui o Pr\u00eamio Brasil Amigo da Crian\u00e7a, visando \u201cselecionar, premiar e disseminar as melhores pr\u00e1ticas de organiza\u00e7\u00f5es da sociedade civil e pessoas f\u00edsicas, na promo\u00e7\u00e3o e fortalecimento dos direitos de crian\u00e7as e adolescentes\u201d, bem como [&hellip;]\" \/>\n<meta property=\"og:url\" content=\"https:\/\/blogdacondessa.com.br\/blog\/cidades-2\/premio-brasil-amigo-da-crianca\/\" \/>\n<meta property=\"og:site_name\" content=\"Blog da Condessa\" \/>\n<meta property=\"article:published_time\" content=\"2021-07-28T12:58:16+00:00\" \/>\n<meta property=\"og:image\" content=\"https:\/\/blogdacondessa.com.br\/blog\/wp-content\/uploads\/2021\/07\/0af604035b5121092813cda8ad865055_L.jpg\" \/>\n\t<meta property=\"og:image:width\" content=\"600\" \/>\n\t<meta property=\"og:image:height\" content=\"359\" \/>\n\t<meta property=\"og:image:type\" content=\"image\/jpeg\" \/>\n<meta name=\"author\" content=\"airton\" \/>\n<meta name=\"twitter:card\" content=\"summary_large_image\" \/>\n<meta name=\"twitter:label1\" content=\"Escrito por\" \/>\n\t<meta name=\"twitter:data1\" content=\"airton\" \/>\n\t<meta name=\"twitter:label2\" content=\"Est. tempo de leitura\" \/>\n\t<meta name=\"twitter:data2\" content=\"1 minuto\" \/>\n<script type=\"application\/ld+json\" class=\"yoast-schema-graph\">{\"@context\":\"https:\\\/\\\/schema.org\",\"@graph\":[{\"@type\":\"Article\",\"@id\":\"https:\\\/\\\/blogdacondessa.com.br\\\/blog\\\/cidades-2\\\/premio-brasil-amigo-da-crianca\\\/#article\",\"isPartOf\":{\"@id\":\"https:\\\/\\\/blogdacondessa.com.br\\\/blog\\\/cidades-2\\\/premio-brasil-amigo-da-crianca\\\/\"},\"author\":{\"name\":\"airton\",\"@id\":\"https:\\\/\\\/blogdacondessa.com.br\\\/blog\\\/#\\\/schema\\\/person\\\/292c4cb5acb8adfc928179eb6157de30\"},\"headline\":\"Pr\u00eamio Brasil Amigo da Crian\u00e7a\",\"datePublished\":\"2021-07-28T12:58:16+00:00\",\"mainEntityOfPage\":{\"@id\":\"https:\\\/\\\/blogdacondessa.com.br\\\/blog\\\/cidades-2\\\/premio-brasil-amigo-da-crianca\\\/\"},\"wordCount\":290,\"image\":{\"@id\":\"https:\\\/\\\/blogdacondessa.com.br\\\/blog\\\/cidades-2\\\/premio-brasil-amigo-da-crianca\\\/#primaryimage\"},\"thumbnailUrl\":\"https:\\\/\\\/blogdacondessa.com.br\\\/blog\\\/wp-content\\\/uploads\\\/2021\\\/07\\\/0af604035b5121092813cda8ad865055_L.jpg\",\"articleSection\":[\"Nacional\"],\"inLanguage\":\"pt-BR\"},{\"@type\":\"WebPage\",\"@id\":\"https:\\\/\\\/blogdacondessa.com.br\\\/blog\\\/cidades-2\\\/premio-brasil-amigo-da-crianca\\\/\",\"url\":\"https:\\\/\\\/blogdacondessa.com.br\\\/blog\\\/cidades-2\\\/premio-brasil-amigo-da-crianca\\\/\",\"name\":\"Pr\u00eamio Brasil Amigo da Crian\u00e7a &#8902; Blog da Condessa\",\"isPartOf\":{\"@id\":\"https:\\\/\\\/blogdacondessa.com.br\\\/blog\\\/#website\"},\"primaryImageOfPage\":{\"@id\":\"https:\\\/\\\/blogdacondessa.com.br\\\/blog\\\/cidades-2\\\/premio-brasil-amigo-da-crianca\\\/#primaryimage\"},\"image\":{\"@id\":\"https:\\\/\\\/blogdacondessa.com.br\\\/blog\\\/cidades-2\\\/premio-brasil-amigo-da-crianca\\\/#primaryimage\"},\"thumbnailUrl\":\"https:\\\/\\\/blogdacondessa.com.br\\\/blog\\\/wp-content\\\/uploads\\\/2021\\\/07\\\/0af604035b5121092813cda8ad865055_L.jpg\",\"datePublished\":\"2021-07-28T12:58:16+00:00\",\"author\":{\"@id\":\"https:\\\/\\\/blogdacondessa.com.br\\\/blog\\\/#\\\/schema\\\/person\\\/292c4cb5acb8adfc928179eb6157de30\"},\"breadcrumb\":{\"@id\":\"https:\\\/\\\/blogdacondessa.com.br\\\/blog\\\/cidades-2\\\/premio-brasil-amigo-da-crianca\\\/#breadcrumb\"},\"inLanguage\":\"pt-BR\",\"potentialAction\":[{\"@type\":\"ReadAction\",\"target\":[\"https:\\\/\\\/blogdacondessa.com.br\\\/blog\\\/cidades-2\\\/premio-brasil-amigo-da-crianca\\\/\"]}]},{\"@type\":\"ImageObject\",\"inLanguage\":\"pt-BR\",\"@id\":\"https:\\\/\\\/blogdacondessa.com.br\\\/blog\\\/cidades-2\\\/premio-brasil-amigo-da-crianca\\\/#primaryimage\",\"url\":\"https:\\\/\\\/blogdacondessa.com.br\\\/blog\\\/wp-content\\\/uploads\\\/2021\\\/07\\\/0af604035b5121092813cda8ad865055_L.jpg\",\"contentUrl\":\"https:\\\/\\\/blogdacondessa.com.br\\\/blog\\\/wp-content\\\/uploads\\\/2021\\\/07\\\/0af604035b5121092813cda8ad865055_L.jpg\",\"width\":600,\"height\":359},{\"@type\":\"BreadcrumbList\",\"@id\":\"https:\\\/\\\/blogdacondessa.com.br\\\/blog\\\/cidades-2\\\/premio-brasil-amigo-da-crianca\\\/#breadcrumb\",\"itemListElement\":[{\"@type\":\"ListItem\",\"position\":1,\"name\":\"In\u00edcio\",\"item\":\"https:\\\/\\\/blogdacondessa.com.br\\\/blog\\\/\"},{\"@type\":\"ListItem\",\"position\":2,\"name\":\"Pr\u00eamio Brasil Amigo da Crian\u00e7a\"}]},{\"@type\":\"WebSite\",\"@id\":\"https:\\\/\\\/blogdacondessa.com.br\\\/blog\\\/#website\",\"url\":\"https:\\\/\\\/blogdacondessa.com.br\\\/blog\\\/\",\"name\":\"Blog da Condessa\",\"description\":\"Com Shirley de Souza O\u2019Campos\",\"potentialAction\":[{\"@type\":\"SearchAction\",\"target\":{\"@type\":\"EntryPoint\",\"urlTemplate\":\"https:\\\/\\\/blogdacondessa.com.br\\\/blog\\\/?s={search_term_string}\"},\"query-input\":{\"@type\":\"PropertyValueSpecification\",\"valueRequired\":true,\"valueName\":\"search_term_string\"}}],\"inLanguage\":\"pt-BR\"},{\"@type\":\"Person\",\"@id\":\"https:\\\/\\\/blogdacondessa.com.br\\\/blog\\\/#\\\/schema\\\/person\\\/292c4cb5acb8adfc928179eb6157de30\",\"name\":\"airton\",\"image\":{\"@type\":\"ImageObject\",\"inLanguage\":\"pt-BR\",\"@id\":\"https:\\\/\\\/secure.gravatar.com\\\/avatar\\\/fff439d242b57aadc9897c7a757d12f6a9c2c282667e036a6f7b3ab0e701799c?s=96&d=mm&r=g\",\"url\":\"https:\\\/\\\/secure.gravatar.com\\\/avatar\\\/fff439d242b57aadc9897c7a757d12f6a9c2c282667e036a6f7b3ab0e701799c?s=96&d=mm&r=g\",\"contentUrl\":\"https:\\\/\\\/secure.gravatar.com\\\/avatar\\\/fff439d242b57aadc9897c7a757d12f6a9c2c282667e036a6f7b3ab0e701799c?s=96&d=mm&r=g\",\"caption\":\"airton\"},\"url\":\"https:\\\/\\\/blogdacondessa.com.br\\\/blog\\\/author\\\/airton\\\/\"}]}<\/script>\n<!-- \/ Yoast SEO plugin. -->","yoast_head_json":{"title":"Pr\u00eamio Brasil Amigo da Crian\u00e7a &#8902; Blog da Condessa","robots":{"index":"index","follow":"follow","max-snippet":"max-snippet:-1","max-image-preview":"max-image-preview:large","max-video-preview":"max-video-preview:-1"},"canonical":"https:\/\/blogdacondessa.com.br\/blog\/cidades-2\/premio-brasil-amigo-da-crianca\/","og_locale":"pt_BR","og_type":"article","og_title":"Pr\u00eamio Brasil Amigo da Crian\u00e7a &#8902; Blog da Condessa","og_description":"O Minist\u00e9rio da Mulher, da Fam\u00edlia e dos Direitos Humanos publicou, no\u00a0Di\u00e1rio Oficial da Uni\u00e3o\u00a0do \u00faltimo dia 27, portaria que institui o Pr\u00eamio Brasil Amigo da Crian\u00e7a, visando \u201cselecionar, premiar e disseminar as melhores pr\u00e1ticas de organiza\u00e7\u00f5es da sociedade civil e pessoas f\u00edsicas, na promo\u00e7\u00e3o e fortalecimento dos direitos de crian\u00e7as e adolescentes\u201d, bem como [&hellip;]","og_url":"https:\/\/blogdacondessa.com.br\/blog\/cidades-2\/premio-brasil-amigo-da-crianca\/","og_site_name":"Blog da Condessa","article_published_time":"2021-07-28T12:58:16+00:00","og_image":[{"width":600,"height":359,"url":"https:\/\/blogdacondessa.com.br\/blog\/wp-content\/uploads\/2021\/07\/0af604035b5121092813cda8ad865055_L.jpg","type":"image\/jpeg"}],"author":"airton","twitter_card":"summary_large_image","twitter_misc":{"Escrito por":"airton","Est. tempo de leitura":"1 minuto"},"schema":{"@context":"https:\/\/schema.org","@graph":[{"@type":"Article","@id":"https:\/\/blogdacondessa.com.br\/blog\/cidades-2\/premio-brasil-amigo-da-crianca\/#article","isPartOf":{"@id":"https:\/\/blogdacondessa.com.br\/blog\/cidades-2\/premio-brasil-amigo-da-crianca\/"},"author":{"name":"airton","@id":"https:\/\/blogdacondessa.com.br\/blog\/#\/schema\/person\/292c4cb5acb8adfc928179eb6157de30"},"headline":"Pr\u00eamio Brasil Amigo da Crian\u00e7a","datePublished":"2021-07-28T12:58:16+00:00","mainEntityOfPage":{"@id":"https:\/\/blogdacondessa.com.br\/blog\/cidades-2\/premio-brasil-amigo-da-crianca\/"},"wordCount":290,"image":{"@id":"https:\/\/blogdacondessa.com.br\/blog\/cidades-2\/premio-brasil-amigo-da-crianca\/#primaryimage"},"thumbnailUrl":"https:\/\/blogdacondessa.com.br\/blog\/wp-content\/uploads\/2021\/07\/0af604035b5121092813cda8ad865055_L.jpg","articleSection":["Nacional"],"inLanguage":"pt-BR"},{"@type":"WebPage","@id":"https:\/\/blogdacondessa.com.br\/blog\/cidades-2\/premio-brasil-amigo-da-crianca\/","url":"https:\/\/blogdacondessa.com.br\/blog\/cidades-2\/premio-brasil-amigo-da-crianca\/","name":"Pr\u00eamio Brasil Amigo da Crian\u00e7a &#8902; Blog da Condessa","isPartOf":{"@id":"https:\/\/blogdacondessa.com.br\/blog\/#website"},"primaryImageOfPage":{"@id":"https:\/\/blogdacondessa.com.br\/blog\/cidades-2\/premio-brasil-amigo-da-crianca\/#primaryimage"},"image":{"@id":"https:\/\/blogdacondessa.com.br\/blog\/cidades-2\/premio-brasil-amigo-da-crianca\/#primaryimage"},"thumbnailUrl":"https:\/\/blogdacondessa.com.br\/blog\/wp-content\/uploads\/2021\/07\/0af604035b5121092813cda8ad865055_L.jpg","datePublished":"2021-07-28T12:58:16+00:00","author":{"@id":"https:\/\/blogdacondessa.com.br\/blog\/#\/schema\/person\/292c4cb5acb8adfc928179eb6157de30"},"breadcrumb":{"@id":"https:\/\/blogdacondessa.com.br\/blog\/cidades-2\/premio-brasil-amigo-da-crianca\/#breadcrumb"},"inLanguage":"pt-BR","potentialAction":[{"@type":"ReadAction","target":["https:\/\/blogdacondessa.com.br\/blog\/cidades-2\/premio-brasil-amigo-da-crianca\/"]}]},{"@type":"ImageObject","inLanguage":"pt-BR","@id":"https:\/\/blogdacondessa.com.br\/blog\/cidades-2\/premio-brasil-amigo-da-crianca\/#primaryimage","url":"https:\/\/blogdacondessa.com.br\/blog\/wp-content\/uploads\/2021\/07\/0af604035b5121092813cda8ad865055_L.jpg","contentUrl":"https:\/\/blogdacondessa.com.br\/blog\/wp-content\/uploads\/2021\/07\/0af604035b5121092813cda8ad865055_L.jpg","width":600,"height":359},{"@type":"BreadcrumbList","@id":"https:\/\/blogdacondessa.com.br\/blog\/cidades-2\/premio-brasil-amigo-da-crianca\/#breadcrumb","itemListElement":[{"@type":"ListItem","position":1,"name":"In\u00edcio","item":"https:\/\/blogdacondessa.com.br\/blog\/"},{"@type":"ListItem","position":2,"name":"Pr\u00eamio Brasil Amigo da Crian\u00e7a"}]},{"@type":"WebSite","@id":"https:\/\/blogdacondessa.com.br\/blog\/#website","url":"https:\/\/blogdacondessa.com.br\/blog\/","name":"Blog da Condessa","description":"Com Shirley de Souza O\u2019Campos","potentialAction":[{"@type":"SearchAction","target":{"@type":"EntryPoint","urlTemplate":"https:\/\/blogdacondessa.com.br\/blog\/?s={search_term_string}"},"query-input":{"@type":"PropertyValueSpecification","valueRequired":true,"valueName":"search_term_string"}}],"inLanguage":"pt-BR"},{"@type":"Person","@id":"https:\/\/blogdacondessa.com.br\/blog\/#\/schema\/person\/292c4cb5acb8adfc928179eb6157de30","name":"airton","image":{"@type":"ImageObject","inLanguage":"pt-BR","@id":"https:\/\/secure.gravatar.com\/avatar\/fff439d242b57aadc9897c7a757d12f6a9c2c282667e036a6f7b3ab0e701799c?s=96&d=mm&r=g","url":"https:\/\/secure.gravatar.com\/avatar\/fff439d242b57aadc9897c7a757d12f6a9c2c282667e036a6f7b3ab0e701799c?s=96&d=mm&r=g","contentUrl":"https:\/\/secure.gravatar.com\/avatar\/fff439d242b57aadc9897c7a757d12f6a9c2c282667e036a6f7b3ab0e701799c?s=96&d=mm&r=g","caption":"airton"},"url":"https:\/\/blogdacondessa.com.br\/blog\/author\/airton\/"}]}},"_links":{"self":[{"href":"https:\/\/blogdacondessa.com.br\/blog\/wp-json\/wp\/v2\/posts\/2056","targetHints":{"allow":["GET"]}}],"collection":[{"href":"https:\/\/blogdacondessa.com.br\/blog\/wp-json\/wp\/v2\/posts"}],"about":[{"href":"https:\/\/blogdacondessa.com.br\/blog\/wp-json\/wp\/v2\/types\/post"}],"author":[{"embeddable":true,"href":"https:\/\/blogdacondessa.com.br\/blog\/wp-json\/wp\/v2\/users\/7"}],"replies":[{"embeddable":true,"href":"https:\/\/blogdacondessa.com.br\/blog\/wp-json\/wp\/v2\/comments?post=2056"}],"version-history":[{"count":0,"href":"https:\/\/blogdacondessa.com.br\/blog\/wp-json\/wp\/v2\/posts\/2056\/revisions"}],"wp:featuredmedia":[{"embeddable":true,"href":"https:\/\/blogdacondessa.com.br\/blog\/wp-json\/wp\/v2\/media\/2057"}],"wp:attachment":[{"href":"https:\/\/blogdacondessa.com.br\/blog\/wp-json\/wp\/v2\/media?parent=2056"}],"wp:term":[{"taxonomy":"category","embeddable":true,"href":"https:\/\/blogdacondessa.com.br\/blog\/wp-json\/wp\/v2\/categories?post=2056"},{"taxonomy":"post_tag","embeddable":true,"href":"https:\/\/blogdacondessa.com.br\/blog\/wp-json\/wp\/v2\/tags?post=2056"}],"curies":[{"name":"wp","href":"https:\/\/api.w.org\/{rel}","templated":true}]}}