{"id":2036,"date":"2021-07-28T05:00:56","date_gmt":"2021-07-28T05:00:56","guid":{"rendered":"https:\/\/novo.blogdacondessa.com.br\/?p=2036"},"modified":"2021-07-27T14:01:08","modified_gmt":"2021-07-27T14:01:08","slug":"um-catalogo-com-diversos-temas-das-belezas-de-mato-grosso","status":"publish","type":"post","link":"https:\/\/blogdacondessa.com.br\/blog\/cultura\/um-catalogo-com-diversos-temas-das-belezas-de-mato-grosso\/","title":{"rendered":"Um cat\u00e1logo com diversos temas das belezas de Mato Grosso"},"content":{"rendered":"<p>Tendo como identidade de seus trabalhos a Florada dos Ip\u00eas, o fot\u00f3grafo Amaury Santos celebra o sucesso de sua galeria de arte hom\u00f4nima, localizada no Espa\u00e7o La Provence, em Cuiab\u00e1, onde exp\u00f5e suas fotografias com a cole\u00e7\u00e3o Nature, retratando uma parte da Chapada dos Guimar\u00e3es , Pantanal e a Lagoa Azul, em Primavera do Leste.<\/p>\n<p>De acordo com Amaury, o convite aconteceu porque seu primo Edson Canuto trabalha no espa\u00e7o e, em conversa com os propriet\u00e1rios, contou sobre seu trabalho fotogr\u00e1fico.\u00a0Em uma reuni\u00e3o de apresenta\u00e7\u00e3o, formar-se que al\u00e9m de fotografias de qualidade, os p\u00fablicos eram afins.\u00a0Uma vez que, at\u00e9 ent\u00e3o, no espa\u00e7o n\u00e3o se trabalhava com artistas, surgiu a oportunidade e a parceria foi firmada.<\/p>\n<p>As obras foram produzidas e a exposi\u00e7\u00e3o foi montada.\u00a0\u201cEstou muito feliz.\u00a0\u00c9 um caminho em constru\u00e7\u00e3o, pois as coisas est\u00e3o fluindo e tenho certeza de que tudo vai dar certo \u201d, explica ele.<\/p>\n<p>Entre as 15 obras expostas no local, est\u00e1 a premiada em primeiro lugar no Bras\u00edlia Photo Show, categoria agroneg\u00f3cio: Cavalos Pantaneiros, que retrata o dia a dia do homem pantaneiro, o pe\u00e3o, a lida com o cavalo, o Lago de Manso, a Lagoa Azul em Primavera do Leste, al\u00e9m dos Ip\u00eas.\u00a0Ele tamb\u00e9m disponibiliza um cat\u00e1logo com diversos temas das belezas do nosso Estado.\u00a0As obras ser\u00e3o produzidas de acordo com o tamanho e projeto do ambiente do cliente.<\/p>\n<p>A Galeria Amaury Santos, \u00e9 aberta ao p\u00fablico em geral.\u00a0Funciona em hor\u00e1rio comercial, de segunda a s\u00e1bado e as vendas das obras s\u00e3o realizadas pela La Provance Decor, loja de decora\u00e7\u00e3o que fica no local.<\/p>\n<p>\u201c\u00c9 bom saber que a minha galeria, est\u00e1 considerado mais p\u00fablico para o espa\u00e7o.\u00a0Isso \u00e9 um ponto muito positivo \u201d, revela Amaury.<\/p>\n<p>&nbsp;<\/p>\n<p>&nbsp;<\/p>\n<p><strong>Servi\u00e7o<\/strong><\/p>\n<p>O que: Galeria Amaury Santos<\/p>\n<p>Hor\u00e1rio: Segunda \u00e0 sexta &#8211; 08h30 \u00e0s 18h \/ S\u00e1bado &#8211; 08h30 \u00e0s 17h.<\/p>\n<p>Onde: Espa\u00e7o La Provence &#8211; Av.\u00a0Presidente Marques, 35 &#8211; Goiabeiras, Cuiab\u00e1 &#8211; MT<\/p>\n","protected":false},"excerpt":{"rendered":"<p>Tendo como identidade de seus trabalhos a Florada dos Ip\u00eas, o fot\u00f3grafo Amaury Santos celebra o sucesso de sua galeria de arte hom\u00f4nima, localizada no Espa\u00e7o La Provence, em Cuiab\u00e1, onde exp\u00f5e suas fotografias com a cole\u00e7\u00e3o Nature, retratando uma parte da Chapada dos Guimar\u00e3es , Pantanal e a Lagoa Azul, em Primavera do Leste. [&hellip;]<\/p>\n","protected":false},"author":2,"featured_media":2039,"comment_status":"closed","ping_status":"closed","sticky":false,"template":"","format":"standard","meta":{"iawp_total_views":0,"footnotes":""},"categories":[18],"tags":[],"class_list":["post-2036","post","type-post","status-publish","format-standard","has-post-thumbnail","hentry","category-cultura"],"yoast_head":"<!-- This site is optimized with the Yoast SEO plugin v27.3 - https:\/\/yoast.com\/product\/yoast-seo-wordpress\/ -->\n<title>Um cat\u00e1logo com diversos temas das belezas de Mato Grosso &#8902; Blog da Condessa<\/title>\n<meta name=\"robots\" content=\"index, follow, max-snippet:-1, max-image-preview:large, max-video-preview:-1\" \/>\n<link rel=\"canonical\" href=\"https:\/\/blogdacondessa.com.br\/blog\/cultura\/um-catalogo-com-diversos-temas-das-belezas-de-mato-grosso\/\" \/>\n<meta property=\"og:locale\" content=\"pt_BR\" \/>\n<meta property=\"og:type\" content=\"article\" \/>\n<meta property=\"og:title\" content=\"Um cat\u00e1logo com diversos temas das belezas de Mato Grosso &#8902; Blog da Condessa\" \/>\n<meta property=\"og:description\" content=\"Tendo como identidade de seus trabalhos a Florada dos Ip\u00eas, o fot\u00f3grafo Amaury Santos celebra o sucesso de sua galeria de arte hom\u00f4nima, localizada no Espa\u00e7o La Provence, em Cuiab\u00e1, onde exp\u00f5e suas fotografias com a cole\u00e7\u00e3o Nature, retratando uma parte da Chapada dos Guimar\u00e3es , Pantanal e a Lagoa Azul, em Primavera do Leste. [&hellip;]\" \/>\n<meta property=\"og:url\" content=\"https:\/\/blogdacondessa.com.br\/blog\/cultura\/um-catalogo-com-diversos-temas-das-belezas-de-mato-grosso\/\" \/>\n<meta property=\"og:site_name\" content=\"Blog da Condessa\" \/>\n<meta property=\"article:published_time\" content=\"2021-07-28T05:00:56+00:00\" \/>\n<meta property=\"og:image\" content=\"https:\/\/blogdacondessa.com.br\/blog\/wp-content\/uploads\/2021\/07\/cuktura-exposicao-fotografo.jpeg\" \/>\n\t<meta property=\"og:image:width\" content=\"1021\" \/>\n\t<meta property=\"og:image:height\" content=\"851\" \/>\n\t<meta property=\"og:image:type\" content=\"image\/jpeg\" \/>\n<meta name=\"author\" content=\"Blog da Condessa\" \/>\n<meta name=\"twitter:card\" content=\"summary_large_image\" \/>\n<meta name=\"twitter:label1\" content=\"Escrito por\" \/>\n\t<meta name=\"twitter:data1\" content=\"Blog da Condessa\" \/>\n\t<meta name=\"twitter:label2\" content=\"Est. tempo de leitura\" \/>\n\t<meta name=\"twitter:data2\" content=\"2 minutos\" \/>\n<script type=\"application\/ld+json\" class=\"yoast-schema-graph\">{\"@context\":\"https:\\\/\\\/schema.org\",\"@graph\":[{\"@type\":\"Article\",\"@id\":\"https:\\\/\\\/blogdacondessa.com.br\\\/blog\\\/cultura\\\/um-catalogo-com-diversos-temas-das-belezas-de-mato-grosso\\\/#article\",\"isPartOf\":{\"@id\":\"https:\\\/\\\/blogdacondessa.com.br\\\/blog\\\/cultura\\\/um-catalogo-com-diversos-temas-das-belezas-de-mato-grosso\\\/\"},\"author\":{\"name\":\"Blog da Condessa\",\"@id\":\"https:\\\/\\\/blogdacondessa.com.br\\\/blog\\\/#\\\/schema\\\/person\\\/1d667ff8b785195b568677489d266035\"},\"headline\":\"Um cat\u00e1logo com diversos temas das belezas de Mato Grosso\",\"datePublished\":\"2021-07-28T05:00:56+00:00\",\"mainEntityOfPage\":{\"@id\":\"https:\\\/\\\/blogdacondessa.com.br\\\/blog\\\/cultura\\\/um-catalogo-com-diversos-temas-das-belezas-de-mato-grosso\\\/\"},\"wordCount\":364,\"image\":{\"@id\":\"https:\\\/\\\/blogdacondessa.com.br\\\/blog\\\/cultura\\\/um-catalogo-com-diversos-temas-das-belezas-de-mato-grosso\\\/#primaryimage\"},\"thumbnailUrl\":\"https:\\\/\\\/blogdacondessa.com.br\\\/blog\\\/wp-content\\\/uploads\\\/2021\\\/07\\\/cuktura-exposicao-fotografo.jpeg\",\"articleSection\":[\"Cultura\"],\"inLanguage\":\"pt-BR\"},{\"@type\":\"WebPage\",\"@id\":\"https:\\\/\\\/blogdacondessa.com.br\\\/blog\\\/cultura\\\/um-catalogo-com-diversos-temas-das-belezas-de-mato-grosso\\\/\",\"url\":\"https:\\\/\\\/blogdacondessa.com.br\\\/blog\\\/cultura\\\/um-catalogo-com-diversos-temas-das-belezas-de-mato-grosso\\\/\",\"name\":\"Um cat\u00e1logo com diversos temas das belezas de Mato Grosso &#8902; Blog da Condessa\",\"isPartOf\":{\"@id\":\"https:\\\/\\\/blogdacondessa.com.br\\\/blog\\\/#website\"},\"primaryImageOfPage\":{\"@id\":\"https:\\\/\\\/blogdacondessa.com.br\\\/blog\\\/cultura\\\/um-catalogo-com-diversos-temas-das-belezas-de-mato-grosso\\\/#primaryimage\"},\"image\":{\"@id\":\"https:\\\/\\\/blogdacondessa.com.br\\\/blog\\\/cultura\\\/um-catalogo-com-diversos-temas-das-belezas-de-mato-grosso\\\/#primaryimage\"},\"thumbnailUrl\":\"https:\\\/\\\/blogdacondessa.com.br\\\/blog\\\/wp-content\\\/uploads\\\/2021\\\/07\\\/cuktura-exposicao-fotografo.jpeg\",\"datePublished\":\"2021-07-28T05:00:56+00:00\",\"author\":{\"@id\":\"https:\\\/\\\/blogdacondessa.com.br\\\/blog\\\/#\\\/schema\\\/person\\\/1d667ff8b785195b568677489d266035\"},\"breadcrumb\":{\"@id\":\"https:\\\/\\\/blogdacondessa.com.br\\\/blog\\\/cultura\\\/um-catalogo-com-diversos-temas-das-belezas-de-mato-grosso\\\/#breadcrumb\"},\"inLanguage\":\"pt-BR\",\"potentialAction\":[{\"@type\":\"ReadAction\",\"target\":[\"https:\\\/\\\/blogdacondessa.com.br\\\/blog\\\/cultura\\\/um-catalogo-com-diversos-temas-das-belezas-de-mato-grosso\\\/\"]}]},{\"@type\":\"ImageObject\",\"inLanguage\":\"pt-BR\",\"@id\":\"https:\\\/\\\/blogdacondessa.com.br\\\/blog\\\/cultura\\\/um-catalogo-com-diversos-temas-das-belezas-de-mato-grosso\\\/#primaryimage\",\"url\":\"https:\\\/\\\/blogdacondessa.com.br\\\/blog\\\/wp-content\\\/uploads\\\/2021\\\/07\\\/cuktura-exposicao-fotografo.jpeg\",\"contentUrl\":\"https:\\\/\\\/blogdacondessa.com.br\\\/blog\\\/wp-content\\\/uploads\\\/2021\\\/07\\\/cuktura-exposicao-fotografo.jpeg\",\"width\":1021,\"height\":851},{\"@type\":\"BreadcrumbList\",\"@id\":\"https:\\\/\\\/blogdacondessa.com.br\\\/blog\\\/cultura\\\/um-catalogo-com-diversos-temas-das-belezas-de-mato-grosso\\\/#breadcrumb\",\"itemListElement\":[{\"@type\":\"ListItem\",\"position\":1,\"name\":\"In\u00edcio\",\"item\":\"https:\\\/\\\/blogdacondessa.com.br\\\/blog\\\/\"},{\"@type\":\"ListItem\",\"position\":2,\"name\":\"Um cat\u00e1logo com diversos temas das belezas de Mato Grosso\"}]},{\"@type\":\"WebSite\",\"@id\":\"https:\\\/\\\/blogdacondessa.com.br\\\/blog\\\/#website\",\"url\":\"https:\\\/\\\/blogdacondessa.com.br\\\/blog\\\/\",\"name\":\"Blog da Condessa\",\"description\":\"Com Shirley de Souza O\u2019Campos\",\"potentialAction\":[{\"@type\":\"SearchAction\",\"target\":{\"@type\":\"EntryPoint\",\"urlTemplate\":\"https:\\\/\\\/blogdacondessa.com.br\\\/blog\\\/?s={search_term_string}\"},\"query-input\":{\"@type\":\"PropertyValueSpecification\",\"valueRequired\":true,\"valueName\":\"search_term_string\"}}],\"inLanguage\":\"pt-BR\"},{\"@type\":\"Person\",\"@id\":\"https:\\\/\\\/blogdacondessa.com.br\\\/blog\\\/#\\\/schema\\\/person\\\/1d667ff8b785195b568677489d266035\",\"name\":\"Blog da Condessa\",\"image\":{\"@type\":\"ImageObject\",\"inLanguage\":\"pt-BR\",\"@id\":\"https:\\\/\\\/secure.gravatar.com\\\/avatar\\\/377c0eb8b4ad2bfc25461b41564b5971e721ca34a57642868fc7b0c8ac7b52c5?s=96&d=mm&r=g\",\"url\":\"https:\\\/\\\/secure.gravatar.com\\\/avatar\\\/377c0eb8b4ad2bfc25461b41564b5971e721ca34a57642868fc7b0c8ac7b52c5?s=96&d=mm&r=g\",\"contentUrl\":\"https:\\\/\\\/secure.gravatar.com\\\/avatar\\\/377c0eb8b4ad2bfc25461b41564b5971e721ca34a57642868fc7b0c8ac7b52c5?s=96&d=mm&r=g\",\"caption\":\"Blog da Condessa\"},\"url\":\"https:\\\/\\\/blogdacondessa.com.br\\\/blog\\\/author\\\/beatriz\\\/\"}]}<\/script>\n<!-- \/ Yoast SEO plugin. -->","yoast_head_json":{"title":"Um cat\u00e1logo com diversos temas das belezas de Mato Grosso &#8902; Blog da Condessa","robots":{"index":"index","follow":"follow","max-snippet":"max-snippet:-1","max-image-preview":"max-image-preview:large","max-video-preview":"max-video-preview:-1"},"canonical":"https:\/\/blogdacondessa.com.br\/blog\/cultura\/um-catalogo-com-diversos-temas-das-belezas-de-mato-grosso\/","og_locale":"pt_BR","og_type":"article","og_title":"Um cat\u00e1logo com diversos temas das belezas de Mato Grosso &#8902; Blog da Condessa","og_description":"Tendo como identidade de seus trabalhos a Florada dos Ip\u00eas, o fot\u00f3grafo Amaury Santos celebra o sucesso de sua galeria de arte hom\u00f4nima, localizada no Espa\u00e7o La Provence, em Cuiab\u00e1, onde exp\u00f5e suas fotografias com a cole\u00e7\u00e3o Nature, retratando uma parte da Chapada dos Guimar\u00e3es , Pantanal e a Lagoa Azul, em Primavera do Leste. [&hellip;]","og_url":"https:\/\/blogdacondessa.com.br\/blog\/cultura\/um-catalogo-com-diversos-temas-das-belezas-de-mato-grosso\/","og_site_name":"Blog da Condessa","article_published_time":"2021-07-28T05:00:56+00:00","og_image":[{"width":1021,"height":851,"url":"https:\/\/blogdacondessa.com.br\/blog\/wp-content\/uploads\/2021\/07\/cuktura-exposicao-fotografo.jpeg","type":"image\/jpeg"}],"author":"Blog da Condessa","twitter_card":"summary_large_image","twitter_misc":{"Escrito por":"Blog da Condessa","Est. tempo de leitura":"2 minutos"},"schema":{"@context":"https:\/\/schema.org","@graph":[{"@type":"Article","@id":"https:\/\/blogdacondessa.com.br\/blog\/cultura\/um-catalogo-com-diversos-temas-das-belezas-de-mato-grosso\/#article","isPartOf":{"@id":"https:\/\/blogdacondessa.com.br\/blog\/cultura\/um-catalogo-com-diversos-temas-das-belezas-de-mato-grosso\/"},"author":{"name":"Blog da Condessa","@id":"https:\/\/blogdacondessa.com.br\/blog\/#\/schema\/person\/1d667ff8b785195b568677489d266035"},"headline":"Um cat\u00e1logo com diversos temas das belezas de Mato Grosso","datePublished":"2021-07-28T05:00:56+00:00","mainEntityOfPage":{"@id":"https:\/\/blogdacondessa.com.br\/blog\/cultura\/um-catalogo-com-diversos-temas-das-belezas-de-mato-grosso\/"},"wordCount":364,"image":{"@id":"https:\/\/blogdacondessa.com.br\/blog\/cultura\/um-catalogo-com-diversos-temas-das-belezas-de-mato-grosso\/#primaryimage"},"thumbnailUrl":"https:\/\/blogdacondessa.com.br\/blog\/wp-content\/uploads\/2021\/07\/cuktura-exposicao-fotografo.jpeg","articleSection":["Cultura"],"inLanguage":"pt-BR"},{"@type":"WebPage","@id":"https:\/\/blogdacondessa.com.br\/blog\/cultura\/um-catalogo-com-diversos-temas-das-belezas-de-mato-grosso\/","url":"https:\/\/blogdacondessa.com.br\/blog\/cultura\/um-catalogo-com-diversos-temas-das-belezas-de-mato-grosso\/","name":"Um cat\u00e1logo com diversos temas das belezas de Mato Grosso &#8902; Blog da Condessa","isPartOf":{"@id":"https:\/\/blogdacondessa.com.br\/blog\/#website"},"primaryImageOfPage":{"@id":"https:\/\/blogdacondessa.com.br\/blog\/cultura\/um-catalogo-com-diversos-temas-das-belezas-de-mato-grosso\/#primaryimage"},"image":{"@id":"https:\/\/blogdacondessa.com.br\/blog\/cultura\/um-catalogo-com-diversos-temas-das-belezas-de-mato-grosso\/#primaryimage"},"thumbnailUrl":"https:\/\/blogdacondessa.com.br\/blog\/wp-content\/uploads\/2021\/07\/cuktura-exposicao-fotografo.jpeg","datePublished":"2021-07-28T05:00:56+00:00","author":{"@id":"https:\/\/blogdacondessa.com.br\/blog\/#\/schema\/person\/1d667ff8b785195b568677489d266035"},"breadcrumb":{"@id":"https:\/\/blogdacondessa.com.br\/blog\/cultura\/um-catalogo-com-diversos-temas-das-belezas-de-mato-grosso\/#breadcrumb"},"inLanguage":"pt-BR","potentialAction":[{"@type":"ReadAction","target":["https:\/\/blogdacondessa.com.br\/blog\/cultura\/um-catalogo-com-diversos-temas-das-belezas-de-mato-grosso\/"]}]},{"@type":"ImageObject","inLanguage":"pt-BR","@id":"https:\/\/blogdacondessa.com.br\/blog\/cultura\/um-catalogo-com-diversos-temas-das-belezas-de-mato-grosso\/#primaryimage","url":"https:\/\/blogdacondessa.com.br\/blog\/wp-content\/uploads\/2021\/07\/cuktura-exposicao-fotografo.jpeg","contentUrl":"https:\/\/blogdacondessa.com.br\/blog\/wp-content\/uploads\/2021\/07\/cuktura-exposicao-fotografo.jpeg","width":1021,"height":851},{"@type":"BreadcrumbList","@id":"https:\/\/blogdacondessa.com.br\/blog\/cultura\/um-catalogo-com-diversos-temas-das-belezas-de-mato-grosso\/#breadcrumb","itemListElement":[{"@type":"ListItem","position":1,"name":"In\u00edcio","item":"https:\/\/blogdacondessa.com.br\/blog\/"},{"@type":"ListItem","position":2,"name":"Um cat\u00e1logo com diversos temas das belezas de Mato Grosso"}]},{"@type":"WebSite","@id":"https:\/\/blogdacondessa.com.br\/blog\/#website","url":"https:\/\/blogdacondessa.com.br\/blog\/","name":"Blog da Condessa","description":"Com Shirley de Souza O\u2019Campos","potentialAction":[{"@type":"SearchAction","target":{"@type":"EntryPoint","urlTemplate":"https:\/\/blogdacondessa.com.br\/blog\/?s={search_term_string}"},"query-input":{"@type":"PropertyValueSpecification","valueRequired":true,"valueName":"search_term_string"}}],"inLanguage":"pt-BR"},{"@type":"Person","@id":"https:\/\/blogdacondessa.com.br\/blog\/#\/schema\/person\/1d667ff8b785195b568677489d266035","name":"Blog da Condessa","image":{"@type":"ImageObject","inLanguage":"pt-BR","@id":"https:\/\/secure.gravatar.com\/avatar\/377c0eb8b4ad2bfc25461b41564b5971e721ca34a57642868fc7b0c8ac7b52c5?s=96&d=mm&r=g","url":"https:\/\/secure.gravatar.com\/avatar\/377c0eb8b4ad2bfc25461b41564b5971e721ca34a57642868fc7b0c8ac7b52c5?s=96&d=mm&r=g","contentUrl":"https:\/\/secure.gravatar.com\/avatar\/377c0eb8b4ad2bfc25461b41564b5971e721ca34a57642868fc7b0c8ac7b52c5?s=96&d=mm&r=g","caption":"Blog da Condessa"},"url":"https:\/\/blogdacondessa.com.br\/blog\/author\/beatriz\/"}]}},"_links":{"self":[{"href":"https:\/\/blogdacondessa.com.br\/blog\/wp-json\/wp\/v2\/posts\/2036","targetHints":{"allow":["GET"]}}],"collection":[{"href":"https:\/\/blogdacondessa.com.br\/blog\/wp-json\/wp\/v2\/posts"}],"about":[{"href":"https:\/\/blogdacondessa.com.br\/blog\/wp-json\/wp\/v2\/types\/post"}],"author":[{"embeddable":true,"href":"https:\/\/blogdacondessa.com.br\/blog\/wp-json\/wp\/v2\/users\/2"}],"replies":[{"embeddable":true,"href":"https:\/\/blogdacondessa.com.br\/blog\/wp-json\/wp\/v2\/comments?post=2036"}],"version-history":[{"count":0,"href":"https:\/\/blogdacondessa.com.br\/blog\/wp-json\/wp\/v2\/posts\/2036\/revisions"}],"wp:featuredmedia":[{"embeddable":true,"href":"https:\/\/blogdacondessa.com.br\/blog\/wp-json\/wp\/v2\/media\/2039"}],"wp:attachment":[{"href":"https:\/\/blogdacondessa.com.br\/blog\/wp-json\/wp\/v2\/media?parent=2036"}],"wp:term":[{"taxonomy":"category","embeddable":true,"href":"https:\/\/blogdacondessa.com.br\/blog\/wp-json\/wp\/v2\/categories?post=2036"},{"taxonomy":"post_tag","embeddable":true,"href":"https:\/\/blogdacondessa.com.br\/blog\/wp-json\/wp\/v2\/tags?post=2036"}],"curies":[{"name":"wp","href":"https:\/\/api.w.org\/{rel}","templated":true}]}}