{"id":2033,"date":"2021-07-28T05:00:29","date_gmt":"2021-07-28T05:00:29","guid":{"rendered":"https:\/\/novo.blogdacondessa.com.br\/?p=2033"},"modified":"2021-07-27T13:50:31","modified_gmt":"2021-07-27T13:50:31","slug":"dia-dos-pais-e-sobre-criar-lacos","status":"publish","type":"post","link":"https:\/\/blogdacondessa.com.br\/blog\/cidades\/dia-dos-pais-e-sobre-criar-lacos\/","title":{"rendered":"\u201cDia dos Pais \u00e9 sobre Criar La\u00e7os\u201d"},"content":{"rendered":"<p>Pensando em eternizar momentos marcantes entre pais e filhos, aproveitando a mudan\u00e7a entre as rela\u00e7\u00f5es que ocorrem ao longo das gera\u00e7\u00f5es, onde se criam mais proximidade, abertura, di\u00e1logo e la\u00e7os, o Shopping Esta\u00e7\u00e3o Cuiab\u00e1 ir\u00e1 sortear uma Moto BMW F850 GS Premium Plus, edi\u00e7\u00e3o 40 anos, neste Dia dos Pais e homenagear aquele que nos estimula a sempre superar os nossos limites.<\/p>\n<p>A promo\u00e7\u00e3o Compre e Concorra \u201cDia dos Pais \u00e9 sobre Criar La\u00e7os\u201d tem uma apresenta\u00e7\u00e3o da BMW Motorrad Munique Motors, onde a cada R $ 400,00 em compras nas lojas participantes, o cliente cadastra suas notas fiscais no APP do Shopping, ganha um n\u00famero da sorte para concorrer a 01 Moto F850 GS e tem uma chance de transformar em possibilidades e oportunidades de novas conquistas.<\/p>\n<p>Segundo o superintendente de compras, Rodolfo Alves, o objetivo \u00e9 celebrar dados em alto estilo e estimular os filhos a apresentar seus pais nesse dia t\u00e3o especial.\u00a0\u201cAinda em terceiro lugar como uma das datas mais comemoradas no com\u00e9rcio, atr\u00e1s do Dia dos Namorados, o Dia dos Pais vem ganhando cada vez mais espa\u00e7o como uma das mais importantes a ser festejada.\u00a0Por isso, lan\u00e7amos essa promo\u00e7\u00e3o para ajudar a marcar ainda mais esse dia no cora\u00e7\u00e3o dos filhos \u201d, declara.<\/p>\n<p>Ser\u00e3o v\u00e1lidas notas fiscais das compras realizadas entre os dias 23 de julho e 08 de agosto.\u00a0Uma divulga\u00e7\u00e3o do ganhador acontece em 12 de agosto, em sorteio realizado respeitando os crit\u00e9rios da Loteria Federal.\u00a0H\u00e1 um balc\u00e3o tira-d\u00favidas no Piso L2, pr\u00f3ximo \u00e0 loja Luiza Barcelos.\u00a0Outras informa\u00e7\u00f5es podem ser encontradas no link:\u00a0<a href=\"https:\/\/www.shoppingestacaocuiaba.com.br\/\">https: \/\/ www.\u00a0shoppingestacaocuiaba.com.br\/<\/a><\/p>\n<p>\u201cTeremos tamb\u00e9m como ilhas e expositores, que s\u00e3o um conjunto de manequins e expositores de pe\u00e7as, com produtos selecionados pelos nossos lojistas, como dicas de presentes para os papais\u201d, explica o superintendente.<\/p>\n<p>&nbsp;<\/p>\n<p>&nbsp;<\/p>\n","protected":false},"excerpt":{"rendered":"<p>Pensando em eternizar momentos marcantes entre pais e filhos, aproveitando a mudan\u00e7a entre as rela\u00e7\u00f5es que ocorrem ao longo das gera\u00e7\u00f5es, onde se criam mais proximidade, abertura, di\u00e1logo e la\u00e7os, o Shopping Esta\u00e7\u00e3o Cuiab\u00e1 ir\u00e1 sortear uma Moto BMW F850 GS Premium Plus, edi\u00e7\u00e3o 40 anos, neste Dia dos Pais e homenagear aquele que nos [&hellip;]<\/p>\n","protected":false},"author":2,"featured_media":2034,"comment_status":"closed","ping_status":"closed","sticky":false,"template":"","format":"standard","meta":{"iawp_total_views":0,"footnotes":""},"categories":[12],"tags":[],"class_list":["post-2033","post","type-post","status-publish","format-standard","has-post-thumbnail","hentry","category-cidades"],"yoast_head":"<!-- This site is optimized with the Yoast SEO plugin v27.3 - https:\/\/yoast.com\/product\/yoast-seo-wordpress\/ -->\n<title>\u201cDia dos Pais \u00e9 sobre Criar La\u00e7os\u201d &#8902; Blog da Condessa<\/title>\n<meta name=\"robots\" content=\"index, follow, max-snippet:-1, max-image-preview:large, max-video-preview:-1\" \/>\n<link rel=\"canonical\" href=\"https:\/\/blogdacondessa.com.br\/blog\/cidades\/dia-dos-pais-e-sobre-criar-lacos\/\" \/>\n<meta property=\"og:locale\" content=\"pt_BR\" \/>\n<meta property=\"og:type\" content=\"article\" \/>\n<meta property=\"og:title\" content=\"\u201cDia dos Pais \u00e9 sobre Criar La\u00e7os\u201d &#8902; Blog da Condessa\" \/>\n<meta property=\"og:description\" content=\"Pensando em eternizar momentos marcantes entre pais e filhos, aproveitando a mudan\u00e7a entre as rela\u00e7\u00f5es que ocorrem ao longo das gera\u00e7\u00f5es, onde se criam mais proximidade, abertura, di\u00e1logo e la\u00e7os, o Shopping Esta\u00e7\u00e3o Cuiab\u00e1 ir\u00e1 sortear uma Moto BMW F850 GS Premium Plus, edi\u00e7\u00e3o 40 anos, neste Dia dos Pais e homenagear aquele que nos [&hellip;]\" \/>\n<meta property=\"og:url\" content=\"https:\/\/blogdacondessa.com.br\/blog\/cidades\/dia-dos-pais-e-sobre-criar-lacos\/\" \/>\n<meta property=\"og:site_name\" content=\"Blog da Condessa\" \/>\n<meta property=\"article:published_time\" content=\"2021-07-28T05:00:29+00:00\" \/>\n<meta property=\"og:image\" content=\"https:\/\/blogdacondessa.com.br\/blog\/wp-content\/uploads\/2021\/07\/dia-dos-pais.jpeg\" \/>\n\t<meta property=\"og:image:width\" content=\"1600\" \/>\n\t<meta property=\"og:image:height\" content=\"1200\" \/>\n\t<meta property=\"og:image:type\" content=\"image\/jpeg\" \/>\n<meta name=\"author\" content=\"Blog da Condessa\" \/>\n<meta name=\"twitter:card\" content=\"summary_large_image\" \/>\n<meta name=\"twitter:label1\" content=\"Escrito por\" \/>\n\t<meta name=\"twitter:data1\" content=\"Blog da Condessa\" \/>\n\t<meta name=\"twitter:label2\" content=\"Est. tempo de leitura\" \/>\n\t<meta name=\"twitter:data2\" content=\"2 minutos\" \/>\n<script type=\"application\/ld+json\" class=\"yoast-schema-graph\">{\"@context\":\"https:\\\/\\\/schema.org\",\"@graph\":[{\"@type\":\"Article\",\"@id\":\"https:\\\/\\\/blogdacondessa.com.br\\\/blog\\\/cidades\\\/dia-dos-pais-e-sobre-criar-lacos\\\/#article\",\"isPartOf\":{\"@id\":\"https:\\\/\\\/blogdacondessa.com.br\\\/blog\\\/cidades\\\/dia-dos-pais-e-sobre-criar-lacos\\\/\"},\"author\":{\"name\":\"Blog da Condessa\",\"@id\":\"https:\\\/\\\/blogdacondessa.com.br\\\/blog\\\/#\\\/schema\\\/person\\\/1d667ff8b785195b568677489d266035\"},\"headline\":\"\u201cDia dos Pais \u00e9 sobre Criar La\u00e7os\u201d\",\"datePublished\":\"2021-07-28T05:00:29+00:00\",\"mainEntityOfPage\":{\"@id\":\"https:\\\/\\\/blogdacondessa.com.br\\\/blog\\\/cidades\\\/dia-dos-pais-e-sobre-criar-lacos\\\/\"},\"wordCount\":327,\"image\":{\"@id\":\"https:\\\/\\\/blogdacondessa.com.br\\\/blog\\\/cidades\\\/dia-dos-pais-e-sobre-criar-lacos\\\/#primaryimage\"},\"thumbnailUrl\":\"https:\\\/\\\/blogdacondessa.com.br\\\/blog\\\/wp-content\\\/uploads\\\/2021\\\/07\\\/dia-dos-pais.jpeg\",\"articleSection\":[\"Cidades\"],\"inLanguage\":\"pt-BR\"},{\"@type\":\"WebPage\",\"@id\":\"https:\\\/\\\/blogdacondessa.com.br\\\/blog\\\/cidades\\\/dia-dos-pais-e-sobre-criar-lacos\\\/\",\"url\":\"https:\\\/\\\/blogdacondessa.com.br\\\/blog\\\/cidades\\\/dia-dos-pais-e-sobre-criar-lacos\\\/\",\"name\":\"\u201cDia dos Pais \u00e9 sobre Criar La\u00e7os\u201d &#8902; Blog da Condessa\",\"isPartOf\":{\"@id\":\"https:\\\/\\\/blogdacondessa.com.br\\\/blog\\\/#website\"},\"primaryImageOfPage\":{\"@id\":\"https:\\\/\\\/blogdacondessa.com.br\\\/blog\\\/cidades\\\/dia-dos-pais-e-sobre-criar-lacos\\\/#primaryimage\"},\"image\":{\"@id\":\"https:\\\/\\\/blogdacondessa.com.br\\\/blog\\\/cidades\\\/dia-dos-pais-e-sobre-criar-lacos\\\/#primaryimage\"},\"thumbnailUrl\":\"https:\\\/\\\/blogdacondessa.com.br\\\/blog\\\/wp-content\\\/uploads\\\/2021\\\/07\\\/dia-dos-pais.jpeg\",\"datePublished\":\"2021-07-28T05:00:29+00:00\",\"author\":{\"@id\":\"https:\\\/\\\/blogdacondessa.com.br\\\/blog\\\/#\\\/schema\\\/person\\\/1d667ff8b785195b568677489d266035\"},\"breadcrumb\":{\"@id\":\"https:\\\/\\\/blogdacondessa.com.br\\\/blog\\\/cidades\\\/dia-dos-pais-e-sobre-criar-lacos\\\/#breadcrumb\"},\"inLanguage\":\"pt-BR\",\"potentialAction\":[{\"@type\":\"ReadAction\",\"target\":[\"https:\\\/\\\/blogdacondessa.com.br\\\/blog\\\/cidades\\\/dia-dos-pais-e-sobre-criar-lacos\\\/\"]}]},{\"@type\":\"ImageObject\",\"inLanguage\":\"pt-BR\",\"@id\":\"https:\\\/\\\/blogdacondessa.com.br\\\/blog\\\/cidades\\\/dia-dos-pais-e-sobre-criar-lacos\\\/#primaryimage\",\"url\":\"https:\\\/\\\/blogdacondessa.com.br\\\/blog\\\/wp-content\\\/uploads\\\/2021\\\/07\\\/dia-dos-pais.jpeg\",\"contentUrl\":\"https:\\\/\\\/blogdacondessa.com.br\\\/blog\\\/wp-content\\\/uploads\\\/2021\\\/07\\\/dia-dos-pais.jpeg\",\"width\":1600,\"height\":1200},{\"@type\":\"BreadcrumbList\",\"@id\":\"https:\\\/\\\/blogdacondessa.com.br\\\/blog\\\/cidades\\\/dia-dos-pais-e-sobre-criar-lacos\\\/#breadcrumb\",\"itemListElement\":[{\"@type\":\"ListItem\",\"position\":1,\"name\":\"In\u00edcio\",\"item\":\"https:\\\/\\\/blogdacondessa.com.br\\\/blog\\\/\"},{\"@type\":\"ListItem\",\"position\":2,\"name\":\"\u201cDia dos Pais \u00e9 sobre Criar La\u00e7os\u201d\"}]},{\"@type\":\"WebSite\",\"@id\":\"https:\\\/\\\/blogdacondessa.com.br\\\/blog\\\/#website\",\"url\":\"https:\\\/\\\/blogdacondessa.com.br\\\/blog\\\/\",\"name\":\"Blog da Condessa\",\"description\":\"Com Shirley de Souza O\u2019Campos\",\"potentialAction\":[{\"@type\":\"SearchAction\",\"target\":{\"@type\":\"EntryPoint\",\"urlTemplate\":\"https:\\\/\\\/blogdacondessa.com.br\\\/blog\\\/?s={search_term_string}\"},\"query-input\":{\"@type\":\"PropertyValueSpecification\",\"valueRequired\":true,\"valueName\":\"search_term_string\"}}],\"inLanguage\":\"pt-BR\"},{\"@type\":\"Person\",\"@id\":\"https:\\\/\\\/blogdacondessa.com.br\\\/blog\\\/#\\\/schema\\\/person\\\/1d667ff8b785195b568677489d266035\",\"name\":\"Blog da Condessa\",\"image\":{\"@type\":\"ImageObject\",\"inLanguage\":\"pt-BR\",\"@id\":\"https:\\\/\\\/secure.gravatar.com\\\/avatar\\\/377c0eb8b4ad2bfc25461b41564b5971e721ca34a57642868fc7b0c8ac7b52c5?s=96&d=mm&r=g\",\"url\":\"https:\\\/\\\/secure.gravatar.com\\\/avatar\\\/377c0eb8b4ad2bfc25461b41564b5971e721ca34a57642868fc7b0c8ac7b52c5?s=96&d=mm&r=g\",\"contentUrl\":\"https:\\\/\\\/secure.gravatar.com\\\/avatar\\\/377c0eb8b4ad2bfc25461b41564b5971e721ca34a57642868fc7b0c8ac7b52c5?s=96&d=mm&r=g\",\"caption\":\"Blog da Condessa\"},\"url\":\"https:\\\/\\\/blogdacondessa.com.br\\\/blog\\\/author\\\/beatriz\\\/\"}]}<\/script>\n<!-- \/ Yoast SEO plugin. -->","yoast_head_json":{"title":"\u201cDia dos Pais \u00e9 sobre Criar La\u00e7os\u201d &#8902; Blog da Condessa","robots":{"index":"index","follow":"follow","max-snippet":"max-snippet:-1","max-image-preview":"max-image-preview:large","max-video-preview":"max-video-preview:-1"},"canonical":"https:\/\/blogdacondessa.com.br\/blog\/cidades\/dia-dos-pais-e-sobre-criar-lacos\/","og_locale":"pt_BR","og_type":"article","og_title":"\u201cDia dos Pais \u00e9 sobre Criar La\u00e7os\u201d &#8902; Blog da Condessa","og_description":"Pensando em eternizar momentos marcantes entre pais e filhos, aproveitando a mudan\u00e7a entre as rela\u00e7\u00f5es que ocorrem ao longo das gera\u00e7\u00f5es, onde se criam mais proximidade, abertura, di\u00e1logo e la\u00e7os, o Shopping Esta\u00e7\u00e3o Cuiab\u00e1 ir\u00e1 sortear uma Moto BMW F850 GS Premium Plus, edi\u00e7\u00e3o 40 anos, neste Dia dos Pais e homenagear aquele que nos [&hellip;]","og_url":"https:\/\/blogdacondessa.com.br\/blog\/cidades\/dia-dos-pais-e-sobre-criar-lacos\/","og_site_name":"Blog da Condessa","article_published_time":"2021-07-28T05:00:29+00:00","og_image":[{"width":1600,"height":1200,"url":"https:\/\/blogdacondessa.com.br\/blog\/wp-content\/uploads\/2021\/07\/dia-dos-pais.jpeg","type":"image\/jpeg"}],"author":"Blog da Condessa","twitter_card":"summary_large_image","twitter_misc":{"Escrito por":"Blog da Condessa","Est. tempo de leitura":"2 minutos"},"schema":{"@context":"https:\/\/schema.org","@graph":[{"@type":"Article","@id":"https:\/\/blogdacondessa.com.br\/blog\/cidades\/dia-dos-pais-e-sobre-criar-lacos\/#article","isPartOf":{"@id":"https:\/\/blogdacondessa.com.br\/blog\/cidades\/dia-dos-pais-e-sobre-criar-lacos\/"},"author":{"name":"Blog da Condessa","@id":"https:\/\/blogdacondessa.com.br\/blog\/#\/schema\/person\/1d667ff8b785195b568677489d266035"},"headline":"\u201cDia dos Pais \u00e9 sobre Criar La\u00e7os\u201d","datePublished":"2021-07-28T05:00:29+00:00","mainEntityOfPage":{"@id":"https:\/\/blogdacondessa.com.br\/blog\/cidades\/dia-dos-pais-e-sobre-criar-lacos\/"},"wordCount":327,"image":{"@id":"https:\/\/blogdacondessa.com.br\/blog\/cidades\/dia-dos-pais-e-sobre-criar-lacos\/#primaryimage"},"thumbnailUrl":"https:\/\/blogdacondessa.com.br\/blog\/wp-content\/uploads\/2021\/07\/dia-dos-pais.jpeg","articleSection":["Cidades"],"inLanguage":"pt-BR"},{"@type":"WebPage","@id":"https:\/\/blogdacondessa.com.br\/blog\/cidades\/dia-dos-pais-e-sobre-criar-lacos\/","url":"https:\/\/blogdacondessa.com.br\/blog\/cidades\/dia-dos-pais-e-sobre-criar-lacos\/","name":"\u201cDia dos Pais \u00e9 sobre Criar La\u00e7os\u201d &#8902; Blog da Condessa","isPartOf":{"@id":"https:\/\/blogdacondessa.com.br\/blog\/#website"},"primaryImageOfPage":{"@id":"https:\/\/blogdacondessa.com.br\/blog\/cidades\/dia-dos-pais-e-sobre-criar-lacos\/#primaryimage"},"image":{"@id":"https:\/\/blogdacondessa.com.br\/blog\/cidades\/dia-dos-pais-e-sobre-criar-lacos\/#primaryimage"},"thumbnailUrl":"https:\/\/blogdacondessa.com.br\/blog\/wp-content\/uploads\/2021\/07\/dia-dos-pais.jpeg","datePublished":"2021-07-28T05:00:29+00:00","author":{"@id":"https:\/\/blogdacondessa.com.br\/blog\/#\/schema\/person\/1d667ff8b785195b568677489d266035"},"breadcrumb":{"@id":"https:\/\/blogdacondessa.com.br\/blog\/cidades\/dia-dos-pais-e-sobre-criar-lacos\/#breadcrumb"},"inLanguage":"pt-BR","potentialAction":[{"@type":"ReadAction","target":["https:\/\/blogdacondessa.com.br\/blog\/cidades\/dia-dos-pais-e-sobre-criar-lacos\/"]}]},{"@type":"ImageObject","inLanguage":"pt-BR","@id":"https:\/\/blogdacondessa.com.br\/blog\/cidades\/dia-dos-pais-e-sobre-criar-lacos\/#primaryimage","url":"https:\/\/blogdacondessa.com.br\/blog\/wp-content\/uploads\/2021\/07\/dia-dos-pais.jpeg","contentUrl":"https:\/\/blogdacondessa.com.br\/blog\/wp-content\/uploads\/2021\/07\/dia-dos-pais.jpeg","width":1600,"height":1200},{"@type":"BreadcrumbList","@id":"https:\/\/blogdacondessa.com.br\/blog\/cidades\/dia-dos-pais-e-sobre-criar-lacos\/#breadcrumb","itemListElement":[{"@type":"ListItem","position":1,"name":"In\u00edcio","item":"https:\/\/blogdacondessa.com.br\/blog\/"},{"@type":"ListItem","position":2,"name":"\u201cDia dos Pais \u00e9 sobre Criar La\u00e7os\u201d"}]},{"@type":"WebSite","@id":"https:\/\/blogdacondessa.com.br\/blog\/#website","url":"https:\/\/blogdacondessa.com.br\/blog\/","name":"Blog da Condessa","description":"Com Shirley de Souza O\u2019Campos","potentialAction":[{"@type":"SearchAction","target":{"@type":"EntryPoint","urlTemplate":"https:\/\/blogdacondessa.com.br\/blog\/?s={search_term_string}"},"query-input":{"@type":"PropertyValueSpecification","valueRequired":true,"valueName":"search_term_string"}}],"inLanguage":"pt-BR"},{"@type":"Person","@id":"https:\/\/blogdacondessa.com.br\/blog\/#\/schema\/person\/1d667ff8b785195b568677489d266035","name":"Blog da Condessa","image":{"@type":"ImageObject","inLanguage":"pt-BR","@id":"https:\/\/secure.gravatar.com\/avatar\/377c0eb8b4ad2bfc25461b41564b5971e721ca34a57642868fc7b0c8ac7b52c5?s=96&d=mm&r=g","url":"https:\/\/secure.gravatar.com\/avatar\/377c0eb8b4ad2bfc25461b41564b5971e721ca34a57642868fc7b0c8ac7b52c5?s=96&d=mm&r=g","contentUrl":"https:\/\/secure.gravatar.com\/avatar\/377c0eb8b4ad2bfc25461b41564b5971e721ca34a57642868fc7b0c8ac7b52c5?s=96&d=mm&r=g","caption":"Blog da Condessa"},"url":"https:\/\/blogdacondessa.com.br\/blog\/author\/beatriz\/"}]}},"_links":{"self":[{"href":"https:\/\/blogdacondessa.com.br\/blog\/wp-json\/wp\/v2\/posts\/2033","targetHints":{"allow":["GET"]}}],"collection":[{"href":"https:\/\/blogdacondessa.com.br\/blog\/wp-json\/wp\/v2\/posts"}],"about":[{"href":"https:\/\/blogdacondessa.com.br\/blog\/wp-json\/wp\/v2\/types\/post"}],"author":[{"embeddable":true,"href":"https:\/\/blogdacondessa.com.br\/blog\/wp-json\/wp\/v2\/users\/2"}],"replies":[{"embeddable":true,"href":"https:\/\/blogdacondessa.com.br\/blog\/wp-json\/wp\/v2\/comments?post=2033"}],"version-history":[{"count":0,"href":"https:\/\/blogdacondessa.com.br\/blog\/wp-json\/wp\/v2\/posts\/2033\/revisions"}],"wp:featuredmedia":[{"embeddable":true,"href":"https:\/\/blogdacondessa.com.br\/blog\/wp-json\/wp\/v2\/media\/2034"}],"wp:attachment":[{"href":"https:\/\/blogdacondessa.com.br\/blog\/wp-json\/wp\/v2\/media?parent=2033"}],"wp:term":[{"taxonomy":"category","embeddable":true,"href":"https:\/\/blogdacondessa.com.br\/blog\/wp-json\/wp\/v2\/categories?post=2033"},{"taxonomy":"post_tag","embeddable":true,"href":"https:\/\/blogdacondessa.com.br\/blog\/wp-json\/wp\/v2\/tags?post=2033"}],"curies":[{"name":"wp","href":"https:\/\/api.w.org\/{rel}","templated":true}]}}