{"id":14740,"date":"2026-09-05T05:00:02","date_gmt":"2026-09-05T09:00:02","guid":{"rendered":"https:\/\/blogdacondessa.com.br\/blog\/?p=14740"},"modified":"2026-09-04T17:58:46","modified_gmt":"2026-09-04T21:58:46","slug":"o-teste-do-pezinho-e-o-primeiro-passo-para-a-triagem-da-fibrose-cistica-na-infancia","status":"publish","type":"post","link":"https:\/\/blogdacondessa.com.br\/blog\/saude\/o-teste-do-pezinho-e-o-primeiro-passo-para-a-triagem-da-fibrose-cistica-na-infancia\/","title":{"rendered":"O Teste do Pezinho \u00e9 o primeiro passo para a triagem da fibrose c\u00edstica na inf\u00e2ncia"},"content":{"rendered":"<p><em>Setembro Roxo refor\u00e7a import\u00e2ncia do diagn\u00f3stico precoce. Brasil registra cerca de 300 novos diagn\u00f3sticos por ano; triagem neonatal reduziu idade mediana de identifica\u00e7\u00e3o da doen\u00e7a para menos de tr\u00eas meses<\/em><\/p>\n<p>O diagn\u00f3stico precoce da fibrose c\u00edstica pode fazer diferen\u00e7a na qualidade de vida das pessoas com a doen\u00e7a. Dados do Minist\u00e9rio da Sa\u00fade mostram que a amplia\u00e7\u00e3o da triagem neonatal reduziu para menos de tr\u00eas meses a mediana de idade em que a condi\u00e7\u00e3o \u00e9 identificada no Brasil. Ainda segundo o \u00f3rg\u00e3o, cerca de 300 novos casos s\u00e3o diagnosticados anualmente, mais de 6,4 mil pacientes est\u00e3o cadastrados no Registro Brasileiro de Fibrose C\u00edstica (REBRAFC) e estima-se que mais de 105 mil pessoas vivam com a doen\u00e7a no mundo.<\/p>\n<p>O tema ganha visibilidade durante o Setembro Roxo, campanha anual de conscientiza\u00e7\u00e3o sobre a fibrose c\u00edstica. O m\u00eas re\u00fane duas datas dedicadas ao assunto: 5 de setembro, Dia Nacional de Conscientiza\u00e7\u00e3o e Divulga\u00e7\u00e3o da Fibrose C\u00edstica, e 8 de setembro, Dia Mundial da Fibrose C\u00edstica.<\/p>\n<p>Segundo o Minist\u00e9rio da Sa\u00fade, a fibrose c\u00edstica \u00e9 uma doen\u00e7a gen\u00e9tica, ainda sem cura, que pode afetar diferentes \u00f3rg\u00e3os e sistemas, principalmente os pulm\u00f5es e o aparelho digestivo. A condi\u00e7\u00e3o aumenta a viscosidade das secre\u00e7\u00f5es do organismo, o que pode favorecer infec\u00e7\u00f5es respirat\u00f3rias e comprometer fun\u00e7\u00f5es digestivas.<\/p>\n<p>Entre as manifesta\u00e7\u00f5es que podem levantar suspeita da doen\u00e7a est\u00e3o tosse persistente, chiado no peito, pneumonias frequentes e dificuldade de crescimento, al\u00e9m de altera\u00e7\u00f5es gastrointestinais. A fibrose c\u00edstica, por\u00e9m, pode ser identificada antes mesmo do aparecimento dos sintomas por meio da triagem neonatal.<\/p>\n<p><strong>*Primeiros dias*<\/strong><\/p>\n<p>A farmac\u00eautica bioqu\u00edmica da assessoria cient\u00edfica do Sabin Diagn\u00f3stico e Sa\u00fade, Dieymi Veiga Aguiar, explica que o Teste do Pezinho \u00e9 o primeiro passo para a triagem da fibrose c\u00edstica na inf\u00e2ncia e permite iniciar a investiga\u00e7\u00e3o ainda nos primeiros dias de vida.<\/p>\n<p>\u201cO teste inclui a dosagem do tripsinog\u00eanio imunorreativo, o TIR. Essa triagem \u00e9 muito importante porque permite identificar rec\u00e9m-nascidos com risco para a doen\u00e7a antes mesmo do surgimento dos sintomas. Quando h\u00e1 altera\u00e7\u00e3o no exame, s\u00e3o solicitados testes complementares, conforme o protocolo de investiga\u00e7\u00e3o\u201d, explica.<\/p>\n<p>\u00c9 importante diferenciar triagem de diagn\u00f3stico. Um resultado alterado no Teste do Pezinho n\u00e3o significa que a crian\u00e7a tenha fibrose c\u00edstica. Conforme o protocolo do Minist\u00e9rio da Sa\u00fade, resultados positivos na triagem indicam suspeita da doen\u00e7a e devem ser seguidos pela investiga\u00e7\u00e3o necess\u00e1ria para confirma\u00e7\u00e3o ou exclus\u00e3o do diagn\u00f3stico.<\/p>\n<p>Entre os principais recursos est\u00e1 o Teste do Suor, que mede a concentra\u00e7\u00e3o de sal na transpira\u00e7\u00e3o e \u00e9 o m\u00e9todo laboratorial de escolha no Brasil para investigar casos com triagem neonatal positiva. Testes gen\u00e9ticos tamb\u00e9m podem ser utilizados para identificar altera\u00e7\u00f5es no gene CFTR, relacionado \u00e0 doen\u00e7a, por meio de metodologias como PCR seguido de sequenciamento Sanger, al\u00e9m de t\u00e9cnicas de sequenciamento de nova gera\u00e7\u00e3o (NGS). \u201cA escolha do m\u00e9todo depende do exame solicitado e da estrat\u00e9gia de investiga\u00e7\u00e3o definida pelo m\u00e9dico assistente\u201d, esclarece Dieymi.<\/p>\n<p>Ap\u00f3s o recebimento da solicita\u00e7\u00e3o e da amostra, o prazo de libera\u00e7\u00e3o do resultado varia conforme o exame e a metodologia utilizada, podendo levar entre 8 e 35 dias \u00fateis. A investiga\u00e7\u00e3o da fibrose c\u00edstica tamb\u00e9m pode ocorrer em outras fases da vida, diante de sinais e sintomas sugestivos da doen\u00e7a ou hist\u00f3rico familiar.<\/p>\n<p><strong>*Cuidado cont\u00ednuo*<\/strong><\/p>\n<p>Al\u00e9m dos testes espec\u00edficos para fibrose c\u00edstica, o m\u00e9dico assistente pode solicitar exames complementares conforme a avalia\u00e7\u00e3o cl\u00ednica de cada paciente. Esses testes auxiliam na avalia\u00e7\u00e3o de poss\u00edveis repercuss\u00f5es da doen\u00e7a, na investiga\u00e7\u00e3o de outros diagn\u00f3sticos e no acompanhamento do quadro.<\/p>\n<p>\u201cA defini\u00e7\u00e3o de quais exames complementares ser\u00e3o necess\u00e1rios \u00e9 exclusivamente do m\u00e9dico assistente, considerando o quadro cl\u00ednico e as necessidades individuais do paciente\u201d, afirma a farmac\u00eautica do Sabin.<\/p>\n<p>Entre eles podem estar avalia\u00e7\u00f5es da fun\u00e7\u00e3o pulmonar e exames de imagem, como raio-x e tomografia de t\u00f3rax, utilizados para acompanhar poss\u00edveis altera\u00e7\u00f5es nos pulm\u00f5es.<\/p>\n<p>A identifica\u00e7\u00e3o precoce da fibrose c\u00edstica permite que o paciente seja encaminhado mais cedo para acompanhamento especializado. De acordo com o protocolo do Minist\u00e9rio da Sa\u00fade, o diagn\u00f3stico precoce \u00e9 fundamental para adequar o tratamento e proporcionar melhor qualidade de vida \u00e0s pessoas com a doen\u00e7a.<\/p>\n","protected":false},"excerpt":{"rendered":"<p>Setembro Roxo refor\u00e7a import\u00e2ncia do diagn\u00f3stico precoce. Brasil registra cerca de 300 novos diagn\u00f3sticos por ano; triagem neonatal reduziu idade mediana de identifica\u00e7\u00e3o da doen\u00e7a para menos de tr\u00eas meses O diagn\u00f3stico precoce da fibrose c\u00edstica pode fazer diferen\u00e7a na qualidade de vida das pessoas com a doen\u00e7a. Dados do Minist\u00e9rio da Sa\u00fade mostram que [&hellip;]<\/p>\n","protected":false},"author":2,"featured_media":14741,"comment_status":"closed","ping_status":"closed","sticky":false,"template":"","format":"standard","meta":{"iawp_total_views":1,"footnotes":""},"categories":[5],"tags":[],"class_list":["post-14740","post","type-post","status-publish","format-standard","has-post-thumbnail","hentry","category-saude"],"yoast_head":"<!-- This site is optimized with the Yoast SEO plugin v27.3 - https:\/\/yoast.com\/product\/yoast-seo-wordpress\/ -->\n<title>O Teste do Pezinho \u00e9 o primeiro passo para a triagem da fibrose c\u00edstica na inf\u00e2ncia &#8902; Blog da Condessa<\/title>\n<meta name=\"robots\" content=\"index, follow, max-snippet:-1, max-image-preview:large, max-video-preview:-1\" \/>\n<link rel=\"canonical\" href=\"https:\/\/blogdacondessa.com.br\/blog\/saude\/o-teste-do-pezinho-e-o-primeiro-passo-para-a-triagem-da-fibrose-cistica-na-infancia\/\" \/>\n<meta property=\"og:locale\" content=\"pt_BR\" \/>\n<meta property=\"og:type\" content=\"article\" \/>\n<meta property=\"og:title\" content=\"O Teste do Pezinho \u00e9 o primeiro passo para a triagem da fibrose c\u00edstica na inf\u00e2ncia &#8902; Blog da Condessa\" \/>\n<meta property=\"og:description\" content=\"Setembro Roxo refor\u00e7a import\u00e2ncia do diagn\u00f3stico precoce. Brasil registra cerca de 300 novos diagn\u00f3sticos por ano; triagem neonatal reduziu idade mediana de identifica\u00e7\u00e3o da doen\u00e7a para menos de tr\u00eas meses O diagn\u00f3stico precoce da fibrose c\u00edstica pode fazer diferen\u00e7a na qualidade de vida das pessoas com a doen\u00e7a. Dados do Minist\u00e9rio da Sa\u00fade mostram que [&hellip;]\" \/>\n<meta property=\"og:url\" content=\"https:\/\/blogdacondessa.com.br\/blog\/saude\/o-teste-do-pezinho-e-o-primeiro-passo-para-a-triagem-da-fibrose-cistica-na-infancia\/\" \/>\n<meta property=\"og:site_name\" content=\"Blog da Condessa\" \/>\n<meta property=\"article:published_time\" content=\"2026-09-05T09:00:02+00:00\" \/>\n<meta property=\"og:image\" content=\"https:\/\/blogdacondessa.com.br\/blog\/wp-content\/uploads\/2026\/09\/fibtose-scaled.jpg\" \/>\n\t<meta property=\"og:image:width\" content=\"2560\" \/>\n\t<meta property=\"og:image:height\" content=\"1708\" \/>\n\t<meta property=\"og:image:type\" content=\"image\/jpeg\" \/>\n<meta name=\"author\" content=\"Blog da Condessa\" \/>\n<meta name=\"twitter:card\" content=\"summary_large_image\" \/>\n<meta name=\"twitter:label1\" content=\"Escrito por\" \/>\n\t<meta name=\"twitter:data1\" content=\"Blog da Condessa\" \/>\n\t<meta name=\"twitter:label2\" content=\"Est. tempo de leitura\" \/>\n\t<meta name=\"twitter:data2\" content=\"4 minutos\" \/>\n<script type=\"application\/ld+json\" class=\"yoast-schema-graph\">{\"@context\":\"https:\\\/\\\/schema.org\",\"@graph\":[{\"@type\":\"Article\",\"@id\":\"https:\\\/\\\/blogdacondessa.com.br\\\/blog\\\/saude\\\/o-teste-do-pezinho-e-o-primeiro-passo-para-a-triagem-da-fibrose-cistica-na-infancia\\\/#article\",\"isPartOf\":{\"@id\":\"https:\\\/\\\/blogdacondessa.com.br\\\/blog\\\/saude\\\/o-teste-do-pezinho-e-o-primeiro-passo-para-a-triagem-da-fibrose-cistica-na-infancia\\\/\"},\"author\":{\"name\":\"Blog da Condessa\",\"@id\":\"https:\\\/\\\/blogdacondessa.com.br\\\/blog\\\/#\\\/schema\\\/person\\\/1d667ff8b785195b568677489d266035\"},\"headline\":\"O Teste do Pezinho \u00e9 o primeiro passo para a triagem da fibrose c\u00edstica na inf\u00e2ncia\",\"datePublished\":\"2026-09-05T09:00:02+00:00\",\"mainEntityOfPage\":{\"@id\":\"https:\\\/\\\/blogdacondessa.com.br\\\/blog\\\/saude\\\/o-teste-do-pezinho-e-o-primeiro-passo-para-a-triagem-da-fibrose-cistica-na-infancia\\\/\"},\"wordCount\":802,\"image\":{\"@id\":\"https:\\\/\\\/blogdacondessa.com.br\\\/blog\\\/saude\\\/o-teste-do-pezinho-e-o-primeiro-passo-para-a-triagem-da-fibrose-cistica-na-infancia\\\/#primaryimage\"},\"thumbnailUrl\":\"https:\\\/\\\/blogdacondessa.com.br\\\/blog\\\/wp-content\\\/uploads\\\/2026\\\/09\\\/fibtose-scaled.jpg\",\"articleSection\":[\"Sa\u00fade\"],\"inLanguage\":\"pt-BR\"},{\"@type\":\"WebPage\",\"@id\":\"https:\\\/\\\/blogdacondessa.com.br\\\/blog\\\/saude\\\/o-teste-do-pezinho-e-o-primeiro-passo-para-a-triagem-da-fibrose-cistica-na-infancia\\\/\",\"url\":\"https:\\\/\\\/blogdacondessa.com.br\\\/blog\\\/saude\\\/o-teste-do-pezinho-e-o-primeiro-passo-para-a-triagem-da-fibrose-cistica-na-infancia\\\/\",\"name\":\"O Teste do Pezinho \u00e9 o primeiro passo para a triagem da fibrose c\u00edstica na inf\u00e2ncia &#8902; Blog da Condessa\",\"isPartOf\":{\"@id\":\"https:\\\/\\\/blogdacondessa.com.br\\\/blog\\\/#website\"},\"primaryImageOfPage\":{\"@id\":\"https:\\\/\\\/blogdacondessa.com.br\\\/blog\\\/saude\\\/o-teste-do-pezinho-e-o-primeiro-passo-para-a-triagem-da-fibrose-cistica-na-infancia\\\/#primaryimage\"},\"image\":{\"@id\":\"https:\\\/\\\/blogdacondessa.com.br\\\/blog\\\/saude\\\/o-teste-do-pezinho-e-o-primeiro-passo-para-a-triagem-da-fibrose-cistica-na-infancia\\\/#primaryimage\"},\"thumbnailUrl\":\"https:\\\/\\\/blogdacondessa.com.br\\\/blog\\\/wp-content\\\/uploads\\\/2026\\\/09\\\/fibtose-scaled.jpg\",\"datePublished\":\"2026-09-05T09:00:02+00:00\",\"author\":{\"@id\":\"https:\\\/\\\/blogdacondessa.com.br\\\/blog\\\/#\\\/schema\\\/person\\\/1d667ff8b785195b568677489d266035\"},\"breadcrumb\":{\"@id\":\"https:\\\/\\\/blogdacondessa.com.br\\\/blog\\\/saude\\\/o-teste-do-pezinho-e-o-primeiro-passo-para-a-triagem-da-fibrose-cistica-na-infancia\\\/#breadcrumb\"},\"inLanguage\":\"pt-BR\",\"potentialAction\":[{\"@type\":\"ReadAction\",\"target\":[\"https:\\\/\\\/blogdacondessa.com.br\\\/blog\\\/saude\\\/o-teste-do-pezinho-e-o-primeiro-passo-para-a-triagem-da-fibrose-cistica-na-infancia\\\/\"]}]},{\"@type\":\"ImageObject\",\"inLanguage\":\"pt-BR\",\"@id\":\"https:\\\/\\\/blogdacondessa.com.br\\\/blog\\\/saude\\\/o-teste-do-pezinho-e-o-primeiro-passo-para-a-triagem-da-fibrose-cistica-na-infancia\\\/#primaryimage\",\"url\":\"https:\\\/\\\/blogdacondessa.com.br\\\/blog\\\/wp-content\\\/uploads\\\/2026\\\/09\\\/fibtose-scaled.jpg\",\"contentUrl\":\"https:\\\/\\\/blogdacondessa.com.br\\\/blog\\\/wp-content\\\/uploads\\\/2026\\\/09\\\/fibtose-scaled.jpg\",\"width\":2560,\"height\":1708,\"caption\":\"Doctor checking a breathing of a patient\"},{\"@type\":\"BreadcrumbList\",\"@id\":\"https:\\\/\\\/blogdacondessa.com.br\\\/blog\\\/saude\\\/o-teste-do-pezinho-e-o-primeiro-passo-para-a-triagem-da-fibrose-cistica-na-infancia\\\/#breadcrumb\",\"itemListElement\":[{\"@type\":\"ListItem\",\"position\":1,\"name\":\"In\u00edcio\",\"item\":\"https:\\\/\\\/blogdacondessa.com.br\\\/blog\\\/\"},{\"@type\":\"ListItem\",\"position\":2,\"name\":\"O Teste do Pezinho \u00e9 o primeiro passo para a triagem da fibrose c\u00edstica na inf\u00e2ncia\"}]},{\"@type\":\"WebSite\",\"@id\":\"https:\\\/\\\/blogdacondessa.com.br\\\/blog\\\/#website\",\"url\":\"https:\\\/\\\/blogdacondessa.com.br\\\/blog\\\/\",\"name\":\"Blog da Condessa\",\"description\":\"Com Shirley de Souza O\u2019Campos\",\"potentialAction\":[{\"@type\":\"SearchAction\",\"target\":{\"@type\":\"EntryPoint\",\"urlTemplate\":\"https:\\\/\\\/blogdacondessa.com.br\\\/blog\\\/?s={search_term_string}\"},\"query-input\":{\"@type\":\"PropertyValueSpecification\",\"valueRequired\":true,\"valueName\":\"search_term_string\"}}],\"inLanguage\":\"pt-BR\"},{\"@type\":\"Person\",\"@id\":\"https:\\\/\\\/blogdacondessa.com.br\\\/blog\\\/#\\\/schema\\\/person\\\/1d667ff8b785195b568677489d266035\",\"name\":\"Blog da Condessa\",\"image\":{\"@type\":\"ImageObject\",\"inLanguage\":\"pt-BR\",\"@id\":\"https:\\\/\\\/secure.gravatar.com\\\/avatar\\\/377c0eb8b4ad2bfc25461b41564b5971e721ca34a57642868fc7b0c8ac7b52c5?s=96&d=mm&r=g\",\"url\":\"https:\\\/\\\/secure.gravatar.com\\\/avatar\\\/377c0eb8b4ad2bfc25461b41564b5971e721ca34a57642868fc7b0c8ac7b52c5?s=96&d=mm&r=g\",\"contentUrl\":\"https:\\\/\\\/secure.gravatar.com\\\/avatar\\\/377c0eb8b4ad2bfc25461b41564b5971e721ca34a57642868fc7b0c8ac7b52c5?s=96&d=mm&r=g\",\"caption\":\"Blog da Condessa\"},\"url\":\"https:\\\/\\\/blogdacondessa.com.br\\\/blog\\\/author\\\/beatriz\\\/\"}]}<\/script>\n<!-- \/ Yoast SEO plugin. -->","yoast_head_json":{"title":"O Teste do Pezinho \u00e9 o primeiro passo para a triagem da fibrose c\u00edstica na inf\u00e2ncia &#8902; Blog da Condessa","robots":{"index":"index","follow":"follow","max-snippet":"max-snippet:-1","max-image-preview":"max-image-preview:large","max-video-preview":"max-video-preview:-1"},"canonical":"https:\/\/blogdacondessa.com.br\/blog\/saude\/o-teste-do-pezinho-e-o-primeiro-passo-para-a-triagem-da-fibrose-cistica-na-infancia\/","og_locale":"pt_BR","og_type":"article","og_title":"O Teste do Pezinho \u00e9 o primeiro passo para a triagem da fibrose c\u00edstica na inf\u00e2ncia &#8902; Blog da Condessa","og_description":"Setembro Roxo refor\u00e7a import\u00e2ncia do diagn\u00f3stico precoce. Brasil registra cerca de 300 novos diagn\u00f3sticos por ano; triagem neonatal reduziu idade mediana de identifica\u00e7\u00e3o da doen\u00e7a para menos de tr\u00eas meses O diagn\u00f3stico precoce da fibrose c\u00edstica pode fazer diferen\u00e7a na qualidade de vida das pessoas com a doen\u00e7a. Dados do Minist\u00e9rio da Sa\u00fade mostram que [&hellip;]","og_url":"https:\/\/blogdacondessa.com.br\/blog\/saude\/o-teste-do-pezinho-e-o-primeiro-passo-para-a-triagem-da-fibrose-cistica-na-infancia\/","og_site_name":"Blog da Condessa","article_published_time":"2026-09-05T09:00:02+00:00","og_image":[{"width":2560,"height":1708,"url":"https:\/\/blogdacondessa.com.br\/blog\/wp-content\/uploads\/2026\/09\/fibtose-scaled.jpg","type":"image\/jpeg"}],"author":"Blog da Condessa","twitter_card":"summary_large_image","twitter_misc":{"Escrito por":"Blog da Condessa","Est. tempo de leitura":"4 minutos"},"schema":{"@context":"https:\/\/schema.org","@graph":[{"@type":"Article","@id":"https:\/\/blogdacondessa.com.br\/blog\/saude\/o-teste-do-pezinho-e-o-primeiro-passo-para-a-triagem-da-fibrose-cistica-na-infancia\/#article","isPartOf":{"@id":"https:\/\/blogdacondessa.com.br\/blog\/saude\/o-teste-do-pezinho-e-o-primeiro-passo-para-a-triagem-da-fibrose-cistica-na-infancia\/"},"author":{"name":"Blog da Condessa","@id":"https:\/\/blogdacondessa.com.br\/blog\/#\/schema\/person\/1d667ff8b785195b568677489d266035"},"headline":"O Teste do Pezinho \u00e9 o primeiro passo para a triagem da fibrose c\u00edstica na inf\u00e2ncia","datePublished":"2026-09-05T09:00:02+00:00","mainEntityOfPage":{"@id":"https:\/\/blogdacondessa.com.br\/blog\/saude\/o-teste-do-pezinho-e-o-primeiro-passo-para-a-triagem-da-fibrose-cistica-na-infancia\/"},"wordCount":802,"image":{"@id":"https:\/\/blogdacondessa.com.br\/blog\/saude\/o-teste-do-pezinho-e-o-primeiro-passo-para-a-triagem-da-fibrose-cistica-na-infancia\/#primaryimage"},"thumbnailUrl":"https:\/\/blogdacondessa.com.br\/blog\/wp-content\/uploads\/2026\/09\/fibtose-scaled.jpg","articleSection":["Sa\u00fade"],"inLanguage":"pt-BR"},{"@type":"WebPage","@id":"https:\/\/blogdacondessa.com.br\/blog\/saude\/o-teste-do-pezinho-e-o-primeiro-passo-para-a-triagem-da-fibrose-cistica-na-infancia\/","url":"https:\/\/blogdacondessa.com.br\/blog\/saude\/o-teste-do-pezinho-e-o-primeiro-passo-para-a-triagem-da-fibrose-cistica-na-infancia\/","name":"O Teste do Pezinho \u00e9 o primeiro passo para a triagem da fibrose c\u00edstica na inf\u00e2ncia &#8902; Blog da Condessa","isPartOf":{"@id":"https:\/\/blogdacondessa.com.br\/blog\/#website"},"primaryImageOfPage":{"@id":"https:\/\/blogdacondessa.com.br\/blog\/saude\/o-teste-do-pezinho-e-o-primeiro-passo-para-a-triagem-da-fibrose-cistica-na-infancia\/#primaryimage"},"image":{"@id":"https:\/\/blogdacondessa.com.br\/blog\/saude\/o-teste-do-pezinho-e-o-primeiro-passo-para-a-triagem-da-fibrose-cistica-na-infancia\/#primaryimage"},"thumbnailUrl":"https:\/\/blogdacondessa.com.br\/blog\/wp-content\/uploads\/2026\/09\/fibtose-scaled.jpg","datePublished":"2026-09-05T09:00:02+00:00","author":{"@id":"https:\/\/blogdacondessa.com.br\/blog\/#\/schema\/person\/1d667ff8b785195b568677489d266035"},"breadcrumb":{"@id":"https:\/\/blogdacondessa.com.br\/blog\/saude\/o-teste-do-pezinho-e-o-primeiro-passo-para-a-triagem-da-fibrose-cistica-na-infancia\/#breadcrumb"},"inLanguage":"pt-BR","potentialAction":[{"@type":"ReadAction","target":["https:\/\/blogdacondessa.com.br\/blog\/saude\/o-teste-do-pezinho-e-o-primeiro-passo-para-a-triagem-da-fibrose-cistica-na-infancia\/"]}]},{"@type":"ImageObject","inLanguage":"pt-BR","@id":"https:\/\/blogdacondessa.com.br\/blog\/saude\/o-teste-do-pezinho-e-o-primeiro-passo-para-a-triagem-da-fibrose-cistica-na-infancia\/#primaryimage","url":"https:\/\/blogdacondessa.com.br\/blog\/wp-content\/uploads\/2026\/09\/fibtose-scaled.jpg","contentUrl":"https:\/\/blogdacondessa.com.br\/blog\/wp-content\/uploads\/2026\/09\/fibtose-scaled.jpg","width":2560,"height":1708,"caption":"Doctor checking a breathing of a patient"},{"@type":"BreadcrumbList","@id":"https:\/\/blogdacondessa.com.br\/blog\/saude\/o-teste-do-pezinho-e-o-primeiro-passo-para-a-triagem-da-fibrose-cistica-na-infancia\/#breadcrumb","itemListElement":[{"@type":"ListItem","position":1,"name":"In\u00edcio","item":"https:\/\/blogdacondessa.com.br\/blog\/"},{"@type":"ListItem","position":2,"name":"O Teste do Pezinho \u00e9 o primeiro passo para a triagem da fibrose c\u00edstica na inf\u00e2ncia"}]},{"@type":"WebSite","@id":"https:\/\/blogdacondessa.com.br\/blog\/#website","url":"https:\/\/blogdacondessa.com.br\/blog\/","name":"Blog da Condessa","description":"Com Shirley de Souza O\u2019Campos","potentialAction":[{"@type":"SearchAction","target":{"@type":"EntryPoint","urlTemplate":"https:\/\/blogdacondessa.com.br\/blog\/?s={search_term_string}"},"query-input":{"@type":"PropertyValueSpecification","valueRequired":true,"valueName":"search_term_string"}}],"inLanguage":"pt-BR"},{"@type":"Person","@id":"https:\/\/blogdacondessa.com.br\/blog\/#\/schema\/person\/1d667ff8b785195b568677489d266035","name":"Blog da Condessa","image":{"@type":"ImageObject","inLanguage":"pt-BR","@id":"https:\/\/secure.gravatar.com\/avatar\/377c0eb8b4ad2bfc25461b41564b5971e721ca34a57642868fc7b0c8ac7b52c5?s=96&d=mm&r=g","url":"https:\/\/secure.gravatar.com\/avatar\/377c0eb8b4ad2bfc25461b41564b5971e721ca34a57642868fc7b0c8ac7b52c5?s=96&d=mm&r=g","contentUrl":"https:\/\/secure.gravatar.com\/avatar\/377c0eb8b4ad2bfc25461b41564b5971e721ca34a57642868fc7b0c8ac7b52c5?s=96&d=mm&r=g","caption":"Blog da Condessa"},"url":"https:\/\/blogdacondessa.com.br\/blog\/author\/beatriz\/"}]}},"_links":{"self":[{"href":"https:\/\/blogdacondessa.com.br\/blog\/wp-json\/wp\/v2\/posts\/14740","targetHints":{"allow":["GET"]}}],"collection":[{"href":"https:\/\/blogdacondessa.com.br\/blog\/wp-json\/wp\/v2\/posts"}],"about":[{"href":"https:\/\/blogdacondessa.com.br\/blog\/wp-json\/wp\/v2\/types\/post"}],"author":[{"embeddable":true,"href":"https:\/\/blogdacondessa.com.br\/blog\/wp-json\/wp\/v2\/users\/2"}],"replies":[{"embeddable":true,"href":"https:\/\/blogdacondessa.com.br\/blog\/wp-json\/wp\/v2\/comments?post=14740"}],"version-history":[{"count":1,"href":"https:\/\/blogdacondessa.com.br\/blog\/wp-json\/wp\/v2\/posts\/14740\/revisions"}],"predecessor-version":[{"id":14742,"href":"https:\/\/blogdacondessa.com.br\/blog\/wp-json\/wp\/v2\/posts\/14740\/revisions\/14742"}],"wp:featuredmedia":[{"embeddable":true,"href":"https:\/\/blogdacondessa.com.br\/blog\/wp-json\/wp\/v2\/media\/14741"}],"wp:attachment":[{"href":"https:\/\/blogdacondessa.com.br\/blog\/wp-json\/wp\/v2\/media?parent=14740"}],"wp:term":[{"taxonomy":"category","embeddable":true,"href":"https:\/\/blogdacondessa.com.br\/blog\/wp-json\/wp\/v2\/categories?post=14740"},{"taxonomy":"post_tag","embeddable":true,"href":"https:\/\/blogdacondessa.com.br\/blog\/wp-json\/wp\/v2\/tags?post=14740"}],"curies":[{"name":"wp","href":"https:\/\/api.w.org\/{rel}","templated":true}]}}