{"id":14737,"date":"2026-09-05T05:00:55","date_gmt":"2026-09-05T09:00:55","guid":{"rendered":"https:\/\/blogdacondessa.com.br\/blog\/?p=14737"},"modified":"2026-09-04T17:46:53","modified_gmt":"2026-09-04T21:46:53","slug":"aml-reforca-a-aproximacao-da-academia-com-a-sociedade","status":"publish","type":"post","link":"https:\/\/blogdacondessa.com.br\/blog\/cultura\/aml-reforca-a-aproximacao-da-academia-com-a-sociedade\/","title":{"rendered":"AML refor\u00e7a a aproxima\u00e7\u00e3o da Academia com a sociedade"},"content":{"rendered":"<p>Tr\u00eas dias de programa\u00e7\u00e3o gratuita, convidados de institui\u00e7\u00f5es liter\u00e1rias de outros estados, encontros de saberes, literatura, cultura urbana, tecnologia, Intelig\u00eancia Artificial e uma s\u00e9rie de lan\u00e7amentos v\u00e3o marcar os 105 anos da Academia Mato-grossense de Letras (AML). As atividades ser\u00e3o realizadas nos dias 8, 10 e 12 de setembro, na Casa Bar\u00e3o, sede da institui\u00e7\u00e3o, no Centro Hist\u00f3rico de Cuiab\u00e1. Entre as novidades est\u00e3o a inaugura\u00e7\u00e3o do Ponto das Letras, o lan\u00e7amento de uma cartilha sobre o Intensivismo, do livro \u201cIdentidade Cuiabana \u2013 Vozes po\u00e9ticas do Centro Hist\u00f3rico\u201d, al\u00e9m de revista, game, totem e document\u00e1rio.<\/p>\n<p>Fundada em 7 de setembro de 1921, a AML chega aos 105 anos ampliando a programa\u00e7\u00e3o tradicional de anivers\u00e1rio. A proposta \u00e9 reunir diferentes gera\u00e7\u00f5es e p\u00fablicos e aproximar ainda mais a institui\u00e7\u00e3o da popula\u00e7\u00e3o, fazendo da Casa Bar\u00e3o um espa\u00e7o de encontro, circula\u00e7\u00e3o de conhecimentos, experimenta\u00e7\u00e3o e pertencimento.<\/p>\n<p>Entre os convidados est\u00e3o o fil\u00f3logo e linguista Ricardo Cavaliere, membro da Academia Brasileira de Letras (ABL), e o professor e escritor Alberto Rostand Lanverly, presidente da Academia Alagoana de Letras (AAL). Os dois participam de encontros com acad\u00eamicos e comunidade, promovendo interc\u00e2mbio entre a produ\u00e7\u00e3o intelectual e liter\u00e1ria de Mato Grosso e de outras regi\u00f5es do pa\u00eds.<\/p>\n<p>O evento \u00e9 realizado atrav\u00e9s de parceria com o Governo de Mato Grosso, por meio da Secretaria de Estado de Cultura, Esporte e Lazer (Secel).<\/p>\n<p>A programa\u00e7\u00e3o come\u00e7a na ter\u00e7a-feira (8), com a inaugura\u00e7\u00e3o do Ponto das Letras, Ponto de Cultura da AML, e o primeiro Encontro de Saberes, destinado a professores da rede municipal de educa\u00e7\u00e3o. A acad\u00eamica Cristina Campos abordar\u00e1 o Intensivismo, movimento liter\u00e1rio e cultural de vanguarda nascido em Cuiab\u00e1 e desenvolvido em meados do s\u00e9culo XX. Na ocasi\u00e3o, tamb\u00e9m ser\u00e1 lan\u00e7ada uma cartilha tem\u00e1tica.<\/p>\n<p>Na quinta-feira (10), a Casa Bar\u00e3o ter\u00e1 atividades desde o per\u00edodo da tarde, envolvendo crian\u00e7as e adolescentes da rede municipal, Ciranda Liter\u00e1ria, Encontrinho de Saberes, Oficina de Cultura Urbana, proje\u00e7\u00f5es, Intelig\u00eancia Artificial, artefatos relacionados aos Povos Origin\u00e1rios e outras manifesta\u00e7\u00f5es culturais.<\/p>\n<p>\u00c0 noite ser\u00e1 realizada a edi\u00e7\u00e3o comemorativa do Casa Aberta, com visita guiada, sess\u00e3o festiva, celebra\u00e7\u00e3o dos Amigos da AML e Encontro de Saberes com Ricardo Cavaliere, acad\u00eamicos e comunidade. A noite tamb\u00e9m reserva o lan\u00e7amento de novos produtos da Academia: revista, game, totem e document\u00e1rio.<\/p>\n<p>J\u00e1 no s\u00e1bado (12), a programa\u00e7\u00e3o inclui Assembleia da AML e Encontro de Saberes com Alberto Rostand Lanverly e integrantes da Academia Mato-grossense de Letras.<\/p>\n<p><strong>PROGRAMA\u00c7\u00c3O<\/strong><\/p>\n<p><u>8 de setembro \u2013 ter\u00e7a-feira<\/u><\/p>\n<p>14h30\u2013 Inaugura\u00e7\u00e3o do Ponto das Letras, Ponto de Cultura da AML, e Encontro de Saberes, com participa\u00e7\u00e3o de professores da rede municipal de educa\u00e7\u00e3o e da acad\u00eamica Cristina Campos, abordando o Intensivismo, com lan\u00e7amento de cartilha tem\u00e1tica.<\/p>\n<p><u>10 de setembro \u2013 quinta-feira<\/u><\/p>\n<p>14h30\u2013 Ciranda Liter\u00e1ria, com livros para visita\u00e7\u00e3o e venda; visita de crian\u00e7as e adolescentes da rede municipal de educa\u00e7\u00e3o; Encontrinho de Saberes, coordenado por Jorge Barbosa; Oficina de Cultura Urbana; lanche; proje\u00e7\u00f5es; Intelig\u00eancia Artificial; instala\u00e7\u00f5es de artefatos de Povos Origin\u00e1rios e Cultura Urbana.<\/p>\n<p>18h30 \u2013 Recep\u00e7\u00e3o do Casa Aberta e visita guiada.<\/p>\n<p>19h\u2013 Casa Aberta \u2013 Sess\u00e3o Festiva, com sauda\u00e7\u00e3o do acad\u00eamico Aclyse Mattos e Encontro de Saberes entre Ricardo Cavaliere, acad\u00eamicos da AML e comunidade.<\/p>\n<p>20hCelebra\u00e7\u00e3o dos Amigos da AML.<\/p>\n<p>20h30 \u2013 Lan\u00e7amento de revista, game, totem e document\u00e1rio.<\/p>\n<p><u>12 de setembro \u2013 s\u00e1bado<\/u><\/p>\n<p>Assembleia da AML e Encontro de Saberes entre o professor e escritor Alberto Rostand Lanverly, presidente da Academia Alagoana de Letras, e membros da Academia Mato-grossense de Letras.<\/p>\n<p><strong>SERVI\u00c7O<\/strong><\/p>\n<p>O qu\u00ea: Comemora\u00e7\u00f5es dos 105 anos da Academia Mato-grossense de Letras<\/p>\n<p>Quando: 8, 10 e 12 de setembro de 2026<\/p>\n<p>Onde: Casa Bar\u00e3o, sede da Academia Mato-grossense de Letras<\/p>\n<p>Endere\u00e7o: Rua Bar\u00e3o de Melga\u00e7o, 3869, Centro, Cuiab\u00e1 (MT)<\/p>\n<p>Entrada: gratuita<\/p>\n<p>Transmiss\u00e3o on-line: canal da Academia Mato-grossense de Letras no YouTube<\/p>\n<p>Instagram: @academiamtdeletras<\/p>\n","protected":false},"excerpt":{"rendered":"<p>Tr\u00eas dias de programa\u00e7\u00e3o gratuita, convidados de institui\u00e7\u00f5es liter\u00e1rias de outros estados, encontros de saberes, literatura, cultura urbana, tecnologia, Intelig\u00eancia Artificial e uma s\u00e9rie de lan\u00e7amentos v\u00e3o marcar os 105 anos da Academia Mato-grossense de Letras (AML). As atividades ser\u00e3o realizadas nos dias 8, 10 e 12 de setembro, na Casa Bar\u00e3o, sede da institui\u00e7\u00e3o, [&hellip;]<\/p>\n","protected":false},"author":2,"featured_media":14738,"comment_status":"closed","ping_status":"closed","sticky":false,"template":"","format":"standard","meta":{"iawp_total_views":1,"footnotes":""},"categories":[18],"tags":[],"class_list":["post-14737","post","type-post","status-publish","format-standard","has-post-thumbnail","hentry","category-cultura"],"yoast_head":"<!-- This site is optimized with the Yoast SEO plugin v27.3 - https:\/\/yoast.com\/product\/yoast-seo-wordpress\/ -->\n<title>AML refor\u00e7a a aproxima\u00e7\u00e3o da Academia com a sociedade &#8902; Blog da Condessa<\/title>\n<meta name=\"robots\" content=\"index, follow, max-snippet:-1, max-image-preview:large, max-video-preview:-1\" \/>\n<link rel=\"canonical\" href=\"https:\/\/blogdacondessa.com.br\/blog\/cultura\/aml-reforca-a-aproximacao-da-academia-com-a-sociedade\/\" \/>\n<meta property=\"og:locale\" content=\"pt_BR\" \/>\n<meta property=\"og:type\" content=\"article\" \/>\n<meta property=\"og:title\" content=\"AML refor\u00e7a a aproxima\u00e7\u00e3o da Academia com a sociedade &#8902; Blog da Condessa\" \/>\n<meta property=\"og:description\" content=\"Tr\u00eas dias de programa\u00e7\u00e3o gratuita, convidados de institui\u00e7\u00f5es liter\u00e1rias de outros estados, encontros de saberes, literatura, cultura urbana, tecnologia, Intelig\u00eancia Artificial e uma s\u00e9rie de lan\u00e7amentos v\u00e3o marcar os 105 anos da Academia Mato-grossense de Letras (AML). As atividades ser\u00e3o realizadas nos dias 8, 10 e 12 de setembro, na Casa Bar\u00e3o, sede da institui\u00e7\u00e3o, [&hellip;]\" \/>\n<meta property=\"og:url\" content=\"https:\/\/blogdacondessa.com.br\/blog\/cultura\/aml-reforca-a-aproximacao-da-academia-com-a-sociedade\/\" \/>\n<meta property=\"og:site_name\" content=\"Blog da Condessa\" \/>\n<meta property=\"article:published_time\" content=\"2026-09-05T09:00:55+00:00\" \/>\n<meta property=\"og:image\" content=\"https:\/\/blogdacondessa.com.br\/blog\/wp-content\/uploads\/2026\/09\/AML.jpg\" \/>\n\t<meta property=\"og:image:width\" content=\"1052\" \/>\n\t<meta property=\"og:image:height\" content=\"1600\" \/>\n\t<meta property=\"og:image:type\" content=\"image\/jpeg\" \/>\n<meta name=\"author\" content=\"Blog da Condessa\" \/>\n<meta name=\"twitter:card\" content=\"summary_large_image\" \/>\n<meta name=\"twitter:label1\" content=\"Escrito por\" \/>\n\t<meta name=\"twitter:data1\" content=\"Blog da Condessa\" \/>\n\t<meta name=\"twitter:label2\" content=\"Est. tempo de leitura\" \/>\n\t<meta name=\"twitter:data2\" content=\"4 minutos\" \/>\n<script type=\"application\/ld+json\" class=\"yoast-schema-graph\">{\"@context\":\"https:\\\/\\\/schema.org\",\"@graph\":[{\"@type\":\"Article\",\"@id\":\"https:\\\/\\\/blogdacondessa.com.br\\\/blog\\\/cultura\\\/aml-reforca-a-aproximacao-da-academia-com-a-sociedade\\\/#article\",\"isPartOf\":{\"@id\":\"https:\\\/\\\/blogdacondessa.com.br\\\/blog\\\/cultura\\\/aml-reforca-a-aproximacao-da-academia-com-a-sociedade\\\/\"},\"author\":{\"name\":\"Blog da Condessa\",\"@id\":\"https:\\\/\\\/blogdacondessa.com.br\\\/blog\\\/#\\\/schema\\\/person\\\/1d667ff8b785195b568677489d266035\"},\"headline\":\"AML refor\u00e7a a aproxima\u00e7\u00e3o da Academia com a sociedade\",\"datePublished\":\"2026-09-05T09:00:55+00:00\",\"mainEntityOfPage\":{\"@id\":\"https:\\\/\\\/blogdacondessa.com.br\\\/blog\\\/cultura\\\/aml-reforca-a-aproximacao-da-academia-com-a-sociedade\\\/\"},\"wordCount\":707,\"image\":{\"@id\":\"https:\\\/\\\/blogdacondessa.com.br\\\/blog\\\/cultura\\\/aml-reforca-a-aproximacao-da-academia-com-a-sociedade\\\/#primaryimage\"},\"thumbnailUrl\":\"https:\\\/\\\/blogdacondessa.com.br\\\/blog\\\/wp-content\\\/uploads\\\/2026\\\/09\\\/AML.jpg\",\"articleSection\":[\"Cultura\"],\"inLanguage\":\"pt-BR\"},{\"@type\":\"WebPage\",\"@id\":\"https:\\\/\\\/blogdacondessa.com.br\\\/blog\\\/cultura\\\/aml-reforca-a-aproximacao-da-academia-com-a-sociedade\\\/\",\"url\":\"https:\\\/\\\/blogdacondessa.com.br\\\/blog\\\/cultura\\\/aml-reforca-a-aproximacao-da-academia-com-a-sociedade\\\/\",\"name\":\"AML refor\u00e7a a aproxima\u00e7\u00e3o da Academia com a sociedade &#8902; Blog da Condessa\",\"isPartOf\":{\"@id\":\"https:\\\/\\\/blogdacondessa.com.br\\\/blog\\\/#website\"},\"primaryImageOfPage\":{\"@id\":\"https:\\\/\\\/blogdacondessa.com.br\\\/blog\\\/cultura\\\/aml-reforca-a-aproximacao-da-academia-com-a-sociedade\\\/#primaryimage\"},\"image\":{\"@id\":\"https:\\\/\\\/blogdacondessa.com.br\\\/blog\\\/cultura\\\/aml-reforca-a-aproximacao-da-academia-com-a-sociedade\\\/#primaryimage\"},\"thumbnailUrl\":\"https:\\\/\\\/blogdacondessa.com.br\\\/blog\\\/wp-content\\\/uploads\\\/2026\\\/09\\\/AML.jpg\",\"datePublished\":\"2026-09-05T09:00:55+00:00\",\"author\":{\"@id\":\"https:\\\/\\\/blogdacondessa.com.br\\\/blog\\\/#\\\/schema\\\/person\\\/1d667ff8b785195b568677489d266035\"},\"breadcrumb\":{\"@id\":\"https:\\\/\\\/blogdacondessa.com.br\\\/blog\\\/cultura\\\/aml-reforca-a-aproximacao-da-academia-com-a-sociedade\\\/#breadcrumb\"},\"inLanguage\":\"pt-BR\",\"potentialAction\":[{\"@type\":\"ReadAction\",\"target\":[\"https:\\\/\\\/blogdacondessa.com.br\\\/blog\\\/cultura\\\/aml-reforca-a-aproximacao-da-academia-com-a-sociedade\\\/\"]}]},{\"@type\":\"ImageObject\",\"inLanguage\":\"pt-BR\",\"@id\":\"https:\\\/\\\/blogdacondessa.com.br\\\/blog\\\/cultura\\\/aml-reforca-a-aproximacao-da-academia-com-a-sociedade\\\/#primaryimage\",\"url\":\"https:\\\/\\\/blogdacondessa.com.br\\\/blog\\\/wp-content\\\/uploads\\\/2026\\\/09\\\/AML.jpg\",\"contentUrl\":\"https:\\\/\\\/blogdacondessa.com.br\\\/blog\\\/wp-content\\\/uploads\\\/2026\\\/09\\\/AML.jpg\",\"width\":1052,\"height\":1600,\"caption\":\"Foto: Divulga\u00e7\u00e3o\"},{\"@type\":\"BreadcrumbList\",\"@id\":\"https:\\\/\\\/blogdacondessa.com.br\\\/blog\\\/cultura\\\/aml-reforca-a-aproximacao-da-academia-com-a-sociedade\\\/#breadcrumb\",\"itemListElement\":[{\"@type\":\"ListItem\",\"position\":1,\"name\":\"In\u00edcio\",\"item\":\"https:\\\/\\\/blogdacondessa.com.br\\\/blog\\\/\"},{\"@type\":\"ListItem\",\"position\":2,\"name\":\"AML refor\u00e7a a aproxima\u00e7\u00e3o da Academia com a sociedade\"}]},{\"@type\":\"WebSite\",\"@id\":\"https:\\\/\\\/blogdacondessa.com.br\\\/blog\\\/#website\",\"url\":\"https:\\\/\\\/blogdacondessa.com.br\\\/blog\\\/\",\"name\":\"Blog da Condessa\",\"description\":\"Com Shirley de Souza O\u2019Campos\",\"potentialAction\":[{\"@type\":\"SearchAction\",\"target\":{\"@type\":\"EntryPoint\",\"urlTemplate\":\"https:\\\/\\\/blogdacondessa.com.br\\\/blog\\\/?s={search_term_string}\"},\"query-input\":{\"@type\":\"PropertyValueSpecification\",\"valueRequired\":true,\"valueName\":\"search_term_string\"}}],\"inLanguage\":\"pt-BR\"},{\"@type\":\"Person\",\"@id\":\"https:\\\/\\\/blogdacondessa.com.br\\\/blog\\\/#\\\/schema\\\/person\\\/1d667ff8b785195b568677489d266035\",\"name\":\"Blog da Condessa\",\"image\":{\"@type\":\"ImageObject\",\"inLanguage\":\"pt-BR\",\"@id\":\"https:\\\/\\\/secure.gravatar.com\\\/avatar\\\/377c0eb8b4ad2bfc25461b41564b5971e721ca34a57642868fc7b0c8ac7b52c5?s=96&d=mm&r=g\",\"url\":\"https:\\\/\\\/secure.gravatar.com\\\/avatar\\\/377c0eb8b4ad2bfc25461b41564b5971e721ca34a57642868fc7b0c8ac7b52c5?s=96&d=mm&r=g\",\"contentUrl\":\"https:\\\/\\\/secure.gravatar.com\\\/avatar\\\/377c0eb8b4ad2bfc25461b41564b5971e721ca34a57642868fc7b0c8ac7b52c5?s=96&d=mm&r=g\",\"caption\":\"Blog da Condessa\"},\"url\":\"https:\\\/\\\/blogdacondessa.com.br\\\/blog\\\/author\\\/beatriz\\\/\"}]}<\/script>\n<!-- \/ Yoast SEO plugin. -->","yoast_head_json":{"title":"AML refor\u00e7a a aproxima\u00e7\u00e3o da Academia com a sociedade &#8902; Blog da Condessa","robots":{"index":"index","follow":"follow","max-snippet":"max-snippet:-1","max-image-preview":"max-image-preview:large","max-video-preview":"max-video-preview:-1"},"canonical":"https:\/\/blogdacondessa.com.br\/blog\/cultura\/aml-reforca-a-aproximacao-da-academia-com-a-sociedade\/","og_locale":"pt_BR","og_type":"article","og_title":"AML refor\u00e7a a aproxima\u00e7\u00e3o da Academia com a sociedade &#8902; Blog da Condessa","og_description":"Tr\u00eas dias de programa\u00e7\u00e3o gratuita, convidados de institui\u00e7\u00f5es liter\u00e1rias de outros estados, encontros de saberes, literatura, cultura urbana, tecnologia, Intelig\u00eancia Artificial e uma s\u00e9rie de lan\u00e7amentos v\u00e3o marcar os 105 anos da Academia Mato-grossense de Letras (AML). As atividades ser\u00e3o realizadas nos dias 8, 10 e 12 de setembro, na Casa Bar\u00e3o, sede da institui\u00e7\u00e3o, [&hellip;]","og_url":"https:\/\/blogdacondessa.com.br\/blog\/cultura\/aml-reforca-a-aproximacao-da-academia-com-a-sociedade\/","og_site_name":"Blog da Condessa","article_published_time":"2026-09-05T09:00:55+00:00","og_image":[{"width":1052,"height":1600,"url":"https:\/\/blogdacondessa.com.br\/blog\/wp-content\/uploads\/2026\/09\/AML.jpg","type":"image\/jpeg"}],"author":"Blog da Condessa","twitter_card":"summary_large_image","twitter_misc":{"Escrito por":"Blog da Condessa","Est. tempo de leitura":"4 minutos"},"schema":{"@context":"https:\/\/schema.org","@graph":[{"@type":"Article","@id":"https:\/\/blogdacondessa.com.br\/blog\/cultura\/aml-reforca-a-aproximacao-da-academia-com-a-sociedade\/#article","isPartOf":{"@id":"https:\/\/blogdacondessa.com.br\/blog\/cultura\/aml-reforca-a-aproximacao-da-academia-com-a-sociedade\/"},"author":{"name":"Blog da Condessa","@id":"https:\/\/blogdacondessa.com.br\/blog\/#\/schema\/person\/1d667ff8b785195b568677489d266035"},"headline":"AML refor\u00e7a a aproxima\u00e7\u00e3o da Academia com a sociedade","datePublished":"2026-09-05T09:00:55+00:00","mainEntityOfPage":{"@id":"https:\/\/blogdacondessa.com.br\/blog\/cultura\/aml-reforca-a-aproximacao-da-academia-com-a-sociedade\/"},"wordCount":707,"image":{"@id":"https:\/\/blogdacondessa.com.br\/blog\/cultura\/aml-reforca-a-aproximacao-da-academia-com-a-sociedade\/#primaryimage"},"thumbnailUrl":"https:\/\/blogdacondessa.com.br\/blog\/wp-content\/uploads\/2026\/09\/AML.jpg","articleSection":["Cultura"],"inLanguage":"pt-BR"},{"@type":"WebPage","@id":"https:\/\/blogdacondessa.com.br\/blog\/cultura\/aml-reforca-a-aproximacao-da-academia-com-a-sociedade\/","url":"https:\/\/blogdacondessa.com.br\/blog\/cultura\/aml-reforca-a-aproximacao-da-academia-com-a-sociedade\/","name":"AML refor\u00e7a a aproxima\u00e7\u00e3o da Academia com a sociedade &#8902; Blog da Condessa","isPartOf":{"@id":"https:\/\/blogdacondessa.com.br\/blog\/#website"},"primaryImageOfPage":{"@id":"https:\/\/blogdacondessa.com.br\/blog\/cultura\/aml-reforca-a-aproximacao-da-academia-com-a-sociedade\/#primaryimage"},"image":{"@id":"https:\/\/blogdacondessa.com.br\/blog\/cultura\/aml-reforca-a-aproximacao-da-academia-com-a-sociedade\/#primaryimage"},"thumbnailUrl":"https:\/\/blogdacondessa.com.br\/blog\/wp-content\/uploads\/2026\/09\/AML.jpg","datePublished":"2026-09-05T09:00:55+00:00","author":{"@id":"https:\/\/blogdacondessa.com.br\/blog\/#\/schema\/person\/1d667ff8b785195b568677489d266035"},"breadcrumb":{"@id":"https:\/\/blogdacondessa.com.br\/blog\/cultura\/aml-reforca-a-aproximacao-da-academia-com-a-sociedade\/#breadcrumb"},"inLanguage":"pt-BR","potentialAction":[{"@type":"ReadAction","target":["https:\/\/blogdacondessa.com.br\/blog\/cultura\/aml-reforca-a-aproximacao-da-academia-com-a-sociedade\/"]}]},{"@type":"ImageObject","inLanguage":"pt-BR","@id":"https:\/\/blogdacondessa.com.br\/blog\/cultura\/aml-reforca-a-aproximacao-da-academia-com-a-sociedade\/#primaryimage","url":"https:\/\/blogdacondessa.com.br\/blog\/wp-content\/uploads\/2026\/09\/AML.jpg","contentUrl":"https:\/\/blogdacondessa.com.br\/blog\/wp-content\/uploads\/2026\/09\/AML.jpg","width":1052,"height":1600,"caption":"Foto: Divulga\u00e7\u00e3o"},{"@type":"BreadcrumbList","@id":"https:\/\/blogdacondessa.com.br\/blog\/cultura\/aml-reforca-a-aproximacao-da-academia-com-a-sociedade\/#breadcrumb","itemListElement":[{"@type":"ListItem","position":1,"name":"In\u00edcio","item":"https:\/\/blogdacondessa.com.br\/blog\/"},{"@type":"ListItem","position":2,"name":"AML refor\u00e7a a aproxima\u00e7\u00e3o da Academia com a sociedade"}]},{"@type":"WebSite","@id":"https:\/\/blogdacondessa.com.br\/blog\/#website","url":"https:\/\/blogdacondessa.com.br\/blog\/","name":"Blog da Condessa","description":"Com Shirley de Souza O\u2019Campos","potentialAction":[{"@type":"SearchAction","target":{"@type":"EntryPoint","urlTemplate":"https:\/\/blogdacondessa.com.br\/blog\/?s={search_term_string}"},"query-input":{"@type":"PropertyValueSpecification","valueRequired":true,"valueName":"search_term_string"}}],"inLanguage":"pt-BR"},{"@type":"Person","@id":"https:\/\/blogdacondessa.com.br\/blog\/#\/schema\/person\/1d667ff8b785195b568677489d266035","name":"Blog da Condessa","image":{"@type":"ImageObject","inLanguage":"pt-BR","@id":"https:\/\/secure.gravatar.com\/avatar\/377c0eb8b4ad2bfc25461b41564b5971e721ca34a57642868fc7b0c8ac7b52c5?s=96&d=mm&r=g","url":"https:\/\/secure.gravatar.com\/avatar\/377c0eb8b4ad2bfc25461b41564b5971e721ca34a57642868fc7b0c8ac7b52c5?s=96&d=mm&r=g","contentUrl":"https:\/\/secure.gravatar.com\/avatar\/377c0eb8b4ad2bfc25461b41564b5971e721ca34a57642868fc7b0c8ac7b52c5?s=96&d=mm&r=g","caption":"Blog da Condessa"},"url":"https:\/\/blogdacondessa.com.br\/blog\/author\/beatriz\/"}]}},"_links":{"self":[{"href":"https:\/\/blogdacondessa.com.br\/blog\/wp-json\/wp\/v2\/posts\/14737","targetHints":{"allow":["GET"]}}],"collection":[{"href":"https:\/\/blogdacondessa.com.br\/blog\/wp-json\/wp\/v2\/posts"}],"about":[{"href":"https:\/\/blogdacondessa.com.br\/blog\/wp-json\/wp\/v2\/types\/post"}],"author":[{"embeddable":true,"href":"https:\/\/blogdacondessa.com.br\/blog\/wp-json\/wp\/v2\/users\/2"}],"replies":[{"embeddable":true,"href":"https:\/\/blogdacondessa.com.br\/blog\/wp-json\/wp\/v2\/comments?post=14737"}],"version-history":[{"count":1,"href":"https:\/\/blogdacondessa.com.br\/blog\/wp-json\/wp\/v2\/posts\/14737\/revisions"}],"predecessor-version":[{"id":14739,"href":"https:\/\/blogdacondessa.com.br\/blog\/wp-json\/wp\/v2\/posts\/14737\/revisions\/14739"}],"wp:featuredmedia":[{"embeddable":true,"href":"https:\/\/blogdacondessa.com.br\/blog\/wp-json\/wp\/v2\/media\/14738"}],"wp:attachment":[{"href":"https:\/\/blogdacondessa.com.br\/blog\/wp-json\/wp\/v2\/media?parent=14737"}],"wp:term":[{"taxonomy":"category","embeddable":true,"href":"https:\/\/blogdacondessa.com.br\/blog\/wp-json\/wp\/v2\/categories?post=14737"},{"taxonomy":"post_tag","embeddable":true,"href":"https:\/\/blogdacondessa.com.br\/blog\/wp-json\/wp\/v2\/tags?post=14737"}],"curies":[{"name":"wp","href":"https:\/\/api.w.org\/{rel}","templated":true}]}}