{"id":14728,"date":"2026-09-03T05:00:52","date_gmt":"2026-09-03T09:00:52","guid":{"rendered":"https:\/\/blogdacondessa.com.br\/blog\/?p=14728"},"modified":"2026-09-02T18:50:09","modified_gmt":"2026-09-02T22:50:09","slug":"o-corredor-da-honra-e-um-momento-de-respeito-gratidao-e-reconhecimento","status":"publish","type":"post","link":"https:\/\/blogdacondessa.com.br\/blog\/saude\/o-corredor-da-honra-e-um-momento-de-respeito-gratidao-e-reconhecimento\/","title":{"rendered":"\u201cO corredor da honra \u00e9 um momento de respeito, gratid\u00e3o e reconhecimento\u201d"},"content":{"rendered":"<p><em>Doa\u00e7\u00e3o de \u00f3rg\u00e3os realizada no HMC beneficia pacientes de quatro estados<\/em><\/p>\n<p>Em meio \u00e0 dor de uma despedida, um gesto de solidariedade pode significar o recome\u00e7o para outras fam\u00edlias. Foi com esse sentimento que o Hospital Municipal de Cuiab\u00e1 (HMC), administrado pela Prefeitura de Cuiab\u00e1, por meio da Secretaria Municipal de Sa\u00fade (SMS) e da Empresa Cuiabana de Sa\u00fade P\u00fablica (ECSP), realizou, na manh\u00e3 de quarta-feira (2), a capta\u00e7\u00e3o de m\u00faltiplos \u00f3rg\u00e3os e tecidos de um paciente de 51 anos, v\u00edtima de traumatismo craniano ap\u00f3s uma queda de aproximadamente 1,5 metro.<\/p>\n<p>Antes do in\u00edcio do procedimento, profissionais do hospital realizaram o tradicional corredor da honra, tamb\u00e9m conhecido como corredor de aplausos. O momento foi marcado por respeito e emo\u00e7\u00e3o em homenagem ao doador e \u00e0 fam\u00edlia, que, mesmo diante de uma perda irrepar\u00e1vel, autorizou a doa\u00e7\u00e3o dos \u00f3rg\u00e3os.<\/p>\n<p>A capta\u00e7\u00e3o teve in\u00edcio \u00e0s 10h50 e mobilizou mais de 50 profissionais, entre equipes do pr\u00f3prio HMC e especialistas que vieram de Campo Grande (MS) para participar do procedimento.<\/p>\n<p>Foram captados f\u00edgado, dois rins e c\u00f3rneas. O f\u00edgado foi destinado a Mato Grosso do Sul. O rim direito seguir\u00e1 para o Rio Grande do Sul, enquanto o rim esquerdo ser\u00e1 encaminhado para Pernambuco. As c\u00f3rneas foram captadas para implante local.<\/p>\n<p>A a\u00e7\u00e3o representa a possibilidade de salvar quatro vidas e ainda beneficiar pacientes que aguardam por transplante de c\u00f3rnea.<\/p>\n<p>Para a secret\u00e1ria municipal de Sa\u00fade, Deisi Bocalon, a doa\u00e7\u00e3o representa um gesto de extrema generosidade em um momento de profunda dor para a fam\u00edlia.<\/p>\n<p>\u201c\u00c9 uma perda irrevers\u00edvel para a fam\u00edlia, mas, ao mesmo tempo, uma oportunidade de ajudar outras vidas. A nossa gratid\u00e3o a esses familiares \u00e9 imensa. Neste Setembro Verde, precisamos refor\u00e7ar a import\u00e2ncia de conversar sobre a doa\u00e7\u00e3o de \u00f3rg\u00e3os dentro de casa, com nossos parentes, para que, se uma trag\u00e9dia vier a acontecer, essa possibilidade seja analisada com carinho e sensibilidade. Existe uma longa fila de pessoas esperando por um transplante, e hoje essa fam\u00edlia est\u00e1 ajudando a mudar a hist\u00f3ria de outras pessoas.\u201d<\/p>\n<p>A capta\u00e7\u00e3o realizada no HMC ocorre justamente no m\u00eas em que s\u00e3o ampliadas as a\u00e7\u00f5es de conscientiza\u00e7\u00e3o sobre a doa\u00e7\u00e3o de \u00f3rg\u00e3os e tecidos. O Setembro Verde busca estimular o di\u00e1logo sobre o tema e mostrar \u00e0 popula\u00e7\u00e3o que uma \u00fanica decis\u00e3o pode representar uma nova oportunidade para v\u00e1rias pessoas.<\/p>\n<p>A diretora-geral de Sa\u00fade P\u00fablica, Kelluby Oliveira, destacou que a capta\u00e7\u00e3o \u00e9 resultado de uma grande mobiliza\u00e7\u00e3o das equipes e refor\u00e7ou o significado do corredor da honra como uma forma de reconhecer a fam\u00edlia e o doador.<\/p>\n<p>\u201cHoje mais de 50 profissionais se mobilizaram para que essa doa\u00e7\u00e3o pudesse acontecer. O corredor da honra \u00e9 um momento de respeito, gratid\u00e3o e reconhecimento. \u00c9 a nossa forma de homenagear esse paciente e, principalmente, essa fam\u00edlia, que, em meio \u00e0 dor, possibilitou que outras pessoas tivessem uma nova chance.\u201d<\/p>\n<p>A capta\u00e7\u00e3o refor\u00e7a que, mesmo diante de uma despedida marcada pela dor, a solidariedade pode permanecer como legado. Para quatro pessoas que aguardam por um transplante, a decis\u00e3o de uma fam\u00edlia significar\u00e1 uma nova oportunidade de vida.<\/p>\n<p>O m\u00e9dico Eduardo Andraus, respons\u00e1vel t\u00e9cnico do HMC, explicou que a doa\u00e7\u00e3o s\u00f3 ocorre ap\u00f3s protocolos rigorosos que confirmam a morte encef\u00e1lica.<\/p>\n<p>\u201cA morte encef\u00e1lica \u00e9 uma condi\u00e7\u00e3o irrevers\u00edvel, diagnosticada por protocolos muito r\u00edgidos que comprovam que o c\u00e9rebro deixou de funcionar. Mesmo que o cora\u00e7\u00e3o continue batendo por um per\u00edodo, a pessoa j\u00e1 faleceu. A confirma\u00e7\u00e3o \u00e9 feita de maneira criteriosa e segura, permitindo que, quando a fam\u00edlia autoriza a doa\u00e7\u00e3o, os \u00f3rg\u00e3os sejam preservados e encaminhados para pacientes que aguardam por um transplante.\u201d<\/p>\n<p>No Brasil, a autoriza\u00e7\u00e3o da fam\u00edlia \u00e9 fundamental para que a doa\u00e7\u00e3o de \u00f3rg\u00e3os de um potencial doador falecido possa ocorrer. Por isso, al\u00e9m de ter o desejo de ser doador, \u00e9 importante conversar com os familiares e deixar clara essa vontade.<\/p>\n","protected":false},"excerpt":{"rendered":"<p>Doa\u00e7\u00e3o de \u00f3rg\u00e3os realizada no HMC beneficia pacientes de quatro estados Em meio \u00e0 dor de uma despedida, um gesto de solidariedade pode significar o recome\u00e7o para outras fam\u00edlias. Foi com esse sentimento que o Hospital Municipal de Cuiab\u00e1 (HMC), administrado pela Prefeitura de Cuiab\u00e1, por meio da Secretaria Municipal de Sa\u00fade (SMS) e da [&hellip;]<\/p>\n","protected":false},"author":2,"featured_media":14729,"comment_status":"closed","ping_status":"closed","sticky":false,"template":"","format":"standard","meta":{"iawp_total_views":1,"footnotes":""},"categories":[5],"tags":[],"class_list":["post-14728","post","type-post","status-publish","format-standard","has-post-thumbnail","hentry","category-saude"],"yoast_head":"<!-- This site is optimized with the Yoast SEO plugin v27.3 - https:\/\/yoast.com\/product\/yoast-seo-wordpress\/ -->\n<title>\u201cO corredor da honra \u00e9 um momento de respeito, gratid\u00e3o e reconhecimento\u201d &#8902; Blog da Condessa<\/title>\n<meta name=\"robots\" content=\"index, follow, max-snippet:-1, max-image-preview:large, max-video-preview:-1\" \/>\n<link rel=\"canonical\" href=\"https:\/\/blogdacondessa.com.br\/blog\/saude\/o-corredor-da-honra-e-um-momento-de-respeito-gratidao-e-reconhecimento\/\" \/>\n<meta property=\"og:locale\" content=\"pt_BR\" \/>\n<meta property=\"og:type\" content=\"article\" \/>\n<meta property=\"og:title\" content=\"\u201cO corredor da honra \u00e9 um momento de respeito, gratid\u00e3o e reconhecimento\u201d &#8902; Blog da Condessa\" \/>\n<meta property=\"og:description\" content=\"Doa\u00e7\u00e3o de \u00f3rg\u00e3os realizada no HMC beneficia pacientes de quatro estados Em meio \u00e0 dor de uma despedida, um gesto de solidariedade pode significar o recome\u00e7o para outras fam\u00edlias. Foi com esse sentimento que o Hospital Municipal de Cuiab\u00e1 (HMC), administrado pela Prefeitura de Cuiab\u00e1, por meio da Secretaria Municipal de Sa\u00fade (SMS) e da [&hellip;]\" \/>\n<meta property=\"og:url\" content=\"https:\/\/blogdacondessa.com.br\/blog\/saude\/o-corredor-da-honra-e-um-momento-de-respeito-gratidao-e-reconhecimento\/\" \/>\n<meta property=\"og:site_name\" content=\"Blog da Condessa\" \/>\n<meta property=\"article:published_time\" content=\"2026-09-03T09:00:52+00:00\" \/>\n<meta property=\"og:image\" content=\"https:\/\/blogdacondessa.com.br\/blog\/wp-content\/uploads\/2026\/09\/doacao-de-orgaos-scaled.jpg\" \/>\n\t<meta property=\"og:image:width\" content=\"2560\" \/>\n\t<meta property=\"og:image:height\" content=\"1706\" \/>\n\t<meta property=\"og:image:type\" content=\"image\/jpeg\" \/>\n<meta name=\"author\" content=\"Blog da Condessa\" \/>\n<meta name=\"twitter:card\" content=\"summary_large_image\" \/>\n<meta name=\"twitter:label1\" content=\"Escrito por\" \/>\n\t<meta name=\"twitter:data1\" content=\"Blog da Condessa\" \/>\n\t<meta name=\"twitter:label2\" content=\"Est. tempo de leitura\" \/>\n\t<meta name=\"twitter:data2\" content=\"4 minutos\" \/>\n<script type=\"application\/ld+json\" class=\"yoast-schema-graph\">{\"@context\":\"https:\\\/\\\/schema.org\",\"@graph\":[{\"@type\":\"Article\",\"@id\":\"https:\\\/\\\/blogdacondessa.com.br\\\/blog\\\/saude\\\/o-corredor-da-honra-e-um-momento-de-respeito-gratidao-e-reconhecimento\\\/#article\",\"isPartOf\":{\"@id\":\"https:\\\/\\\/blogdacondessa.com.br\\\/blog\\\/saude\\\/o-corredor-da-honra-e-um-momento-de-respeito-gratidao-e-reconhecimento\\\/\"},\"author\":{\"name\":\"Blog da Condessa\",\"@id\":\"https:\\\/\\\/blogdacondessa.com.br\\\/blog\\\/#\\\/schema\\\/person\\\/1d667ff8b785195b568677489d266035\"},\"headline\":\"\u201cO corredor da honra \u00e9 um momento de respeito, gratid\u00e3o e reconhecimento\u201d\",\"datePublished\":\"2026-09-03T09:00:52+00:00\",\"mainEntityOfPage\":{\"@id\":\"https:\\\/\\\/blogdacondessa.com.br\\\/blog\\\/saude\\\/o-corredor-da-honra-e-um-momento-de-respeito-gratidao-e-reconhecimento\\\/\"},\"wordCount\":719,\"image\":{\"@id\":\"https:\\\/\\\/blogdacondessa.com.br\\\/blog\\\/saude\\\/o-corredor-da-honra-e-um-momento-de-respeito-gratidao-e-reconhecimento\\\/#primaryimage\"},\"thumbnailUrl\":\"https:\\\/\\\/blogdacondessa.com.br\\\/blog\\\/wp-content\\\/uploads\\\/2026\\\/09\\\/doacao-de-orgaos-scaled.jpg\",\"articleSection\":[\"Sa\u00fade\"],\"inLanguage\":\"pt-BR\"},{\"@type\":\"WebPage\",\"@id\":\"https:\\\/\\\/blogdacondessa.com.br\\\/blog\\\/saude\\\/o-corredor-da-honra-e-um-momento-de-respeito-gratidao-e-reconhecimento\\\/\",\"url\":\"https:\\\/\\\/blogdacondessa.com.br\\\/blog\\\/saude\\\/o-corredor-da-honra-e-um-momento-de-respeito-gratidao-e-reconhecimento\\\/\",\"name\":\"\u201cO corredor da honra \u00e9 um momento de respeito, gratid\u00e3o e reconhecimento\u201d &#8902; Blog da Condessa\",\"isPartOf\":{\"@id\":\"https:\\\/\\\/blogdacondessa.com.br\\\/blog\\\/#website\"},\"primaryImageOfPage\":{\"@id\":\"https:\\\/\\\/blogdacondessa.com.br\\\/blog\\\/saude\\\/o-corredor-da-honra-e-um-momento-de-respeito-gratidao-e-reconhecimento\\\/#primaryimage\"},\"image\":{\"@id\":\"https:\\\/\\\/blogdacondessa.com.br\\\/blog\\\/saude\\\/o-corredor-da-honra-e-um-momento-de-respeito-gratidao-e-reconhecimento\\\/#primaryimage\"},\"thumbnailUrl\":\"https:\\\/\\\/blogdacondessa.com.br\\\/blog\\\/wp-content\\\/uploads\\\/2026\\\/09\\\/doacao-de-orgaos-scaled.jpg\",\"datePublished\":\"2026-09-03T09:00:52+00:00\",\"author\":{\"@id\":\"https:\\\/\\\/blogdacondessa.com.br\\\/blog\\\/#\\\/schema\\\/person\\\/1d667ff8b785195b568677489d266035\"},\"breadcrumb\":{\"@id\":\"https:\\\/\\\/blogdacondessa.com.br\\\/blog\\\/saude\\\/o-corredor-da-honra-e-um-momento-de-respeito-gratidao-e-reconhecimento\\\/#breadcrumb\"},\"inLanguage\":\"pt-BR\",\"potentialAction\":[{\"@type\":\"ReadAction\",\"target\":[\"https:\\\/\\\/blogdacondessa.com.br\\\/blog\\\/saude\\\/o-corredor-da-honra-e-um-momento-de-respeito-gratidao-e-reconhecimento\\\/\"]}]},{\"@type\":\"ImageObject\",\"inLanguage\":\"pt-BR\",\"@id\":\"https:\\\/\\\/blogdacondessa.com.br\\\/blog\\\/saude\\\/o-corredor-da-honra-e-um-momento-de-respeito-gratidao-e-reconhecimento\\\/#primaryimage\",\"url\":\"https:\\\/\\\/blogdacondessa.com.br\\\/blog\\\/wp-content\\\/uploads\\\/2026\\\/09\\\/doacao-de-orgaos-scaled.jpg\",\"contentUrl\":\"https:\\\/\\\/blogdacondessa.com.br\\\/blog\\\/wp-content\\\/uploads\\\/2026\\\/09\\\/doacao-de-orgaos-scaled.jpg\",\"width\":2560,\"height\":1706,\"caption\":\"Foto: Emanoele Daiane\"},{\"@type\":\"BreadcrumbList\",\"@id\":\"https:\\\/\\\/blogdacondessa.com.br\\\/blog\\\/saude\\\/o-corredor-da-honra-e-um-momento-de-respeito-gratidao-e-reconhecimento\\\/#breadcrumb\",\"itemListElement\":[{\"@type\":\"ListItem\",\"position\":1,\"name\":\"In\u00edcio\",\"item\":\"https:\\\/\\\/blogdacondessa.com.br\\\/blog\\\/\"},{\"@type\":\"ListItem\",\"position\":2,\"name\":\"\u201cO corredor da honra \u00e9 um momento de respeito, gratid\u00e3o e reconhecimento\u201d\"}]},{\"@type\":\"WebSite\",\"@id\":\"https:\\\/\\\/blogdacondessa.com.br\\\/blog\\\/#website\",\"url\":\"https:\\\/\\\/blogdacondessa.com.br\\\/blog\\\/\",\"name\":\"Blog da Condessa\",\"description\":\"Com Shirley de Souza O\u2019Campos\",\"potentialAction\":[{\"@type\":\"SearchAction\",\"target\":{\"@type\":\"EntryPoint\",\"urlTemplate\":\"https:\\\/\\\/blogdacondessa.com.br\\\/blog\\\/?s={search_term_string}\"},\"query-input\":{\"@type\":\"PropertyValueSpecification\",\"valueRequired\":true,\"valueName\":\"search_term_string\"}}],\"inLanguage\":\"pt-BR\"},{\"@type\":\"Person\",\"@id\":\"https:\\\/\\\/blogdacondessa.com.br\\\/blog\\\/#\\\/schema\\\/person\\\/1d667ff8b785195b568677489d266035\",\"name\":\"Blog da Condessa\",\"image\":{\"@type\":\"ImageObject\",\"inLanguage\":\"pt-BR\",\"@id\":\"https:\\\/\\\/secure.gravatar.com\\\/avatar\\\/377c0eb8b4ad2bfc25461b41564b5971e721ca34a57642868fc7b0c8ac7b52c5?s=96&d=mm&r=g\",\"url\":\"https:\\\/\\\/secure.gravatar.com\\\/avatar\\\/377c0eb8b4ad2bfc25461b41564b5971e721ca34a57642868fc7b0c8ac7b52c5?s=96&d=mm&r=g\",\"contentUrl\":\"https:\\\/\\\/secure.gravatar.com\\\/avatar\\\/377c0eb8b4ad2bfc25461b41564b5971e721ca34a57642868fc7b0c8ac7b52c5?s=96&d=mm&r=g\",\"caption\":\"Blog da Condessa\"},\"url\":\"https:\\\/\\\/blogdacondessa.com.br\\\/blog\\\/author\\\/beatriz\\\/\"}]}<\/script>\n<!-- \/ Yoast SEO plugin. -->","yoast_head_json":{"title":"\u201cO corredor da honra \u00e9 um momento de respeito, gratid\u00e3o e reconhecimento\u201d &#8902; Blog da Condessa","robots":{"index":"index","follow":"follow","max-snippet":"max-snippet:-1","max-image-preview":"max-image-preview:large","max-video-preview":"max-video-preview:-1"},"canonical":"https:\/\/blogdacondessa.com.br\/blog\/saude\/o-corredor-da-honra-e-um-momento-de-respeito-gratidao-e-reconhecimento\/","og_locale":"pt_BR","og_type":"article","og_title":"\u201cO corredor da honra \u00e9 um momento de respeito, gratid\u00e3o e reconhecimento\u201d &#8902; Blog da Condessa","og_description":"Doa\u00e7\u00e3o de \u00f3rg\u00e3os realizada no HMC beneficia pacientes de quatro estados Em meio \u00e0 dor de uma despedida, um gesto de solidariedade pode significar o recome\u00e7o para outras fam\u00edlias. Foi com esse sentimento que o Hospital Municipal de Cuiab\u00e1 (HMC), administrado pela Prefeitura de Cuiab\u00e1, por meio da Secretaria Municipal de Sa\u00fade (SMS) e da [&hellip;]","og_url":"https:\/\/blogdacondessa.com.br\/blog\/saude\/o-corredor-da-honra-e-um-momento-de-respeito-gratidao-e-reconhecimento\/","og_site_name":"Blog da Condessa","article_published_time":"2026-09-03T09:00:52+00:00","og_image":[{"width":2560,"height":1706,"url":"https:\/\/blogdacondessa.com.br\/blog\/wp-content\/uploads\/2026\/09\/doacao-de-orgaos-scaled.jpg","type":"image\/jpeg"}],"author":"Blog da Condessa","twitter_card":"summary_large_image","twitter_misc":{"Escrito por":"Blog da Condessa","Est. tempo de leitura":"4 minutos"},"schema":{"@context":"https:\/\/schema.org","@graph":[{"@type":"Article","@id":"https:\/\/blogdacondessa.com.br\/blog\/saude\/o-corredor-da-honra-e-um-momento-de-respeito-gratidao-e-reconhecimento\/#article","isPartOf":{"@id":"https:\/\/blogdacondessa.com.br\/blog\/saude\/o-corredor-da-honra-e-um-momento-de-respeito-gratidao-e-reconhecimento\/"},"author":{"name":"Blog da Condessa","@id":"https:\/\/blogdacondessa.com.br\/blog\/#\/schema\/person\/1d667ff8b785195b568677489d266035"},"headline":"\u201cO corredor da honra \u00e9 um momento de respeito, gratid\u00e3o e reconhecimento\u201d","datePublished":"2026-09-03T09:00:52+00:00","mainEntityOfPage":{"@id":"https:\/\/blogdacondessa.com.br\/blog\/saude\/o-corredor-da-honra-e-um-momento-de-respeito-gratidao-e-reconhecimento\/"},"wordCount":719,"image":{"@id":"https:\/\/blogdacondessa.com.br\/blog\/saude\/o-corredor-da-honra-e-um-momento-de-respeito-gratidao-e-reconhecimento\/#primaryimage"},"thumbnailUrl":"https:\/\/blogdacondessa.com.br\/blog\/wp-content\/uploads\/2026\/09\/doacao-de-orgaos-scaled.jpg","articleSection":["Sa\u00fade"],"inLanguage":"pt-BR"},{"@type":"WebPage","@id":"https:\/\/blogdacondessa.com.br\/blog\/saude\/o-corredor-da-honra-e-um-momento-de-respeito-gratidao-e-reconhecimento\/","url":"https:\/\/blogdacondessa.com.br\/blog\/saude\/o-corredor-da-honra-e-um-momento-de-respeito-gratidao-e-reconhecimento\/","name":"\u201cO corredor da honra \u00e9 um momento de respeito, gratid\u00e3o e reconhecimento\u201d &#8902; Blog da Condessa","isPartOf":{"@id":"https:\/\/blogdacondessa.com.br\/blog\/#website"},"primaryImageOfPage":{"@id":"https:\/\/blogdacondessa.com.br\/blog\/saude\/o-corredor-da-honra-e-um-momento-de-respeito-gratidao-e-reconhecimento\/#primaryimage"},"image":{"@id":"https:\/\/blogdacondessa.com.br\/blog\/saude\/o-corredor-da-honra-e-um-momento-de-respeito-gratidao-e-reconhecimento\/#primaryimage"},"thumbnailUrl":"https:\/\/blogdacondessa.com.br\/blog\/wp-content\/uploads\/2026\/09\/doacao-de-orgaos-scaled.jpg","datePublished":"2026-09-03T09:00:52+00:00","author":{"@id":"https:\/\/blogdacondessa.com.br\/blog\/#\/schema\/person\/1d667ff8b785195b568677489d266035"},"breadcrumb":{"@id":"https:\/\/blogdacondessa.com.br\/blog\/saude\/o-corredor-da-honra-e-um-momento-de-respeito-gratidao-e-reconhecimento\/#breadcrumb"},"inLanguage":"pt-BR","potentialAction":[{"@type":"ReadAction","target":["https:\/\/blogdacondessa.com.br\/blog\/saude\/o-corredor-da-honra-e-um-momento-de-respeito-gratidao-e-reconhecimento\/"]}]},{"@type":"ImageObject","inLanguage":"pt-BR","@id":"https:\/\/blogdacondessa.com.br\/blog\/saude\/o-corredor-da-honra-e-um-momento-de-respeito-gratidao-e-reconhecimento\/#primaryimage","url":"https:\/\/blogdacondessa.com.br\/blog\/wp-content\/uploads\/2026\/09\/doacao-de-orgaos-scaled.jpg","contentUrl":"https:\/\/blogdacondessa.com.br\/blog\/wp-content\/uploads\/2026\/09\/doacao-de-orgaos-scaled.jpg","width":2560,"height":1706,"caption":"Foto: Emanoele Daiane"},{"@type":"BreadcrumbList","@id":"https:\/\/blogdacondessa.com.br\/blog\/saude\/o-corredor-da-honra-e-um-momento-de-respeito-gratidao-e-reconhecimento\/#breadcrumb","itemListElement":[{"@type":"ListItem","position":1,"name":"In\u00edcio","item":"https:\/\/blogdacondessa.com.br\/blog\/"},{"@type":"ListItem","position":2,"name":"\u201cO corredor da honra \u00e9 um momento de respeito, gratid\u00e3o e reconhecimento\u201d"}]},{"@type":"WebSite","@id":"https:\/\/blogdacondessa.com.br\/blog\/#website","url":"https:\/\/blogdacondessa.com.br\/blog\/","name":"Blog da Condessa","description":"Com Shirley de Souza O\u2019Campos","potentialAction":[{"@type":"SearchAction","target":{"@type":"EntryPoint","urlTemplate":"https:\/\/blogdacondessa.com.br\/blog\/?s={search_term_string}"},"query-input":{"@type":"PropertyValueSpecification","valueRequired":true,"valueName":"search_term_string"}}],"inLanguage":"pt-BR"},{"@type":"Person","@id":"https:\/\/blogdacondessa.com.br\/blog\/#\/schema\/person\/1d667ff8b785195b568677489d266035","name":"Blog da Condessa","image":{"@type":"ImageObject","inLanguage":"pt-BR","@id":"https:\/\/secure.gravatar.com\/avatar\/377c0eb8b4ad2bfc25461b41564b5971e721ca34a57642868fc7b0c8ac7b52c5?s=96&d=mm&r=g","url":"https:\/\/secure.gravatar.com\/avatar\/377c0eb8b4ad2bfc25461b41564b5971e721ca34a57642868fc7b0c8ac7b52c5?s=96&d=mm&r=g","contentUrl":"https:\/\/secure.gravatar.com\/avatar\/377c0eb8b4ad2bfc25461b41564b5971e721ca34a57642868fc7b0c8ac7b52c5?s=96&d=mm&r=g","caption":"Blog da Condessa"},"url":"https:\/\/blogdacondessa.com.br\/blog\/author\/beatriz\/"}]}},"_links":{"self":[{"href":"https:\/\/blogdacondessa.com.br\/blog\/wp-json\/wp\/v2\/posts\/14728","targetHints":{"allow":["GET"]}}],"collection":[{"href":"https:\/\/blogdacondessa.com.br\/blog\/wp-json\/wp\/v2\/posts"}],"about":[{"href":"https:\/\/blogdacondessa.com.br\/blog\/wp-json\/wp\/v2\/types\/post"}],"author":[{"embeddable":true,"href":"https:\/\/blogdacondessa.com.br\/blog\/wp-json\/wp\/v2\/users\/2"}],"replies":[{"embeddable":true,"href":"https:\/\/blogdacondessa.com.br\/blog\/wp-json\/wp\/v2\/comments?post=14728"}],"version-history":[{"count":1,"href":"https:\/\/blogdacondessa.com.br\/blog\/wp-json\/wp\/v2\/posts\/14728\/revisions"}],"predecessor-version":[{"id":14730,"href":"https:\/\/blogdacondessa.com.br\/blog\/wp-json\/wp\/v2\/posts\/14728\/revisions\/14730"}],"wp:featuredmedia":[{"embeddable":true,"href":"https:\/\/blogdacondessa.com.br\/blog\/wp-json\/wp\/v2\/media\/14729"}],"wp:attachment":[{"href":"https:\/\/blogdacondessa.com.br\/blog\/wp-json\/wp\/v2\/media?parent=14728"}],"wp:term":[{"taxonomy":"category","embeddable":true,"href":"https:\/\/blogdacondessa.com.br\/blog\/wp-json\/wp\/v2\/categories?post=14728"},{"taxonomy":"post_tag","embeddable":true,"href":"https:\/\/blogdacondessa.com.br\/blog\/wp-json\/wp\/v2\/tags?post=14728"}],"curies":[{"name":"wp","href":"https:\/\/api.w.org\/{rel}","templated":true}]}}