{"id":14721,"date":"2026-09-01T05:00:08","date_gmt":"2026-09-01T09:00:08","guid":{"rendered":"https:\/\/blogdacondessa.com.br\/blog\/?p=14721"},"modified":"2026-08-31T19:14:16","modified_gmt":"2026-08-31T23:14:16","slug":"o-forca-mulher-e-uma-iniciativa-focada-no-empreendedorismo-feminino-e-na-inclusao-produtiva","status":"publish","type":"post","link":"https:\/\/blogdacondessa.com.br\/blog\/economia\/o-forca-mulher-e-uma-iniciativa-focada-no-empreendedorismo-feminino-e-na-inclusao-produtiva\/","title":{"rendered":"\u201cO For\u00e7a Mulher \u00e9 uma iniciativa focada no empreendedorismo feminino e na inclus\u00e3o produtiva\u201d"},"content":{"rendered":"<p>Um grupo de 20 mulheres moradoras do bairro Vit\u00f3ria R\u00e9gia e regi\u00e3o, em V\u00e1rzea Grande, concluiu o curso de manicure e pedicure, promovido por uma parceria entre a Energisa e o Servi\u00e7o de Apoio \u00e0s Micro e Pequenas Empresas do Estado de Mato Grosso (Sebrae\/MT), por meio dos programas Bem da Gente e For\u00e7a Mulher. Durante um m\u00eas, as formandas se dedicaram com aulas te\u00f3ricas e pr\u00e1ticas de forma gratuita.<\/p>\n<p>A solenidade de formatura foi realizada na sexta-feira (28.08), na Escola Jos\u00e9 Estejo de Campos, em V\u00e1rzea Grande, com a presen\u00e7a de amigos e familiares. Al\u00e9m do certificado, cada profissional recebeu um kit com todos os produtos necess\u00e1rios para j\u00e1 come\u00e7ar a trabalhar.<\/p>\n<p>Uma das formandas, Iracy da Silva, 42 anos, moradora do bairro Jardim Primavera, disse que o curso chegou no momento em que buscava uma mudan\u00e7a para vida profissional. Acostumada a trabalhar na \u00e1rea administrativa, a rotina era sair muito cedo de casa e voltar \u00e0 noite e, com isso, sentia que pouco participava da vida dos filhos de 14 e 8 anos.<\/p>\n<p>\u201cO in\u00edcio do curso foi desafiador. Tive muita dificuldade porque nunca tinha pegado em um alicate. Pensei em desistir porque achei que n\u00e3o tinha talento, mas meu marido me motivou a continuar. Me esforcei muito para aprender e agora eu comemoro n\u00e3o s\u00f3 a finaliza\u00e7\u00e3o do curso, mas tamb\u00e9m meus primeiros atendimentos. J\u00e1 fiz unhas nesta semana e j\u00e1 tenho outras cinco pessoas marcadas para a pr\u00f3xima semana\u201d, celebrou.<\/p>\n<p>Com a conclus\u00e3o do curso, as formandas seguem, pelos pr\u00f3ximos seis meses, recebendo consultorias financeiras e de marketing para ser aplicadas ao neg\u00f3cio. O gerente da Regional Metropolitana do Sebrae\/MT, Julio Prior, enalteceu a parceria entre as institui\u00e7\u00f5es com o foco de oportunizar uma nova fonte de renda para as mulheres.<\/p>\n<p>\u201cO prop\u00f3sito desta a\u00e7\u00e3o \u00e9 transformar essas mulheres em protagonistas de suas hist\u00f3rias. O For\u00e7a Mulher \u00e9 uma iniciativa focada no empreendedorismo feminino e na inclus\u00e3o produtiva. Ele visa promover a qualifica\u00e7\u00e3o profissional, a autonomia financeira e o desenvolvimento de neg\u00f3cios liderados por mulheres\u201d, enfatizou.<\/p>\n<p><strong>Mais conquistas<\/strong><\/p>\n<p>Do total de 20 formandas, tr\u00eas foram escolhidas, com base em crit\u00e9rios de assiduidade e melhores notas t\u00e9cnicas e pr\u00e1ticas, para ganhar o \u201cCapital Semente\u201d, um recurso de R$ 2 mil para iniciar o pr\u00f3prio neg\u00f3cio. A a\u00e7\u00e3o \u00e9 resultado da parceria da Energisa com o Sicredi. Na vis\u00e3o do especialista em Sustentabilidade da Energisa Mato Grosso, Pedro Henrique Melo Costa, os programas Bem da Gente e For\u00e7a Mulher criam oportunidades para que mulheres construam novos caminhos para suas vidas.<\/p>\n<p>\u201cMais do que oferecer capacita\u00e7\u00e3o, essas iniciativas s\u00e3o fundamentais para que as mulheres conquistem autonomia financeira e ampliem suas perspectivas profissionais. Para a Energisa, apoiar uma iniciativa como essa \u00e9 acreditar no potencial das pessoas e entender que desenvolvimento tamb\u00e9m passa por gerar oportunidades, emprego e renda. \u00c9 uma a\u00e7\u00e3o que valoriza as pessoas, fortalece suas capacidades e contribui para uma sociedade com mais oportunidades\u201d, disse.<\/p>\n<p>Uma das ganhadoras, Jackeline Santos Venso, de 29 anos, comemorou o reconhecimento. \u201cEstou muito feliz de ter recebido este valor para iniciar o meu neg\u00f3cio. Eu j\u00e1 fazia unhas entre os familiares, mas n\u00e3o me sentia segura para atender terceiros. Com este curso, eu vi que \u00e9 poss\u00edvel ser essa a minha fonte de renda\u201d, frisou.<\/p>\n<p>O programa Bem da Gente no bairro Vit\u00f3ria R\u00e9gia est\u00e1 na 2\u00aa edi\u00e7\u00e3o, sendo a estreia realizada nos bairros Parais\u00f3polis e Silvan\u00f3polis, em Cuiab\u00e1. O foco da a\u00e7\u00e3o \u00e9 a inclus\u00e3o produtiva e o fortalecimento do empreendedorismo local, conectando capacita\u00e7\u00e3o pr\u00e1tica ao desenvolvimento comunit\u00e1rio. A iniciativa integra a estrat\u00e9gia da Energisa de ampliar seu impacto social para al\u00e9m da distribui\u00e7\u00e3o de energia, investindo em conhecimento e gera\u00e7\u00e3o de oportunidades. (Fonte: \u00a0Assessoria de Imprensa do Sebrae\/MT)<\/p>\n<p>&nbsp;<\/p>\n","protected":false},"excerpt":{"rendered":"<p>Um grupo de 20 mulheres moradoras do bairro Vit\u00f3ria R\u00e9gia e regi\u00e3o, em V\u00e1rzea Grande, concluiu o curso de manicure e pedicure, promovido por uma parceria entre a Energisa e o Servi\u00e7o de Apoio \u00e0s Micro e Pequenas Empresas do Estado de Mato Grosso (Sebrae\/MT), por meio dos programas Bem da Gente e For\u00e7a Mulher. [&hellip;]<\/p>\n","protected":false},"author":2,"featured_media":14722,"comment_status":"closed","ping_status":"closed","sticky":false,"template":"","format":"standard","meta":{"iawp_total_views":9,"footnotes":""},"categories":[9],"tags":[],"class_list":["post-14721","post","type-post","status-publish","format-standard","has-post-thumbnail","hentry","category-economia"],"yoast_head":"<!-- This site is optimized with the Yoast SEO plugin v27.3 - https:\/\/yoast.com\/product\/yoast-seo-wordpress\/ -->\n<title>\u201cO For\u00e7a Mulher \u00e9 uma iniciativa focada no empreendedorismo feminino e na inclus\u00e3o produtiva\u201d &#8902; Blog da Condessa<\/title>\n<meta name=\"robots\" content=\"index, follow, max-snippet:-1, max-image-preview:large, max-video-preview:-1\" \/>\n<link rel=\"canonical\" href=\"https:\/\/blogdacondessa.com.br\/blog\/economia\/o-forca-mulher-e-uma-iniciativa-focada-no-empreendedorismo-feminino-e-na-inclusao-produtiva\/\" \/>\n<meta property=\"og:locale\" content=\"pt_BR\" \/>\n<meta property=\"og:type\" content=\"article\" \/>\n<meta property=\"og:title\" content=\"\u201cO For\u00e7a Mulher \u00e9 uma iniciativa focada no empreendedorismo feminino e na inclus\u00e3o produtiva\u201d &#8902; Blog da Condessa\" \/>\n<meta property=\"og:description\" content=\"Um grupo de 20 mulheres moradoras do bairro Vit\u00f3ria R\u00e9gia e regi\u00e3o, em V\u00e1rzea Grande, concluiu o curso de manicure e pedicure, promovido por uma parceria entre a Energisa e o Servi\u00e7o de Apoio \u00e0s Micro e Pequenas Empresas do Estado de Mato Grosso (Sebrae\/MT), por meio dos programas Bem da Gente e For\u00e7a Mulher. [&hellip;]\" \/>\n<meta property=\"og:url\" content=\"https:\/\/blogdacondessa.com.br\/blog\/economia\/o-forca-mulher-e-uma-iniciativa-focada-no-empreendedorismo-feminino-e-na-inclusao-produtiva\/\" \/>\n<meta property=\"og:site_name\" content=\"Blog da Condessa\" \/>\n<meta property=\"article:published_time\" content=\"2026-09-01T09:00:08+00:00\" \/>\n<meta property=\"og:image\" content=\"https:\/\/blogdacondessa.com.br\/blog\/wp-content\/uploads\/2026\/08\/Forca-mulher.webp\" \/>\n\t<meta property=\"og:image:width\" content=\"814\" \/>\n\t<meta property=\"og:image:height\" content=\"492\" \/>\n\t<meta property=\"og:image:type\" content=\"image\/webp\" \/>\n<meta name=\"author\" content=\"Blog da Condessa\" \/>\n<meta name=\"twitter:card\" content=\"summary_large_image\" \/>\n<meta name=\"twitter:label1\" content=\"Escrito por\" \/>\n\t<meta name=\"twitter:data1\" content=\"Blog da Condessa\" \/>\n\t<meta name=\"twitter:label2\" content=\"Est. tempo de leitura\" \/>\n\t<meta name=\"twitter:data2\" content=\"4 minutos\" \/>\n<script type=\"application\/ld+json\" class=\"yoast-schema-graph\">{\"@context\":\"https:\\\/\\\/schema.org\",\"@graph\":[{\"@type\":\"Article\",\"@id\":\"https:\\\/\\\/blogdacondessa.com.br\\\/blog\\\/economia\\\/o-forca-mulher-e-uma-iniciativa-focada-no-empreendedorismo-feminino-e-na-inclusao-produtiva\\\/#article\",\"isPartOf\":{\"@id\":\"https:\\\/\\\/blogdacondessa.com.br\\\/blog\\\/economia\\\/o-forca-mulher-e-uma-iniciativa-focada-no-empreendedorismo-feminino-e-na-inclusao-produtiva\\\/\"},\"author\":{\"name\":\"Blog da Condessa\",\"@id\":\"https:\\\/\\\/blogdacondessa.com.br\\\/blog\\\/#\\\/schema\\\/person\\\/1d667ff8b785195b568677489d266035\"},\"headline\":\"\u201cO For\u00e7a Mulher \u00e9 uma iniciativa focada no empreendedorismo feminino e na inclus\u00e3o produtiva\u201d\",\"datePublished\":\"2026-09-01T09:00:08+00:00\",\"mainEntityOfPage\":{\"@id\":\"https:\\\/\\\/blogdacondessa.com.br\\\/blog\\\/economia\\\/o-forca-mulher-e-uma-iniciativa-focada-no-empreendedorismo-feminino-e-na-inclusao-produtiva\\\/\"},\"wordCount\":683,\"image\":{\"@id\":\"https:\\\/\\\/blogdacondessa.com.br\\\/blog\\\/economia\\\/o-forca-mulher-e-uma-iniciativa-focada-no-empreendedorismo-feminino-e-na-inclusao-produtiva\\\/#primaryimage\"},\"thumbnailUrl\":\"https:\\\/\\\/blogdacondessa.com.br\\\/blog\\\/wp-content\\\/uploads\\\/2026\\\/08\\\/Forca-mulher.webp\",\"articleSection\":[\"Economia\"],\"inLanguage\":\"pt-BR\"},{\"@type\":\"WebPage\",\"@id\":\"https:\\\/\\\/blogdacondessa.com.br\\\/blog\\\/economia\\\/o-forca-mulher-e-uma-iniciativa-focada-no-empreendedorismo-feminino-e-na-inclusao-produtiva\\\/\",\"url\":\"https:\\\/\\\/blogdacondessa.com.br\\\/blog\\\/economia\\\/o-forca-mulher-e-uma-iniciativa-focada-no-empreendedorismo-feminino-e-na-inclusao-produtiva\\\/\",\"name\":\"\u201cO For\u00e7a Mulher \u00e9 uma iniciativa focada no empreendedorismo feminino e na inclus\u00e3o produtiva\u201d &#8902; Blog da Condessa\",\"isPartOf\":{\"@id\":\"https:\\\/\\\/blogdacondessa.com.br\\\/blog\\\/#website\"},\"primaryImageOfPage\":{\"@id\":\"https:\\\/\\\/blogdacondessa.com.br\\\/blog\\\/economia\\\/o-forca-mulher-e-uma-iniciativa-focada-no-empreendedorismo-feminino-e-na-inclusao-produtiva\\\/#primaryimage\"},\"image\":{\"@id\":\"https:\\\/\\\/blogdacondessa.com.br\\\/blog\\\/economia\\\/o-forca-mulher-e-uma-iniciativa-focada-no-empreendedorismo-feminino-e-na-inclusao-produtiva\\\/#primaryimage\"},\"thumbnailUrl\":\"https:\\\/\\\/blogdacondessa.com.br\\\/blog\\\/wp-content\\\/uploads\\\/2026\\\/08\\\/Forca-mulher.webp\",\"datePublished\":\"2026-09-01T09:00:08+00:00\",\"author\":{\"@id\":\"https:\\\/\\\/blogdacondessa.com.br\\\/blog\\\/#\\\/schema\\\/person\\\/1d667ff8b785195b568677489d266035\"},\"breadcrumb\":{\"@id\":\"https:\\\/\\\/blogdacondessa.com.br\\\/blog\\\/economia\\\/o-forca-mulher-e-uma-iniciativa-focada-no-empreendedorismo-feminino-e-na-inclusao-produtiva\\\/#breadcrumb\"},\"inLanguage\":\"pt-BR\",\"potentialAction\":[{\"@type\":\"ReadAction\",\"target\":[\"https:\\\/\\\/blogdacondessa.com.br\\\/blog\\\/economia\\\/o-forca-mulher-e-uma-iniciativa-focada-no-empreendedorismo-feminino-e-na-inclusao-produtiva\\\/\"]}]},{\"@type\":\"ImageObject\",\"inLanguage\":\"pt-BR\",\"@id\":\"https:\\\/\\\/blogdacondessa.com.br\\\/blog\\\/economia\\\/o-forca-mulher-e-uma-iniciativa-focada-no-empreendedorismo-feminino-e-na-inclusao-produtiva\\\/#primaryimage\",\"url\":\"https:\\\/\\\/blogdacondessa.com.br\\\/blog\\\/wp-content\\\/uploads\\\/2026\\\/08\\\/Forca-mulher.webp\",\"contentUrl\":\"https:\\\/\\\/blogdacondessa.com.br\\\/blog\\\/wp-content\\\/uploads\\\/2026\\\/08\\\/Forca-mulher.webp\",\"width\":814,\"height\":492},{\"@type\":\"BreadcrumbList\",\"@id\":\"https:\\\/\\\/blogdacondessa.com.br\\\/blog\\\/economia\\\/o-forca-mulher-e-uma-iniciativa-focada-no-empreendedorismo-feminino-e-na-inclusao-produtiva\\\/#breadcrumb\",\"itemListElement\":[{\"@type\":\"ListItem\",\"position\":1,\"name\":\"In\u00edcio\",\"item\":\"https:\\\/\\\/blogdacondessa.com.br\\\/blog\\\/\"},{\"@type\":\"ListItem\",\"position\":2,\"name\":\"\u201cO For\u00e7a Mulher \u00e9 uma iniciativa focada no empreendedorismo feminino e na inclus\u00e3o produtiva\u201d\"}]},{\"@type\":\"WebSite\",\"@id\":\"https:\\\/\\\/blogdacondessa.com.br\\\/blog\\\/#website\",\"url\":\"https:\\\/\\\/blogdacondessa.com.br\\\/blog\\\/\",\"name\":\"Blog da Condessa\",\"description\":\"Com Shirley de Souza O\u2019Campos\",\"potentialAction\":[{\"@type\":\"SearchAction\",\"target\":{\"@type\":\"EntryPoint\",\"urlTemplate\":\"https:\\\/\\\/blogdacondessa.com.br\\\/blog\\\/?s={search_term_string}\"},\"query-input\":{\"@type\":\"PropertyValueSpecification\",\"valueRequired\":true,\"valueName\":\"search_term_string\"}}],\"inLanguage\":\"pt-BR\"},{\"@type\":\"Person\",\"@id\":\"https:\\\/\\\/blogdacondessa.com.br\\\/blog\\\/#\\\/schema\\\/person\\\/1d667ff8b785195b568677489d266035\",\"name\":\"Blog da Condessa\",\"image\":{\"@type\":\"ImageObject\",\"inLanguage\":\"pt-BR\",\"@id\":\"https:\\\/\\\/secure.gravatar.com\\\/avatar\\\/377c0eb8b4ad2bfc25461b41564b5971e721ca34a57642868fc7b0c8ac7b52c5?s=96&d=mm&r=g\",\"url\":\"https:\\\/\\\/secure.gravatar.com\\\/avatar\\\/377c0eb8b4ad2bfc25461b41564b5971e721ca34a57642868fc7b0c8ac7b52c5?s=96&d=mm&r=g\",\"contentUrl\":\"https:\\\/\\\/secure.gravatar.com\\\/avatar\\\/377c0eb8b4ad2bfc25461b41564b5971e721ca34a57642868fc7b0c8ac7b52c5?s=96&d=mm&r=g\",\"caption\":\"Blog da Condessa\"},\"url\":\"https:\\\/\\\/blogdacondessa.com.br\\\/blog\\\/author\\\/beatriz\\\/\"}]}<\/script>\n<!-- \/ Yoast SEO plugin. -->","yoast_head_json":{"title":"\u201cO For\u00e7a Mulher \u00e9 uma iniciativa focada no empreendedorismo feminino e na inclus\u00e3o produtiva\u201d &#8902; Blog da Condessa","robots":{"index":"index","follow":"follow","max-snippet":"max-snippet:-1","max-image-preview":"max-image-preview:large","max-video-preview":"max-video-preview:-1"},"canonical":"https:\/\/blogdacondessa.com.br\/blog\/economia\/o-forca-mulher-e-uma-iniciativa-focada-no-empreendedorismo-feminino-e-na-inclusao-produtiva\/","og_locale":"pt_BR","og_type":"article","og_title":"\u201cO For\u00e7a Mulher \u00e9 uma iniciativa focada no empreendedorismo feminino e na inclus\u00e3o produtiva\u201d &#8902; Blog da Condessa","og_description":"Um grupo de 20 mulheres moradoras do bairro Vit\u00f3ria R\u00e9gia e regi\u00e3o, em V\u00e1rzea Grande, concluiu o curso de manicure e pedicure, promovido por uma parceria entre a Energisa e o Servi\u00e7o de Apoio \u00e0s Micro e Pequenas Empresas do Estado de Mato Grosso (Sebrae\/MT), por meio dos programas Bem da Gente e For\u00e7a Mulher. [&hellip;]","og_url":"https:\/\/blogdacondessa.com.br\/blog\/economia\/o-forca-mulher-e-uma-iniciativa-focada-no-empreendedorismo-feminino-e-na-inclusao-produtiva\/","og_site_name":"Blog da Condessa","article_published_time":"2026-09-01T09:00:08+00:00","og_image":[{"width":814,"height":492,"url":"https:\/\/blogdacondessa.com.br\/blog\/wp-content\/uploads\/2026\/08\/Forca-mulher.webp","type":"image\/webp"}],"author":"Blog da Condessa","twitter_card":"summary_large_image","twitter_misc":{"Escrito por":"Blog da Condessa","Est. tempo de leitura":"4 minutos"},"schema":{"@context":"https:\/\/schema.org","@graph":[{"@type":"Article","@id":"https:\/\/blogdacondessa.com.br\/blog\/economia\/o-forca-mulher-e-uma-iniciativa-focada-no-empreendedorismo-feminino-e-na-inclusao-produtiva\/#article","isPartOf":{"@id":"https:\/\/blogdacondessa.com.br\/blog\/economia\/o-forca-mulher-e-uma-iniciativa-focada-no-empreendedorismo-feminino-e-na-inclusao-produtiva\/"},"author":{"name":"Blog da Condessa","@id":"https:\/\/blogdacondessa.com.br\/blog\/#\/schema\/person\/1d667ff8b785195b568677489d266035"},"headline":"\u201cO For\u00e7a Mulher \u00e9 uma iniciativa focada no empreendedorismo feminino e na inclus\u00e3o produtiva\u201d","datePublished":"2026-09-01T09:00:08+00:00","mainEntityOfPage":{"@id":"https:\/\/blogdacondessa.com.br\/blog\/economia\/o-forca-mulher-e-uma-iniciativa-focada-no-empreendedorismo-feminino-e-na-inclusao-produtiva\/"},"wordCount":683,"image":{"@id":"https:\/\/blogdacondessa.com.br\/blog\/economia\/o-forca-mulher-e-uma-iniciativa-focada-no-empreendedorismo-feminino-e-na-inclusao-produtiva\/#primaryimage"},"thumbnailUrl":"https:\/\/blogdacondessa.com.br\/blog\/wp-content\/uploads\/2026\/08\/Forca-mulher.webp","articleSection":["Economia"],"inLanguage":"pt-BR"},{"@type":"WebPage","@id":"https:\/\/blogdacondessa.com.br\/blog\/economia\/o-forca-mulher-e-uma-iniciativa-focada-no-empreendedorismo-feminino-e-na-inclusao-produtiva\/","url":"https:\/\/blogdacondessa.com.br\/blog\/economia\/o-forca-mulher-e-uma-iniciativa-focada-no-empreendedorismo-feminino-e-na-inclusao-produtiva\/","name":"\u201cO For\u00e7a Mulher \u00e9 uma iniciativa focada no empreendedorismo feminino e na inclus\u00e3o produtiva\u201d &#8902; Blog da Condessa","isPartOf":{"@id":"https:\/\/blogdacondessa.com.br\/blog\/#website"},"primaryImageOfPage":{"@id":"https:\/\/blogdacondessa.com.br\/blog\/economia\/o-forca-mulher-e-uma-iniciativa-focada-no-empreendedorismo-feminino-e-na-inclusao-produtiva\/#primaryimage"},"image":{"@id":"https:\/\/blogdacondessa.com.br\/blog\/economia\/o-forca-mulher-e-uma-iniciativa-focada-no-empreendedorismo-feminino-e-na-inclusao-produtiva\/#primaryimage"},"thumbnailUrl":"https:\/\/blogdacondessa.com.br\/blog\/wp-content\/uploads\/2026\/08\/Forca-mulher.webp","datePublished":"2026-09-01T09:00:08+00:00","author":{"@id":"https:\/\/blogdacondessa.com.br\/blog\/#\/schema\/person\/1d667ff8b785195b568677489d266035"},"breadcrumb":{"@id":"https:\/\/blogdacondessa.com.br\/blog\/economia\/o-forca-mulher-e-uma-iniciativa-focada-no-empreendedorismo-feminino-e-na-inclusao-produtiva\/#breadcrumb"},"inLanguage":"pt-BR","potentialAction":[{"@type":"ReadAction","target":["https:\/\/blogdacondessa.com.br\/blog\/economia\/o-forca-mulher-e-uma-iniciativa-focada-no-empreendedorismo-feminino-e-na-inclusao-produtiva\/"]}]},{"@type":"ImageObject","inLanguage":"pt-BR","@id":"https:\/\/blogdacondessa.com.br\/blog\/economia\/o-forca-mulher-e-uma-iniciativa-focada-no-empreendedorismo-feminino-e-na-inclusao-produtiva\/#primaryimage","url":"https:\/\/blogdacondessa.com.br\/blog\/wp-content\/uploads\/2026\/08\/Forca-mulher.webp","contentUrl":"https:\/\/blogdacondessa.com.br\/blog\/wp-content\/uploads\/2026\/08\/Forca-mulher.webp","width":814,"height":492},{"@type":"BreadcrumbList","@id":"https:\/\/blogdacondessa.com.br\/blog\/economia\/o-forca-mulher-e-uma-iniciativa-focada-no-empreendedorismo-feminino-e-na-inclusao-produtiva\/#breadcrumb","itemListElement":[{"@type":"ListItem","position":1,"name":"In\u00edcio","item":"https:\/\/blogdacondessa.com.br\/blog\/"},{"@type":"ListItem","position":2,"name":"\u201cO For\u00e7a Mulher \u00e9 uma iniciativa focada no empreendedorismo feminino e na inclus\u00e3o produtiva\u201d"}]},{"@type":"WebSite","@id":"https:\/\/blogdacondessa.com.br\/blog\/#website","url":"https:\/\/blogdacondessa.com.br\/blog\/","name":"Blog da Condessa","description":"Com Shirley de Souza O\u2019Campos","potentialAction":[{"@type":"SearchAction","target":{"@type":"EntryPoint","urlTemplate":"https:\/\/blogdacondessa.com.br\/blog\/?s={search_term_string}"},"query-input":{"@type":"PropertyValueSpecification","valueRequired":true,"valueName":"search_term_string"}}],"inLanguage":"pt-BR"},{"@type":"Person","@id":"https:\/\/blogdacondessa.com.br\/blog\/#\/schema\/person\/1d667ff8b785195b568677489d266035","name":"Blog da Condessa","image":{"@type":"ImageObject","inLanguage":"pt-BR","@id":"https:\/\/secure.gravatar.com\/avatar\/377c0eb8b4ad2bfc25461b41564b5971e721ca34a57642868fc7b0c8ac7b52c5?s=96&d=mm&r=g","url":"https:\/\/secure.gravatar.com\/avatar\/377c0eb8b4ad2bfc25461b41564b5971e721ca34a57642868fc7b0c8ac7b52c5?s=96&d=mm&r=g","contentUrl":"https:\/\/secure.gravatar.com\/avatar\/377c0eb8b4ad2bfc25461b41564b5971e721ca34a57642868fc7b0c8ac7b52c5?s=96&d=mm&r=g","caption":"Blog da Condessa"},"url":"https:\/\/blogdacondessa.com.br\/blog\/author\/beatriz\/"}]}},"_links":{"self":[{"href":"https:\/\/blogdacondessa.com.br\/blog\/wp-json\/wp\/v2\/posts\/14721","targetHints":{"allow":["GET"]}}],"collection":[{"href":"https:\/\/blogdacondessa.com.br\/blog\/wp-json\/wp\/v2\/posts"}],"about":[{"href":"https:\/\/blogdacondessa.com.br\/blog\/wp-json\/wp\/v2\/types\/post"}],"author":[{"embeddable":true,"href":"https:\/\/blogdacondessa.com.br\/blog\/wp-json\/wp\/v2\/users\/2"}],"replies":[{"embeddable":true,"href":"https:\/\/blogdacondessa.com.br\/blog\/wp-json\/wp\/v2\/comments?post=14721"}],"version-history":[{"count":1,"href":"https:\/\/blogdacondessa.com.br\/blog\/wp-json\/wp\/v2\/posts\/14721\/revisions"}],"predecessor-version":[{"id":14723,"href":"https:\/\/blogdacondessa.com.br\/blog\/wp-json\/wp\/v2\/posts\/14721\/revisions\/14723"}],"wp:featuredmedia":[{"embeddable":true,"href":"https:\/\/blogdacondessa.com.br\/blog\/wp-json\/wp\/v2\/media\/14722"}],"wp:attachment":[{"href":"https:\/\/blogdacondessa.com.br\/blog\/wp-json\/wp\/v2\/media?parent=14721"}],"wp:term":[{"taxonomy":"category","embeddable":true,"href":"https:\/\/blogdacondessa.com.br\/blog\/wp-json\/wp\/v2\/categories?post=14721"},{"taxonomy":"post_tag","embeddable":true,"href":"https:\/\/blogdacondessa.com.br\/blog\/wp-json\/wp\/v2\/tags?post=14721"}],"curies":[{"name":"wp","href":"https:\/\/api.w.org\/{rel}","templated":true}]}}