{"id":14718,"date":"2026-09-01T05:00:02","date_gmt":"2026-09-01T09:00:02","guid":{"rendered":"https:\/\/blogdacondessa.com.br\/blog\/?p=14718"},"modified":"2026-08-31T19:06:21","modified_gmt":"2026-08-31T23:06:21","slug":"sus-tera-tres-novos-medicamentos-para-cancer-de-pulmao","status":"publish","type":"post","link":"https:\/\/blogdacondessa.com.br\/blog\/saude\/sus-tera-tres-novos-medicamentos-para-cancer-de-pulmao\/","title":{"rendered":"SUS ter\u00e1 tr\u00eas novos medicamentos para c\u00e2ncer de pulm\u00e3o"},"content":{"rendered":"<p><em>Tratamentos de alto custo dever\u00e3o beneficiar cerca de 1,9 mil paciente<\/em><\/p>\n<p>Tr\u00eas novos medicamentos para o tratamento de c\u00e2ncer de pulm\u00e3o ser\u00e3o disponibilizados a pacientes em tratamento no Sistema \u00danico de Sa\u00fade (SUS) a partir de outubro. S\u00e3o eles o brigatinibe, o gefitinibe e o durvalumabe.<\/p>\n<p>De acordo com o Minist\u00e9rio da Sa\u00fade, cerca de 1,9 mil pacientes devem ser atendidos.\u00a0Consideradas medica\u00e7\u00f5es de alta tecnologia, os rem\u00e9dios podem custar at\u00e9 R$ 643 mil por ano na rede privada.<\/p>\n<p>O brigatinibe e o gefitinibe s\u00e3o duas terapias-alvo orais\u00a0que atuam diretamente sobre altera\u00e7\u00f5es espec\u00edficas das c\u00e9lulas cancer\u00edgenas. Uma das vantagens \u00e9 que o rem\u00e9dio pode ser administrado na casa do paciente com menor incid\u00eancia de eventos adversos em compara\u00e7\u00e3o aos esquemas convencionais de quimioterapia.<\/p>\n<p>O terceiro medicamento, o durvalumabe, estimula a capacidade do sistema imunol\u00f3gico de combater os tumores cancer\u00edgenos. Ele \u00e9 indicado para pacientes com c\u00e2ncer de pulm\u00e3o em est\u00e1gio 3, que n\u00e3o podem ser tratadas com cirurgia.<\/p>\n<p>\u201cO\u00a0tratamento demonstra ganhos na sobrevida global dos pacientes\u201d, segundo o minist\u00e9rio.<\/p>\n<p>As medica\u00e7\u00f5es ser\u00e3o financiadas integralmente pelo governo federal a partir da implementa\u00e7\u00e3o da Assist\u00eancia Farmac\u00eautica Oncol\u00f3gica (AF-Onco), criada para ampliar a oferta de tratamentos pelo SUS.<\/p>\n<p>De acordo com o minist\u00e9rio, ser\u00e3o ofertados por meio da AF-Onco 23 medicamentos oncol\u00f3gicos de alto custo, ampliando em 35% a oferta de tratamentos na rede p\u00fablica.<\/p>\n<p>A estimativa \u00e9 de que mais de 100 mil pessoas sejam contempladas pela pol\u00edtica, com or\u00e7amento anual estimado em R$ 2,1 bilh\u00f5es.\u00a0\u00a0(Fonte: Ag\u00eancia Brasil)<\/p>\n","protected":false},"excerpt":{"rendered":"<p>Tratamentos de alto custo dever\u00e3o beneficiar cerca de 1,9 mil paciente Tr\u00eas novos medicamentos para o tratamento de c\u00e2ncer de pulm\u00e3o ser\u00e3o disponibilizados a pacientes em tratamento no Sistema \u00danico de Sa\u00fade (SUS) a partir de outubro. S\u00e3o eles o brigatinibe, o gefitinibe e o durvalumabe. De acordo com o Minist\u00e9rio da Sa\u00fade, cerca de [&hellip;]<\/p>\n","protected":false},"author":2,"featured_media":14719,"comment_status":"closed","ping_status":"closed","sticky":false,"template":"","format":"standard","meta":{"iawp_total_views":2,"footnotes":""},"categories":[5],"tags":[],"class_list":["post-14718","post","type-post","status-publish","format-standard","has-post-thumbnail","hentry","category-saude"],"yoast_head":"<!-- This site is optimized with the Yoast SEO plugin v27.3 - https:\/\/yoast.com\/product\/yoast-seo-wordpress\/ -->\n<title>SUS ter\u00e1 tr\u00eas novos medicamentos para c\u00e2ncer de pulm\u00e3o &#8902; Blog da Condessa<\/title>\n<meta name=\"robots\" content=\"index, follow, max-snippet:-1, max-image-preview:large, max-video-preview:-1\" \/>\n<link rel=\"canonical\" href=\"https:\/\/blogdacondessa.com.br\/blog\/saude\/sus-tera-tres-novos-medicamentos-para-cancer-de-pulmao\/\" \/>\n<meta property=\"og:locale\" content=\"pt_BR\" \/>\n<meta property=\"og:type\" content=\"article\" \/>\n<meta property=\"og:title\" content=\"SUS ter\u00e1 tr\u00eas novos medicamentos para c\u00e2ncer de pulm\u00e3o &#8902; Blog da Condessa\" \/>\n<meta property=\"og:description\" content=\"Tratamentos de alto custo dever\u00e3o beneficiar cerca de 1,9 mil paciente Tr\u00eas novos medicamentos para o tratamento de c\u00e2ncer de pulm\u00e3o ser\u00e3o disponibilizados a pacientes em tratamento no Sistema \u00danico de Sa\u00fade (SUS) a partir de outubro. S\u00e3o eles o brigatinibe, o gefitinibe e o durvalumabe. De acordo com o Minist\u00e9rio da Sa\u00fade, cerca de [&hellip;]\" \/>\n<meta property=\"og:url\" content=\"https:\/\/blogdacondessa.com.br\/blog\/saude\/sus-tera-tres-novos-medicamentos-para-cancer-de-pulmao\/\" \/>\n<meta property=\"og:site_name\" content=\"Blog da Condessa\" \/>\n<meta property=\"article:published_time\" content=\"2026-09-01T09:00:02+00:00\" \/>\n<meta property=\"og:image\" content=\"https:\/\/blogdacondessa.com.br\/blog\/wp-content\/uploads\/2026\/08\/SUS.webp\" \/>\n\t<meta property=\"og:image:width\" content=\"1170\" \/>\n\t<meta property=\"og:image:height\" content=\"700\" \/>\n\t<meta property=\"og:image:type\" content=\"image\/webp\" \/>\n<meta name=\"author\" content=\"Blog da Condessa\" \/>\n<meta name=\"twitter:card\" content=\"summary_large_image\" \/>\n<meta name=\"twitter:label1\" content=\"Escrito por\" \/>\n\t<meta name=\"twitter:data1\" content=\"Blog da Condessa\" \/>\n\t<meta name=\"twitter:label2\" content=\"Est. tempo de leitura\" \/>\n\t<meta name=\"twitter:data2\" content=\"2 minutos\" \/>\n<script type=\"application\/ld+json\" class=\"yoast-schema-graph\">{\"@context\":\"https:\\\/\\\/schema.org\",\"@graph\":[{\"@type\":\"Article\",\"@id\":\"https:\\\/\\\/blogdacondessa.com.br\\\/blog\\\/saude\\\/sus-tera-tres-novos-medicamentos-para-cancer-de-pulmao\\\/#article\",\"isPartOf\":{\"@id\":\"https:\\\/\\\/blogdacondessa.com.br\\\/blog\\\/saude\\\/sus-tera-tres-novos-medicamentos-para-cancer-de-pulmao\\\/\"},\"author\":{\"name\":\"Blog da Condessa\",\"@id\":\"https:\\\/\\\/blogdacondessa.com.br\\\/blog\\\/#\\\/schema\\\/person\\\/1d667ff8b785195b568677489d266035\"},\"headline\":\"SUS ter\u00e1 tr\u00eas novos medicamentos para c\u00e2ncer de pulm\u00e3o\",\"datePublished\":\"2026-09-01T09:00:02+00:00\",\"mainEntityOfPage\":{\"@id\":\"https:\\\/\\\/blogdacondessa.com.br\\\/blog\\\/saude\\\/sus-tera-tres-novos-medicamentos-para-cancer-de-pulmao\\\/\"},\"wordCount\":290,\"image\":{\"@id\":\"https:\\\/\\\/blogdacondessa.com.br\\\/blog\\\/saude\\\/sus-tera-tres-novos-medicamentos-para-cancer-de-pulmao\\\/#primaryimage\"},\"thumbnailUrl\":\"https:\\\/\\\/blogdacondessa.com.br\\\/blog\\\/wp-content\\\/uploads\\\/2026\\\/08\\\/SUS.webp\",\"articleSection\":[\"Sa\u00fade\"],\"inLanguage\":\"pt-BR\"},{\"@type\":\"WebPage\",\"@id\":\"https:\\\/\\\/blogdacondessa.com.br\\\/blog\\\/saude\\\/sus-tera-tres-novos-medicamentos-para-cancer-de-pulmao\\\/\",\"url\":\"https:\\\/\\\/blogdacondessa.com.br\\\/blog\\\/saude\\\/sus-tera-tres-novos-medicamentos-para-cancer-de-pulmao\\\/\",\"name\":\"SUS ter\u00e1 tr\u00eas novos medicamentos para c\u00e2ncer de pulm\u00e3o &#8902; Blog da Condessa\",\"isPartOf\":{\"@id\":\"https:\\\/\\\/blogdacondessa.com.br\\\/blog\\\/#website\"},\"primaryImageOfPage\":{\"@id\":\"https:\\\/\\\/blogdacondessa.com.br\\\/blog\\\/saude\\\/sus-tera-tres-novos-medicamentos-para-cancer-de-pulmao\\\/#primaryimage\"},\"image\":{\"@id\":\"https:\\\/\\\/blogdacondessa.com.br\\\/blog\\\/saude\\\/sus-tera-tres-novos-medicamentos-para-cancer-de-pulmao\\\/#primaryimage\"},\"thumbnailUrl\":\"https:\\\/\\\/blogdacondessa.com.br\\\/blog\\\/wp-content\\\/uploads\\\/2026\\\/08\\\/SUS.webp\",\"datePublished\":\"2026-09-01T09:00:02+00:00\",\"author\":{\"@id\":\"https:\\\/\\\/blogdacondessa.com.br\\\/blog\\\/#\\\/schema\\\/person\\\/1d667ff8b785195b568677489d266035\"},\"breadcrumb\":{\"@id\":\"https:\\\/\\\/blogdacondessa.com.br\\\/blog\\\/saude\\\/sus-tera-tres-novos-medicamentos-para-cancer-de-pulmao\\\/#breadcrumb\"},\"inLanguage\":\"pt-BR\",\"potentialAction\":[{\"@type\":\"ReadAction\",\"target\":[\"https:\\\/\\\/blogdacondessa.com.br\\\/blog\\\/saude\\\/sus-tera-tres-novos-medicamentos-para-cancer-de-pulmao\\\/\"]}]},{\"@type\":\"ImageObject\",\"inLanguage\":\"pt-BR\",\"@id\":\"https:\\\/\\\/blogdacondessa.com.br\\\/blog\\\/saude\\\/sus-tera-tres-novos-medicamentos-para-cancer-de-pulmao\\\/#primaryimage\",\"url\":\"https:\\\/\\\/blogdacondessa.com.br\\\/blog\\\/wp-content\\\/uploads\\\/2026\\\/08\\\/SUS.webp\",\"contentUrl\":\"https:\\\/\\\/blogdacondessa.com.br\\\/blog\\\/wp-content\\\/uploads\\\/2026\\\/08\\\/SUS.webp\",\"width\":1170,\"height\":700,\"caption\":\"Foto: Fernando Fraz\u00e3o\\\/Ag\u00eancia Brasil\"},{\"@type\":\"BreadcrumbList\",\"@id\":\"https:\\\/\\\/blogdacondessa.com.br\\\/blog\\\/saude\\\/sus-tera-tres-novos-medicamentos-para-cancer-de-pulmao\\\/#breadcrumb\",\"itemListElement\":[{\"@type\":\"ListItem\",\"position\":1,\"name\":\"In\u00edcio\",\"item\":\"https:\\\/\\\/blogdacondessa.com.br\\\/blog\\\/\"},{\"@type\":\"ListItem\",\"position\":2,\"name\":\"SUS ter\u00e1 tr\u00eas novos medicamentos para c\u00e2ncer de pulm\u00e3o\"}]},{\"@type\":\"WebSite\",\"@id\":\"https:\\\/\\\/blogdacondessa.com.br\\\/blog\\\/#website\",\"url\":\"https:\\\/\\\/blogdacondessa.com.br\\\/blog\\\/\",\"name\":\"Blog da Condessa\",\"description\":\"Com Shirley de Souza O\u2019Campos\",\"potentialAction\":[{\"@type\":\"SearchAction\",\"target\":{\"@type\":\"EntryPoint\",\"urlTemplate\":\"https:\\\/\\\/blogdacondessa.com.br\\\/blog\\\/?s={search_term_string}\"},\"query-input\":{\"@type\":\"PropertyValueSpecification\",\"valueRequired\":true,\"valueName\":\"search_term_string\"}}],\"inLanguage\":\"pt-BR\"},{\"@type\":\"Person\",\"@id\":\"https:\\\/\\\/blogdacondessa.com.br\\\/blog\\\/#\\\/schema\\\/person\\\/1d667ff8b785195b568677489d266035\",\"name\":\"Blog da Condessa\",\"image\":{\"@type\":\"ImageObject\",\"inLanguage\":\"pt-BR\",\"@id\":\"https:\\\/\\\/secure.gravatar.com\\\/avatar\\\/377c0eb8b4ad2bfc25461b41564b5971e721ca34a57642868fc7b0c8ac7b52c5?s=96&d=mm&r=g\",\"url\":\"https:\\\/\\\/secure.gravatar.com\\\/avatar\\\/377c0eb8b4ad2bfc25461b41564b5971e721ca34a57642868fc7b0c8ac7b52c5?s=96&d=mm&r=g\",\"contentUrl\":\"https:\\\/\\\/secure.gravatar.com\\\/avatar\\\/377c0eb8b4ad2bfc25461b41564b5971e721ca34a57642868fc7b0c8ac7b52c5?s=96&d=mm&r=g\",\"caption\":\"Blog da Condessa\"},\"url\":\"https:\\\/\\\/blogdacondessa.com.br\\\/blog\\\/author\\\/beatriz\\\/\"}]}<\/script>\n<!-- \/ Yoast SEO plugin. -->","yoast_head_json":{"title":"SUS ter\u00e1 tr\u00eas novos medicamentos para c\u00e2ncer de pulm\u00e3o &#8902; Blog da Condessa","robots":{"index":"index","follow":"follow","max-snippet":"max-snippet:-1","max-image-preview":"max-image-preview:large","max-video-preview":"max-video-preview:-1"},"canonical":"https:\/\/blogdacondessa.com.br\/blog\/saude\/sus-tera-tres-novos-medicamentos-para-cancer-de-pulmao\/","og_locale":"pt_BR","og_type":"article","og_title":"SUS ter\u00e1 tr\u00eas novos medicamentos para c\u00e2ncer de pulm\u00e3o &#8902; Blog da Condessa","og_description":"Tratamentos de alto custo dever\u00e3o beneficiar cerca de 1,9 mil paciente Tr\u00eas novos medicamentos para o tratamento de c\u00e2ncer de pulm\u00e3o ser\u00e3o disponibilizados a pacientes em tratamento no Sistema \u00danico de Sa\u00fade (SUS) a partir de outubro. S\u00e3o eles o brigatinibe, o gefitinibe e o durvalumabe. De acordo com o Minist\u00e9rio da Sa\u00fade, cerca de [&hellip;]","og_url":"https:\/\/blogdacondessa.com.br\/blog\/saude\/sus-tera-tres-novos-medicamentos-para-cancer-de-pulmao\/","og_site_name":"Blog da Condessa","article_published_time":"2026-09-01T09:00:02+00:00","og_image":[{"width":1170,"height":700,"url":"https:\/\/blogdacondessa.com.br\/blog\/wp-content\/uploads\/2026\/08\/SUS.webp","type":"image\/webp"}],"author":"Blog da Condessa","twitter_card":"summary_large_image","twitter_misc":{"Escrito por":"Blog da Condessa","Est. tempo de leitura":"2 minutos"},"schema":{"@context":"https:\/\/schema.org","@graph":[{"@type":"Article","@id":"https:\/\/blogdacondessa.com.br\/blog\/saude\/sus-tera-tres-novos-medicamentos-para-cancer-de-pulmao\/#article","isPartOf":{"@id":"https:\/\/blogdacondessa.com.br\/blog\/saude\/sus-tera-tres-novos-medicamentos-para-cancer-de-pulmao\/"},"author":{"name":"Blog da Condessa","@id":"https:\/\/blogdacondessa.com.br\/blog\/#\/schema\/person\/1d667ff8b785195b568677489d266035"},"headline":"SUS ter\u00e1 tr\u00eas novos medicamentos para c\u00e2ncer de pulm\u00e3o","datePublished":"2026-09-01T09:00:02+00:00","mainEntityOfPage":{"@id":"https:\/\/blogdacondessa.com.br\/blog\/saude\/sus-tera-tres-novos-medicamentos-para-cancer-de-pulmao\/"},"wordCount":290,"image":{"@id":"https:\/\/blogdacondessa.com.br\/blog\/saude\/sus-tera-tres-novos-medicamentos-para-cancer-de-pulmao\/#primaryimage"},"thumbnailUrl":"https:\/\/blogdacondessa.com.br\/blog\/wp-content\/uploads\/2026\/08\/SUS.webp","articleSection":["Sa\u00fade"],"inLanguage":"pt-BR"},{"@type":"WebPage","@id":"https:\/\/blogdacondessa.com.br\/blog\/saude\/sus-tera-tres-novos-medicamentos-para-cancer-de-pulmao\/","url":"https:\/\/blogdacondessa.com.br\/blog\/saude\/sus-tera-tres-novos-medicamentos-para-cancer-de-pulmao\/","name":"SUS ter\u00e1 tr\u00eas novos medicamentos para c\u00e2ncer de pulm\u00e3o &#8902; Blog da Condessa","isPartOf":{"@id":"https:\/\/blogdacondessa.com.br\/blog\/#website"},"primaryImageOfPage":{"@id":"https:\/\/blogdacondessa.com.br\/blog\/saude\/sus-tera-tres-novos-medicamentos-para-cancer-de-pulmao\/#primaryimage"},"image":{"@id":"https:\/\/blogdacondessa.com.br\/blog\/saude\/sus-tera-tres-novos-medicamentos-para-cancer-de-pulmao\/#primaryimage"},"thumbnailUrl":"https:\/\/blogdacondessa.com.br\/blog\/wp-content\/uploads\/2026\/08\/SUS.webp","datePublished":"2026-09-01T09:00:02+00:00","author":{"@id":"https:\/\/blogdacondessa.com.br\/blog\/#\/schema\/person\/1d667ff8b785195b568677489d266035"},"breadcrumb":{"@id":"https:\/\/blogdacondessa.com.br\/blog\/saude\/sus-tera-tres-novos-medicamentos-para-cancer-de-pulmao\/#breadcrumb"},"inLanguage":"pt-BR","potentialAction":[{"@type":"ReadAction","target":["https:\/\/blogdacondessa.com.br\/blog\/saude\/sus-tera-tres-novos-medicamentos-para-cancer-de-pulmao\/"]}]},{"@type":"ImageObject","inLanguage":"pt-BR","@id":"https:\/\/blogdacondessa.com.br\/blog\/saude\/sus-tera-tres-novos-medicamentos-para-cancer-de-pulmao\/#primaryimage","url":"https:\/\/blogdacondessa.com.br\/blog\/wp-content\/uploads\/2026\/08\/SUS.webp","contentUrl":"https:\/\/blogdacondessa.com.br\/blog\/wp-content\/uploads\/2026\/08\/SUS.webp","width":1170,"height":700,"caption":"Foto: Fernando Fraz\u00e3o\/Ag\u00eancia Brasil"},{"@type":"BreadcrumbList","@id":"https:\/\/blogdacondessa.com.br\/blog\/saude\/sus-tera-tres-novos-medicamentos-para-cancer-de-pulmao\/#breadcrumb","itemListElement":[{"@type":"ListItem","position":1,"name":"In\u00edcio","item":"https:\/\/blogdacondessa.com.br\/blog\/"},{"@type":"ListItem","position":2,"name":"SUS ter\u00e1 tr\u00eas novos medicamentos para c\u00e2ncer de pulm\u00e3o"}]},{"@type":"WebSite","@id":"https:\/\/blogdacondessa.com.br\/blog\/#website","url":"https:\/\/blogdacondessa.com.br\/blog\/","name":"Blog da Condessa","description":"Com Shirley de Souza O\u2019Campos","potentialAction":[{"@type":"SearchAction","target":{"@type":"EntryPoint","urlTemplate":"https:\/\/blogdacondessa.com.br\/blog\/?s={search_term_string}"},"query-input":{"@type":"PropertyValueSpecification","valueRequired":true,"valueName":"search_term_string"}}],"inLanguage":"pt-BR"},{"@type":"Person","@id":"https:\/\/blogdacondessa.com.br\/blog\/#\/schema\/person\/1d667ff8b785195b568677489d266035","name":"Blog da Condessa","image":{"@type":"ImageObject","inLanguage":"pt-BR","@id":"https:\/\/secure.gravatar.com\/avatar\/377c0eb8b4ad2bfc25461b41564b5971e721ca34a57642868fc7b0c8ac7b52c5?s=96&d=mm&r=g","url":"https:\/\/secure.gravatar.com\/avatar\/377c0eb8b4ad2bfc25461b41564b5971e721ca34a57642868fc7b0c8ac7b52c5?s=96&d=mm&r=g","contentUrl":"https:\/\/secure.gravatar.com\/avatar\/377c0eb8b4ad2bfc25461b41564b5971e721ca34a57642868fc7b0c8ac7b52c5?s=96&d=mm&r=g","caption":"Blog da Condessa"},"url":"https:\/\/blogdacondessa.com.br\/blog\/author\/beatriz\/"}]}},"_links":{"self":[{"href":"https:\/\/blogdacondessa.com.br\/blog\/wp-json\/wp\/v2\/posts\/14718","targetHints":{"allow":["GET"]}}],"collection":[{"href":"https:\/\/blogdacondessa.com.br\/blog\/wp-json\/wp\/v2\/posts"}],"about":[{"href":"https:\/\/blogdacondessa.com.br\/blog\/wp-json\/wp\/v2\/types\/post"}],"author":[{"embeddable":true,"href":"https:\/\/blogdacondessa.com.br\/blog\/wp-json\/wp\/v2\/users\/2"}],"replies":[{"embeddable":true,"href":"https:\/\/blogdacondessa.com.br\/blog\/wp-json\/wp\/v2\/comments?post=14718"}],"version-history":[{"count":1,"href":"https:\/\/blogdacondessa.com.br\/blog\/wp-json\/wp\/v2\/posts\/14718\/revisions"}],"predecessor-version":[{"id":14720,"href":"https:\/\/blogdacondessa.com.br\/blog\/wp-json\/wp\/v2\/posts\/14718\/revisions\/14720"}],"wp:featuredmedia":[{"embeddable":true,"href":"https:\/\/blogdacondessa.com.br\/blog\/wp-json\/wp\/v2\/media\/14719"}],"wp:attachment":[{"href":"https:\/\/blogdacondessa.com.br\/blog\/wp-json\/wp\/v2\/media?parent=14718"}],"wp:term":[{"taxonomy":"category","embeddable":true,"href":"https:\/\/blogdacondessa.com.br\/blog\/wp-json\/wp\/v2\/categories?post=14718"},{"taxonomy":"post_tag","embeddable":true,"href":"https:\/\/blogdacondessa.com.br\/blog\/wp-json\/wp\/v2\/tags?post=14718"}],"curies":[{"name":"wp","href":"https:\/\/api.w.org\/{rel}","templated":true}]}}