{"id":14708,"date":"2026-08-29T05:00:16","date_gmt":"2026-08-29T09:00:16","guid":{"rendered":"https:\/\/blogdacondessa.com.br\/blog\/?p=14708"},"modified":"2026-08-28T17:42:51","modified_gmt":"2026-08-28T21:42:51","slug":"esclerose-multipla-nao-e-sentenca-de-incapacidade-e-pacientes-podem-manter-vida-ativa","status":"publish","type":"post","link":"https:\/\/blogdacondessa.com.br\/blog\/saude\/esclerose-multipla-nao-e-sentenca-de-incapacidade-e-pacientes-podem-manter-vida-ativa\/","title":{"rendered":"Esclerose m\u00faltipla n\u00e3o \u00e9 senten\u00e7a de incapacidade e pacientes podem manter vida ativa"},"content":{"rendered":"<p><em>Diagn\u00f3stico precoce e terapias de alta efic\u00e1cia ajudam a controlar surtos e reduzir o risco de limita\u00e7\u00f5es ao longo do tempo<\/em><\/p>\n<p>Cerca de 40 mil brasileiros convivem com a doen\u00e7a, segundo o Minist\u00e9rio da Sa\u00fade. Mais frequente entre adultos jovens, especialmente mulheres, ela afeta o sistema nervoso central e pode comprometer movimentos, vis\u00e3o, sensibilidade e fun\u00e7\u00f5es cognitivas.<\/p>\n<p>No Dia Nacional de Conscientiza\u00e7\u00e3o sobre a Esclerose M\u00faltipla, celebrado em 30 de agosto, o neurologista e neuroimunologista Victor Hugo Gomes, integrante da equipe de Neurologia do Hospital S\u00e3o Mateus, alerta que os avan\u00e7os no tratamento t\u00eam ajudado a mudar a ideia de que o diagn\u00f3stico representa perda inevit\u00e1vel da independ\u00eancia.<\/p>\n<p>\u201cQuando o paciente recebe o diagn\u00f3stico, muitas vezes ainda vem \u00e0 cabe\u00e7a das pessoas a imagem de algu\u00e9m que ficar\u00e1 em uma cadeira de rodas. Hoje, isso n\u00e3o significa esse caminho. \u00c9 poss\u00edvel trabalhar, praticar atividades f\u00edsicas, viajar e manter seus projetos de vida\u201d, comenta.<\/p>\n<p>O quadro \u00e9 provocado por uma resposta do sistema imunol\u00f3gico contra a mielina, estrutura que reveste e protege as fibras nervosas. Os danos podem causar formigamentos, perda de for\u00e7a, altera\u00e7\u00f5es visuais, dificuldades de equil\u00edbrio e coordena\u00e7\u00e3o, al\u00e9m de fadiga e lentifica\u00e7\u00e3o do pensamento.<\/p>\n<p>Como algumas dessas manifesta\u00e7\u00f5es tamb\u00e9m aparecem em outros problemas de sa\u00fade, podem inicialmente ser relacionadas a quadros mais comuns, inclusive ansiedade e depress\u00e3o. Por isso, a dura\u00e7\u00e3o, a recorr\u00eancia e a associa\u00e7\u00e3o entre diferentes sinais s\u00e3o importantes para a investiga\u00e7\u00e3o.<\/p>\n<p><strong>Tratamento precoce muda perspectivas<\/strong><\/p>\n<p>O diagn\u00f3stico re\u00fane avalia\u00e7\u00e3o neurol\u00f3gica, resson\u00e2ncia magn\u00e9tica e an\u00e1lise do l\u00edquor, al\u00e9m de exames complementares em situa\u00e7\u00f5es espec\u00edficas. A identifica\u00e7\u00e3o nas fases iniciais permite come\u00e7ar o tratamento mais rapidamente e interferir no curso da doen\u00e7a.<\/p>\n<p>Embora ainda n\u00e3o exista cura, as terapias atuais ajudam a reduzir surtos, novas les\u00f5es e o risco de ac\u00famulo de incapacidades ao longo dos anos.<\/p>\n<p>\u201cQuanto mais cedo fazemos o diagn\u00f3stico, mais r\u00e1pido podemos instituir uma terapia de alta efic\u00e1cia. Com isso, conseguimos interferir no curso cl\u00ednico e reduzir o risco de ac\u00famulo de incapacidades no futuro\u201d, salienta o neurologista.<\/p>\n<p>Al\u00e9m dos medicamentos, atividade f\u00edsica e, quando indicadas, fisioterapia, fonoaudiologia e terapia ocupacional contribuem para preservar a funcionalidade e a qualidade de vida. Com acompanhamento individualizado, trabalho, viagens e outros projetos podem continuar fazendo parte da rotina.<\/p>\n<p>\u201cTudo o que desejo para os pacientes neste Agosto Laranja \u00e9 autonomia para fazer escolhas, caminhar, trabalhar, praticar atividade f\u00edsica e realizar seus planos. Esse diagn\u00f3stico n\u00e3o \u00e9 uma senten\u00e7a. Queremos que essas pessoas tenham qualidade de vida e possam ser quem s\u00e3o\u201d, assinala Victor Hugo Gomes.<\/p>\n","protected":false},"excerpt":{"rendered":"<p>Diagn\u00f3stico precoce e terapias de alta efic\u00e1cia ajudam a controlar surtos e reduzir o risco de limita\u00e7\u00f5es ao longo do tempo Cerca de 40 mil brasileiros convivem com a doen\u00e7a, segundo o Minist\u00e9rio da Sa\u00fade. Mais frequente entre adultos jovens, especialmente mulheres, ela afeta o sistema nervoso central e pode comprometer movimentos, vis\u00e3o, sensibilidade e [&hellip;]<\/p>\n","protected":false},"author":2,"featured_media":14709,"comment_status":"closed","ping_status":"closed","sticky":false,"template":"","format":"standard","meta":{"iawp_total_views":2,"footnotes":""},"categories":[5],"tags":[],"class_list":["post-14708","post","type-post","status-publish","format-standard","has-post-thumbnail","hentry","category-saude"],"yoast_head":"<!-- This site is optimized with the Yoast SEO plugin v27.3 - https:\/\/yoast.com\/product\/yoast-seo-wordpress\/ -->\n<title>Esclerose m\u00faltipla n\u00e3o \u00e9 senten\u00e7a de incapacidade e pacientes podem manter vida ativa &#8902; Blog da Condessa<\/title>\n<meta name=\"robots\" content=\"index, follow, max-snippet:-1, max-image-preview:large, max-video-preview:-1\" \/>\n<link rel=\"canonical\" href=\"https:\/\/blogdacondessa.com.br\/blog\/saude\/esclerose-multipla-nao-e-sentenca-de-incapacidade-e-pacientes-podem-manter-vida-ativa\/\" \/>\n<meta property=\"og:locale\" content=\"pt_BR\" \/>\n<meta property=\"og:type\" content=\"article\" \/>\n<meta property=\"og:title\" content=\"Esclerose m\u00faltipla n\u00e3o \u00e9 senten\u00e7a de incapacidade e pacientes podem manter vida ativa &#8902; Blog da Condessa\" \/>\n<meta property=\"og:description\" content=\"Diagn\u00f3stico precoce e terapias de alta efic\u00e1cia ajudam a controlar surtos e reduzir o risco de limita\u00e7\u00f5es ao longo do tempo Cerca de 40 mil brasileiros convivem com a doen\u00e7a, segundo o Minist\u00e9rio da Sa\u00fade. Mais frequente entre adultos jovens, especialmente mulheres, ela afeta o sistema nervoso central e pode comprometer movimentos, vis\u00e3o, sensibilidade e [&hellip;]\" \/>\n<meta property=\"og:url\" content=\"https:\/\/blogdacondessa.com.br\/blog\/saude\/esclerose-multipla-nao-e-sentenca-de-incapacidade-e-pacientes-podem-manter-vida-ativa\/\" \/>\n<meta property=\"og:site_name\" content=\"Blog da Condessa\" \/>\n<meta property=\"article:published_time\" content=\"2026-08-29T09:00:16+00:00\" \/>\n<meta property=\"og:image\" content=\"https:\/\/blogdacondessa.com.br\/blog\/wp-content\/uploads\/2026\/08\/esclerose-multipla.jpg\" \/>\n\t<meta property=\"og:image:width\" content=\"1260\" \/>\n\t<meta property=\"og:image:height\" content=\"744\" \/>\n\t<meta property=\"og:image:type\" content=\"image\/jpeg\" \/>\n<meta name=\"author\" content=\"Blog da Condessa\" \/>\n<meta name=\"twitter:card\" content=\"summary_large_image\" \/>\n<meta name=\"twitter:label1\" content=\"Escrito por\" \/>\n\t<meta name=\"twitter:data1\" content=\"Blog da Condessa\" \/>\n\t<meta name=\"twitter:label2\" content=\"Est. tempo de leitura\" \/>\n\t<meta name=\"twitter:data2\" content=\"3 minutos\" \/>\n<script type=\"application\/ld+json\" class=\"yoast-schema-graph\">{\"@context\":\"https:\\\/\\\/schema.org\",\"@graph\":[{\"@type\":\"Article\",\"@id\":\"https:\\\/\\\/blogdacondessa.com.br\\\/blog\\\/saude\\\/esclerose-multipla-nao-e-sentenca-de-incapacidade-e-pacientes-podem-manter-vida-ativa\\\/#article\",\"isPartOf\":{\"@id\":\"https:\\\/\\\/blogdacondessa.com.br\\\/blog\\\/saude\\\/esclerose-multipla-nao-e-sentenca-de-incapacidade-e-pacientes-podem-manter-vida-ativa\\\/\"},\"author\":{\"name\":\"Blog da Condessa\",\"@id\":\"https:\\\/\\\/blogdacondessa.com.br\\\/blog\\\/#\\\/schema\\\/person\\\/1d667ff8b785195b568677489d266035\"},\"headline\":\"Esclerose m\u00faltipla n\u00e3o \u00e9 senten\u00e7a de incapacidade e pacientes podem manter vida ativa\",\"datePublished\":\"2026-08-29T09:00:16+00:00\",\"mainEntityOfPage\":{\"@id\":\"https:\\\/\\\/blogdacondessa.com.br\\\/blog\\\/saude\\\/esclerose-multipla-nao-e-sentenca-de-incapacidade-e-pacientes-podem-manter-vida-ativa\\\/\"},\"wordCount\":494,\"image\":{\"@id\":\"https:\\\/\\\/blogdacondessa.com.br\\\/blog\\\/saude\\\/esclerose-multipla-nao-e-sentenca-de-incapacidade-e-pacientes-podem-manter-vida-ativa\\\/#primaryimage\"},\"thumbnailUrl\":\"https:\\\/\\\/blogdacondessa.com.br\\\/blog\\\/wp-content\\\/uploads\\\/2026\\\/08\\\/esclerose-multipla.jpg\",\"articleSection\":[\"Sa\u00fade\"],\"inLanguage\":\"pt-BR\"},{\"@type\":\"WebPage\",\"@id\":\"https:\\\/\\\/blogdacondessa.com.br\\\/blog\\\/saude\\\/esclerose-multipla-nao-e-sentenca-de-incapacidade-e-pacientes-podem-manter-vida-ativa\\\/\",\"url\":\"https:\\\/\\\/blogdacondessa.com.br\\\/blog\\\/saude\\\/esclerose-multipla-nao-e-sentenca-de-incapacidade-e-pacientes-podem-manter-vida-ativa\\\/\",\"name\":\"Esclerose m\u00faltipla n\u00e3o \u00e9 senten\u00e7a de incapacidade e pacientes podem manter vida ativa &#8902; Blog da Condessa\",\"isPartOf\":{\"@id\":\"https:\\\/\\\/blogdacondessa.com.br\\\/blog\\\/#website\"},\"primaryImageOfPage\":{\"@id\":\"https:\\\/\\\/blogdacondessa.com.br\\\/blog\\\/saude\\\/esclerose-multipla-nao-e-sentenca-de-incapacidade-e-pacientes-podem-manter-vida-ativa\\\/#primaryimage\"},\"image\":{\"@id\":\"https:\\\/\\\/blogdacondessa.com.br\\\/blog\\\/saude\\\/esclerose-multipla-nao-e-sentenca-de-incapacidade-e-pacientes-podem-manter-vida-ativa\\\/#primaryimage\"},\"thumbnailUrl\":\"https:\\\/\\\/blogdacondessa.com.br\\\/blog\\\/wp-content\\\/uploads\\\/2026\\\/08\\\/esclerose-multipla.jpg\",\"datePublished\":\"2026-08-29T09:00:16+00:00\",\"author\":{\"@id\":\"https:\\\/\\\/blogdacondessa.com.br\\\/blog\\\/#\\\/schema\\\/person\\\/1d667ff8b785195b568677489d266035\"},\"breadcrumb\":{\"@id\":\"https:\\\/\\\/blogdacondessa.com.br\\\/blog\\\/saude\\\/esclerose-multipla-nao-e-sentenca-de-incapacidade-e-pacientes-podem-manter-vida-ativa\\\/#breadcrumb\"},\"inLanguage\":\"pt-BR\",\"potentialAction\":[{\"@type\":\"ReadAction\",\"target\":[\"https:\\\/\\\/blogdacondessa.com.br\\\/blog\\\/saude\\\/esclerose-multipla-nao-e-sentenca-de-incapacidade-e-pacientes-podem-manter-vida-ativa\\\/\"]}]},{\"@type\":\"ImageObject\",\"inLanguage\":\"pt-BR\",\"@id\":\"https:\\\/\\\/blogdacondessa.com.br\\\/blog\\\/saude\\\/esclerose-multipla-nao-e-sentenca-de-incapacidade-e-pacientes-podem-manter-vida-ativa\\\/#primaryimage\",\"url\":\"https:\\\/\\\/blogdacondessa.com.br\\\/blog\\\/wp-content\\\/uploads\\\/2026\\\/08\\\/esclerose-multipla.jpg\",\"contentUrl\":\"https:\\\/\\\/blogdacondessa.com.br\\\/blog\\\/wp-content\\\/uploads\\\/2026\\\/08\\\/esclerose-multipla.jpg\",\"width\":1260,\"height\":744,\"caption\":\"Foto: Reprodu\u00e7\u00e3o\"},{\"@type\":\"BreadcrumbList\",\"@id\":\"https:\\\/\\\/blogdacondessa.com.br\\\/blog\\\/saude\\\/esclerose-multipla-nao-e-sentenca-de-incapacidade-e-pacientes-podem-manter-vida-ativa\\\/#breadcrumb\",\"itemListElement\":[{\"@type\":\"ListItem\",\"position\":1,\"name\":\"In\u00edcio\",\"item\":\"https:\\\/\\\/blogdacondessa.com.br\\\/blog\\\/\"},{\"@type\":\"ListItem\",\"position\":2,\"name\":\"Esclerose m\u00faltipla n\u00e3o \u00e9 senten\u00e7a de incapacidade e pacientes podem manter vida ativa\"}]},{\"@type\":\"WebSite\",\"@id\":\"https:\\\/\\\/blogdacondessa.com.br\\\/blog\\\/#website\",\"url\":\"https:\\\/\\\/blogdacondessa.com.br\\\/blog\\\/\",\"name\":\"Blog da Condessa\",\"description\":\"Com Shirley de Souza O\u2019Campos\",\"potentialAction\":[{\"@type\":\"SearchAction\",\"target\":{\"@type\":\"EntryPoint\",\"urlTemplate\":\"https:\\\/\\\/blogdacondessa.com.br\\\/blog\\\/?s={search_term_string}\"},\"query-input\":{\"@type\":\"PropertyValueSpecification\",\"valueRequired\":true,\"valueName\":\"search_term_string\"}}],\"inLanguage\":\"pt-BR\"},{\"@type\":\"Person\",\"@id\":\"https:\\\/\\\/blogdacondessa.com.br\\\/blog\\\/#\\\/schema\\\/person\\\/1d667ff8b785195b568677489d266035\",\"name\":\"Blog da Condessa\",\"image\":{\"@type\":\"ImageObject\",\"inLanguage\":\"pt-BR\",\"@id\":\"https:\\\/\\\/secure.gravatar.com\\\/avatar\\\/377c0eb8b4ad2bfc25461b41564b5971e721ca34a57642868fc7b0c8ac7b52c5?s=96&d=mm&r=g\",\"url\":\"https:\\\/\\\/secure.gravatar.com\\\/avatar\\\/377c0eb8b4ad2bfc25461b41564b5971e721ca34a57642868fc7b0c8ac7b52c5?s=96&d=mm&r=g\",\"contentUrl\":\"https:\\\/\\\/secure.gravatar.com\\\/avatar\\\/377c0eb8b4ad2bfc25461b41564b5971e721ca34a57642868fc7b0c8ac7b52c5?s=96&d=mm&r=g\",\"caption\":\"Blog da Condessa\"},\"url\":\"https:\\\/\\\/blogdacondessa.com.br\\\/blog\\\/author\\\/beatriz\\\/\"}]}<\/script>\n<!-- \/ Yoast SEO plugin. -->","yoast_head_json":{"title":"Esclerose m\u00faltipla n\u00e3o \u00e9 senten\u00e7a de incapacidade e pacientes podem manter vida ativa &#8902; Blog da Condessa","robots":{"index":"index","follow":"follow","max-snippet":"max-snippet:-1","max-image-preview":"max-image-preview:large","max-video-preview":"max-video-preview:-1"},"canonical":"https:\/\/blogdacondessa.com.br\/blog\/saude\/esclerose-multipla-nao-e-sentenca-de-incapacidade-e-pacientes-podem-manter-vida-ativa\/","og_locale":"pt_BR","og_type":"article","og_title":"Esclerose m\u00faltipla n\u00e3o \u00e9 senten\u00e7a de incapacidade e pacientes podem manter vida ativa &#8902; Blog da Condessa","og_description":"Diagn\u00f3stico precoce e terapias de alta efic\u00e1cia ajudam a controlar surtos e reduzir o risco de limita\u00e7\u00f5es ao longo do tempo Cerca de 40 mil brasileiros convivem com a doen\u00e7a, segundo o Minist\u00e9rio da Sa\u00fade. Mais frequente entre adultos jovens, especialmente mulheres, ela afeta o sistema nervoso central e pode comprometer movimentos, vis\u00e3o, sensibilidade e [&hellip;]","og_url":"https:\/\/blogdacondessa.com.br\/blog\/saude\/esclerose-multipla-nao-e-sentenca-de-incapacidade-e-pacientes-podem-manter-vida-ativa\/","og_site_name":"Blog da Condessa","article_published_time":"2026-08-29T09:00:16+00:00","og_image":[{"width":1260,"height":744,"url":"https:\/\/blogdacondessa.com.br\/blog\/wp-content\/uploads\/2026\/08\/esclerose-multipla.jpg","type":"image\/jpeg"}],"author":"Blog da Condessa","twitter_card":"summary_large_image","twitter_misc":{"Escrito por":"Blog da Condessa","Est. tempo de leitura":"3 minutos"},"schema":{"@context":"https:\/\/schema.org","@graph":[{"@type":"Article","@id":"https:\/\/blogdacondessa.com.br\/blog\/saude\/esclerose-multipla-nao-e-sentenca-de-incapacidade-e-pacientes-podem-manter-vida-ativa\/#article","isPartOf":{"@id":"https:\/\/blogdacondessa.com.br\/blog\/saude\/esclerose-multipla-nao-e-sentenca-de-incapacidade-e-pacientes-podem-manter-vida-ativa\/"},"author":{"name":"Blog da Condessa","@id":"https:\/\/blogdacondessa.com.br\/blog\/#\/schema\/person\/1d667ff8b785195b568677489d266035"},"headline":"Esclerose m\u00faltipla n\u00e3o \u00e9 senten\u00e7a de incapacidade e pacientes podem manter vida ativa","datePublished":"2026-08-29T09:00:16+00:00","mainEntityOfPage":{"@id":"https:\/\/blogdacondessa.com.br\/blog\/saude\/esclerose-multipla-nao-e-sentenca-de-incapacidade-e-pacientes-podem-manter-vida-ativa\/"},"wordCount":494,"image":{"@id":"https:\/\/blogdacondessa.com.br\/blog\/saude\/esclerose-multipla-nao-e-sentenca-de-incapacidade-e-pacientes-podem-manter-vida-ativa\/#primaryimage"},"thumbnailUrl":"https:\/\/blogdacondessa.com.br\/blog\/wp-content\/uploads\/2026\/08\/esclerose-multipla.jpg","articleSection":["Sa\u00fade"],"inLanguage":"pt-BR"},{"@type":"WebPage","@id":"https:\/\/blogdacondessa.com.br\/blog\/saude\/esclerose-multipla-nao-e-sentenca-de-incapacidade-e-pacientes-podem-manter-vida-ativa\/","url":"https:\/\/blogdacondessa.com.br\/blog\/saude\/esclerose-multipla-nao-e-sentenca-de-incapacidade-e-pacientes-podem-manter-vida-ativa\/","name":"Esclerose m\u00faltipla n\u00e3o \u00e9 senten\u00e7a de incapacidade e pacientes podem manter vida ativa &#8902; Blog da Condessa","isPartOf":{"@id":"https:\/\/blogdacondessa.com.br\/blog\/#website"},"primaryImageOfPage":{"@id":"https:\/\/blogdacondessa.com.br\/blog\/saude\/esclerose-multipla-nao-e-sentenca-de-incapacidade-e-pacientes-podem-manter-vida-ativa\/#primaryimage"},"image":{"@id":"https:\/\/blogdacondessa.com.br\/blog\/saude\/esclerose-multipla-nao-e-sentenca-de-incapacidade-e-pacientes-podem-manter-vida-ativa\/#primaryimage"},"thumbnailUrl":"https:\/\/blogdacondessa.com.br\/blog\/wp-content\/uploads\/2026\/08\/esclerose-multipla.jpg","datePublished":"2026-08-29T09:00:16+00:00","author":{"@id":"https:\/\/blogdacondessa.com.br\/blog\/#\/schema\/person\/1d667ff8b785195b568677489d266035"},"breadcrumb":{"@id":"https:\/\/blogdacondessa.com.br\/blog\/saude\/esclerose-multipla-nao-e-sentenca-de-incapacidade-e-pacientes-podem-manter-vida-ativa\/#breadcrumb"},"inLanguage":"pt-BR","potentialAction":[{"@type":"ReadAction","target":["https:\/\/blogdacondessa.com.br\/blog\/saude\/esclerose-multipla-nao-e-sentenca-de-incapacidade-e-pacientes-podem-manter-vida-ativa\/"]}]},{"@type":"ImageObject","inLanguage":"pt-BR","@id":"https:\/\/blogdacondessa.com.br\/blog\/saude\/esclerose-multipla-nao-e-sentenca-de-incapacidade-e-pacientes-podem-manter-vida-ativa\/#primaryimage","url":"https:\/\/blogdacondessa.com.br\/blog\/wp-content\/uploads\/2026\/08\/esclerose-multipla.jpg","contentUrl":"https:\/\/blogdacondessa.com.br\/blog\/wp-content\/uploads\/2026\/08\/esclerose-multipla.jpg","width":1260,"height":744,"caption":"Foto: Reprodu\u00e7\u00e3o"},{"@type":"BreadcrumbList","@id":"https:\/\/blogdacondessa.com.br\/blog\/saude\/esclerose-multipla-nao-e-sentenca-de-incapacidade-e-pacientes-podem-manter-vida-ativa\/#breadcrumb","itemListElement":[{"@type":"ListItem","position":1,"name":"In\u00edcio","item":"https:\/\/blogdacondessa.com.br\/blog\/"},{"@type":"ListItem","position":2,"name":"Esclerose m\u00faltipla n\u00e3o \u00e9 senten\u00e7a de incapacidade e pacientes podem manter vida ativa"}]},{"@type":"WebSite","@id":"https:\/\/blogdacondessa.com.br\/blog\/#website","url":"https:\/\/blogdacondessa.com.br\/blog\/","name":"Blog da Condessa","description":"Com Shirley de Souza O\u2019Campos","potentialAction":[{"@type":"SearchAction","target":{"@type":"EntryPoint","urlTemplate":"https:\/\/blogdacondessa.com.br\/blog\/?s={search_term_string}"},"query-input":{"@type":"PropertyValueSpecification","valueRequired":true,"valueName":"search_term_string"}}],"inLanguage":"pt-BR"},{"@type":"Person","@id":"https:\/\/blogdacondessa.com.br\/blog\/#\/schema\/person\/1d667ff8b785195b568677489d266035","name":"Blog da Condessa","image":{"@type":"ImageObject","inLanguage":"pt-BR","@id":"https:\/\/secure.gravatar.com\/avatar\/377c0eb8b4ad2bfc25461b41564b5971e721ca34a57642868fc7b0c8ac7b52c5?s=96&d=mm&r=g","url":"https:\/\/secure.gravatar.com\/avatar\/377c0eb8b4ad2bfc25461b41564b5971e721ca34a57642868fc7b0c8ac7b52c5?s=96&d=mm&r=g","contentUrl":"https:\/\/secure.gravatar.com\/avatar\/377c0eb8b4ad2bfc25461b41564b5971e721ca34a57642868fc7b0c8ac7b52c5?s=96&d=mm&r=g","caption":"Blog da Condessa"},"url":"https:\/\/blogdacondessa.com.br\/blog\/author\/beatriz\/"}]}},"_links":{"self":[{"href":"https:\/\/blogdacondessa.com.br\/blog\/wp-json\/wp\/v2\/posts\/14708","targetHints":{"allow":["GET"]}}],"collection":[{"href":"https:\/\/blogdacondessa.com.br\/blog\/wp-json\/wp\/v2\/posts"}],"about":[{"href":"https:\/\/blogdacondessa.com.br\/blog\/wp-json\/wp\/v2\/types\/post"}],"author":[{"embeddable":true,"href":"https:\/\/blogdacondessa.com.br\/blog\/wp-json\/wp\/v2\/users\/2"}],"replies":[{"embeddable":true,"href":"https:\/\/blogdacondessa.com.br\/blog\/wp-json\/wp\/v2\/comments?post=14708"}],"version-history":[{"count":1,"href":"https:\/\/blogdacondessa.com.br\/blog\/wp-json\/wp\/v2\/posts\/14708\/revisions"}],"predecessor-version":[{"id":14710,"href":"https:\/\/blogdacondessa.com.br\/blog\/wp-json\/wp\/v2\/posts\/14708\/revisions\/14710"}],"wp:featuredmedia":[{"embeddable":true,"href":"https:\/\/blogdacondessa.com.br\/blog\/wp-json\/wp\/v2\/media\/14709"}],"wp:attachment":[{"href":"https:\/\/blogdacondessa.com.br\/blog\/wp-json\/wp\/v2\/media?parent=14708"}],"wp:term":[{"taxonomy":"category","embeddable":true,"href":"https:\/\/blogdacondessa.com.br\/blog\/wp-json\/wp\/v2\/categories?post=14708"},{"taxonomy":"post_tag","embeddable":true,"href":"https:\/\/blogdacondessa.com.br\/blog\/wp-json\/wp\/v2\/tags?post=14708"}],"curies":[{"name":"wp","href":"https:\/\/api.w.org\/{rel}","templated":true}]}}