{"id":14042,"date":"2026-05-02T05:00:20","date_gmt":"2026-05-02T09:00:20","guid":{"rendered":"https:\/\/blogdacondessa.com.br\/blog\/?p=14042"},"modified":"2026-05-01T18:36:03","modified_gmt":"2026-05-01T22:36:03","slug":"projeto-viabiliza-saberes-seculares-das-redeiras-de-limpo-grande","status":"publish","type":"post","link":"https:\/\/blogdacondessa.com.br\/blog\/cultura\/projeto-viabiliza-saberes-seculares-das-redeiras-de-limpo-grande\/","title":{"rendered":"Projeto viabiliza saberes seculares das redeiras de Limpo Grande"},"content":{"rendered":"<p>O edital \u201cInvent\u00e1rios de Patrim\u00f4nio Imaterial de Mato Grosso \u2013 edi\u00e7\u00e3o Pol\u00edtica Nacional Aldir Blanc (Pnab\u201d, promovido pela Secretaria de Estado de Cultura, Esporte e Lazer (Secel-MT), est\u00e1 viabilizando a documenta\u00e7\u00e3o dos saberes seculares das redeiras de Limpo Grande, em V\u00e1rzea Grande.<\/p>\n<p>Realizado pela Associa\u00e7\u00e3o Tece Arte, o projeto vai, pela primeira vez, transformar o &#8220;saber-fazer&#8221; das artes\u00e3s locais em um acervo documental definitivo. O objetivo \u00e9 transformar esse &#8220;segredo de fam\u00edlia&#8221; em um guia de consulta digital para pesquisadores, estudantes e entusiastas da arte popular de todo o mundo.<\/p>\n<p>&#8220;N\u00e3o estamos registrando apenas um objeto de decora\u00e7\u00e3o, mas uma tecnologia ancestral de resist\u00eancia feminina. Mais do que fios e n\u00f3s, o que se produz em Limpo Grande \u00e9 mem\u00f3ria viva &#8220;, afirma a coordenadora do projeto, Ester Moreira Almeida.<\/p>\n<p>O Invent\u00e1rio do Patrim\u00f4nio Imaterial das Redeiras de Limpo Grande utiliza um registro minucioso de imagens e depoimentos para mapear todo o processo \u2014 desde a colheita e preparo da mat\u00e9ria-prima at\u00e9 o acabamento dos padr\u00f5es que deram fama nacional \u00e0s redes de V\u00e1rzea Grande. Com lan\u00e7amento previsto para junho deste ano, o projeto est\u00e1 na fase de entrevistas.<\/p>\n<p>Por d\u00e9cadas, a t\u00e9cnica da tecelagem em Limpo Grande residiu apenas na tradi\u00e7\u00e3o oral, passada de m\u00e3e para filha sob o som ritmado dos teares de madeira. O projeto, agora, mergulha nesse universo para registrar o que antes era invis\u00edvel: os nomes dos pontos, a simbologia das cores e os relatos de resist\u00eancia das mulheres que transformaram o artesanato em sustento e voz.<\/p>\n<p>Para Ester, o invent\u00e1rio \u00e9 um tributo \u00e0 autonomia das mestras redeiras, preservando a tecelagem como s\u00edmbolo de orgulho e desenvolvimento social.<\/p>\n<p>\u201cAo sistematizar esse conhecimento, a Associa\u00e7\u00e3o Tece Arte, com apoio da Secel, n\u00e3o apenas protege o passado, mas projeta o futuro. O projeto reafirma que, enquanto houver m\u00e3os tecendo em Limpo Grande, o patrim\u00f4nio brasileiro continuar\u00e1 pulsando\u201d, conclui.<\/p>\n","protected":false},"excerpt":{"rendered":"<p>O edital \u201cInvent\u00e1rios de Patrim\u00f4nio Imaterial de Mato Grosso \u2013 edi\u00e7\u00e3o Pol\u00edtica Nacional Aldir Blanc (Pnab\u201d, promovido pela Secretaria de Estado de Cultura, Esporte e Lazer (Secel-MT), est\u00e1 viabilizando a documenta\u00e7\u00e3o dos saberes seculares das redeiras de Limpo Grande, em V\u00e1rzea Grande. Realizado pela Associa\u00e7\u00e3o Tece Arte, o projeto vai, pela primeira vez, transformar o [&hellip;]<\/p>\n","protected":false},"author":2,"featured_media":14043,"comment_status":"closed","ping_status":"closed","sticky":false,"template":"","format":"standard","meta":{"iawp_total_views":0,"footnotes":""},"categories":[18],"tags":[],"class_list":["post-14042","post","type-post","status-publish","format-standard","has-post-thumbnail","hentry","category-cultura"],"yoast_head":"<!-- This site is optimized with the Yoast SEO plugin v27.3 - https:\/\/yoast.com\/product\/yoast-seo-wordpress\/ -->\n<title>Projeto viabiliza saberes seculares das redeiras de Limpo Grande &#8902; Blog da Condessa<\/title>\n<meta name=\"robots\" content=\"index, follow, max-snippet:-1, max-image-preview:large, max-video-preview:-1\" \/>\n<link rel=\"canonical\" href=\"https:\/\/blogdacondessa.com.br\/blog\/cultura\/projeto-viabiliza-saberes-seculares-das-redeiras-de-limpo-grande\/\" \/>\n<meta property=\"og:locale\" content=\"pt_BR\" \/>\n<meta property=\"og:type\" content=\"article\" \/>\n<meta property=\"og:title\" content=\"Projeto viabiliza saberes seculares das redeiras de Limpo Grande &#8902; Blog da Condessa\" \/>\n<meta property=\"og:description\" content=\"O edital \u201cInvent\u00e1rios de Patrim\u00f4nio Imaterial de Mato Grosso \u2013 edi\u00e7\u00e3o Pol\u00edtica Nacional Aldir Blanc (Pnab\u201d, promovido pela Secretaria de Estado de Cultura, Esporte e Lazer (Secel-MT), est\u00e1 viabilizando a documenta\u00e7\u00e3o dos saberes seculares das redeiras de Limpo Grande, em V\u00e1rzea Grande. Realizado pela Associa\u00e7\u00e3o Tece Arte, o projeto vai, pela primeira vez, transformar o [&hellip;]\" \/>\n<meta property=\"og:url\" content=\"https:\/\/blogdacondessa.com.br\/blog\/cultura\/projeto-viabiliza-saberes-seculares-das-redeiras-de-limpo-grande\/\" \/>\n<meta property=\"og:site_name\" content=\"Blog da Condessa\" \/>\n<meta property=\"article:published_time\" content=\"2026-05-02T09:00:20+00:00\" \/>\n<meta property=\"og:image\" content=\"https:\/\/blogdacondessa.com.br\/blog\/wp-content\/uploads\/2026\/05\/redeiras-limpo-grande-1.jpg\" \/>\n\t<meta property=\"og:image:width\" content=\"864\" \/>\n\t<meta property=\"og:image:height\" content=\"574\" \/>\n\t<meta property=\"og:image:type\" content=\"image\/jpeg\" \/>\n<meta name=\"author\" content=\"Blog da Condessa\" \/>\n<meta name=\"twitter:card\" content=\"summary_large_image\" \/>\n<meta name=\"twitter:label1\" content=\"Escrito por\" \/>\n\t<meta name=\"twitter:data1\" content=\"Blog da Condessa\" \/>\n\t<meta name=\"twitter:label2\" content=\"Est. tempo de leitura\" \/>\n\t<meta name=\"twitter:data2\" content=\"2 minutos\" \/>\n<script type=\"application\/ld+json\" class=\"yoast-schema-graph\">{\"@context\":\"https:\\\/\\\/schema.org\",\"@graph\":[{\"@type\":\"Article\",\"@id\":\"https:\\\/\\\/blogdacondessa.com.br\\\/blog\\\/cultura\\\/projeto-viabiliza-saberes-seculares-das-redeiras-de-limpo-grande\\\/#article\",\"isPartOf\":{\"@id\":\"https:\\\/\\\/blogdacondessa.com.br\\\/blog\\\/cultura\\\/projeto-viabiliza-saberes-seculares-das-redeiras-de-limpo-grande\\\/\"},\"author\":{\"name\":\"Blog da Condessa\",\"@id\":\"https:\\\/\\\/blogdacondessa.com.br\\\/blog\\\/#\\\/schema\\\/person\\\/1d667ff8b785195b568677489d266035\"},\"headline\":\"Projeto viabiliza saberes seculares das redeiras de Limpo Grande\",\"datePublished\":\"2026-05-02T09:00:20+00:00\",\"mainEntityOfPage\":{\"@id\":\"https:\\\/\\\/blogdacondessa.com.br\\\/blog\\\/cultura\\\/projeto-viabiliza-saberes-seculares-das-redeiras-de-limpo-grande\\\/\"},\"wordCount\":346,\"image\":{\"@id\":\"https:\\\/\\\/blogdacondessa.com.br\\\/blog\\\/cultura\\\/projeto-viabiliza-saberes-seculares-das-redeiras-de-limpo-grande\\\/#primaryimage\"},\"thumbnailUrl\":\"https:\\\/\\\/blogdacondessa.com.br\\\/blog\\\/wp-content\\\/uploads\\\/2026\\\/05\\\/redeiras-limpo-grande-1.jpg\",\"articleSection\":[\"Cultura\"],\"inLanguage\":\"pt-BR\"},{\"@type\":\"WebPage\",\"@id\":\"https:\\\/\\\/blogdacondessa.com.br\\\/blog\\\/cultura\\\/projeto-viabiliza-saberes-seculares-das-redeiras-de-limpo-grande\\\/\",\"url\":\"https:\\\/\\\/blogdacondessa.com.br\\\/blog\\\/cultura\\\/projeto-viabiliza-saberes-seculares-das-redeiras-de-limpo-grande\\\/\",\"name\":\"Projeto viabiliza saberes seculares das redeiras de Limpo Grande &#8902; Blog da Condessa\",\"isPartOf\":{\"@id\":\"https:\\\/\\\/blogdacondessa.com.br\\\/blog\\\/#website\"},\"primaryImageOfPage\":{\"@id\":\"https:\\\/\\\/blogdacondessa.com.br\\\/blog\\\/cultura\\\/projeto-viabiliza-saberes-seculares-das-redeiras-de-limpo-grande\\\/#primaryimage\"},\"image\":{\"@id\":\"https:\\\/\\\/blogdacondessa.com.br\\\/blog\\\/cultura\\\/projeto-viabiliza-saberes-seculares-das-redeiras-de-limpo-grande\\\/#primaryimage\"},\"thumbnailUrl\":\"https:\\\/\\\/blogdacondessa.com.br\\\/blog\\\/wp-content\\\/uploads\\\/2026\\\/05\\\/redeiras-limpo-grande-1.jpg\",\"datePublished\":\"2026-05-02T09:00:20+00:00\",\"author\":{\"@id\":\"https:\\\/\\\/blogdacondessa.com.br\\\/blog\\\/#\\\/schema\\\/person\\\/1d667ff8b785195b568677489d266035\"},\"breadcrumb\":{\"@id\":\"https:\\\/\\\/blogdacondessa.com.br\\\/blog\\\/cultura\\\/projeto-viabiliza-saberes-seculares-das-redeiras-de-limpo-grande\\\/#breadcrumb\"},\"inLanguage\":\"pt-BR\",\"potentialAction\":[{\"@type\":\"ReadAction\",\"target\":[\"https:\\\/\\\/blogdacondessa.com.br\\\/blog\\\/cultura\\\/projeto-viabiliza-saberes-seculares-das-redeiras-de-limpo-grande\\\/\"]}]},{\"@type\":\"ImageObject\",\"inLanguage\":\"pt-BR\",\"@id\":\"https:\\\/\\\/blogdacondessa.com.br\\\/blog\\\/cultura\\\/projeto-viabiliza-saberes-seculares-das-redeiras-de-limpo-grande\\\/#primaryimage\",\"url\":\"https:\\\/\\\/blogdacondessa.com.br\\\/blog\\\/wp-content\\\/uploads\\\/2026\\\/05\\\/redeiras-limpo-grande-1.jpg\",\"contentUrl\":\"https:\\\/\\\/blogdacondessa.com.br\\\/blog\\\/wp-content\\\/uploads\\\/2026\\\/05\\\/redeiras-limpo-grande-1.jpg\",\"width\":864,\"height\":574},{\"@type\":\"BreadcrumbList\",\"@id\":\"https:\\\/\\\/blogdacondessa.com.br\\\/blog\\\/cultura\\\/projeto-viabiliza-saberes-seculares-das-redeiras-de-limpo-grande\\\/#breadcrumb\",\"itemListElement\":[{\"@type\":\"ListItem\",\"position\":1,\"name\":\"In\u00edcio\",\"item\":\"https:\\\/\\\/blogdacondessa.com.br\\\/blog\\\/\"},{\"@type\":\"ListItem\",\"position\":2,\"name\":\"Projeto viabiliza saberes seculares das redeiras de Limpo Grande\"}]},{\"@type\":\"WebSite\",\"@id\":\"https:\\\/\\\/blogdacondessa.com.br\\\/blog\\\/#website\",\"url\":\"https:\\\/\\\/blogdacondessa.com.br\\\/blog\\\/\",\"name\":\"Blog da Condessa\",\"description\":\"Com Shirley de Souza O\u2019Campos\",\"potentialAction\":[{\"@type\":\"SearchAction\",\"target\":{\"@type\":\"EntryPoint\",\"urlTemplate\":\"https:\\\/\\\/blogdacondessa.com.br\\\/blog\\\/?s={search_term_string}\"},\"query-input\":{\"@type\":\"PropertyValueSpecification\",\"valueRequired\":true,\"valueName\":\"search_term_string\"}}],\"inLanguage\":\"pt-BR\"},{\"@type\":\"Person\",\"@id\":\"https:\\\/\\\/blogdacondessa.com.br\\\/blog\\\/#\\\/schema\\\/person\\\/1d667ff8b785195b568677489d266035\",\"name\":\"Blog da Condessa\",\"image\":{\"@type\":\"ImageObject\",\"inLanguage\":\"pt-BR\",\"@id\":\"https:\\\/\\\/secure.gravatar.com\\\/avatar\\\/377c0eb8b4ad2bfc25461b41564b5971e721ca34a57642868fc7b0c8ac7b52c5?s=96&d=mm&r=g\",\"url\":\"https:\\\/\\\/secure.gravatar.com\\\/avatar\\\/377c0eb8b4ad2bfc25461b41564b5971e721ca34a57642868fc7b0c8ac7b52c5?s=96&d=mm&r=g\",\"contentUrl\":\"https:\\\/\\\/secure.gravatar.com\\\/avatar\\\/377c0eb8b4ad2bfc25461b41564b5971e721ca34a57642868fc7b0c8ac7b52c5?s=96&d=mm&r=g\",\"caption\":\"Blog da Condessa\"},\"url\":\"https:\\\/\\\/blogdacondessa.com.br\\\/blog\\\/author\\\/beatriz\\\/\"}]}<\/script>\n<!-- \/ Yoast SEO plugin. -->","yoast_head_json":{"title":"Projeto viabiliza saberes seculares das redeiras de Limpo Grande &#8902; Blog da Condessa","robots":{"index":"index","follow":"follow","max-snippet":"max-snippet:-1","max-image-preview":"max-image-preview:large","max-video-preview":"max-video-preview:-1"},"canonical":"https:\/\/blogdacondessa.com.br\/blog\/cultura\/projeto-viabiliza-saberes-seculares-das-redeiras-de-limpo-grande\/","og_locale":"pt_BR","og_type":"article","og_title":"Projeto viabiliza saberes seculares das redeiras de Limpo Grande &#8902; Blog da Condessa","og_description":"O edital \u201cInvent\u00e1rios de Patrim\u00f4nio Imaterial de Mato Grosso \u2013 edi\u00e7\u00e3o Pol\u00edtica Nacional Aldir Blanc (Pnab\u201d, promovido pela Secretaria de Estado de Cultura, Esporte e Lazer (Secel-MT), est\u00e1 viabilizando a documenta\u00e7\u00e3o dos saberes seculares das redeiras de Limpo Grande, em V\u00e1rzea Grande. Realizado pela Associa\u00e7\u00e3o Tece Arte, o projeto vai, pela primeira vez, transformar o [&hellip;]","og_url":"https:\/\/blogdacondessa.com.br\/blog\/cultura\/projeto-viabiliza-saberes-seculares-das-redeiras-de-limpo-grande\/","og_site_name":"Blog da Condessa","article_published_time":"2026-05-02T09:00:20+00:00","og_image":[{"width":864,"height":574,"url":"https:\/\/blogdacondessa.com.br\/blog\/wp-content\/uploads\/2026\/05\/redeiras-limpo-grande-1.jpg","type":"image\/jpeg"}],"author":"Blog da Condessa","twitter_card":"summary_large_image","twitter_misc":{"Escrito por":"Blog da Condessa","Est. tempo de leitura":"2 minutos"},"schema":{"@context":"https:\/\/schema.org","@graph":[{"@type":"Article","@id":"https:\/\/blogdacondessa.com.br\/blog\/cultura\/projeto-viabiliza-saberes-seculares-das-redeiras-de-limpo-grande\/#article","isPartOf":{"@id":"https:\/\/blogdacondessa.com.br\/blog\/cultura\/projeto-viabiliza-saberes-seculares-das-redeiras-de-limpo-grande\/"},"author":{"name":"Blog da Condessa","@id":"https:\/\/blogdacondessa.com.br\/blog\/#\/schema\/person\/1d667ff8b785195b568677489d266035"},"headline":"Projeto viabiliza saberes seculares das redeiras de Limpo Grande","datePublished":"2026-05-02T09:00:20+00:00","mainEntityOfPage":{"@id":"https:\/\/blogdacondessa.com.br\/blog\/cultura\/projeto-viabiliza-saberes-seculares-das-redeiras-de-limpo-grande\/"},"wordCount":346,"image":{"@id":"https:\/\/blogdacondessa.com.br\/blog\/cultura\/projeto-viabiliza-saberes-seculares-das-redeiras-de-limpo-grande\/#primaryimage"},"thumbnailUrl":"https:\/\/blogdacondessa.com.br\/blog\/wp-content\/uploads\/2026\/05\/redeiras-limpo-grande-1.jpg","articleSection":["Cultura"],"inLanguage":"pt-BR"},{"@type":"WebPage","@id":"https:\/\/blogdacondessa.com.br\/blog\/cultura\/projeto-viabiliza-saberes-seculares-das-redeiras-de-limpo-grande\/","url":"https:\/\/blogdacondessa.com.br\/blog\/cultura\/projeto-viabiliza-saberes-seculares-das-redeiras-de-limpo-grande\/","name":"Projeto viabiliza saberes seculares das redeiras de Limpo Grande &#8902; Blog da Condessa","isPartOf":{"@id":"https:\/\/blogdacondessa.com.br\/blog\/#website"},"primaryImageOfPage":{"@id":"https:\/\/blogdacondessa.com.br\/blog\/cultura\/projeto-viabiliza-saberes-seculares-das-redeiras-de-limpo-grande\/#primaryimage"},"image":{"@id":"https:\/\/blogdacondessa.com.br\/blog\/cultura\/projeto-viabiliza-saberes-seculares-das-redeiras-de-limpo-grande\/#primaryimage"},"thumbnailUrl":"https:\/\/blogdacondessa.com.br\/blog\/wp-content\/uploads\/2026\/05\/redeiras-limpo-grande-1.jpg","datePublished":"2026-05-02T09:00:20+00:00","author":{"@id":"https:\/\/blogdacondessa.com.br\/blog\/#\/schema\/person\/1d667ff8b785195b568677489d266035"},"breadcrumb":{"@id":"https:\/\/blogdacondessa.com.br\/blog\/cultura\/projeto-viabiliza-saberes-seculares-das-redeiras-de-limpo-grande\/#breadcrumb"},"inLanguage":"pt-BR","potentialAction":[{"@type":"ReadAction","target":["https:\/\/blogdacondessa.com.br\/blog\/cultura\/projeto-viabiliza-saberes-seculares-das-redeiras-de-limpo-grande\/"]}]},{"@type":"ImageObject","inLanguage":"pt-BR","@id":"https:\/\/blogdacondessa.com.br\/blog\/cultura\/projeto-viabiliza-saberes-seculares-das-redeiras-de-limpo-grande\/#primaryimage","url":"https:\/\/blogdacondessa.com.br\/blog\/wp-content\/uploads\/2026\/05\/redeiras-limpo-grande-1.jpg","contentUrl":"https:\/\/blogdacondessa.com.br\/blog\/wp-content\/uploads\/2026\/05\/redeiras-limpo-grande-1.jpg","width":864,"height":574},{"@type":"BreadcrumbList","@id":"https:\/\/blogdacondessa.com.br\/blog\/cultura\/projeto-viabiliza-saberes-seculares-das-redeiras-de-limpo-grande\/#breadcrumb","itemListElement":[{"@type":"ListItem","position":1,"name":"In\u00edcio","item":"https:\/\/blogdacondessa.com.br\/blog\/"},{"@type":"ListItem","position":2,"name":"Projeto viabiliza saberes seculares das redeiras de Limpo Grande"}]},{"@type":"WebSite","@id":"https:\/\/blogdacondessa.com.br\/blog\/#website","url":"https:\/\/blogdacondessa.com.br\/blog\/","name":"Blog da Condessa","description":"Com Shirley de Souza O\u2019Campos","potentialAction":[{"@type":"SearchAction","target":{"@type":"EntryPoint","urlTemplate":"https:\/\/blogdacondessa.com.br\/blog\/?s={search_term_string}"},"query-input":{"@type":"PropertyValueSpecification","valueRequired":true,"valueName":"search_term_string"}}],"inLanguage":"pt-BR"},{"@type":"Person","@id":"https:\/\/blogdacondessa.com.br\/blog\/#\/schema\/person\/1d667ff8b785195b568677489d266035","name":"Blog da Condessa","image":{"@type":"ImageObject","inLanguage":"pt-BR","@id":"https:\/\/secure.gravatar.com\/avatar\/377c0eb8b4ad2bfc25461b41564b5971e721ca34a57642868fc7b0c8ac7b52c5?s=96&d=mm&r=g","url":"https:\/\/secure.gravatar.com\/avatar\/377c0eb8b4ad2bfc25461b41564b5971e721ca34a57642868fc7b0c8ac7b52c5?s=96&d=mm&r=g","contentUrl":"https:\/\/secure.gravatar.com\/avatar\/377c0eb8b4ad2bfc25461b41564b5971e721ca34a57642868fc7b0c8ac7b52c5?s=96&d=mm&r=g","caption":"Blog da Condessa"},"url":"https:\/\/blogdacondessa.com.br\/blog\/author\/beatriz\/"}]}},"_links":{"self":[{"href":"https:\/\/blogdacondessa.com.br\/blog\/wp-json\/wp\/v2\/posts\/14042","targetHints":{"allow":["GET"]}}],"collection":[{"href":"https:\/\/blogdacondessa.com.br\/blog\/wp-json\/wp\/v2\/posts"}],"about":[{"href":"https:\/\/blogdacondessa.com.br\/blog\/wp-json\/wp\/v2\/types\/post"}],"author":[{"embeddable":true,"href":"https:\/\/blogdacondessa.com.br\/blog\/wp-json\/wp\/v2\/users\/2"}],"replies":[{"embeddable":true,"href":"https:\/\/blogdacondessa.com.br\/blog\/wp-json\/wp\/v2\/comments?post=14042"}],"version-history":[{"count":1,"href":"https:\/\/blogdacondessa.com.br\/blog\/wp-json\/wp\/v2\/posts\/14042\/revisions"}],"predecessor-version":[{"id":14044,"href":"https:\/\/blogdacondessa.com.br\/blog\/wp-json\/wp\/v2\/posts\/14042\/revisions\/14044"}],"wp:featuredmedia":[{"embeddable":true,"href":"https:\/\/blogdacondessa.com.br\/blog\/wp-json\/wp\/v2\/media\/14043"}],"wp:attachment":[{"href":"https:\/\/blogdacondessa.com.br\/blog\/wp-json\/wp\/v2\/media?parent=14042"}],"wp:term":[{"taxonomy":"category","embeddable":true,"href":"https:\/\/blogdacondessa.com.br\/blog\/wp-json\/wp\/v2\/categories?post=14042"},{"taxonomy":"post_tag","embeddable":true,"href":"https:\/\/blogdacondessa.com.br\/blog\/wp-json\/wp\/v2\/tags?post=14042"}],"curies":[{"name":"wp","href":"https:\/\/api.w.org\/{rel}","templated":true}]}}