{"id":14036,"date":"2026-05-01T05:00:57","date_gmt":"2026-05-01T09:00:57","guid":{"rendered":"https:\/\/blogdacondessa.com.br\/blog\/?p=14036"},"modified":"2026-04-30T17:33:26","modified_gmt":"2026-04-30T21:33:26","slug":"um-dos-ingredientes-mais-emblematicos-da-culinaria-brasileira","status":"publish","type":"post","link":"https:\/\/blogdacondessa.com.br\/blog\/gastronomia\/um-dos-ingredientes-mais-emblematicos-da-culinaria-brasileira\/","title":{"rendered":"Um dos ingredientes mais emblem\u00e1ticos da culin\u00e1ria brasileira"},"content":{"rendered":"<p><em>A mandioca se reinventa e ganha destaque em diferentes regi\u00f5es do Brasil <\/em><\/p>\n<p>Ingrediente tradicional da culin\u00e1ria brasileira aparece em releituras e novas combina\u00e7\u00f5es gastron\u00f4micas. \u00a0Presente h\u00e1 milhares de anos na alimenta\u00e7\u00e3o humana, a mandioca \u00e9 um dos ingredientes mais emblem\u00e1ticos da culin\u00e1ria brasileira.<\/p>\n<p>Cultivada em todos os estados, ela combina tradi\u00e7\u00e3o e versatilidade, aparecendo tanto em receitas regionais quanto em prepara\u00e7\u00f5es contempor\u00e2neas. Dados de 2023 da Organiza\u00e7\u00e3o das Na\u00e7\u00f5es Unidas para a Alimenta\u00e7\u00e3o e a Agricultura (FAO) colocam o Brasil como o quinto maior produtor mundial do alimento.<\/p>\n<p>Segundo a Abrasel (Associa\u00e7\u00e3o Brasileira de Bares e Restaurantes), o uso da mandioca em card\u00e1pios refor\u00e7a a valoriza\u00e7\u00e3o de ingredientes locais e abre espa\u00e7o para inova\u00e7\u00e3o no setor de alimenta\u00e7\u00e3o fora do lar.<\/p>\n<p><strong>Da raiz \u00e0s receitas regionais<\/strong><\/p>\n<p>De f\u00e1cil cultivo, a mandioca \u00e9 utilizada na produ\u00e7\u00e3o de farinha, amido e tamb\u00e9m no consumo direto. Pratos tradicionais como vaca atolada e tapioca mostram a diversidade de usos do ingrediente, que atravessa diferentes culturas e regi\u00f5es do pa\u00eds.<\/p>\n<p>Na regi\u00e3o amaz\u00f4nica, o tacac\u00e1 \u00e9 um dos principais exemplos dessa tradi\u00e7\u00e3o. Preparado com tucupi, l\u00edquido extra\u00eddo da mandioca brava, goma de mandioca, camar\u00e3o seco e jambu, o prato carrega forte identidade cultural.<\/p>\n<p>No restaurante Tacac\u00e1 da Tia Socorro, em Manaus (AM), a receita \u00e9 mantida h\u00e1 mais de duas d\u00e9cadas. A propriet\u00e1ria Aline Damasceno destaca o papel do tucupi no preparo e aponta tamb\u00e9m novas tend\u00eancias no uso do ingrediente.<\/p>\n<p>&#8220;O que eu tenho visto que est\u00e1 aparecendo no mercado, coisa que antes n\u00e3o se via, \u00e9 o tucupi preto. O tucupi preto \u00e9 uma redu\u00e7\u00e3o do tucupi at\u00e9 ele ficar escuro, onde os a\u00e7\u00facares do tucupi v\u00e3o escurecendo esse produto\u201d, aponta Aline Damasceno.<\/p>\n<p><strong>Tradi\u00e7\u00e3o e criatividade no Sul <\/strong><\/p>\n<p>No Sul do Brasil, a mandioca tamb\u00e9m ganha espa\u00e7o em releituras. Na Churrascaria do Ga\u00facho, em Foz do Igua\u00e7u (PR), o ingrediente \u00e9 combinado com elementos \u00e1cidos e t\u00e9cnicas contempor\u00e2neas.<\/p>\n<p>O chef Paulo Souza, conhecido como Paulo Ga\u00facho, aposta em prepara\u00e7\u00f5es que elevam a mandioca \u00e0 protagonista do prato. \u201cFazemos uma mousseline de mandioca bem aveludada servida com um vinagrete de frutas nativas, e trabalhamos at\u00e9 mesmo o uso da mandioca em sobremesas, combinada com queijos curados da regi\u00e3o e mel de engenho\u201d.<\/p>\n<p>Localizada na fronteira com o Paraguai, a churrascaria incorpora influ\u00eancias culturais da regi\u00e3o, onde o consumo da mandioca \u00e9 parte do cotidiano alimentar. \u201cEla cumpre o papel que o p\u00e3o tem em outras culturas: \u00e9 o conforto, a saciedade e o elo com a nossa terra. N\u00e3o se concebe uma refei\u00e7\u00e3o completa por aqui sem a presen\u00e7a dela\u201d, conta Paulo.<\/p>\n<p>O chef refor\u00e7a ainda o equil\u00edbrio entre tradi\u00e7\u00e3o e inova\u00e7\u00e3o no card\u00e1pio. \u201cAproveitamos a heran\u00e7a paraguaia (como o uso da massa de mandioca para bases) e aplicamos t\u00e9cnicas contempor\u00e2neas para elevar o ingrediente de&#8221;acompanhamento &#8221; a&#8221;protagonista &#8220;\u2019.<\/p>\n<p><strong>Benef\u00edcios nutricionais<\/strong><\/p>\n<p>Al\u00e9m da versatilidade na cozinha, a mandioca tamb\u00e9m se destaca pelo valor nutricional. Rica em carboidratos, ela fornece energia e contribui para a saciedade. A nutricionista Ketlin Santos destaca a presen\u00e7a de fibras e minerais como f\u00f3sforo, pot\u00e1ssio e c\u00e1lcio, importantes para a sa\u00fade intestinal e o funcionamento do organismo. \u00a0\u201cEla serve como substituta da farinha de trigo e possibilita a realiza\u00e7\u00e3o de receitas no dia a dia\u201d, afirma Ketlin.<\/p>\n<p>A profissional ressalta ainda que o modo de preparo influencia diretamente na qualidade nutricional do alimento, recomendado o consumo cozido ou assado.<\/p>\n<p>Da base da culin\u00e1ria tradicional \u00e0s releituras contempor\u00e2neas, a mandioca segue como um ingrediente central na gastronomia brasileira.<\/p>\n<p>Sua presen\u00e7a em diferentes regi\u00f5es e formatos refor\u00e7a tanto a identidade cultural quanto o potencial de inova\u00e7\u00e3o do setor de alimenta\u00e7\u00e3o fora do<\/p>\n","protected":false},"excerpt":{"rendered":"<p>A mandioca se reinventa e ganha destaque em diferentes regi\u00f5es do Brasil Ingrediente tradicional da culin\u00e1ria brasileira aparece em releituras e novas combina\u00e7\u00f5es gastron\u00f4micas. \u00a0Presente h\u00e1 milhares de anos na alimenta\u00e7\u00e3o humana, a mandioca \u00e9 um dos ingredientes mais emblem\u00e1ticos da culin\u00e1ria brasileira. Cultivada em todos os estados, ela combina tradi\u00e7\u00e3o e versatilidade, aparecendo tanto [&hellip;]<\/p>\n","protected":false},"author":2,"featured_media":14037,"comment_status":"closed","ping_status":"closed","sticky":false,"template":"","format":"standard","meta":{"iawp_total_views":1,"footnotes":""},"categories":[35],"tags":[],"class_list":["post-14036","post","type-post","status-publish","format-standard","has-post-thumbnail","hentry","category-gastronomia"],"yoast_head":"<!-- This site is optimized with the Yoast SEO plugin v27.3 - https:\/\/yoast.com\/product\/yoast-seo-wordpress\/ -->\n<title>Um dos ingredientes mais emblem\u00e1ticos da culin\u00e1ria brasileira &#8902; Blog da Condessa<\/title>\n<meta name=\"robots\" content=\"index, follow, max-snippet:-1, max-image-preview:large, max-video-preview:-1\" \/>\n<link rel=\"canonical\" href=\"https:\/\/blogdacondessa.com.br\/blog\/gastronomia\/um-dos-ingredientes-mais-emblematicos-da-culinaria-brasileira\/\" \/>\n<meta property=\"og:locale\" content=\"pt_BR\" \/>\n<meta property=\"og:type\" content=\"article\" \/>\n<meta property=\"og:title\" content=\"Um dos ingredientes mais emblem\u00e1ticos da culin\u00e1ria brasileira &#8902; Blog da Condessa\" \/>\n<meta property=\"og:description\" content=\"A mandioca se reinventa e ganha destaque em diferentes regi\u00f5es do Brasil Ingrediente tradicional da culin\u00e1ria brasileira aparece em releituras e novas combina\u00e7\u00f5es gastron\u00f4micas. \u00a0Presente h\u00e1 milhares de anos na alimenta\u00e7\u00e3o humana, a mandioca \u00e9 um dos ingredientes mais emblem\u00e1ticos da culin\u00e1ria brasileira. Cultivada em todos os estados, ela combina tradi\u00e7\u00e3o e versatilidade, aparecendo tanto [&hellip;]\" \/>\n<meta property=\"og:url\" content=\"https:\/\/blogdacondessa.com.br\/blog\/gastronomia\/um-dos-ingredientes-mais-emblematicos-da-culinaria-brasileira\/\" \/>\n<meta property=\"og:site_name\" content=\"Blog da Condessa\" \/>\n<meta property=\"article:published_time\" content=\"2026-05-01T09:00:57+00:00\" \/>\n<meta property=\"og:image\" content=\"https:\/\/blogdacondessa.com.br\/blog\/wp-content\/uploads\/2026\/04\/mandioca.jpg\" \/>\n\t<meta property=\"og:image:width\" content=\"750\" \/>\n\t<meta property=\"og:image:height\" content=\"500\" \/>\n\t<meta property=\"og:image:type\" content=\"image\/jpeg\" \/>\n<meta name=\"author\" content=\"Blog da Condessa\" \/>\n<meta name=\"twitter:card\" content=\"summary_large_image\" \/>\n<meta name=\"twitter:label1\" content=\"Escrito por\" \/>\n\t<meta name=\"twitter:data1\" content=\"Blog da Condessa\" \/>\n\t<meta name=\"twitter:label2\" content=\"Est. tempo de leitura\" \/>\n\t<meta name=\"twitter:data2\" content=\"4 minutos\" \/>\n<script type=\"application\/ld+json\" class=\"yoast-schema-graph\">{\"@context\":\"https:\\\/\\\/schema.org\",\"@graph\":[{\"@type\":\"Article\",\"@id\":\"https:\\\/\\\/blogdacondessa.com.br\\\/blog\\\/gastronomia\\\/um-dos-ingredientes-mais-emblematicos-da-culinaria-brasileira\\\/#article\",\"isPartOf\":{\"@id\":\"https:\\\/\\\/blogdacondessa.com.br\\\/blog\\\/gastronomia\\\/um-dos-ingredientes-mais-emblematicos-da-culinaria-brasileira\\\/\"},\"author\":{\"name\":\"Blog da Condessa\",\"@id\":\"https:\\\/\\\/blogdacondessa.com.br\\\/blog\\\/#\\\/schema\\\/person\\\/1d667ff8b785195b568677489d266035\"},\"headline\":\"Um dos ingredientes mais emblem\u00e1ticos da culin\u00e1ria brasileira\",\"datePublished\":\"2026-05-01T09:00:57+00:00\",\"mainEntityOfPage\":{\"@id\":\"https:\\\/\\\/blogdacondessa.com.br\\\/blog\\\/gastronomia\\\/um-dos-ingredientes-mais-emblematicos-da-culinaria-brasileira\\\/\"},\"wordCount\":678,\"image\":{\"@id\":\"https:\\\/\\\/blogdacondessa.com.br\\\/blog\\\/gastronomia\\\/um-dos-ingredientes-mais-emblematicos-da-culinaria-brasileira\\\/#primaryimage\"},\"thumbnailUrl\":\"https:\\\/\\\/blogdacondessa.com.br\\\/blog\\\/wp-content\\\/uploads\\\/2026\\\/04\\\/mandioca.jpg\",\"articleSection\":[\"Gastronomia\"],\"inLanguage\":\"pt-BR\"},{\"@type\":\"WebPage\",\"@id\":\"https:\\\/\\\/blogdacondessa.com.br\\\/blog\\\/gastronomia\\\/um-dos-ingredientes-mais-emblematicos-da-culinaria-brasileira\\\/\",\"url\":\"https:\\\/\\\/blogdacondessa.com.br\\\/blog\\\/gastronomia\\\/um-dos-ingredientes-mais-emblematicos-da-culinaria-brasileira\\\/\",\"name\":\"Um dos ingredientes mais emblem\u00e1ticos da culin\u00e1ria brasileira &#8902; Blog da Condessa\",\"isPartOf\":{\"@id\":\"https:\\\/\\\/blogdacondessa.com.br\\\/blog\\\/#website\"},\"primaryImageOfPage\":{\"@id\":\"https:\\\/\\\/blogdacondessa.com.br\\\/blog\\\/gastronomia\\\/um-dos-ingredientes-mais-emblematicos-da-culinaria-brasileira\\\/#primaryimage\"},\"image\":{\"@id\":\"https:\\\/\\\/blogdacondessa.com.br\\\/blog\\\/gastronomia\\\/um-dos-ingredientes-mais-emblematicos-da-culinaria-brasileira\\\/#primaryimage\"},\"thumbnailUrl\":\"https:\\\/\\\/blogdacondessa.com.br\\\/blog\\\/wp-content\\\/uploads\\\/2026\\\/04\\\/mandioca.jpg\",\"datePublished\":\"2026-05-01T09:00:57+00:00\",\"author\":{\"@id\":\"https:\\\/\\\/blogdacondessa.com.br\\\/blog\\\/#\\\/schema\\\/person\\\/1d667ff8b785195b568677489d266035\"},\"breadcrumb\":{\"@id\":\"https:\\\/\\\/blogdacondessa.com.br\\\/blog\\\/gastronomia\\\/um-dos-ingredientes-mais-emblematicos-da-culinaria-brasileira\\\/#breadcrumb\"},\"inLanguage\":\"pt-BR\",\"potentialAction\":[{\"@type\":\"ReadAction\",\"target\":[\"https:\\\/\\\/blogdacondessa.com.br\\\/blog\\\/gastronomia\\\/um-dos-ingredientes-mais-emblematicos-da-culinaria-brasileira\\\/\"]}]},{\"@type\":\"ImageObject\",\"inLanguage\":\"pt-BR\",\"@id\":\"https:\\\/\\\/blogdacondessa.com.br\\\/blog\\\/gastronomia\\\/um-dos-ingredientes-mais-emblematicos-da-culinaria-brasileira\\\/#primaryimage\",\"url\":\"https:\\\/\\\/blogdacondessa.com.br\\\/blog\\\/wp-content\\\/uploads\\\/2026\\\/04\\\/mandioca.jpg\",\"contentUrl\":\"https:\\\/\\\/blogdacondessa.com.br\\\/blog\\\/wp-content\\\/uploads\\\/2026\\\/04\\\/mandioca.jpg\",\"width\":750,\"height\":500},{\"@type\":\"BreadcrumbList\",\"@id\":\"https:\\\/\\\/blogdacondessa.com.br\\\/blog\\\/gastronomia\\\/um-dos-ingredientes-mais-emblematicos-da-culinaria-brasileira\\\/#breadcrumb\",\"itemListElement\":[{\"@type\":\"ListItem\",\"position\":1,\"name\":\"In\u00edcio\",\"item\":\"https:\\\/\\\/blogdacondessa.com.br\\\/blog\\\/\"},{\"@type\":\"ListItem\",\"position\":2,\"name\":\"Um dos ingredientes mais emblem\u00e1ticos da culin\u00e1ria brasileira\"}]},{\"@type\":\"WebSite\",\"@id\":\"https:\\\/\\\/blogdacondessa.com.br\\\/blog\\\/#website\",\"url\":\"https:\\\/\\\/blogdacondessa.com.br\\\/blog\\\/\",\"name\":\"Blog da Condessa\",\"description\":\"Com Shirley de Souza O\u2019Campos\",\"potentialAction\":[{\"@type\":\"SearchAction\",\"target\":{\"@type\":\"EntryPoint\",\"urlTemplate\":\"https:\\\/\\\/blogdacondessa.com.br\\\/blog\\\/?s={search_term_string}\"},\"query-input\":{\"@type\":\"PropertyValueSpecification\",\"valueRequired\":true,\"valueName\":\"search_term_string\"}}],\"inLanguage\":\"pt-BR\"},{\"@type\":\"Person\",\"@id\":\"https:\\\/\\\/blogdacondessa.com.br\\\/blog\\\/#\\\/schema\\\/person\\\/1d667ff8b785195b568677489d266035\",\"name\":\"Blog da Condessa\",\"image\":{\"@type\":\"ImageObject\",\"inLanguage\":\"pt-BR\",\"@id\":\"https:\\\/\\\/secure.gravatar.com\\\/avatar\\\/377c0eb8b4ad2bfc25461b41564b5971e721ca34a57642868fc7b0c8ac7b52c5?s=96&d=mm&r=g\",\"url\":\"https:\\\/\\\/secure.gravatar.com\\\/avatar\\\/377c0eb8b4ad2bfc25461b41564b5971e721ca34a57642868fc7b0c8ac7b52c5?s=96&d=mm&r=g\",\"contentUrl\":\"https:\\\/\\\/secure.gravatar.com\\\/avatar\\\/377c0eb8b4ad2bfc25461b41564b5971e721ca34a57642868fc7b0c8ac7b52c5?s=96&d=mm&r=g\",\"caption\":\"Blog da Condessa\"},\"url\":\"https:\\\/\\\/blogdacondessa.com.br\\\/blog\\\/author\\\/beatriz\\\/\"}]}<\/script>\n<!-- \/ Yoast SEO plugin. -->","yoast_head_json":{"title":"Um dos ingredientes mais emblem\u00e1ticos da culin\u00e1ria brasileira &#8902; Blog da Condessa","robots":{"index":"index","follow":"follow","max-snippet":"max-snippet:-1","max-image-preview":"max-image-preview:large","max-video-preview":"max-video-preview:-1"},"canonical":"https:\/\/blogdacondessa.com.br\/blog\/gastronomia\/um-dos-ingredientes-mais-emblematicos-da-culinaria-brasileira\/","og_locale":"pt_BR","og_type":"article","og_title":"Um dos ingredientes mais emblem\u00e1ticos da culin\u00e1ria brasileira &#8902; Blog da Condessa","og_description":"A mandioca se reinventa e ganha destaque em diferentes regi\u00f5es do Brasil Ingrediente tradicional da culin\u00e1ria brasileira aparece em releituras e novas combina\u00e7\u00f5es gastron\u00f4micas. \u00a0Presente h\u00e1 milhares de anos na alimenta\u00e7\u00e3o humana, a mandioca \u00e9 um dos ingredientes mais emblem\u00e1ticos da culin\u00e1ria brasileira. Cultivada em todos os estados, ela combina tradi\u00e7\u00e3o e versatilidade, aparecendo tanto [&hellip;]","og_url":"https:\/\/blogdacondessa.com.br\/blog\/gastronomia\/um-dos-ingredientes-mais-emblematicos-da-culinaria-brasileira\/","og_site_name":"Blog da Condessa","article_published_time":"2026-05-01T09:00:57+00:00","og_image":[{"width":750,"height":500,"url":"https:\/\/blogdacondessa.com.br\/blog\/wp-content\/uploads\/2026\/04\/mandioca.jpg","type":"image\/jpeg"}],"author":"Blog da Condessa","twitter_card":"summary_large_image","twitter_misc":{"Escrito por":"Blog da Condessa","Est. tempo de leitura":"4 minutos"},"schema":{"@context":"https:\/\/schema.org","@graph":[{"@type":"Article","@id":"https:\/\/blogdacondessa.com.br\/blog\/gastronomia\/um-dos-ingredientes-mais-emblematicos-da-culinaria-brasileira\/#article","isPartOf":{"@id":"https:\/\/blogdacondessa.com.br\/blog\/gastronomia\/um-dos-ingredientes-mais-emblematicos-da-culinaria-brasileira\/"},"author":{"name":"Blog da Condessa","@id":"https:\/\/blogdacondessa.com.br\/blog\/#\/schema\/person\/1d667ff8b785195b568677489d266035"},"headline":"Um dos ingredientes mais emblem\u00e1ticos da culin\u00e1ria brasileira","datePublished":"2026-05-01T09:00:57+00:00","mainEntityOfPage":{"@id":"https:\/\/blogdacondessa.com.br\/blog\/gastronomia\/um-dos-ingredientes-mais-emblematicos-da-culinaria-brasileira\/"},"wordCount":678,"image":{"@id":"https:\/\/blogdacondessa.com.br\/blog\/gastronomia\/um-dos-ingredientes-mais-emblematicos-da-culinaria-brasileira\/#primaryimage"},"thumbnailUrl":"https:\/\/blogdacondessa.com.br\/blog\/wp-content\/uploads\/2026\/04\/mandioca.jpg","articleSection":["Gastronomia"],"inLanguage":"pt-BR"},{"@type":"WebPage","@id":"https:\/\/blogdacondessa.com.br\/blog\/gastronomia\/um-dos-ingredientes-mais-emblematicos-da-culinaria-brasileira\/","url":"https:\/\/blogdacondessa.com.br\/blog\/gastronomia\/um-dos-ingredientes-mais-emblematicos-da-culinaria-brasileira\/","name":"Um dos ingredientes mais emblem\u00e1ticos da culin\u00e1ria brasileira &#8902; Blog da Condessa","isPartOf":{"@id":"https:\/\/blogdacondessa.com.br\/blog\/#website"},"primaryImageOfPage":{"@id":"https:\/\/blogdacondessa.com.br\/blog\/gastronomia\/um-dos-ingredientes-mais-emblematicos-da-culinaria-brasileira\/#primaryimage"},"image":{"@id":"https:\/\/blogdacondessa.com.br\/blog\/gastronomia\/um-dos-ingredientes-mais-emblematicos-da-culinaria-brasileira\/#primaryimage"},"thumbnailUrl":"https:\/\/blogdacondessa.com.br\/blog\/wp-content\/uploads\/2026\/04\/mandioca.jpg","datePublished":"2026-05-01T09:00:57+00:00","author":{"@id":"https:\/\/blogdacondessa.com.br\/blog\/#\/schema\/person\/1d667ff8b785195b568677489d266035"},"breadcrumb":{"@id":"https:\/\/blogdacondessa.com.br\/blog\/gastronomia\/um-dos-ingredientes-mais-emblematicos-da-culinaria-brasileira\/#breadcrumb"},"inLanguage":"pt-BR","potentialAction":[{"@type":"ReadAction","target":["https:\/\/blogdacondessa.com.br\/blog\/gastronomia\/um-dos-ingredientes-mais-emblematicos-da-culinaria-brasileira\/"]}]},{"@type":"ImageObject","inLanguage":"pt-BR","@id":"https:\/\/blogdacondessa.com.br\/blog\/gastronomia\/um-dos-ingredientes-mais-emblematicos-da-culinaria-brasileira\/#primaryimage","url":"https:\/\/blogdacondessa.com.br\/blog\/wp-content\/uploads\/2026\/04\/mandioca.jpg","contentUrl":"https:\/\/blogdacondessa.com.br\/blog\/wp-content\/uploads\/2026\/04\/mandioca.jpg","width":750,"height":500},{"@type":"BreadcrumbList","@id":"https:\/\/blogdacondessa.com.br\/blog\/gastronomia\/um-dos-ingredientes-mais-emblematicos-da-culinaria-brasileira\/#breadcrumb","itemListElement":[{"@type":"ListItem","position":1,"name":"In\u00edcio","item":"https:\/\/blogdacondessa.com.br\/blog\/"},{"@type":"ListItem","position":2,"name":"Um dos ingredientes mais emblem\u00e1ticos da culin\u00e1ria brasileira"}]},{"@type":"WebSite","@id":"https:\/\/blogdacondessa.com.br\/blog\/#website","url":"https:\/\/blogdacondessa.com.br\/blog\/","name":"Blog da Condessa","description":"Com Shirley de Souza O\u2019Campos","potentialAction":[{"@type":"SearchAction","target":{"@type":"EntryPoint","urlTemplate":"https:\/\/blogdacondessa.com.br\/blog\/?s={search_term_string}"},"query-input":{"@type":"PropertyValueSpecification","valueRequired":true,"valueName":"search_term_string"}}],"inLanguage":"pt-BR"},{"@type":"Person","@id":"https:\/\/blogdacondessa.com.br\/blog\/#\/schema\/person\/1d667ff8b785195b568677489d266035","name":"Blog da Condessa","image":{"@type":"ImageObject","inLanguage":"pt-BR","@id":"https:\/\/secure.gravatar.com\/avatar\/377c0eb8b4ad2bfc25461b41564b5971e721ca34a57642868fc7b0c8ac7b52c5?s=96&d=mm&r=g","url":"https:\/\/secure.gravatar.com\/avatar\/377c0eb8b4ad2bfc25461b41564b5971e721ca34a57642868fc7b0c8ac7b52c5?s=96&d=mm&r=g","contentUrl":"https:\/\/secure.gravatar.com\/avatar\/377c0eb8b4ad2bfc25461b41564b5971e721ca34a57642868fc7b0c8ac7b52c5?s=96&d=mm&r=g","caption":"Blog da Condessa"},"url":"https:\/\/blogdacondessa.com.br\/blog\/author\/beatriz\/"}]}},"_links":{"self":[{"href":"https:\/\/blogdacondessa.com.br\/blog\/wp-json\/wp\/v2\/posts\/14036","targetHints":{"allow":["GET"]}}],"collection":[{"href":"https:\/\/blogdacondessa.com.br\/blog\/wp-json\/wp\/v2\/posts"}],"about":[{"href":"https:\/\/blogdacondessa.com.br\/blog\/wp-json\/wp\/v2\/types\/post"}],"author":[{"embeddable":true,"href":"https:\/\/blogdacondessa.com.br\/blog\/wp-json\/wp\/v2\/users\/2"}],"replies":[{"embeddable":true,"href":"https:\/\/blogdacondessa.com.br\/blog\/wp-json\/wp\/v2\/comments?post=14036"}],"version-history":[{"count":1,"href":"https:\/\/blogdacondessa.com.br\/blog\/wp-json\/wp\/v2\/posts\/14036\/revisions"}],"predecessor-version":[{"id":14038,"href":"https:\/\/blogdacondessa.com.br\/blog\/wp-json\/wp\/v2\/posts\/14036\/revisions\/14038"}],"wp:featuredmedia":[{"embeddable":true,"href":"https:\/\/blogdacondessa.com.br\/blog\/wp-json\/wp\/v2\/media\/14037"}],"wp:attachment":[{"href":"https:\/\/blogdacondessa.com.br\/blog\/wp-json\/wp\/v2\/media?parent=14036"}],"wp:term":[{"taxonomy":"category","embeddable":true,"href":"https:\/\/blogdacondessa.com.br\/blog\/wp-json\/wp\/v2\/categories?post=14036"},{"taxonomy":"post_tag","embeddable":true,"href":"https:\/\/blogdacondessa.com.br\/blog\/wp-json\/wp\/v2\/tags?post=14036"}],"curies":[{"name":"wp","href":"https:\/\/api.w.org\/{rel}","templated":true}]}}