{"id":14033,"date":"2026-04-30T05:00:29","date_gmt":"2026-04-30T09:00:29","guid":{"rendered":"https:\/\/blogdacondessa.com.br\/blog\/?p=14033"},"modified":"2026-04-29T20:01:41","modified_gmt":"2026-04-30T00:01:41","slug":"quintal-cuiabano-promove-vivencias-praticas-da-cultura-cuiabana","status":"publish","type":"post","link":"https:\/\/blogdacondessa.com.br\/blog\/educacao\/quintal-cuiabano-promove-vivencias-praticas-da-cultura-cuiabana\/","title":{"rendered":"Quintal Cuiabano promove viv\u00eancias pr\u00e1ticas da cultura cuiabana"},"content":{"rendered":"<p>A quarta edi\u00e7\u00e3o do projeto Quintal Cuiabano teve como destaque a participa\u00e7\u00e3o de crian\u00e7as do CMEI Paulo Ronan, que apresentaram dan\u00e7as tradicionais como siriri e cururu, al\u00e9m de atividades culturais envolvendo m\u00fasica, artes e gastronomia t\u00edpica de Cuiab\u00e1.<\/p>\n<p>A a\u00e7\u00e3o integra a pol\u00edtica de valoriza\u00e7\u00e3o da cultura regional nas unidades da rede municipal e amplia o alcance do projeto para diferentes faixas et\u00e1rias. A proposta \u00e9 promover viv\u00eancias pr\u00e1ticas da cultura cuiabana dentro do ambiente educacional, envolvendo alunos, professores e fam\u00edlias.<\/p>\n<p>Realizada em Cuiab\u00e1, a iniciativa reuniu a comunidade escolar em uma programa\u00e7\u00e3o que incluiu coral, exposi\u00e7\u00f5es de pintura e a produ\u00e7\u00e3o do \u201cfrancisquito\u201d, biscoito amanteigado tradicional da capital mato-grossense.<\/p>\n<p>A secret\u00e1ria adjunta de Direitos Humanos, da Secretaria Municipal de Assist\u00eancia Social, Direitos Humanos e Inclus\u00e3o,\u00a0Vilmara Vidica, destacou o envolvimento da comunidade escolar e o impacto da a\u00e7\u00e3o no processo educativo.<\/p>\n<p>\u201cA escola se transforma com o projeto. As fam\u00edlias participam e as crian\u00e7as vivenciam a cultura de forma real. Isso fortalece a identidade e mostra que a nossa tradi\u00e7\u00e3o continua viva\u201d, disse.<\/p>\n<p>J\u00e1 a secret\u00e1ria municipal da pasta de Assist\u00eancia Social,\u00a0H\u00e9lida Vilela, refor\u00e7ou que a iniciativa atende a uma diretriz da gest\u00e3o municipal de valoriza\u00e7\u00e3o das tradi\u00e7\u00f5es locais.<\/p>\n<p>\u201cMuitas vezes, as novas gera\u00e7\u00f5es n\u00e3o conhecem a cultura regional. O projeto aproxima passado e presente, garantindo que esse conhecimento seja preservado\u201d, afirmou.<\/p>\n<p>Na unidade, a prepara\u00e7\u00e3o das crian\u00e7as incluiu atividades pedag\u00f3gicas iniciadas ainda no per\u00edodo do anivers\u00e1rio de Cuiab\u00e1, com foco nas manifesta\u00e7\u00f5es culturais e na culin\u00e1ria t\u00edpica. A diretora do CMEI Paulo Ronan,\u00a0Maria do Carmo, ressaltou o impacto da a\u00e7\u00e3o no desenvolvimento dos alunos.<\/p>\n<p>\u201cAs crian\u00e7as participaram de ensaios, atividades culturais e da produ\u00e7\u00e3o do francisquito. Foi um processo de aprendizado que envolveu toda a equipe e trouxe a cultura para o cotidiano delas\u201d, explicou.<\/p>\n<p>Com edi\u00e7\u00f5es previstas ao longo do ano, a expectativa da gest\u00e3o \u00e9 ampliar o alcance do Quintal Cuiabano, consolidando a iniciativa como ferramenta de educa\u00e7\u00e3o cultural e integra\u00e7\u00e3o comunit\u00e1ria.<\/p>\n<p>Confira abaixo onde devem ocorrer as pr\u00f3ximas edi\u00e7\u00f5es do projeto:<\/p>\n<p>05\/05: CEIC Maria Ligia Borges Garcia<\/p>\n<p>13\/05: CEIC Professora Luciene Ferreira de Oliveira<\/p>\n","protected":false},"excerpt":{"rendered":"<p>A quarta edi\u00e7\u00e3o do projeto Quintal Cuiabano teve como destaque a participa\u00e7\u00e3o de crian\u00e7as do CMEI Paulo Ronan, que apresentaram dan\u00e7as tradicionais como siriri e cururu, al\u00e9m de atividades culturais envolvendo m\u00fasica, artes e gastronomia t\u00edpica de Cuiab\u00e1. A a\u00e7\u00e3o integra a pol\u00edtica de valoriza\u00e7\u00e3o da cultura regional nas unidades da rede municipal e amplia [&hellip;]<\/p>\n","protected":false},"author":2,"featured_media":14034,"comment_status":"closed","ping_status":"closed","sticky":false,"template":"","format":"standard","meta":{"iawp_total_views":0,"footnotes":""},"categories":[20],"tags":[],"class_list":["post-14033","post","type-post","status-publish","format-standard","has-post-thumbnail","hentry","category-educacao"],"yoast_head":"<!-- This site is optimized with the Yoast SEO plugin v27.3 - https:\/\/yoast.com\/product\/yoast-seo-wordpress\/ -->\n<title>Quintal Cuiabano promove viv\u00eancias pr\u00e1ticas da cultura cuiabana &#8902; Blog da Condessa<\/title>\n<meta name=\"robots\" content=\"index, follow, max-snippet:-1, max-image-preview:large, max-video-preview:-1\" \/>\n<link rel=\"canonical\" href=\"https:\/\/blogdacondessa.com.br\/blog\/educacao\/quintal-cuiabano-promove-vivencias-praticas-da-cultura-cuiabana\/\" \/>\n<meta property=\"og:locale\" content=\"pt_BR\" \/>\n<meta property=\"og:type\" content=\"article\" \/>\n<meta property=\"og:title\" content=\"Quintal Cuiabano promove viv\u00eancias pr\u00e1ticas da cultura cuiabana &#8902; Blog da Condessa\" \/>\n<meta property=\"og:description\" content=\"A quarta edi\u00e7\u00e3o do projeto Quintal Cuiabano teve como destaque a participa\u00e7\u00e3o de crian\u00e7as do CMEI Paulo Ronan, que apresentaram dan\u00e7as tradicionais como siriri e cururu, al\u00e9m de atividades culturais envolvendo m\u00fasica, artes e gastronomia t\u00edpica de Cuiab\u00e1. A a\u00e7\u00e3o integra a pol\u00edtica de valoriza\u00e7\u00e3o da cultura regional nas unidades da rede municipal e amplia [&hellip;]\" \/>\n<meta property=\"og:url\" content=\"https:\/\/blogdacondessa.com.br\/blog\/educacao\/quintal-cuiabano-promove-vivencias-praticas-da-cultura-cuiabana\/\" \/>\n<meta property=\"og:site_name\" content=\"Blog da Condessa\" \/>\n<meta property=\"article:published_time\" content=\"2026-04-30T09:00:29+00:00\" \/>\n<meta property=\"og:image\" content=\"https:\/\/blogdacondessa.com.br\/blog\/wp-content\/uploads\/2026\/04\/quintal-cuiabano-scaled.jpg\" \/>\n\t<meta property=\"og:image:width\" content=\"2560\" \/>\n\t<meta property=\"og:image:height\" content=\"1707\" \/>\n\t<meta property=\"og:image:type\" content=\"image\/jpeg\" \/>\n<meta name=\"author\" content=\"Blog da Condessa\" \/>\n<meta name=\"twitter:card\" content=\"summary_large_image\" \/>\n<meta name=\"twitter:label1\" content=\"Escrito por\" \/>\n\t<meta name=\"twitter:data1\" content=\"Blog da Condessa\" \/>\n\t<meta name=\"twitter:label2\" content=\"Est. tempo de leitura\" \/>\n\t<meta name=\"twitter:data2\" content=\"3 minutos\" \/>\n<script type=\"application\/ld+json\" class=\"yoast-schema-graph\">{\"@context\":\"https:\\\/\\\/schema.org\",\"@graph\":[{\"@type\":\"Article\",\"@id\":\"https:\\\/\\\/blogdacondessa.com.br\\\/blog\\\/educacao\\\/quintal-cuiabano-promove-vivencias-praticas-da-cultura-cuiabana\\\/#article\",\"isPartOf\":{\"@id\":\"https:\\\/\\\/blogdacondessa.com.br\\\/blog\\\/educacao\\\/quintal-cuiabano-promove-vivencias-praticas-da-cultura-cuiabana\\\/\"},\"author\":{\"name\":\"Blog da Condessa\",\"@id\":\"https:\\\/\\\/blogdacondessa.com.br\\\/blog\\\/#\\\/schema\\\/person\\\/1d667ff8b785195b568677489d266035\"},\"headline\":\"Quintal Cuiabano promove viv\u00eancias pr\u00e1ticas da cultura cuiabana\",\"datePublished\":\"2026-04-30T09:00:29+00:00\",\"mainEntityOfPage\":{\"@id\":\"https:\\\/\\\/blogdacondessa.com.br\\\/blog\\\/educacao\\\/quintal-cuiabano-promove-vivencias-praticas-da-cultura-cuiabana\\\/\"},\"wordCount\":408,\"image\":{\"@id\":\"https:\\\/\\\/blogdacondessa.com.br\\\/blog\\\/educacao\\\/quintal-cuiabano-promove-vivencias-praticas-da-cultura-cuiabana\\\/#primaryimage\"},\"thumbnailUrl\":\"https:\\\/\\\/blogdacondessa.com.br\\\/blog\\\/wp-content\\\/uploads\\\/2026\\\/04\\\/quintal-cuiabano-scaled.jpg\",\"articleSection\":[\"Educa\u00e7\u00e3o\"],\"inLanguage\":\"pt-BR\"},{\"@type\":\"WebPage\",\"@id\":\"https:\\\/\\\/blogdacondessa.com.br\\\/blog\\\/educacao\\\/quintal-cuiabano-promove-vivencias-praticas-da-cultura-cuiabana\\\/\",\"url\":\"https:\\\/\\\/blogdacondessa.com.br\\\/blog\\\/educacao\\\/quintal-cuiabano-promove-vivencias-praticas-da-cultura-cuiabana\\\/\",\"name\":\"Quintal Cuiabano promove viv\u00eancias pr\u00e1ticas da cultura cuiabana &#8902; Blog da Condessa\",\"isPartOf\":{\"@id\":\"https:\\\/\\\/blogdacondessa.com.br\\\/blog\\\/#website\"},\"primaryImageOfPage\":{\"@id\":\"https:\\\/\\\/blogdacondessa.com.br\\\/blog\\\/educacao\\\/quintal-cuiabano-promove-vivencias-praticas-da-cultura-cuiabana\\\/#primaryimage\"},\"image\":{\"@id\":\"https:\\\/\\\/blogdacondessa.com.br\\\/blog\\\/educacao\\\/quintal-cuiabano-promove-vivencias-praticas-da-cultura-cuiabana\\\/#primaryimage\"},\"thumbnailUrl\":\"https:\\\/\\\/blogdacondessa.com.br\\\/blog\\\/wp-content\\\/uploads\\\/2026\\\/04\\\/quintal-cuiabano-scaled.jpg\",\"datePublished\":\"2026-04-30T09:00:29+00:00\",\"author\":{\"@id\":\"https:\\\/\\\/blogdacondessa.com.br\\\/blog\\\/#\\\/schema\\\/person\\\/1d667ff8b785195b568677489d266035\"},\"breadcrumb\":{\"@id\":\"https:\\\/\\\/blogdacondessa.com.br\\\/blog\\\/educacao\\\/quintal-cuiabano-promove-vivencias-praticas-da-cultura-cuiabana\\\/#breadcrumb\"},\"inLanguage\":\"pt-BR\",\"potentialAction\":[{\"@type\":\"ReadAction\",\"target\":[\"https:\\\/\\\/blogdacondessa.com.br\\\/blog\\\/educacao\\\/quintal-cuiabano-promove-vivencias-praticas-da-cultura-cuiabana\\\/\"]}]},{\"@type\":\"ImageObject\",\"inLanguage\":\"pt-BR\",\"@id\":\"https:\\\/\\\/blogdacondessa.com.br\\\/blog\\\/educacao\\\/quintal-cuiabano-promove-vivencias-praticas-da-cultura-cuiabana\\\/#primaryimage\",\"url\":\"https:\\\/\\\/blogdacondessa.com.br\\\/blog\\\/wp-content\\\/uploads\\\/2026\\\/04\\\/quintal-cuiabano-scaled.jpg\",\"contentUrl\":\"https:\\\/\\\/blogdacondessa.com.br\\\/blog\\\/wp-content\\\/uploads\\\/2026\\\/04\\\/quintal-cuiabano-scaled.jpg\",\"width\":2560,\"height\":1707,\"caption\":\"Foto: Emanoele Daiane\"},{\"@type\":\"BreadcrumbList\",\"@id\":\"https:\\\/\\\/blogdacondessa.com.br\\\/blog\\\/educacao\\\/quintal-cuiabano-promove-vivencias-praticas-da-cultura-cuiabana\\\/#breadcrumb\",\"itemListElement\":[{\"@type\":\"ListItem\",\"position\":1,\"name\":\"In\u00edcio\",\"item\":\"https:\\\/\\\/blogdacondessa.com.br\\\/blog\\\/\"},{\"@type\":\"ListItem\",\"position\":2,\"name\":\"Quintal Cuiabano promove viv\u00eancias pr\u00e1ticas da cultura cuiabana\"}]},{\"@type\":\"WebSite\",\"@id\":\"https:\\\/\\\/blogdacondessa.com.br\\\/blog\\\/#website\",\"url\":\"https:\\\/\\\/blogdacondessa.com.br\\\/blog\\\/\",\"name\":\"Blog da Condessa\",\"description\":\"Com Shirley de Souza O\u2019Campos\",\"potentialAction\":[{\"@type\":\"SearchAction\",\"target\":{\"@type\":\"EntryPoint\",\"urlTemplate\":\"https:\\\/\\\/blogdacondessa.com.br\\\/blog\\\/?s={search_term_string}\"},\"query-input\":{\"@type\":\"PropertyValueSpecification\",\"valueRequired\":true,\"valueName\":\"search_term_string\"}}],\"inLanguage\":\"pt-BR\"},{\"@type\":\"Person\",\"@id\":\"https:\\\/\\\/blogdacondessa.com.br\\\/blog\\\/#\\\/schema\\\/person\\\/1d667ff8b785195b568677489d266035\",\"name\":\"Blog da Condessa\",\"image\":{\"@type\":\"ImageObject\",\"inLanguage\":\"pt-BR\",\"@id\":\"https:\\\/\\\/secure.gravatar.com\\\/avatar\\\/377c0eb8b4ad2bfc25461b41564b5971e721ca34a57642868fc7b0c8ac7b52c5?s=96&d=mm&r=g\",\"url\":\"https:\\\/\\\/secure.gravatar.com\\\/avatar\\\/377c0eb8b4ad2bfc25461b41564b5971e721ca34a57642868fc7b0c8ac7b52c5?s=96&d=mm&r=g\",\"contentUrl\":\"https:\\\/\\\/secure.gravatar.com\\\/avatar\\\/377c0eb8b4ad2bfc25461b41564b5971e721ca34a57642868fc7b0c8ac7b52c5?s=96&d=mm&r=g\",\"caption\":\"Blog da Condessa\"},\"url\":\"https:\\\/\\\/blogdacondessa.com.br\\\/blog\\\/author\\\/beatriz\\\/\"}]}<\/script>\n<!-- \/ Yoast SEO plugin. -->","yoast_head_json":{"title":"Quintal Cuiabano promove viv\u00eancias pr\u00e1ticas da cultura cuiabana &#8902; Blog da Condessa","robots":{"index":"index","follow":"follow","max-snippet":"max-snippet:-1","max-image-preview":"max-image-preview:large","max-video-preview":"max-video-preview:-1"},"canonical":"https:\/\/blogdacondessa.com.br\/blog\/educacao\/quintal-cuiabano-promove-vivencias-praticas-da-cultura-cuiabana\/","og_locale":"pt_BR","og_type":"article","og_title":"Quintal Cuiabano promove viv\u00eancias pr\u00e1ticas da cultura cuiabana &#8902; Blog da Condessa","og_description":"A quarta edi\u00e7\u00e3o do projeto Quintal Cuiabano teve como destaque a participa\u00e7\u00e3o de crian\u00e7as do CMEI Paulo Ronan, que apresentaram dan\u00e7as tradicionais como siriri e cururu, al\u00e9m de atividades culturais envolvendo m\u00fasica, artes e gastronomia t\u00edpica de Cuiab\u00e1. A a\u00e7\u00e3o integra a pol\u00edtica de valoriza\u00e7\u00e3o da cultura regional nas unidades da rede municipal e amplia [&hellip;]","og_url":"https:\/\/blogdacondessa.com.br\/blog\/educacao\/quintal-cuiabano-promove-vivencias-praticas-da-cultura-cuiabana\/","og_site_name":"Blog da Condessa","article_published_time":"2026-04-30T09:00:29+00:00","og_image":[{"width":2560,"height":1707,"url":"https:\/\/blogdacondessa.com.br\/blog\/wp-content\/uploads\/2026\/04\/quintal-cuiabano-scaled.jpg","type":"image\/jpeg"}],"author":"Blog da Condessa","twitter_card":"summary_large_image","twitter_misc":{"Escrito por":"Blog da Condessa","Est. tempo de leitura":"3 minutos"},"schema":{"@context":"https:\/\/schema.org","@graph":[{"@type":"Article","@id":"https:\/\/blogdacondessa.com.br\/blog\/educacao\/quintal-cuiabano-promove-vivencias-praticas-da-cultura-cuiabana\/#article","isPartOf":{"@id":"https:\/\/blogdacondessa.com.br\/blog\/educacao\/quintal-cuiabano-promove-vivencias-praticas-da-cultura-cuiabana\/"},"author":{"name":"Blog da Condessa","@id":"https:\/\/blogdacondessa.com.br\/blog\/#\/schema\/person\/1d667ff8b785195b568677489d266035"},"headline":"Quintal Cuiabano promove viv\u00eancias pr\u00e1ticas da cultura cuiabana","datePublished":"2026-04-30T09:00:29+00:00","mainEntityOfPage":{"@id":"https:\/\/blogdacondessa.com.br\/blog\/educacao\/quintal-cuiabano-promove-vivencias-praticas-da-cultura-cuiabana\/"},"wordCount":408,"image":{"@id":"https:\/\/blogdacondessa.com.br\/blog\/educacao\/quintal-cuiabano-promove-vivencias-praticas-da-cultura-cuiabana\/#primaryimage"},"thumbnailUrl":"https:\/\/blogdacondessa.com.br\/blog\/wp-content\/uploads\/2026\/04\/quintal-cuiabano-scaled.jpg","articleSection":["Educa\u00e7\u00e3o"],"inLanguage":"pt-BR"},{"@type":"WebPage","@id":"https:\/\/blogdacondessa.com.br\/blog\/educacao\/quintal-cuiabano-promove-vivencias-praticas-da-cultura-cuiabana\/","url":"https:\/\/blogdacondessa.com.br\/blog\/educacao\/quintal-cuiabano-promove-vivencias-praticas-da-cultura-cuiabana\/","name":"Quintal Cuiabano promove viv\u00eancias pr\u00e1ticas da cultura cuiabana &#8902; Blog da Condessa","isPartOf":{"@id":"https:\/\/blogdacondessa.com.br\/blog\/#website"},"primaryImageOfPage":{"@id":"https:\/\/blogdacondessa.com.br\/blog\/educacao\/quintal-cuiabano-promove-vivencias-praticas-da-cultura-cuiabana\/#primaryimage"},"image":{"@id":"https:\/\/blogdacondessa.com.br\/blog\/educacao\/quintal-cuiabano-promove-vivencias-praticas-da-cultura-cuiabana\/#primaryimage"},"thumbnailUrl":"https:\/\/blogdacondessa.com.br\/blog\/wp-content\/uploads\/2026\/04\/quintal-cuiabano-scaled.jpg","datePublished":"2026-04-30T09:00:29+00:00","author":{"@id":"https:\/\/blogdacondessa.com.br\/blog\/#\/schema\/person\/1d667ff8b785195b568677489d266035"},"breadcrumb":{"@id":"https:\/\/blogdacondessa.com.br\/blog\/educacao\/quintal-cuiabano-promove-vivencias-praticas-da-cultura-cuiabana\/#breadcrumb"},"inLanguage":"pt-BR","potentialAction":[{"@type":"ReadAction","target":["https:\/\/blogdacondessa.com.br\/blog\/educacao\/quintal-cuiabano-promove-vivencias-praticas-da-cultura-cuiabana\/"]}]},{"@type":"ImageObject","inLanguage":"pt-BR","@id":"https:\/\/blogdacondessa.com.br\/blog\/educacao\/quintal-cuiabano-promove-vivencias-praticas-da-cultura-cuiabana\/#primaryimage","url":"https:\/\/blogdacondessa.com.br\/blog\/wp-content\/uploads\/2026\/04\/quintal-cuiabano-scaled.jpg","contentUrl":"https:\/\/blogdacondessa.com.br\/blog\/wp-content\/uploads\/2026\/04\/quintal-cuiabano-scaled.jpg","width":2560,"height":1707,"caption":"Foto: Emanoele Daiane"},{"@type":"BreadcrumbList","@id":"https:\/\/blogdacondessa.com.br\/blog\/educacao\/quintal-cuiabano-promove-vivencias-praticas-da-cultura-cuiabana\/#breadcrumb","itemListElement":[{"@type":"ListItem","position":1,"name":"In\u00edcio","item":"https:\/\/blogdacondessa.com.br\/blog\/"},{"@type":"ListItem","position":2,"name":"Quintal Cuiabano promove viv\u00eancias pr\u00e1ticas da cultura cuiabana"}]},{"@type":"WebSite","@id":"https:\/\/blogdacondessa.com.br\/blog\/#website","url":"https:\/\/blogdacondessa.com.br\/blog\/","name":"Blog da Condessa","description":"Com Shirley de Souza O\u2019Campos","potentialAction":[{"@type":"SearchAction","target":{"@type":"EntryPoint","urlTemplate":"https:\/\/blogdacondessa.com.br\/blog\/?s={search_term_string}"},"query-input":{"@type":"PropertyValueSpecification","valueRequired":true,"valueName":"search_term_string"}}],"inLanguage":"pt-BR"},{"@type":"Person","@id":"https:\/\/blogdacondessa.com.br\/blog\/#\/schema\/person\/1d667ff8b785195b568677489d266035","name":"Blog da Condessa","image":{"@type":"ImageObject","inLanguage":"pt-BR","@id":"https:\/\/secure.gravatar.com\/avatar\/377c0eb8b4ad2bfc25461b41564b5971e721ca34a57642868fc7b0c8ac7b52c5?s=96&d=mm&r=g","url":"https:\/\/secure.gravatar.com\/avatar\/377c0eb8b4ad2bfc25461b41564b5971e721ca34a57642868fc7b0c8ac7b52c5?s=96&d=mm&r=g","contentUrl":"https:\/\/secure.gravatar.com\/avatar\/377c0eb8b4ad2bfc25461b41564b5971e721ca34a57642868fc7b0c8ac7b52c5?s=96&d=mm&r=g","caption":"Blog da Condessa"},"url":"https:\/\/blogdacondessa.com.br\/blog\/author\/beatriz\/"}]}},"_links":{"self":[{"href":"https:\/\/blogdacondessa.com.br\/blog\/wp-json\/wp\/v2\/posts\/14033","targetHints":{"allow":["GET"]}}],"collection":[{"href":"https:\/\/blogdacondessa.com.br\/blog\/wp-json\/wp\/v2\/posts"}],"about":[{"href":"https:\/\/blogdacondessa.com.br\/blog\/wp-json\/wp\/v2\/types\/post"}],"author":[{"embeddable":true,"href":"https:\/\/blogdacondessa.com.br\/blog\/wp-json\/wp\/v2\/users\/2"}],"replies":[{"embeddable":true,"href":"https:\/\/blogdacondessa.com.br\/blog\/wp-json\/wp\/v2\/comments?post=14033"}],"version-history":[{"count":1,"href":"https:\/\/blogdacondessa.com.br\/blog\/wp-json\/wp\/v2\/posts\/14033\/revisions"}],"predecessor-version":[{"id":14035,"href":"https:\/\/blogdacondessa.com.br\/blog\/wp-json\/wp\/v2\/posts\/14033\/revisions\/14035"}],"wp:featuredmedia":[{"embeddable":true,"href":"https:\/\/blogdacondessa.com.br\/blog\/wp-json\/wp\/v2\/media\/14034"}],"wp:attachment":[{"href":"https:\/\/blogdacondessa.com.br\/blog\/wp-json\/wp\/v2\/media?parent=14033"}],"wp:term":[{"taxonomy":"category","embeddable":true,"href":"https:\/\/blogdacondessa.com.br\/blog\/wp-json\/wp\/v2\/categories?post=14033"},{"taxonomy":"post_tag","embeddable":true,"href":"https:\/\/blogdacondessa.com.br\/blog\/wp-json\/wp\/v2\/tags?post=14033"}],"curies":[{"name":"wp","href":"https:\/\/api.w.org\/{rel}","templated":true}]}}