{"id":14030,"date":"2026-04-30T05:00:51","date_gmt":"2026-04-30T09:00:51","guid":{"rendered":"https:\/\/blogdacondessa.com.br\/blog\/?p=14030"},"modified":"2026-04-29T19:53:30","modified_gmt":"2026-04-29T23:53:30","slug":"tenista-mato-grossense-vai-disputar-uma-serie-de-torneios-na-europa","status":"publish","type":"post","link":"https:\/\/blogdacondessa.com.br\/blog\/esporte\/tenista-mato-grossense-vai-disputar-uma-serie-de-torneios-na-europa\/","title":{"rendered":"Tenista mato-grossense vai disputar uma s\u00e9rie de torneios na Europa"},"content":{"rendered":"<p>O governador Otaviano Pivetta recebeu, na quarta-feira (28.4), no Pal\u00e1cio Paiagu\u00e1s, em Cuiab\u00e1, o tenista mato-grossense Leonardo Storck, de 17 anos. O atleta vai disputar uma s\u00e9rie de torneios na Europa, entre eles o juvenil de Roland Garros, com apoio do Governo de Mato Grosso, por meio da Secretaria de Estado de Cultura, Esporte e Lazer (Secel), com custeio de passagens.<\/p>\n<p>Durante a reuni\u00e3o, o governador destacou o incentivo do Estado ao esporte e o apoio aos atletas de alto rendimento.<\/p>\n<p>\u201cVoc\u00ea \u00e9 motivo de orgulho para Mato Grosso. Deus te aben\u00e7oe, que siga sendo o melhor nesse esporte que escolheu. \u00c9 uma grande responsabilidade, e \u00e9 um orgulho fazer parte disso. Voc\u00ea \u00e9 um exemplo para muitos\u201d, afirmou Otaviano Pivetta.<\/p>\n<p>O secret\u00e1rio de Estado de Cultura, Esporte e Lazer, David Moura, explicou que o atleta ter\u00e1 as passagens a\u00e9reas custeadas pelo Governo para participar das competi\u00e7\u00f5es internacionais.<\/p>\n<p>\u201cO \u00a0apoio permite que atletas como o Leonardo sigam competindo em alto n\u00edvel e representando o Estado. Acompanhamos desde o in\u00edcio a hist\u00f3ria dele, sabemos do esfor\u00e7o, e \u00e9 um privil\u00e9gio poder contribuir com isso\u201d, pontuou.<\/p>\n<p>Leonardo Storck falou sobre a sequ\u00eancia de competi\u00e7\u00f5es na Europa.<\/p>\n<p>\u201cEstou indo para a Europa nesta quinta-feira. Primeiro jogo na Alemanha, depois tenho mais dois torneios na It\u00e1lia. Ainda tem uma terceira semana que pode ter competi\u00e7\u00e3o na B\u00e9lgica ou treino. Depois sigo para Roland Garros. Esse apoio do Estado faz muita diferen\u00e7a e eu sou grato por isso\u201d, disse.<\/p>\n<p>No \u00faltimo dia 19 de abril, Leonardo conquistou o t\u00edtulo da chave masculina do Roland Garros Junior Series, em S\u00e3o Paulo, ap\u00f3s vencer o colombiano Juan Miguel Bol\u00edvar por 2 sets a 1, garantindo vaga no torneio juvenil de Roland Garros, em Paris, no fim de maio.<\/p>\n","protected":false},"excerpt":{"rendered":"<p>O governador Otaviano Pivetta recebeu, na quarta-feira (28.4), no Pal\u00e1cio Paiagu\u00e1s, em Cuiab\u00e1, o tenista mato-grossense Leonardo Storck, de 17 anos. O atleta vai disputar uma s\u00e9rie de torneios na Europa, entre eles o juvenil de Roland Garros, com apoio do Governo de Mato Grosso, por meio da Secretaria de Estado de Cultura, Esporte e [&hellip;]<\/p>\n","protected":false},"author":2,"featured_media":14031,"comment_status":"closed","ping_status":"closed","sticky":false,"template":"","format":"standard","meta":{"iawp_total_views":1,"footnotes":""},"categories":[19],"tags":[],"class_list":["post-14030","post","type-post","status-publish","format-standard","has-post-thumbnail","hentry","category-esporte"],"yoast_head":"<!-- This site is optimized with the Yoast SEO plugin v27.3 - https:\/\/yoast.com\/product\/yoast-seo-wordpress\/ -->\n<title>Tenista mato-grossense vai disputar uma s\u00e9rie de torneios na Europa &#8902; Blog da Condessa<\/title>\n<meta name=\"robots\" content=\"index, follow, max-snippet:-1, max-image-preview:large, max-video-preview:-1\" \/>\n<link rel=\"canonical\" href=\"https:\/\/blogdacondessa.com.br\/blog\/esporte\/tenista-mato-grossense-vai-disputar-uma-serie-de-torneios-na-europa\/\" \/>\n<meta property=\"og:locale\" content=\"pt_BR\" \/>\n<meta property=\"og:type\" content=\"article\" \/>\n<meta property=\"og:title\" content=\"Tenista mato-grossense vai disputar uma s\u00e9rie de torneios na Europa &#8902; Blog da Condessa\" \/>\n<meta property=\"og:description\" content=\"O governador Otaviano Pivetta recebeu, na quarta-feira (28.4), no Pal\u00e1cio Paiagu\u00e1s, em Cuiab\u00e1, o tenista mato-grossense Leonardo Storck, de 17 anos. O atleta vai disputar uma s\u00e9rie de torneios na Europa, entre eles o juvenil de Roland Garros, com apoio do Governo de Mato Grosso, por meio da Secretaria de Estado de Cultura, Esporte e [&hellip;]\" \/>\n<meta property=\"og:url\" content=\"https:\/\/blogdacondessa.com.br\/blog\/esporte\/tenista-mato-grossense-vai-disputar-uma-serie-de-torneios-na-europa\/\" \/>\n<meta property=\"og:site_name\" content=\"Blog da Condessa\" \/>\n<meta property=\"article:published_time\" content=\"2026-04-30T09:00:51+00:00\" \/>\n<meta property=\"og:image\" content=\"https:\/\/blogdacondessa.com.br\/blog\/wp-content\/uploads\/2026\/04\/tenista-certo.jpg\" \/>\n\t<meta property=\"og:image:width\" content=\"1021\" \/>\n\t<meta property=\"og:image:height\" content=\"680\" \/>\n\t<meta property=\"og:image:type\" content=\"image\/jpeg\" \/>\n<meta name=\"author\" content=\"Blog da Condessa\" \/>\n<meta name=\"twitter:card\" content=\"summary_large_image\" \/>\n<meta name=\"twitter:label1\" content=\"Escrito por\" \/>\n\t<meta name=\"twitter:data1\" content=\"Blog da Condessa\" \/>\n\t<meta name=\"twitter:label2\" content=\"Est. tempo de leitura\" \/>\n\t<meta name=\"twitter:data2\" content=\"2 minutos\" \/>\n<script type=\"application\/ld+json\" class=\"yoast-schema-graph\">{\"@context\":\"https:\\\/\\\/schema.org\",\"@graph\":[{\"@type\":\"Article\",\"@id\":\"https:\\\/\\\/blogdacondessa.com.br\\\/blog\\\/esporte\\\/tenista-mato-grossense-vai-disputar-uma-serie-de-torneios-na-europa\\\/#article\",\"isPartOf\":{\"@id\":\"https:\\\/\\\/blogdacondessa.com.br\\\/blog\\\/esporte\\\/tenista-mato-grossense-vai-disputar-uma-serie-de-torneios-na-europa\\\/\"},\"author\":{\"name\":\"Blog da Condessa\",\"@id\":\"https:\\\/\\\/blogdacondessa.com.br\\\/blog\\\/#\\\/schema\\\/person\\\/1d667ff8b785195b568677489d266035\"},\"headline\":\"Tenista mato-grossense vai disputar uma s\u00e9rie de torneios na Europa\",\"datePublished\":\"2026-04-30T09:00:51+00:00\",\"mainEntityOfPage\":{\"@id\":\"https:\\\/\\\/blogdacondessa.com.br\\\/blog\\\/esporte\\\/tenista-mato-grossense-vai-disputar-uma-serie-de-torneios-na-europa\\\/\"},\"wordCount\":315,\"image\":{\"@id\":\"https:\\\/\\\/blogdacondessa.com.br\\\/blog\\\/esporte\\\/tenista-mato-grossense-vai-disputar-uma-serie-de-torneios-na-europa\\\/#primaryimage\"},\"thumbnailUrl\":\"https:\\\/\\\/blogdacondessa.com.br\\\/blog\\\/wp-content\\\/uploads\\\/2026\\\/04\\\/tenista-certo.jpg\",\"articleSection\":[\"Esporte\"],\"inLanguage\":\"pt-BR\"},{\"@type\":\"WebPage\",\"@id\":\"https:\\\/\\\/blogdacondessa.com.br\\\/blog\\\/esporte\\\/tenista-mato-grossense-vai-disputar-uma-serie-de-torneios-na-europa\\\/\",\"url\":\"https:\\\/\\\/blogdacondessa.com.br\\\/blog\\\/esporte\\\/tenista-mato-grossense-vai-disputar-uma-serie-de-torneios-na-europa\\\/\",\"name\":\"Tenista mato-grossense vai disputar uma s\u00e9rie de torneios na Europa &#8902; Blog da Condessa\",\"isPartOf\":{\"@id\":\"https:\\\/\\\/blogdacondessa.com.br\\\/blog\\\/#website\"},\"primaryImageOfPage\":{\"@id\":\"https:\\\/\\\/blogdacondessa.com.br\\\/blog\\\/esporte\\\/tenista-mato-grossense-vai-disputar-uma-serie-de-torneios-na-europa\\\/#primaryimage\"},\"image\":{\"@id\":\"https:\\\/\\\/blogdacondessa.com.br\\\/blog\\\/esporte\\\/tenista-mato-grossense-vai-disputar-uma-serie-de-torneios-na-europa\\\/#primaryimage\"},\"thumbnailUrl\":\"https:\\\/\\\/blogdacondessa.com.br\\\/blog\\\/wp-content\\\/uploads\\\/2026\\\/04\\\/tenista-certo.jpg\",\"datePublished\":\"2026-04-30T09:00:51+00:00\",\"author\":{\"@id\":\"https:\\\/\\\/blogdacondessa.com.br\\\/blog\\\/#\\\/schema\\\/person\\\/1d667ff8b785195b568677489d266035\"},\"breadcrumb\":{\"@id\":\"https:\\\/\\\/blogdacondessa.com.br\\\/blog\\\/esporte\\\/tenista-mato-grossense-vai-disputar-uma-serie-de-torneios-na-europa\\\/#breadcrumb\"},\"inLanguage\":\"pt-BR\",\"potentialAction\":[{\"@type\":\"ReadAction\",\"target\":[\"https:\\\/\\\/blogdacondessa.com.br\\\/blog\\\/esporte\\\/tenista-mato-grossense-vai-disputar-uma-serie-de-torneios-na-europa\\\/\"]}]},{\"@type\":\"ImageObject\",\"inLanguage\":\"pt-BR\",\"@id\":\"https:\\\/\\\/blogdacondessa.com.br\\\/blog\\\/esporte\\\/tenista-mato-grossense-vai-disputar-uma-serie-de-torneios-na-europa\\\/#primaryimage\",\"url\":\"https:\\\/\\\/blogdacondessa.com.br\\\/blog\\\/wp-content\\\/uploads\\\/2026\\\/04\\\/tenista-certo.jpg\",\"contentUrl\":\"https:\\\/\\\/blogdacondessa.com.br\\\/blog\\\/wp-content\\\/uploads\\\/2026\\\/04\\\/tenista-certo.jpg\",\"width\":1021,\"height\":680,\"caption\":\"Cr\u00e9dito - Mayke Toscano\\\/Secom-MT\"},{\"@type\":\"BreadcrumbList\",\"@id\":\"https:\\\/\\\/blogdacondessa.com.br\\\/blog\\\/esporte\\\/tenista-mato-grossense-vai-disputar-uma-serie-de-torneios-na-europa\\\/#breadcrumb\",\"itemListElement\":[{\"@type\":\"ListItem\",\"position\":1,\"name\":\"In\u00edcio\",\"item\":\"https:\\\/\\\/blogdacondessa.com.br\\\/blog\\\/\"},{\"@type\":\"ListItem\",\"position\":2,\"name\":\"Tenista mato-grossense vai disputar uma s\u00e9rie de torneios na Europa\"}]},{\"@type\":\"WebSite\",\"@id\":\"https:\\\/\\\/blogdacondessa.com.br\\\/blog\\\/#website\",\"url\":\"https:\\\/\\\/blogdacondessa.com.br\\\/blog\\\/\",\"name\":\"Blog da Condessa\",\"description\":\"Com Shirley de Souza O\u2019Campos\",\"potentialAction\":[{\"@type\":\"SearchAction\",\"target\":{\"@type\":\"EntryPoint\",\"urlTemplate\":\"https:\\\/\\\/blogdacondessa.com.br\\\/blog\\\/?s={search_term_string}\"},\"query-input\":{\"@type\":\"PropertyValueSpecification\",\"valueRequired\":true,\"valueName\":\"search_term_string\"}}],\"inLanguage\":\"pt-BR\"},{\"@type\":\"Person\",\"@id\":\"https:\\\/\\\/blogdacondessa.com.br\\\/blog\\\/#\\\/schema\\\/person\\\/1d667ff8b785195b568677489d266035\",\"name\":\"Blog da Condessa\",\"image\":{\"@type\":\"ImageObject\",\"inLanguage\":\"pt-BR\",\"@id\":\"https:\\\/\\\/secure.gravatar.com\\\/avatar\\\/377c0eb8b4ad2bfc25461b41564b5971e721ca34a57642868fc7b0c8ac7b52c5?s=96&d=mm&r=g\",\"url\":\"https:\\\/\\\/secure.gravatar.com\\\/avatar\\\/377c0eb8b4ad2bfc25461b41564b5971e721ca34a57642868fc7b0c8ac7b52c5?s=96&d=mm&r=g\",\"contentUrl\":\"https:\\\/\\\/secure.gravatar.com\\\/avatar\\\/377c0eb8b4ad2bfc25461b41564b5971e721ca34a57642868fc7b0c8ac7b52c5?s=96&d=mm&r=g\",\"caption\":\"Blog da Condessa\"},\"url\":\"https:\\\/\\\/blogdacondessa.com.br\\\/blog\\\/author\\\/beatriz\\\/\"}]}<\/script>\n<!-- \/ Yoast SEO plugin. -->","yoast_head_json":{"title":"Tenista mato-grossense vai disputar uma s\u00e9rie de torneios na Europa &#8902; Blog da Condessa","robots":{"index":"index","follow":"follow","max-snippet":"max-snippet:-1","max-image-preview":"max-image-preview:large","max-video-preview":"max-video-preview:-1"},"canonical":"https:\/\/blogdacondessa.com.br\/blog\/esporte\/tenista-mato-grossense-vai-disputar-uma-serie-de-torneios-na-europa\/","og_locale":"pt_BR","og_type":"article","og_title":"Tenista mato-grossense vai disputar uma s\u00e9rie de torneios na Europa &#8902; Blog da Condessa","og_description":"O governador Otaviano Pivetta recebeu, na quarta-feira (28.4), no Pal\u00e1cio Paiagu\u00e1s, em Cuiab\u00e1, o tenista mato-grossense Leonardo Storck, de 17 anos. O atleta vai disputar uma s\u00e9rie de torneios na Europa, entre eles o juvenil de Roland Garros, com apoio do Governo de Mato Grosso, por meio da Secretaria de Estado de Cultura, Esporte e [&hellip;]","og_url":"https:\/\/blogdacondessa.com.br\/blog\/esporte\/tenista-mato-grossense-vai-disputar-uma-serie-de-torneios-na-europa\/","og_site_name":"Blog da Condessa","article_published_time":"2026-04-30T09:00:51+00:00","og_image":[{"width":1021,"height":680,"url":"https:\/\/blogdacondessa.com.br\/blog\/wp-content\/uploads\/2026\/04\/tenista-certo.jpg","type":"image\/jpeg"}],"author":"Blog da Condessa","twitter_card":"summary_large_image","twitter_misc":{"Escrito por":"Blog da Condessa","Est. tempo de leitura":"2 minutos"},"schema":{"@context":"https:\/\/schema.org","@graph":[{"@type":"Article","@id":"https:\/\/blogdacondessa.com.br\/blog\/esporte\/tenista-mato-grossense-vai-disputar-uma-serie-de-torneios-na-europa\/#article","isPartOf":{"@id":"https:\/\/blogdacondessa.com.br\/blog\/esporte\/tenista-mato-grossense-vai-disputar-uma-serie-de-torneios-na-europa\/"},"author":{"name":"Blog da Condessa","@id":"https:\/\/blogdacondessa.com.br\/blog\/#\/schema\/person\/1d667ff8b785195b568677489d266035"},"headline":"Tenista mato-grossense vai disputar uma s\u00e9rie de torneios na Europa","datePublished":"2026-04-30T09:00:51+00:00","mainEntityOfPage":{"@id":"https:\/\/blogdacondessa.com.br\/blog\/esporte\/tenista-mato-grossense-vai-disputar-uma-serie-de-torneios-na-europa\/"},"wordCount":315,"image":{"@id":"https:\/\/blogdacondessa.com.br\/blog\/esporte\/tenista-mato-grossense-vai-disputar-uma-serie-de-torneios-na-europa\/#primaryimage"},"thumbnailUrl":"https:\/\/blogdacondessa.com.br\/blog\/wp-content\/uploads\/2026\/04\/tenista-certo.jpg","articleSection":["Esporte"],"inLanguage":"pt-BR"},{"@type":"WebPage","@id":"https:\/\/blogdacondessa.com.br\/blog\/esporte\/tenista-mato-grossense-vai-disputar-uma-serie-de-torneios-na-europa\/","url":"https:\/\/blogdacondessa.com.br\/blog\/esporte\/tenista-mato-grossense-vai-disputar-uma-serie-de-torneios-na-europa\/","name":"Tenista mato-grossense vai disputar uma s\u00e9rie de torneios na Europa &#8902; Blog da Condessa","isPartOf":{"@id":"https:\/\/blogdacondessa.com.br\/blog\/#website"},"primaryImageOfPage":{"@id":"https:\/\/blogdacondessa.com.br\/blog\/esporte\/tenista-mato-grossense-vai-disputar-uma-serie-de-torneios-na-europa\/#primaryimage"},"image":{"@id":"https:\/\/blogdacondessa.com.br\/blog\/esporte\/tenista-mato-grossense-vai-disputar-uma-serie-de-torneios-na-europa\/#primaryimage"},"thumbnailUrl":"https:\/\/blogdacondessa.com.br\/blog\/wp-content\/uploads\/2026\/04\/tenista-certo.jpg","datePublished":"2026-04-30T09:00:51+00:00","author":{"@id":"https:\/\/blogdacondessa.com.br\/blog\/#\/schema\/person\/1d667ff8b785195b568677489d266035"},"breadcrumb":{"@id":"https:\/\/blogdacondessa.com.br\/blog\/esporte\/tenista-mato-grossense-vai-disputar-uma-serie-de-torneios-na-europa\/#breadcrumb"},"inLanguage":"pt-BR","potentialAction":[{"@type":"ReadAction","target":["https:\/\/blogdacondessa.com.br\/blog\/esporte\/tenista-mato-grossense-vai-disputar-uma-serie-de-torneios-na-europa\/"]}]},{"@type":"ImageObject","inLanguage":"pt-BR","@id":"https:\/\/blogdacondessa.com.br\/blog\/esporte\/tenista-mato-grossense-vai-disputar-uma-serie-de-torneios-na-europa\/#primaryimage","url":"https:\/\/blogdacondessa.com.br\/blog\/wp-content\/uploads\/2026\/04\/tenista-certo.jpg","contentUrl":"https:\/\/blogdacondessa.com.br\/blog\/wp-content\/uploads\/2026\/04\/tenista-certo.jpg","width":1021,"height":680,"caption":"Cr\u00e9dito - Mayke Toscano\/Secom-MT"},{"@type":"BreadcrumbList","@id":"https:\/\/blogdacondessa.com.br\/blog\/esporte\/tenista-mato-grossense-vai-disputar-uma-serie-de-torneios-na-europa\/#breadcrumb","itemListElement":[{"@type":"ListItem","position":1,"name":"In\u00edcio","item":"https:\/\/blogdacondessa.com.br\/blog\/"},{"@type":"ListItem","position":2,"name":"Tenista mato-grossense vai disputar uma s\u00e9rie de torneios na Europa"}]},{"@type":"WebSite","@id":"https:\/\/blogdacondessa.com.br\/blog\/#website","url":"https:\/\/blogdacondessa.com.br\/blog\/","name":"Blog da Condessa","description":"Com Shirley de Souza O\u2019Campos","potentialAction":[{"@type":"SearchAction","target":{"@type":"EntryPoint","urlTemplate":"https:\/\/blogdacondessa.com.br\/blog\/?s={search_term_string}"},"query-input":{"@type":"PropertyValueSpecification","valueRequired":true,"valueName":"search_term_string"}}],"inLanguage":"pt-BR"},{"@type":"Person","@id":"https:\/\/blogdacondessa.com.br\/blog\/#\/schema\/person\/1d667ff8b785195b568677489d266035","name":"Blog da Condessa","image":{"@type":"ImageObject","inLanguage":"pt-BR","@id":"https:\/\/secure.gravatar.com\/avatar\/377c0eb8b4ad2bfc25461b41564b5971e721ca34a57642868fc7b0c8ac7b52c5?s=96&d=mm&r=g","url":"https:\/\/secure.gravatar.com\/avatar\/377c0eb8b4ad2bfc25461b41564b5971e721ca34a57642868fc7b0c8ac7b52c5?s=96&d=mm&r=g","contentUrl":"https:\/\/secure.gravatar.com\/avatar\/377c0eb8b4ad2bfc25461b41564b5971e721ca34a57642868fc7b0c8ac7b52c5?s=96&d=mm&r=g","caption":"Blog da Condessa"},"url":"https:\/\/blogdacondessa.com.br\/blog\/author\/beatriz\/"}]}},"_links":{"self":[{"href":"https:\/\/blogdacondessa.com.br\/blog\/wp-json\/wp\/v2\/posts\/14030","targetHints":{"allow":["GET"]}}],"collection":[{"href":"https:\/\/blogdacondessa.com.br\/blog\/wp-json\/wp\/v2\/posts"}],"about":[{"href":"https:\/\/blogdacondessa.com.br\/blog\/wp-json\/wp\/v2\/types\/post"}],"author":[{"embeddable":true,"href":"https:\/\/blogdacondessa.com.br\/blog\/wp-json\/wp\/v2\/users\/2"}],"replies":[{"embeddable":true,"href":"https:\/\/blogdacondessa.com.br\/blog\/wp-json\/wp\/v2\/comments?post=14030"}],"version-history":[{"count":1,"href":"https:\/\/blogdacondessa.com.br\/blog\/wp-json\/wp\/v2\/posts\/14030\/revisions"}],"predecessor-version":[{"id":14032,"href":"https:\/\/blogdacondessa.com.br\/blog\/wp-json\/wp\/v2\/posts\/14030\/revisions\/14032"}],"wp:featuredmedia":[{"embeddable":true,"href":"https:\/\/blogdacondessa.com.br\/blog\/wp-json\/wp\/v2\/media\/14031"}],"wp:attachment":[{"href":"https:\/\/blogdacondessa.com.br\/blog\/wp-json\/wp\/v2\/media?parent=14030"}],"wp:term":[{"taxonomy":"category","embeddable":true,"href":"https:\/\/blogdacondessa.com.br\/blog\/wp-json\/wp\/v2\/categories?post=14030"},{"taxonomy":"post_tag","embeddable":true,"href":"https:\/\/blogdacondessa.com.br\/blog\/wp-json\/wp\/v2\/tags?post=14030"}],"curies":[{"name":"wp","href":"https:\/\/api.w.org\/{rel}","templated":true}]}}