{"id":14023,"date":"2026-04-28T05:00:38","date_gmt":"2026-04-28T09:00:38","guid":{"rendered":"https:\/\/blogdacondessa.com.br\/blog\/?p=14023"},"modified":"2026-04-27T21:03:40","modified_gmt":"2026-04-28T01:03:40","slug":"prefeitura-de-cuiaba-reforca-prevencao-contra-a-raiva-e-leishmaniose-canina","status":"publish","type":"post","link":"https:\/\/blogdacondessa.com.br\/blog\/cidades\/prefeitura-de-cuiaba-reforca-prevencao-contra-a-raiva-e-leishmaniose-canina\/","title":{"rendered":"Prefeitura de Cuiab\u00e1 refor\u00e7a preven\u00e7\u00e3o contra a raiva e leishmaniose canina"},"content":{"rendered":"<p>A Prefeitura de Cuiab\u00e1, por meio da Secretaria Municipal de Sa\u00fade (SMS) e da Unidade de Vigil\u00e2ncia em Zoonoses (UVZ), divulgou o boletim epidemiol\u00f3gico atualizado at\u00e9 mar\u00e7o de 2026, apontando um cen\u00e1rio de alerta para o avan\u00e7o da Leishmaniose Visceral Canina na capital, al\u00e9m de refor\u00e7ar as a\u00e7\u00f5es de preven\u00e7\u00e3o e controle da Raiva.<\/p>\n<p>Entre as semanas epidemiol\u00f3gicas 1 e 11 de 2026, Cuiab\u00e1 registrou 118 casos confirmados de leishmaniose visceral canina. O n\u00famero representa um aumento de 78,3% na m\u00e9dia semanal em compara\u00e7\u00e3o com o mesmo per\u00edodo de 2025, saltando de 6,0 para 10,7 casos por semana.<\/p>\n<p>Os diagn\u00f3sticos positivos por meio do teste confirmat\u00f3rio ELISA tamb\u00e9m apresentaram crescimento de 51,3%, refor\u00e7ando a preocupa\u00e7\u00e3o das autoridades sanit\u00e1rias com a dissemina\u00e7\u00e3o da doen\u00e7a.<\/p>\n<p>Em humanos, j\u00e1 foram notificados dois casos de leishmaniose visceral neste ano, sendo um confirmado em morador da capital e outro ainda em investiga\u00e7\u00e3o.<\/p>\n<p>A SMS alerta que a doen\u00e7a \u00e9 transmitida pela picada do mosquito-palha e destaca que a principal forma de preven\u00e7\u00e3o \u00e9 manter quintais limpos, evitando o ac\u00famulo de lixo e mat\u00e9ria org\u00e2nica, que favorecem a prolifera\u00e7\u00e3o do vetor.<\/p>\n<p>A UVZ disponibiliza testagem gratuita para todos os c\u00e3es da cidade. Os tutores devem ficar atentos a sintomas como les\u00f5es na pele, queda de pelos, emagrecimento e crescimento anormal das unhas.<\/p>\n<p><strong>Vacina\u00e7\u00e3o e vigil\u00e2ncia contra a raiva<\/strong><\/p>\n<p>No enfrentamento \u00e0 raiva, foram aplicadas 828 doses da vacina antirr\u00e1bica em c\u00e3es e gatos at\u00e9 mar\u00e7o deste ano. A recomenda\u00e7\u00e3o \u00e9 que a imuniza\u00e7\u00e3o seja feita anualmente em animais saud\u00e1veis a partir dos tr\u00eas meses de idade.<\/p>\n<p>O boletim tamb\u00e9m aponta que 436 pessoas receberam atendimento antirr\u00e1bico nas unidades de sa\u00fade de Cuiab\u00e1. Desses casos, 66 foram considerados graves, exigindo tratamento completo com soro e vacina.<\/p>\n<p>A raiva \u00e9 uma doen\u00e7a viral letal, sem cura, o que torna fundamental a busca imediata por atendimento m\u00e9dico em situa\u00e7\u00f5es de mordidas, arranh\u00f5es ou contato com animais suspeitos.<\/p>\n<p>Al\u00e9m disso, foram realizadas 37 investiga\u00e7\u00f5es em animais com suspeita da doen\u00e7a, incluindo morcegos, c\u00e3es, gatos e animais silvestres, sem registro em animais de produ\u00e7\u00e3o.<\/p>\n<p><strong>Onde vacinar e como agir<\/strong><\/p>\n<p>A popula\u00e7\u00e3o pode procurar os seguintes pontos para vacina\u00e7\u00e3o e orienta\u00e7\u00f5es:<\/p>\n<p>&#8211; Unidade de Vigil\u00e2ncia em Zoonoses (UVZ): atendimento de segunda a sexta-feira, das 8h \u00e0s 17h<\/p>\n<p>&#8211; Hospital Veterin\u00e1rio da UFMT (Hovet): atendimento mediante agendamento<\/p>\n<p>&#8211; Hospital Veterin\u00e1rio da Unic: atendimento mediante agendamento<\/p>\n<p>A orienta\u00e7\u00e3o das autoridades \u00e9 evitar qualquer contato com animais doentes ou mortos. Nesses casos, a UVZ deve ser acionada imediatamente.<\/p>\n<p>A Secretaria Municipal de Sa\u00fade tamb\u00e9m refor\u00e7a que maus-tratos ou a elimina\u00e7\u00e3o de animais s\u00e3o crimes, e que a preven\u00e7\u00e3o, aliada \u00e0 informa\u00e7\u00e3o, \u00e9 a principal estrat\u00e9gia para proteger a sa\u00fade da popula\u00e7\u00e3o e dos animais.<\/p>\n","protected":false},"excerpt":{"rendered":"<p>A Prefeitura de Cuiab\u00e1, por meio da Secretaria Municipal de Sa\u00fade (SMS) e da Unidade de Vigil\u00e2ncia em Zoonoses (UVZ), divulgou o boletim epidemiol\u00f3gico atualizado at\u00e9 mar\u00e7o de 2026, apontando um cen\u00e1rio de alerta para o avan\u00e7o da Leishmaniose Visceral Canina na capital, al\u00e9m de refor\u00e7ar as a\u00e7\u00f5es de preven\u00e7\u00e3o e controle da Raiva. Entre [&hellip;]<\/p>\n","protected":false},"author":2,"featured_media":14024,"comment_status":"closed","ping_status":"closed","sticky":false,"template":"","format":"standard","meta":{"iawp_total_views":1,"footnotes":""},"categories":[12],"tags":[],"class_list":["post-14023","post","type-post","status-publish","format-standard","has-post-thumbnail","hentry","category-cidades"],"yoast_head":"<!-- This site is optimized with the Yoast SEO plugin v27.3 - https:\/\/yoast.com\/product\/yoast-seo-wordpress\/ -->\n<title>Prefeitura de Cuiab\u00e1 refor\u00e7a preven\u00e7\u00e3o contra a raiva e leishmaniose canina &#8902; Blog da Condessa<\/title>\n<meta name=\"robots\" content=\"index, follow, max-snippet:-1, max-image-preview:large, max-video-preview:-1\" \/>\n<link rel=\"canonical\" href=\"https:\/\/blogdacondessa.com.br\/blog\/cidades\/prefeitura-de-cuiaba-reforca-prevencao-contra-a-raiva-e-leishmaniose-canina\/\" \/>\n<meta property=\"og:locale\" content=\"pt_BR\" \/>\n<meta property=\"og:type\" content=\"article\" \/>\n<meta property=\"og:title\" content=\"Prefeitura de Cuiab\u00e1 refor\u00e7a preven\u00e7\u00e3o contra a raiva e leishmaniose canina &#8902; Blog da Condessa\" \/>\n<meta property=\"og:description\" content=\"A Prefeitura de Cuiab\u00e1, por meio da Secretaria Municipal de Sa\u00fade (SMS) e da Unidade de Vigil\u00e2ncia em Zoonoses (UVZ), divulgou o boletim epidemiol\u00f3gico atualizado at\u00e9 mar\u00e7o de 2026, apontando um cen\u00e1rio de alerta para o avan\u00e7o da Leishmaniose Visceral Canina na capital, al\u00e9m de refor\u00e7ar as a\u00e7\u00f5es de preven\u00e7\u00e3o e controle da Raiva. Entre [&hellip;]\" \/>\n<meta property=\"og:url\" content=\"https:\/\/blogdacondessa.com.br\/blog\/cidades\/prefeitura-de-cuiaba-reforca-prevencao-contra-a-raiva-e-leishmaniose-canina\/\" \/>\n<meta property=\"og:site_name\" content=\"Blog da Condessa\" \/>\n<meta property=\"article:published_time\" content=\"2026-04-28T09:00:38+00:00\" \/>\n<meta property=\"og:image\" content=\"https:\/\/blogdacondessa.com.br\/blog\/wp-content\/uploads\/2026\/04\/CAES.jpeg\" \/>\n\t<meta property=\"og:image:width\" content=\"1280\" \/>\n\t<meta property=\"og:image:height\" content=\"960\" \/>\n\t<meta property=\"og:image:type\" content=\"image\/jpeg\" \/>\n<meta name=\"author\" content=\"Blog da Condessa\" \/>\n<meta name=\"twitter:card\" content=\"summary_large_image\" \/>\n<meta name=\"twitter:label1\" content=\"Escrito por\" \/>\n\t<meta name=\"twitter:data1\" content=\"Blog da Condessa\" \/>\n\t<meta name=\"twitter:label2\" content=\"Est. tempo de leitura\" \/>\n\t<meta name=\"twitter:data2\" content=\"3 minutos\" \/>\n<script type=\"application\/ld+json\" class=\"yoast-schema-graph\">{\"@context\":\"https:\\\/\\\/schema.org\",\"@graph\":[{\"@type\":\"Article\",\"@id\":\"https:\\\/\\\/blogdacondessa.com.br\\\/blog\\\/cidades\\\/prefeitura-de-cuiaba-reforca-prevencao-contra-a-raiva-e-leishmaniose-canina\\\/#article\",\"isPartOf\":{\"@id\":\"https:\\\/\\\/blogdacondessa.com.br\\\/blog\\\/cidades\\\/prefeitura-de-cuiaba-reforca-prevencao-contra-a-raiva-e-leishmaniose-canina\\\/\"},\"author\":{\"name\":\"Blog da Condessa\",\"@id\":\"https:\\\/\\\/blogdacondessa.com.br\\\/blog\\\/#\\\/schema\\\/person\\\/1d667ff8b785195b568677489d266035\"},\"headline\":\"Prefeitura de Cuiab\u00e1 refor\u00e7a preven\u00e7\u00e3o contra a raiva e leishmaniose canina\",\"datePublished\":\"2026-04-28T09:00:38+00:00\",\"mainEntityOfPage\":{\"@id\":\"https:\\\/\\\/blogdacondessa.com.br\\\/blog\\\/cidades\\\/prefeitura-de-cuiaba-reforca-prevencao-contra-a-raiva-e-leishmaniose-canina\\\/\"},\"wordCount\":510,\"image\":{\"@id\":\"https:\\\/\\\/blogdacondessa.com.br\\\/blog\\\/cidades\\\/prefeitura-de-cuiaba-reforca-prevencao-contra-a-raiva-e-leishmaniose-canina\\\/#primaryimage\"},\"thumbnailUrl\":\"https:\\\/\\\/blogdacondessa.com.br\\\/blog\\\/wp-content\\\/uploads\\\/2026\\\/04\\\/CAES.jpeg\",\"articleSection\":[\"Cidades\"],\"inLanguage\":\"pt-BR\"},{\"@type\":\"WebPage\",\"@id\":\"https:\\\/\\\/blogdacondessa.com.br\\\/blog\\\/cidades\\\/prefeitura-de-cuiaba-reforca-prevencao-contra-a-raiva-e-leishmaniose-canina\\\/\",\"url\":\"https:\\\/\\\/blogdacondessa.com.br\\\/blog\\\/cidades\\\/prefeitura-de-cuiaba-reforca-prevencao-contra-a-raiva-e-leishmaniose-canina\\\/\",\"name\":\"Prefeitura de Cuiab\u00e1 refor\u00e7a preven\u00e7\u00e3o contra a raiva e leishmaniose canina &#8902; Blog da Condessa\",\"isPartOf\":{\"@id\":\"https:\\\/\\\/blogdacondessa.com.br\\\/blog\\\/#website\"},\"primaryImageOfPage\":{\"@id\":\"https:\\\/\\\/blogdacondessa.com.br\\\/blog\\\/cidades\\\/prefeitura-de-cuiaba-reforca-prevencao-contra-a-raiva-e-leishmaniose-canina\\\/#primaryimage\"},\"image\":{\"@id\":\"https:\\\/\\\/blogdacondessa.com.br\\\/blog\\\/cidades\\\/prefeitura-de-cuiaba-reforca-prevencao-contra-a-raiva-e-leishmaniose-canina\\\/#primaryimage\"},\"thumbnailUrl\":\"https:\\\/\\\/blogdacondessa.com.br\\\/blog\\\/wp-content\\\/uploads\\\/2026\\\/04\\\/CAES.jpeg\",\"datePublished\":\"2026-04-28T09:00:38+00:00\",\"author\":{\"@id\":\"https:\\\/\\\/blogdacondessa.com.br\\\/blog\\\/#\\\/schema\\\/person\\\/1d667ff8b785195b568677489d266035\"},\"breadcrumb\":{\"@id\":\"https:\\\/\\\/blogdacondessa.com.br\\\/blog\\\/cidades\\\/prefeitura-de-cuiaba-reforca-prevencao-contra-a-raiva-e-leishmaniose-canina\\\/#breadcrumb\"},\"inLanguage\":\"pt-BR\",\"potentialAction\":[{\"@type\":\"ReadAction\",\"target\":[\"https:\\\/\\\/blogdacondessa.com.br\\\/blog\\\/cidades\\\/prefeitura-de-cuiaba-reforca-prevencao-contra-a-raiva-e-leishmaniose-canina\\\/\"]}]},{\"@type\":\"ImageObject\",\"inLanguage\":\"pt-BR\",\"@id\":\"https:\\\/\\\/blogdacondessa.com.br\\\/blog\\\/cidades\\\/prefeitura-de-cuiaba-reforca-prevencao-contra-a-raiva-e-leishmaniose-canina\\\/#primaryimage\",\"url\":\"https:\\\/\\\/blogdacondessa.com.br\\\/blog\\\/wp-content\\\/uploads\\\/2026\\\/04\\\/CAES.jpeg\",\"contentUrl\":\"https:\\\/\\\/blogdacondessa.com.br\\\/blog\\\/wp-content\\\/uploads\\\/2026\\\/04\\\/CAES.jpeg\",\"width\":1280,\"height\":960,\"caption\":\"Foto: SMS\"},{\"@type\":\"BreadcrumbList\",\"@id\":\"https:\\\/\\\/blogdacondessa.com.br\\\/blog\\\/cidades\\\/prefeitura-de-cuiaba-reforca-prevencao-contra-a-raiva-e-leishmaniose-canina\\\/#breadcrumb\",\"itemListElement\":[{\"@type\":\"ListItem\",\"position\":1,\"name\":\"In\u00edcio\",\"item\":\"https:\\\/\\\/blogdacondessa.com.br\\\/blog\\\/\"},{\"@type\":\"ListItem\",\"position\":2,\"name\":\"Prefeitura de Cuiab\u00e1 refor\u00e7a preven\u00e7\u00e3o contra a raiva e leishmaniose canina\"}]},{\"@type\":\"WebSite\",\"@id\":\"https:\\\/\\\/blogdacondessa.com.br\\\/blog\\\/#website\",\"url\":\"https:\\\/\\\/blogdacondessa.com.br\\\/blog\\\/\",\"name\":\"Blog da Condessa\",\"description\":\"Com Shirley de Souza O\u2019Campos\",\"potentialAction\":[{\"@type\":\"SearchAction\",\"target\":{\"@type\":\"EntryPoint\",\"urlTemplate\":\"https:\\\/\\\/blogdacondessa.com.br\\\/blog\\\/?s={search_term_string}\"},\"query-input\":{\"@type\":\"PropertyValueSpecification\",\"valueRequired\":true,\"valueName\":\"search_term_string\"}}],\"inLanguage\":\"pt-BR\"},{\"@type\":\"Person\",\"@id\":\"https:\\\/\\\/blogdacondessa.com.br\\\/blog\\\/#\\\/schema\\\/person\\\/1d667ff8b785195b568677489d266035\",\"name\":\"Blog da Condessa\",\"image\":{\"@type\":\"ImageObject\",\"inLanguage\":\"pt-BR\",\"@id\":\"https:\\\/\\\/secure.gravatar.com\\\/avatar\\\/377c0eb8b4ad2bfc25461b41564b5971e721ca34a57642868fc7b0c8ac7b52c5?s=96&d=mm&r=g\",\"url\":\"https:\\\/\\\/secure.gravatar.com\\\/avatar\\\/377c0eb8b4ad2bfc25461b41564b5971e721ca34a57642868fc7b0c8ac7b52c5?s=96&d=mm&r=g\",\"contentUrl\":\"https:\\\/\\\/secure.gravatar.com\\\/avatar\\\/377c0eb8b4ad2bfc25461b41564b5971e721ca34a57642868fc7b0c8ac7b52c5?s=96&d=mm&r=g\",\"caption\":\"Blog da Condessa\"},\"url\":\"https:\\\/\\\/blogdacondessa.com.br\\\/blog\\\/author\\\/beatriz\\\/\"}]}<\/script>\n<!-- \/ Yoast SEO plugin. -->","yoast_head_json":{"title":"Prefeitura de Cuiab\u00e1 refor\u00e7a preven\u00e7\u00e3o contra a raiva e leishmaniose canina &#8902; Blog da Condessa","robots":{"index":"index","follow":"follow","max-snippet":"max-snippet:-1","max-image-preview":"max-image-preview:large","max-video-preview":"max-video-preview:-1"},"canonical":"https:\/\/blogdacondessa.com.br\/blog\/cidades\/prefeitura-de-cuiaba-reforca-prevencao-contra-a-raiva-e-leishmaniose-canina\/","og_locale":"pt_BR","og_type":"article","og_title":"Prefeitura de Cuiab\u00e1 refor\u00e7a preven\u00e7\u00e3o contra a raiva e leishmaniose canina &#8902; Blog da Condessa","og_description":"A Prefeitura de Cuiab\u00e1, por meio da Secretaria Municipal de Sa\u00fade (SMS) e da Unidade de Vigil\u00e2ncia em Zoonoses (UVZ), divulgou o boletim epidemiol\u00f3gico atualizado at\u00e9 mar\u00e7o de 2026, apontando um cen\u00e1rio de alerta para o avan\u00e7o da Leishmaniose Visceral Canina na capital, al\u00e9m de refor\u00e7ar as a\u00e7\u00f5es de preven\u00e7\u00e3o e controle da Raiva. Entre [&hellip;]","og_url":"https:\/\/blogdacondessa.com.br\/blog\/cidades\/prefeitura-de-cuiaba-reforca-prevencao-contra-a-raiva-e-leishmaniose-canina\/","og_site_name":"Blog da Condessa","article_published_time":"2026-04-28T09:00:38+00:00","og_image":[{"width":1280,"height":960,"url":"https:\/\/blogdacondessa.com.br\/blog\/wp-content\/uploads\/2026\/04\/CAES.jpeg","type":"image\/jpeg"}],"author":"Blog da Condessa","twitter_card":"summary_large_image","twitter_misc":{"Escrito por":"Blog da Condessa","Est. tempo de leitura":"3 minutos"},"schema":{"@context":"https:\/\/schema.org","@graph":[{"@type":"Article","@id":"https:\/\/blogdacondessa.com.br\/blog\/cidades\/prefeitura-de-cuiaba-reforca-prevencao-contra-a-raiva-e-leishmaniose-canina\/#article","isPartOf":{"@id":"https:\/\/blogdacondessa.com.br\/blog\/cidades\/prefeitura-de-cuiaba-reforca-prevencao-contra-a-raiva-e-leishmaniose-canina\/"},"author":{"name":"Blog da Condessa","@id":"https:\/\/blogdacondessa.com.br\/blog\/#\/schema\/person\/1d667ff8b785195b568677489d266035"},"headline":"Prefeitura de Cuiab\u00e1 refor\u00e7a preven\u00e7\u00e3o contra a raiva e leishmaniose canina","datePublished":"2026-04-28T09:00:38+00:00","mainEntityOfPage":{"@id":"https:\/\/blogdacondessa.com.br\/blog\/cidades\/prefeitura-de-cuiaba-reforca-prevencao-contra-a-raiva-e-leishmaniose-canina\/"},"wordCount":510,"image":{"@id":"https:\/\/blogdacondessa.com.br\/blog\/cidades\/prefeitura-de-cuiaba-reforca-prevencao-contra-a-raiva-e-leishmaniose-canina\/#primaryimage"},"thumbnailUrl":"https:\/\/blogdacondessa.com.br\/blog\/wp-content\/uploads\/2026\/04\/CAES.jpeg","articleSection":["Cidades"],"inLanguage":"pt-BR"},{"@type":"WebPage","@id":"https:\/\/blogdacondessa.com.br\/blog\/cidades\/prefeitura-de-cuiaba-reforca-prevencao-contra-a-raiva-e-leishmaniose-canina\/","url":"https:\/\/blogdacondessa.com.br\/blog\/cidades\/prefeitura-de-cuiaba-reforca-prevencao-contra-a-raiva-e-leishmaniose-canina\/","name":"Prefeitura de Cuiab\u00e1 refor\u00e7a preven\u00e7\u00e3o contra a raiva e leishmaniose canina &#8902; Blog da Condessa","isPartOf":{"@id":"https:\/\/blogdacondessa.com.br\/blog\/#website"},"primaryImageOfPage":{"@id":"https:\/\/blogdacondessa.com.br\/blog\/cidades\/prefeitura-de-cuiaba-reforca-prevencao-contra-a-raiva-e-leishmaniose-canina\/#primaryimage"},"image":{"@id":"https:\/\/blogdacondessa.com.br\/blog\/cidades\/prefeitura-de-cuiaba-reforca-prevencao-contra-a-raiva-e-leishmaniose-canina\/#primaryimage"},"thumbnailUrl":"https:\/\/blogdacondessa.com.br\/blog\/wp-content\/uploads\/2026\/04\/CAES.jpeg","datePublished":"2026-04-28T09:00:38+00:00","author":{"@id":"https:\/\/blogdacondessa.com.br\/blog\/#\/schema\/person\/1d667ff8b785195b568677489d266035"},"breadcrumb":{"@id":"https:\/\/blogdacondessa.com.br\/blog\/cidades\/prefeitura-de-cuiaba-reforca-prevencao-contra-a-raiva-e-leishmaniose-canina\/#breadcrumb"},"inLanguage":"pt-BR","potentialAction":[{"@type":"ReadAction","target":["https:\/\/blogdacondessa.com.br\/blog\/cidades\/prefeitura-de-cuiaba-reforca-prevencao-contra-a-raiva-e-leishmaniose-canina\/"]}]},{"@type":"ImageObject","inLanguage":"pt-BR","@id":"https:\/\/blogdacondessa.com.br\/blog\/cidades\/prefeitura-de-cuiaba-reforca-prevencao-contra-a-raiva-e-leishmaniose-canina\/#primaryimage","url":"https:\/\/blogdacondessa.com.br\/blog\/wp-content\/uploads\/2026\/04\/CAES.jpeg","contentUrl":"https:\/\/blogdacondessa.com.br\/blog\/wp-content\/uploads\/2026\/04\/CAES.jpeg","width":1280,"height":960,"caption":"Foto: SMS"},{"@type":"BreadcrumbList","@id":"https:\/\/blogdacondessa.com.br\/blog\/cidades\/prefeitura-de-cuiaba-reforca-prevencao-contra-a-raiva-e-leishmaniose-canina\/#breadcrumb","itemListElement":[{"@type":"ListItem","position":1,"name":"In\u00edcio","item":"https:\/\/blogdacondessa.com.br\/blog\/"},{"@type":"ListItem","position":2,"name":"Prefeitura de Cuiab\u00e1 refor\u00e7a preven\u00e7\u00e3o contra a raiva e leishmaniose canina"}]},{"@type":"WebSite","@id":"https:\/\/blogdacondessa.com.br\/blog\/#website","url":"https:\/\/blogdacondessa.com.br\/blog\/","name":"Blog da Condessa","description":"Com Shirley de Souza O\u2019Campos","potentialAction":[{"@type":"SearchAction","target":{"@type":"EntryPoint","urlTemplate":"https:\/\/blogdacondessa.com.br\/blog\/?s={search_term_string}"},"query-input":{"@type":"PropertyValueSpecification","valueRequired":true,"valueName":"search_term_string"}}],"inLanguage":"pt-BR"},{"@type":"Person","@id":"https:\/\/blogdacondessa.com.br\/blog\/#\/schema\/person\/1d667ff8b785195b568677489d266035","name":"Blog da Condessa","image":{"@type":"ImageObject","inLanguage":"pt-BR","@id":"https:\/\/secure.gravatar.com\/avatar\/377c0eb8b4ad2bfc25461b41564b5971e721ca34a57642868fc7b0c8ac7b52c5?s=96&d=mm&r=g","url":"https:\/\/secure.gravatar.com\/avatar\/377c0eb8b4ad2bfc25461b41564b5971e721ca34a57642868fc7b0c8ac7b52c5?s=96&d=mm&r=g","contentUrl":"https:\/\/secure.gravatar.com\/avatar\/377c0eb8b4ad2bfc25461b41564b5971e721ca34a57642868fc7b0c8ac7b52c5?s=96&d=mm&r=g","caption":"Blog da Condessa"},"url":"https:\/\/blogdacondessa.com.br\/blog\/author\/beatriz\/"}]}},"_links":{"self":[{"href":"https:\/\/blogdacondessa.com.br\/blog\/wp-json\/wp\/v2\/posts\/14023","targetHints":{"allow":["GET"]}}],"collection":[{"href":"https:\/\/blogdacondessa.com.br\/blog\/wp-json\/wp\/v2\/posts"}],"about":[{"href":"https:\/\/blogdacondessa.com.br\/blog\/wp-json\/wp\/v2\/types\/post"}],"author":[{"embeddable":true,"href":"https:\/\/blogdacondessa.com.br\/blog\/wp-json\/wp\/v2\/users\/2"}],"replies":[{"embeddable":true,"href":"https:\/\/blogdacondessa.com.br\/blog\/wp-json\/wp\/v2\/comments?post=14023"}],"version-history":[{"count":1,"href":"https:\/\/blogdacondessa.com.br\/blog\/wp-json\/wp\/v2\/posts\/14023\/revisions"}],"predecessor-version":[{"id":14025,"href":"https:\/\/blogdacondessa.com.br\/blog\/wp-json\/wp\/v2\/posts\/14023\/revisions\/14025"}],"wp:featuredmedia":[{"embeddable":true,"href":"https:\/\/blogdacondessa.com.br\/blog\/wp-json\/wp\/v2\/media\/14024"}],"wp:attachment":[{"href":"https:\/\/blogdacondessa.com.br\/blog\/wp-json\/wp\/v2\/media?parent=14023"}],"wp:term":[{"taxonomy":"category","embeddable":true,"href":"https:\/\/blogdacondessa.com.br\/blog\/wp-json\/wp\/v2\/categories?post=14023"},{"taxonomy":"post_tag","embeddable":true,"href":"https:\/\/blogdacondessa.com.br\/blog\/wp-json\/wp\/v2\/tags?post=14023"}],"curies":[{"name":"wp","href":"https:\/\/api.w.org\/{rel}","templated":true}]}}