{"id":14020,"date":"2026-04-28T05:00:34","date_gmt":"2026-04-28T09:00:34","guid":{"rendered":"https:\/\/blogdacondessa.com.br\/blog\/?p=14020"},"modified":"2026-04-27T17:44:55","modified_gmt":"2026-04-27T21:44:55","slug":"floresta-e-as-pedras-pelo-caminho","status":"publish","type":"post","link":"https:\/\/blogdacondessa.com.br\/blog\/cultura\/floresta-e-as-pedras-pelo-caminho\/","title":{"rendered":"\u201cFloresta e as pedras pelo caminho\u201d"},"content":{"rendered":"<p><em>Refer\u00eancia nacional em palha\u00e7aria conduz resid\u00eancia art\u00edstica para espet\u00e1culo sobre culturas populares brasileiras<\/em><\/p>\n<p>A Doutora em artes c\u00eanicas e refer\u00eancia da palha\u00e7aria contempor\u00e2nea no Brasil, Antonia Vilarinho, conduz a resid\u00eancia art\u00edstica de prepara\u00e7\u00e3o e montagem do espet\u00e1culo \u201cFloresta e as pedras pelo caminho\u201d, inspirado nas culturas populares brasileiras, principalmente a de terreiro. A imers\u00e3o teve in\u00edcio na sexta-feira (24.4) e prossegue at\u00e9 a pr\u00f3xima quarta-feira (29), na Galeria Mandala, em Cuiab\u00e1.<\/p>\n<p>Idealizado pela atriz e pesquisadora Ana Carolina de Mello, o projeto foi contemplado pela Secretaria de Estado de Cultura, Esporte e Lazer (Secel-MT) no edital Viver Cultura \u2013 edi\u00e7\u00e3o Pol\u00edtica Nacional Aldir Blanc (Pnab).<\/p>\n<p>\u201cEste projeto \u00e9 resultado da ideia de montar um espet\u00e1culo que valorize a simbologia do nosso territ\u00f3rio, al\u00e9m de viver esse processo como um ritual de inicia\u00e7\u00e3o na palha\u00e7aria de terreiro\u201d, destaca Ana Carolina.<\/p>\n<p>Intitulada \u201cPalha\u00e7aria de Terreiro\u201d, a resid\u00eancia art\u00edstica \u00e9 um processo de imers\u00e3o que oferece tempo, espa\u00e7o e condi\u00e7\u00f5es para que artistas possam pesquisar, criar e desenvolver seus projetos. O foco est\u00e1 no processo criativo e na constru\u00e7\u00e3o coletiva.<\/p>\n<p>O resultado final dessa experi\u00eancia imersiva ser\u00e1 o espet\u00e1culo \u201cFloresta e as pedras pelo caminho\u201d, apresentado nos dias 3, 4 e 5 de julho em pra\u00e7as culturais localizadas nos bairros Pedra 90, Parque Cuiab\u00e1 e Jardim Vit\u00f3ria.<\/p>\n<p>Como parte da programa\u00e7\u00e3o e das a\u00e7\u00f5es formativas do projeto, ser\u00e1 tamb\u00e9m realizada a roda de conversa \u201cCorpos diversos, respeito igual: capacitismo no trabalho cultural\u201d, do dia 30 de abril, a partir das 19h, na Tenda de Umbanda V\u00f3 Joaquina de Angola. Aberto ao p\u00fablico, o encontro dialoga sobre inclus\u00e3o, acessibilidade e os desafios enfrentados por pessoas com defici\u00eancia no campo cultural e ser\u00e1 mediado pelo artista e pesquisador Ray Richard.<\/p>\n<p><strong>Da resid\u00eancia art\u00edstica ao espet\u00e1culo<\/strong><\/p>\n<p>Al\u00e9m de conduzir a resid\u00eancia art\u00edstica, a maranhense Antonia Vilarinho tamb\u00e9m ser\u00e1 a diretora do espet\u00e1culo. Doutora em artes c\u00eanicas e com quatro d\u00e9cadas de carreira, sua atua\u00e7\u00e3o tem ampliado os caminhos da palha\u00e7aria contempor\u00e2nea no Brasil, especialmente ao valorizar est\u00e9ticas e pr\u00e1ticas culturais afro-brasileiras e populares.<\/p>\n<p>\u201cDesde que a conheci, se tornou um desejo ser sua aprendiz. O encontro foi um divisor de \u00e1guas na minha vida, uma pe\u00e7a do quebra-cabe\u00e7a que faltava, um choque na alma\u201d, relembra Ana Carolina sobre o primeiro encontro com a mentora, durante uma oficina de palha\u00e7aria em S\u00e3o Paulo em 2024.<\/p>\n<p>Criadora da abordagem \u201cPalha\u00e7aria de Terreiro\u201d enquanto metodologia, Ant\u00f4nia Vilarinho prop\u00f5e uma perspectiva anticolonial da comicidade, integrando corpo, ancestralidade, musicalidade e saberes tradicionais.<\/p>\n<p>\u201cUma palha\u00e7aria vinculada aos saberes das culturas pretas, especialmente capoeira angola e pr\u00e1ticas afro-religiosas. Um caminho ancestral para processos criativos\u201d, explica a pesquisadora que tamb\u00e9m d\u00e1 vida \u00e0 palha\u00e7a Fronha.<\/p>\n<p>\u00c9 esse caminho ancestral com eventuais desafios que a palha\u00e7a Floresta, criada por Ana Carolina, pretende trilhar durante seu processo criativo para a concep\u00e7\u00e3o do espet\u00e1culo \u201cFloresta e as pedras pelo caminho\u201d, uma obra com est\u00e9tica, corporeidade, cantos e ritmos autorais inspiradas no imagin\u00e1rio da cultura popular brasileira de terreiro.<\/p>\n<p><strong>Do di\u00e1rio de bordo \u00e0 disserta\u00e7\u00e3o de mestrado<\/strong><\/p>\n<p>Se o percurso criativo da palha\u00e7a Floresta vai resultar no espet\u00e1culo, o percurso da artista-pesquisadora vai resultar numa disserta\u00e7\u00e3o. Mestranda do Programa de P\u00f3s-Gradua\u00e7\u00e3o em Estudos de Cultura Contempor\u00e2nea da Universidade Federal de Mato Grosso (PPGECCO-UFMT), Ana Carolina de Mello pretende incluir a experi\u00eancia em seu trabalho acad\u00eamico.<\/p>\n<p>\u201cO processo de montagem ir\u00e1 compor o \u00faltimo cap\u00edtulo da minha disserta\u00e7\u00e3o. A ideia \u00e9 falar sobre a presen\u00e7a da palha\u00e7a na cultura afro-amer\u00edndia e aprofundar na cultura brasileira a partir da investiga\u00e7\u00e3o do corpo colonizado. E tamb\u00e9m destacar a Palha\u00e7aria de Terreiro enquanto metodologia e processo criativo de uma palha\u00e7a brasileira iniciada com a mestra Ant\u00f4nia\u201d, revela.<\/p>\n<p>Como parte da pesquisa, Ana Carolina tem registrado num di\u00e1rio de bordo todo esse processo de inicia\u00e7\u00e3o na palha\u00e7aria. O di\u00e1rio com a experi\u00eancia na resid\u00eancia art\u00edstica at\u00e9 a concep\u00e7\u00e3o e apresenta\u00e7\u00e3o do espet\u00e1culo ser\u00e1 publicada nas redes sociais da atriz e da palha\u00e7a a partir de maio em formato de vlog.<\/p>\n","protected":false},"excerpt":{"rendered":"<p>Refer\u00eancia nacional em palha\u00e7aria conduz resid\u00eancia art\u00edstica para espet\u00e1culo sobre culturas populares brasileiras A Doutora em artes c\u00eanicas e refer\u00eancia da palha\u00e7aria contempor\u00e2nea no Brasil, Antonia Vilarinho, conduz a resid\u00eancia art\u00edstica de prepara\u00e7\u00e3o e montagem do espet\u00e1culo \u201cFloresta e as pedras pelo caminho\u201d, inspirado nas culturas populares brasileiras, principalmente a de terreiro. A imers\u00e3o teve [&hellip;]<\/p>\n","protected":false},"author":2,"featured_media":14021,"comment_status":"closed","ping_status":"closed","sticky":false,"template":"","format":"standard","meta":{"iawp_total_views":0,"footnotes":""},"categories":[18],"tags":[],"class_list":["post-14020","post","type-post","status-publish","format-standard","has-post-thumbnail","hentry","category-cultura"],"yoast_head":"<!-- This site is optimized with the Yoast SEO plugin v27.3 - https:\/\/yoast.com\/product\/yoast-seo-wordpress\/ -->\n<title>\u201cFloresta e as pedras pelo caminho\u201d &#8902; Blog da Condessa<\/title>\n<meta name=\"robots\" content=\"index, follow, max-snippet:-1, max-image-preview:large, max-video-preview:-1\" \/>\n<link rel=\"canonical\" href=\"https:\/\/blogdacondessa.com.br\/blog\/cultura\/floresta-e-as-pedras-pelo-caminho\/\" \/>\n<meta property=\"og:locale\" content=\"pt_BR\" \/>\n<meta property=\"og:type\" content=\"article\" \/>\n<meta property=\"og:title\" content=\"\u201cFloresta e as pedras pelo caminho\u201d &#8902; Blog da Condessa\" \/>\n<meta property=\"og:description\" content=\"Refer\u00eancia nacional em palha\u00e7aria conduz resid\u00eancia art\u00edstica para espet\u00e1culo sobre culturas populares brasileiras A Doutora em artes c\u00eanicas e refer\u00eancia da palha\u00e7aria contempor\u00e2nea no Brasil, Antonia Vilarinho, conduz a resid\u00eancia art\u00edstica de prepara\u00e7\u00e3o e montagem do espet\u00e1culo \u201cFloresta e as pedras pelo caminho\u201d, inspirado nas culturas populares brasileiras, principalmente a de terreiro. A imers\u00e3o teve [&hellip;]\" \/>\n<meta property=\"og:url\" content=\"https:\/\/blogdacondessa.com.br\/blog\/cultura\/floresta-e-as-pedras-pelo-caminho\/\" \/>\n<meta property=\"og:site_name\" content=\"Blog da Condessa\" \/>\n<meta property=\"article:published_time\" content=\"2026-04-28T09:00:34+00:00\" \/>\n<meta property=\"og:image\" content=\"https:\/\/blogdacondessa.com.br\/blog\/wp-content\/uploads\/2026\/04\/Palhacada.jpg\" \/>\n\t<meta property=\"og:image:width\" content=\"1024\" \/>\n\t<meta property=\"og:image:height\" content=\"683\" \/>\n\t<meta property=\"og:image:type\" content=\"image\/jpeg\" \/>\n<meta name=\"author\" content=\"Blog da Condessa\" \/>\n<meta name=\"twitter:card\" content=\"summary_large_image\" \/>\n<meta name=\"twitter:label1\" content=\"Escrito por\" \/>\n\t<meta name=\"twitter:data1\" content=\"Blog da Condessa\" \/>\n\t<meta name=\"twitter:label2\" content=\"Est. tempo de leitura\" \/>\n\t<meta name=\"twitter:data2\" content=\"4 minutos\" \/>\n<script type=\"application\/ld+json\" class=\"yoast-schema-graph\">{\"@context\":\"https:\\\/\\\/schema.org\",\"@graph\":[{\"@type\":\"Article\",\"@id\":\"https:\\\/\\\/blogdacondessa.com.br\\\/blog\\\/cultura\\\/floresta-e-as-pedras-pelo-caminho\\\/#article\",\"isPartOf\":{\"@id\":\"https:\\\/\\\/blogdacondessa.com.br\\\/blog\\\/cultura\\\/floresta-e-as-pedras-pelo-caminho\\\/\"},\"author\":{\"name\":\"Blog da Condessa\",\"@id\":\"https:\\\/\\\/blogdacondessa.com.br\\\/blog\\\/#\\\/schema\\\/person\\\/1d667ff8b785195b568677489d266035\"},\"headline\":\"\u201cFloresta e as pedras pelo caminho\u201d\",\"datePublished\":\"2026-04-28T09:00:34+00:00\",\"mainEntityOfPage\":{\"@id\":\"https:\\\/\\\/blogdacondessa.com.br\\\/blog\\\/cultura\\\/floresta-e-as-pedras-pelo-caminho\\\/\"},\"wordCount\":750,\"image\":{\"@id\":\"https:\\\/\\\/blogdacondessa.com.br\\\/blog\\\/cultura\\\/floresta-e-as-pedras-pelo-caminho\\\/#primaryimage\"},\"thumbnailUrl\":\"https:\\\/\\\/blogdacondessa.com.br\\\/blog\\\/wp-content\\\/uploads\\\/2026\\\/04\\\/Palhacada.jpg\",\"articleSection\":[\"Cultura\"],\"inLanguage\":\"pt-BR\"},{\"@type\":\"WebPage\",\"@id\":\"https:\\\/\\\/blogdacondessa.com.br\\\/blog\\\/cultura\\\/floresta-e-as-pedras-pelo-caminho\\\/\",\"url\":\"https:\\\/\\\/blogdacondessa.com.br\\\/blog\\\/cultura\\\/floresta-e-as-pedras-pelo-caminho\\\/\",\"name\":\"\u201cFloresta e as pedras pelo caminho\u201d &#8902; Blog da Condessa\",\"isPartOf\":{\"@id\":\"https:\\\/\\\/blogdacondessa.com.br\\\/blog\\\/#website\"},\"primaryImageOfPage\":{\"@id\":\"https:\\\/\\\/blogdacondessa.com.br\\\/blog\\\/cultura\\\/floresta-e-as-pedras-pelo-caminho\\\/#primaryimage\"},\"image\":{\"@id\":\"https:\\\/\\\/blogdacondessa.com.br\\\/blog\\\/cultura\\\/floresta-e-as-pedras-pelo-caminho\\\/#primaryimage\"},\"thumbnailUrl\":\"https:\\\/\\\/blogdacondessa.com.br\\\/blog\\\/wp-content\\\/uploads\\\/2026\\\/04\\\/Palhacada.jpg\",\"datePublished\":\"2026-04-28T09:00:34+00:00\",\"author\":{\"@id\":\"https:\\\/\\\/blogdacondessa.com.br\\\/blog\\\/#\\\/schema\\\/person\\\/1d667ff8b785195b568677489d266035\"},\"breadcrumb\":{\"@id\":\"https:\\\/\\\/blogdacondessa.com.br\\\/blog\\\/cultura\\\/floresta-e-as-pedras-pelo-caminho\\\/#breadcrumb\"},\"inLanguage\":\"pt-BR\",\"potentialAction\":[{\"@type\":\"ReadAction\",\"target\":[\"https:\\\/\\\/blogdacondessa.com.br\\\/blog\\\/cultura\\\/floresta-e-as-pedras-pelo-caminho\\\/\"]}]},{\"@type\":\"ImageObject\",\"inLanguage\":\"pt-BR\",\"@id\":\"https:\\\/\\\/blogdacondessa.com.br\\\/blog\\\/cultura\\\/floresta-e-as-pedras-pelo-caminho\\\/#primaryimage\",\"url\":\"https:\\\/\\\/blogdacondessa.com.br\\\/blog\\\/wp-content\\\/uploads\\\/2026\\\/04\\\/Palhacada.jpg\",\"contentUrl\":\"https:\\\/\\\/blogdacondessa.com.br\\\/blog\\\/wp-content\\\/uploads\\\/2026\\\/04\\\/Palhacada.jpg\",\"width\":1024,\"height\":683},{\"@type\":\"BreadcrumbList\",\"@id\":\"https:\\\/\\\/blogdacondessa.com.br\\\/blog\\\/cultura\\\/floresta-e-as-pedras-pelo-caminho\\\/#breadcrumb\",\"itemListElement\":[{\"@type\":\"ListItem\",\"position\":1,\"name\":\"In\u00edcio\",\"item\":\"https:\\\/\\\/blogdacondessa.com.br\\\/blog\\\/\"},{\"@type\":\"ListItem\",\"position\":2,\"name\":\"\u201cFloresta e as pedras pelo caminho\u201d\"}]},{\"@type\":\"WebSite\",\"@id\":\"https:\\\/\\\/blogdacondessa.com.br\\\/blog\\\/#website\",\"url\":\"https:\\\/\\\/blogdacondessa.com.br\\\/blog\\\/\",\"name\":\"Blog da Condessa\",\"description\":\"Com Shirley de Souza O\u2019Campos\",\"potentialAction\":[{\"@type\":\"SearchAction\",\"target\":{\"@type\":\"EntryPoint\",\"urlTemplate\":\"https:\\\/\\\/blogdacondessa.com.br\\\/blog\\\/?s={search_term_string}\"},\"query-input\":{\"@type\":\"PropertyValueSpecification\",\"valueRequired\":true,\"valueName\":\"search_term_string\"}}],\"inLanguage\":\"pt-BR\"},{\"@type\":\"Person\",\"@id\":\"https:\\\/\\\/blogdacondessa.com.br\\\/blog\\\/#\\\/schema\\\/person\\\/1d667ff8b785195b568677489d266035\",\"name\":\"Blog da Condessa\",\"image\":{\"@type\":\"ImageObject\",\"inLanguage\":\"pt-BR\",\"@id\":\"https:\\\/\\\/secure.gravatar.com\\\/avatar\\\/377c0eb8b4ad2bfc25461b41564b5971e721ca34a57642868fc7b0c8ac7b52c5?s=96&d=mm&r=g\",\"url\":\"https:\\\/\\\/secure.gravatar.com\\\/avatar\\\/377c0eb8b4ad2bfc25461b41564b5971e721ca34a57642868fc7b0c8ac7b52c5?s=96&d=mm&r=g\",\"contentUrl\":\"https:\\\/\\\/secure.gravatar.com\\\/avatar\\\/377c0eb8b4ad2bfc25461b41564b5971e721ca34a57642868fc7b0c8ac7b52c5?s=96&d=mm&r=g\",\"caption\":\"Blog da Condessa\"},\"url\":\"https:\\\/\\\/blogdacondessa.com.br\\\/blog\\\/author\\\/beatriz\\\/\"}]}<\/script>\n<!-- \/ Yoast SEO plugin. -->","yoast_head_json":{"title":"\u201cFloresta e as pedras pelo caminho\u201d &#8902; Blog da Condessa","robots":{"index":"index","follow":"follow","max-snippet":"max-snippet:-1","max-image-preview":"max-image-preview:large","max-video-preview":"max-video-preview:-1"},"canonical":"https:\/\/blogdacondessa.com.br\/blog\/cultura\/floresta-e-as-pedras-pelo-caminho\/","og_locale":"pt_BR","og_type":"article","og_title":"\u201cFloresta e as pedras pelo caminho\u201d &#8902; Blog da Condessa","og_description":"Refer\u00eancia nacional em palha\u00e7aria conduz resid\u00eancia art\u00edstica para espet\u00e1culo sobre culturas populares brasileiras A Doutora em artes c\u00eanicas e refer\u00eancia da palha\u00e7aria contempor\u00e2nea no Brasil, Antonia Vilarinho, conduz a resid\u00eancia art\u00edstica de prepara\u00e7\u00e3o e montagem do espet\u00e1culo \u201cFloresta e as pedras pelo caminho\u201d, inspirado nas culturas populares brasileiras, principalmente a de terreiro. A imers\u00e3o teve [&hellip;]","og_url":"https:\/\/blogdacondessa.com.br\/blog\/cultura\/floresta-e-as-pedras-pelo-caminho\/","og_site_name":"Blog da Condessa","article_published_time":"2026-04-28T09:00:34+00:00","og_image":[{"width":1024,"height":683,"url":"https:\/\/blogdacondessa.com.br\/blog\/wp-content\/uploads\/2026\/04\/Palhacada.jpg","type":"image\/jpeg"}],"author":"Blog da Condessa","twitter_card":"summary_large_image","twitter_misc":{"Escrito por":"Blog da Condessa","Est. tempo de leitura":"4 minutos"},"schema":{"@context":"https:\/\/schema.org","@graph":[{"@type":"Article","@id":"https:\/\/blogdacondessa.com.br\/blog\/cultura\/floresta-e-as-pedras-pelo-caminho\/#article","isPartOf":{"@id":"https:\/\/blogdacondessa.com.br\/blog\/cultura\/floresta-e-as-pedras-pelo-caminho\/"},"author":{"name":"Blog da Condessa","@id":"https:\/\/blogdacondessa.com.br\/blog\/#\/schema\/person\/1d667ff8b785195b568677489d266035"},"headline":"\u201cFloresta e as pedras pelo caminho\u201d","datePublished":"2026-04-28T09:00:34+00:00","mainEntityOfPage":{"@id":"https:\/\/blogdacondessa.com.br\/blog\/cultura\/floresta-e-as-pedras-pelo-caminho\/"},"wordCount":750,"image":{"@id":"https:\/\/blogdacondessa.com.br\/blog\/cultura\/floresta-e-as-pedras-pelo-caminho\/#primaryimage"},"thumbnailUrl":"https:\/\/blogdacondessa.com.br\/blog\/wp-content\/uploads\/2026\/04\/Palhacada.jpg","articleSection":["Cultura"],"inLanguage":"pt-BR"},{"@type":"WebPage","@id":"https:\/\/blogdacondessa.com.br\/blog\/cultura\/floresta-e-as-pedras-pelo-caminho\/","url":"https:\/\/blogdacondessa.com.br\/blog\/cultura\/floresta-e-as-pedras-pelo-caminho\/","name":"\u201cFloresta e as pedras pelo caminho\u201d &#8902; Blog da Condessa","isPartOf":{"@id":"https:\/\/blogdacondessa.com.br\/blog\/#website"},"primaryImageOfPage":{"@id":"https:\/\/blogdacondessa.com.br\/blog\/cultura\/floresta-e-as-pedras-pelo-caminho\/#primaryimage"},"image":{"@id":"https:\/\/blogdacondessa.com.br\/blog\/cultura\/floresta-e-as-pedras-pelo-caminho\/#primaryimage"},"thumbnailUrl":"https:\/\/blogdacondessa.com.br\/blog\/wp-content\/uploads\/2026\/04\/Palhacada.jpg","datePublished":"2026-04-28T09:00:34+00:00","author":{"@id":"https:\/\/blogdacondessa.com.br\/blog\/#\/schema\/person\/1d667ff8b785195b568677489d266035"},"breadcrumb":{"@id":"https:\/\/blogdacondessa.com.br\/blog\/cultura\/floresta-e-as-pedras-pelo-caminho\/#breadcrumb"},"inLanguage":"pt-BR","potentialAction":[{"@type":"ReadAction","target":["https:\/\/blogdacondessa.com.br\/blog\/cultura\/floresta-e-as-pedras-pelo-caminho\/"]}]},{"@type":"ImageObject","inLanguage":"pt-BR","@id":"https:\/\/blogdacondessa.com.br\/blog\/cultura\/floresta-e-as-pedras-pelo-caminho\/#primaryimage","url":"https:\/\/blogdacondessa.com.br\/blog\/wp-content\/uploads\/2026\/04\/Palhacada.jpg","contentUrl":"https:\/\/blogdacondessa.com.br\/blog\/wp-content\/uploads\/2026\/04\/Palhacada.jpg","width":1024,"height":683},{"@type":"BreadcrumbList","@id":"https:\/\/blogdacondessa.com.br\/blog\/cultura\/floresta-e-as-pedras-pelo-caminho\/#breadcrumb","itemListElement":[{"@type":"ListItem","position":1,"name":"In\u00edcio","item":"https:\/\/blogdacondessa.com.br\/blog\/"},{"@type":"ListItem","position":2,"name":"\u201cFloresta e as pedras pelo caminho\u201d"}]},{"@type":"WebSite","@id":"https:\/\/blogdacondessa.com.br\/blog\/#website","url":"https:\/\/blogdacondessa.com.br\/blog\/","name":"Blog da Condessa","description":"Com Shirley de Souza O\u2019Campos","potentialAction":[{"@type":"SearchAction","target":{"@type":"EntryPoint","urlTemplate":"https:\/\/blogdacondessa.com.br\/blog\/?s={search_term_string}"},"query-input":{"@type":"PropertyValueSpecification","valueRequired":true,"valueName":"search_term_string"}}],"inLanguage":"pt-BR"},{"@type":"Person","@id":"https:\/\/blogdacondessa.com.br\/blog\/#\/schema\/person\/1d667ff8b785195b568677489d266035","name":"Blog da Condessa","image":{"@type":"ImageObject","inLanguage":"pt-BR","@id":"https:\/\/secure.gravatar.com\/avatar\/377c0eb8b4ad2bfc25461b41564b5971e721ca34a57642868fc7b0c8ac7b52c5?s=96&d=mm&r=g","url":"https:\/\/secure.gravatar.com\/avatar\/377c0eb8b4ad2bfc25461b41564b5971e721ca34a57642868fc7b0c8ac7b52c5?s=96&d=mm&r=g","contentUrl":"https:\/\/secure.gravatar.com\/avatar\/377c0eb8b4ad2bfc25461b41564b5971e721ca34a57642868fc7b0c8ac7b52c5?s=96&d=mm&r=g","caption":"Blog da Condessa"},"url":"https:\/\/blogdacondessa.com.br\/blog\/author\/beatriz\/"}]}},"_links":{"self":[{"href":"https:\/\/blogdacondessa.com.br\/blog\/wp-json\/wp\/v2\/posts\/14020","targetHints":{"allow":["GET"]}}],"collection":[{"href":"https:\/\/blogdacondessa.com.br\/blog\/wp-json\/wp\/v2\/posts"}],"about":[{"href":"https:\/\/blogdacondessa.com.br\/blog\/wp-json\/wp\/v2\/types\/post"}],"author":[{"embeddable":true,"href":"https:\/\/blogdacondessa.com.br\/blog\/wp-json\/wp\/v2\/users\/2"}],"replies":[{"embeddable":true,"href":"https:\/\/blogdacondessa.com.br\/blog\/wp-json\/wp\/v2\/comments?post=14020"}],"version-history":[{"count":1,"href":"https:\/\/blogdacondessa.com.br\/blog\/wp-json\/wp\/v2\/posts\/14020\/revisions"}],"predecessor-version":[{"id":14022,"href":"https:\/\/blogdacondessa.com.br\/blog\/wp-json\/wp\/v2\/posts\/14020\/revisions\/14022"}],"wp:featuredmedia":[{"embeddable":true,"href":"https:\/\/blogdacondessa.com.br\/blog\/wp-json\/wp\/v2\/media\/14021"}],"wp:attachment":[{"href":"https:\/\/blogdacondessa.com.br\/blog\/wp-json\/wp\/v2\/media?parent=14020"}],"wp:term":[{"taxonomy":"category","embeddable":true,"href":"https:\/\/blogdacondessa.com.br\/blog\/wp-json\/wp\/v2\/categories?post=14020"},{"taxonomy":"post_tag","embeddable":true,"href":"https:\/\/blogdacondessa.com.br\/blog\/wp-json\/wp\/v2\/tags?post=14020"}],"curies":[{"name":"wp","href":"https:\/\/api.w.org\/{rel}","templated":true}]}}