{"id":14013,"date":"2026-04-27T05:00:17","date_gmt":"2026-04-27T09:00:17","guid":{"rendered":"https:\/\/blogdacondessa.com.br\/blog\/?p=14013"},"modified":"2026-04-26T18:42:19","modified_gmt":"2026-04-26T22:42:19","slug":"queremos-integrar-floresta-industria-e-energia-em-mato-grosso","status":"publish","type":"post","link":"https:\/\/blogdacondessa.com.br\/blog\/meio-ambiente\/queremos-integrar-floresta-industria-e-energia-em-mato-grosso\/","title":{"rendered":"\u201cQueremos integrar floresta, ind\u00fastria e energia em Mato Grosso\u201d"},"content":{"rendered":"<p>O avan\u00e7o da agroind\u00fastria em Mato Grosso, aliado ao aumento da demanda por energia, tem colocado o setor florestal no centro das estrat\u00e9gias de desenvolvimento econ\u00f4mico do estado. Nesse contexto, durante a Norte Show 2026, em Sinop, o engenheiro florestal Filipe Mincache Ueoka, que integra o corpo t\u00e9cnico da Secretaria de Desenvolvimento Econ\u00f4mico (Sedec-MT), ministrou a palestra \u201cDesenvolvimento florestal no agro mato-grossense: energia, renda e integra\u00e7\u00e3o produtiva\u201d, na qual apresentou um panorama do setor e os principais desafios para sua consolida\u00e7\u00e3o no estado.<\/p>\n<p>\u201cHoje, o grande desafio est\u00e1 na organiza\u00e7\u00e3o do setor para dar conta dessa demanda crescente. Queremos integrar floresta, ind\u00fastria e energia em Mato Grosso\u201d, disse.<\/p>\n<p>O crescimento acelerado da produ\u00e7\u00e3o de etanol de milho tem ampliado de forma significativa a necessidade de biomassa. Entre 2021 e 2024, o consumo desse insumo aumentou 114% em Mato Grosso, impulsionado pela instala\u00e7\u00e3o de usinas no estado a partir de 2017. Atualmente, j\u00e1 s\u00e3o cerca de 13 unidades exclusivas de etanol de milho em opera\u00e7\u00e3o, al\u00e9m de outras em fase de implanta\u00e7\u00e3o, o que refor\u00e7a a press\u00e3o sobre a cadeia produtiva florestal.<\/p>\n<p>Mato Grosso possui aproximadamente 298 mil hectares de florestas plantadas, sendo cerca de 210 mil hectares de eucalipto e entre 70 mil hectares de teca. Em 2024, o setor movimentou cerca de R$ 593 milh\u00f5es, com forte participa\u00e7\u00e3o da biomassa, destino de aproximadamente 80% da produ\u00e7\u00e3o de eucalipto. J\u00e1 a teca tem maior valor agregado e \u00e9 voltada, principalmente, ao mercado externo.<\/p>\n<p>No segmento de floresta nativa, o estado conta com cerca de 5,3 milh\u00f5es de hectares sob manejo em \u00e1reas privadas, com produ\u00e7\u00e3o voltada \u00e0 ind\u00fastria e \u00e0 constru\u00e7\u00e3o civil. No mercado internacional, Mato Grosso exportou aproximadamente R$ 113 milh\u00f5es, com destaque para a teca.<\/p>\n<p>De acordo com o engenheiro, a integra\u00e7\u00e3o entre o setor florestal e a agroind\u00fastria \u00e9 fundamental para garantir sustentabilidade e seguran\u00e7a energ\u00e9tica. \u201cO nosso objetivo no estado n\u00e3o \u00e9 competir com o agroneg\u00f3cio, mas se integrar a ele, aproveitando as oportunidades que existem dentro da pr\u00f3pria din\u00e2mica produtiva\u201d, destacou.<\/p>\n<p>Entre essas oportunidades, est\u00e3o as \u00e1reas de pastagens degradadas. Mato Grosso possui cerca de 12 milh\u00f5es de hectares de pastagens, sendo que aproximadamente metade apresenta algum n\u00edvel de degrada\u00e7\u00e3o. Parte dessas \u00e1reas, especialmente as menos aptas \u00e0 agricultura, pode ser destinada ao cultivo florestal, ampliando a oferta de biomassa no m\u00e9dio e longo prazo.<\/p>\n<p><strong>Plano de Desenvolvimento Florestal e Biomassa<\/strong><\/p>\n<p>Nesse contexto, o Plano de Desenvolvimento Florestal e Biomassa de Mato Grosso, lan\u00e7ado em 30 de mar\u00e7o de 2026, surge como instrumento estrat\u00e9gico para orientar o crescimento do setor at\u00e9 2040.<\/p>\n<p>A secret\u00e1ria adjunta de Agroneg\u00f3cio, Cr\u00e9dito e Energia da Sedec, Linacis Vogel Lisboa, destacou o car\u00e1ter estrat\u00e9gico da iniciativa e o processo de constru\u00e7\u00e3o.<\/p>\n<p>\u201cEsse plano vem sendo constru\u00eddo desde 2024 e nasce com um objetivo estrat\u00e9gico, de longo prazo, para orientar o desenvolvimento do estado. A proposta \u00e9 pensar a economia de Mato Grosso de forma mais ampla, integrada e sustent\u00e1vel, conectando diferentes setores e criando bases s\u00f3lidas para o crescimento nos pr\u00f3ximos anos\u201d, afirmou.<\/p>\n<p>Ueoka tamb\u00e9m explicou como o plano foi constru\u00eddo ao longo dos \u00faltimos anos. \u201cFoi elaborado a partir de um diagn\u00f3stico t\u00e9cnico e com participa\u00e7\u00e3o de diferentes institui\u00e7\u00f5es. Ele estabelece diretrizes para organizar e estruturar a cadeia produtiva florestal no estado\u201d.<\/p>\n<p>O documento est\u00e1 estruturado em tr\u00eas pilares: a expans\u00e3o das florestas plantadas, com foco no aproveitamento de \u00e1reas degradadas; o fortalecimento do manejo florestal sustent\u00e1vel, que alia conserva\u00e7\u00e3o e uso econ\u00f4mico; e a industrializa\u00e7\u00e3o, com agrega\u00e7\u00e3o de valor \u00e0 produ\u00e7\u00e3o.<\/p>\n","protected":false},"excerpt":{"rendered":"<p>O avan\u00e7o da agroind\u00fastria em Mato Grosso, aliado ao aumento da demanda por energia, tem colocado o setor florestal no centro das estrat\u00e9gias de desenvolvimento econ\u00f4mico do estado. Nesse contexto, durante a Norte Show 2026, em Sinop, o engenheiro florestal Filipe Mincache Ueoka, que integra o corpo t\u00e9cnico da Secretaria de Desenvolvimento Econ\u00f4mico (Sedec-MT), ministrou [&hellip;]<\/p>\n","protected":false},"author":2,"featured_media":14014,"comment_status":"closed","ping_status":"closed","sticky":false,"template":"","format":"standard","meta":{"iawp_total_views":2,"footnotes":""},"categories":[8],"tags":[],"class_list":["post-14013","post","type-post","status-publish","format-standard","has-post-thumbnail","hentry","category-meio-ambiente"],"yoast_head":"<!-- This site is optimized with the Yoast SEO plugin v27.3 - https:\/\/yoast.com\/product\/yoast-seo-wordpress\/ -->\n<title>\u201cQueremos integrar floresta, ind\u00fastria e energia em Mato Grosso\u201d &#8902; Blog da Condessa<\/title>\n<meta name=\"robots\" content=\"index, follow, max-snippet:-1, max-image-preview:large, max-video-preview:-1\" \/>\n<link rel=\"canonical\" href=\"https:\/\/blogdacondessa.com.br\/blog\/meio-ambiente\/queremos-integrar-floresta-industria-e-energia-em-mato-grosso\/\" \/>\n<meta property=\"og:locale\" content=\"pt_BR\" \/>\n<meta property=\"og:type\" content=\"article\" \/>\n<meta property=\"og:title\" content=\"\u201cQueremos integrar floresta, ind\u00fastria e energia em Mato Grosso\u201d &#8902; Blog da Condessa\" \/>\n<meta property=\"og:description\" content=\"O avan\u00e7o da agroind\u00fastria em Mato Grosso, aliado ao aumento da demanda por energia, tem colocado o setor florestal no centro das estrat\u00e9gias de desenvolvimento econ\u00f4mico do estado. Nesse contexto, durante a Norte Show 2026, em Sinop, o engenheiro florestal Filipe Mincache Ueoka, que integra o corpo t\u00e9cnico da Secretaria de Desenvolvimento Econ\u00f4mico (Sedec-MT), ministrou [&hellip;]\" \/>\n<meta property=\"og:url\" content=\"https:\/\/blogdacondessa.com.br\/blog\/meio-ambiente\/queremos-integrar-floresta-industria-e-energia-em-mato-grosso\/\" \/>\n<meta property=\"og:site_name\" content=\"Blog da Condessa\" \/>\n<meta property=\"article:published_time\" content=\"2026-04-27T09:00:17+00:00\" \/>\n<meta property=\"og:image\" content=\"https:\/\/blogdacondessa.com.br\/blog\/wp-content\/uploads\/2026\/04\/floresta-2.jpg\" \/>\n\t<meta property=\"og:image:width\" content=\"640\" \/>\n\t<meta property=\"og:image:height\" content=\"427\" \/>\n\t<meta property=\"og:image:type\" content=\"image\/jpeg\" \/>\n<meta name=\"author\" content=\"Blog da Condessa\" \/>\n<meta name=\"twitter:card\" content=\"summary_large_image\" \/>\n<meta name=\"twitter:label1\" content=\"Escrito por\" \/>\n\t<meta name=\"twitter:data1\" content=\"Blog da Condessa\" \/>\n\t<meta name=\"twitter:label2\" content=\"Est. tempo de leitura\" \/>\n\t<meta name=\"twitter:data2\" content=\"4 minutos\" \/>\n<script type=\"application\/ld+json\" class=\"yoast-schema-graph\">{\"@context\":\"https:\\\/\\\/schema.org\",\"@graph\":[{\"@type\":\"Article\",\"@id\":\"https:\\\/\\\/blogdacondessa.com.br\\\/blog\\\/meio-ambiente\\\/queremos-integrar-floresta-industria-e-energia-em-mato-grosso\\\/#article\",\"isPartOf\":{\"@id\":\"https:\\\/\\\/blogdacondessa.com.br\\\/blog\\\/meio-ambiente\\\/queremos-integrar-floresta-industria-e-energia-em-mato-grosso\\\/\"},\"author\":{\"name\":\"Blog da Condessa\",\"@id\":\"https:\\\/\\\/blogdacondessa.com.br\\\/blog\\\/#\\\/schema\\\/person\\\/1d667ff8b785195b568677489d266035\"},\"headline\":\"\u201cQueremos integrar floresta, ind\u00fastria e energia em Mato Grosso\u201d\",\"datePublished\":\"2026-04-27T09:00:17+00:00\",\"mainEntityOfPage\":{\"@id\":\"https:\\\/\\\/blogdacondessa.com.br\\\/blog\\\/meio-ambiente\\\/queremos-integrar-floresta-industria-e-energia-em-mato-grosso\\\/\"},\"wordCount\":633,\"image\":{\"@id\":\"https:\\\/\\\/blogdacondessa.com.br\\\/blog\\\/meio-ambiente\\\/queremos-integrar-floresta-industria-e-energia-em-mato-grosso\\\/#primaryimage\"},\"thumbnailUrl\":\"https:\\\/\\\/blogdacondessa.com.br\\\/blog\\\/wp-content\\\/uploads\\\/2026\\\/04\\\/floresta-2.jpg\",\"articleSection\":[\"Meio Ambiente\"],\"inLanguage\":\"pt-BR\"},{\"@type\":\"WebPage\",\"@id\":\"https:\\\/\\\/blogdacondessa.com.br\\\/blog\\\/meio-ambiente\\\/queremos-integrar-floresta-industria-e-energia-em-mato-grosso\\\/\",\"url\":\"https:\\\/\\\/blogdacondessa.com.br\\\/blog\\\/meio-ambiente\\\/queremos-integrar-floresta-industria-e-energia-em-mato-grosso\\\/\",\"name\":\"\u201cQueremos integrar floresta, ind\u00fastria e energia em Mato Grosso\u201d &#8902; Blog da Condessa\",\"isPartOf\":{\"@id\":\"https:\\\/\\\/blogdacondessa.com.br\\\/blog\\\/#website\"},\"primaryImageOfPage\":{\"@id\":\"https:\\\/\\\/blogdacondessa.com.br\\\/blog\\\/meio-ambiente\\\/queremos-integrar-floresta-industria-e-energia-em-mato-grosso\\\/#primaryimage\"},\"image\":{\"@id\":\"https:\\\/\\\/blogdacondessa.com.br\\\/blog\\\/meio-ambiente\\\/queremos-integrar-floresta-industria-e-energia-em-mato-grosso\\\/#primaryimage\"},\"thumbnailUrl\":\"https:\\\/\\\/blogdacondessa.com.br\\\/blog\\\/wp-content\\\/uploads\\\/2026\\\/04\\\/floresta-2.jpg\",\"datePublished\":\"2026-04-27T09:00:17+00:00\",\"author\":{\"@id\":\"https:\\\/\\\/blogdacondessa.com.br\\\/blog\\\/#\\\/schema\\\/person\\\/1d667ff8b785195b568677489d266035\"},\"breadcrumb\":{\"@id\":\"https:\\\/\\\/blogdacondessa.com.br\\\/blog\\\/meio-ambiente\\\/queremos-integrar-floresta-industria-e-energia-em-mato-grosso\\\/#breadcrumb\"},\"inLanguage\":\"pt-BR\",\"potentialAction\":[{\"@type\":\"ReadAction\",\"target\":[\"https:\\\/\\\/blogdacondessa.com.br\\\/blog\\\/meio-ambiente\\\/queremos-integrar-floresta-industria-e-energia-em-mato-grosso\\\/\"]}]},{\"@type\":\"ImageObject\",\"inLanguage\":\"pt-BR\",\"@id\":\"https:\\\/\\\/blogdacondessa.com.br\\\/blog\\\/meio-ambiente\\\/queremos-integrar-floresta-industria-e-energia-em-mato-grosso\\\/#primaryimage\",\"url\":\"https:\\\/\\\/blogdacondessa.com.br\\\/blog\\\/wp-content\\\/uploads\\\/2026\\\/04\\\/floresta-2.jpg\",\"contentUrl\":\"https:\\\/\\\/blogdacondessa.com.br\\\/blog\\\/wp-content\\\/uploads\\\/2026\\\/04\\\/floresta-2.jpg\",\"width\":640,\"height\":427},{\"@type\":\"BreadcrumbList\",\"@id\":\"https:\\\/\\\/blogdacondessa.com.br\\\/blog\\\/meio-ambiente\\\/queremos-integrar-floresta-industria-e-energia-em-mato-grosso\\\/#breadcrumb\",\"itemListElement\":[{\"@type\":\"ListItem\",\"position\":1,\"name\":\"In\u00edcio\",\"item\":\"https:\\\/\\\/blogdacondessa.com.br\\\/blog\\\/\"},{\"@type\":\"ListItem\",\"position\":2,\"name\":\"\u201cQueremos integrar floresta, ind\u00fastria e energia em Mato Grosso\u201d\"}]},{\"@type\":\"WebSite\",\"@id\":\"https:\\\/\\\/blogdacondessa.com.br\\\/blog\\\/#website\",\"url\":\"https:\\\/\\\/blogdacondessa.com.br\\\/blog\\\/\",\"name\":\"Blog da Condessa\",\"description\":\"Com Shirley de Souza O\u2019Campos\",\"potentialAction\":[{\"@type\":\"SearchAction\",\"target\":{\"@type\":\"EntryPoint\",\"urlTemplate\":\"https:\\\/\\\/blogdacondessa.com.br\\\/blog\\\/?s={search_term_string}\"},\"query-input\":{\"@type\":\"PropertyValueSpecification\",\"valueRequired\":true,\"valueName\":\"search_term_string\"}}],\"inLanguage\":\"pt-BR\"},{\"@type\":\"Person\",\"@id\":\"https:\\\/\\\/blogdacondessa.com.br\\\/blog\\\/#\\\/schema\\\/person\\\/1d667ff8b785195b568677489d266035\",\"name\":\"Blog da Condessa\",\"image\":{\"@type\":\"ImageObject\",\"inLanguage\":\"pt-BR\",\"@id\":\"https:\\\/\\\/secure.gravatar.com\\\/avatar\\\/377c0eb8b4ad2bfc25461b41564b5971e721ca34a57642868fc7b0c8ac7b52c5?s=96&d=mm&r=g\",\"url\":\"https:\\\/\\\/secure.gravatar.com\\\/avatar\\\/377c0eb8b4ad2bfc25461b41564b5971e721ca34a57642868fc7b0c8ac7b52c5?s=96&d=mm&r=g\",\"contentUrl\":\"https:\\\/\\\/secure.gravatar.com\\\/avatar\\\/377c0eb8b4ad2bfc25461b41564b5971e721ca34a57642868fc7b0c8ac7b52c5?s=96&d=mm&r=g\",\"caption\":\"Blog da Condessa\"},\"url\":\"https:\\\/\\\/blogdacondessa.com.br\\\/blog\\\/author\\\/beatriz\\\/\"}]}<\/script>\n<!-- \/ Yoast SEO plugin. -->","yoast_head_json":{"title":"\u201cQueremos integrar floresta, ind\u00fastria e energia em Mato Grosso\u201d &#8902; Blog da Condessa","robots":{"index":"index","follow":"follow","max-snippet":"max-snippet:-1","max-image-preview":"max-image-preview:large","max-video-preview":"max-video-preview:-1"},"canonical":"https:\/\/blogdacondessa.com.br\/blog\/meio-ambiente\/queremos-integrar-floresta-industria-e-energia-em-mato-grosso\/","og_locale":"pt_BR","og_type":"article","og_title":"\u201cQueremos integrar floresta, ind\u00fastria e energia em Mato Grosso\u201d &#8902; Blog da Condessa","og_description":"O avan\u00e7o da agroind\u00fastria em Mato Grosso, aliado ao aumento da demanda por energia, tem colocado o setor florestal no centro das estrat\u00e9gias de desenvolvimento econ\u00f4mico do estado. Nesse contexto, durante a Norte Show 2026, em Sinop, o engenheiro florestal Filipe Mincache Ueoka, que integra o corpo t\u00e9cnico da Secretaria de Desenvolvimento Econ\u00f4mico (Sedec-MT), ministrou [&hellip;]","og_url":"https:\/\/blogdacondessa.com.br\/blog\/meio-ambiente\/queremos-integrar-floresta-industria-e-energia-em-mato-grosso\/","og_site_name":"Blog da Condessa","article_published_time":"2026-04-27T09:00:17+00:00","og_image":[{"width":640,"height":427,"url":"https:\/\/blogdacondessa.com.br\/blog\/wp-content\/uploads\/2026\/04\/floresta-2.jpg","type":"image\/jpeg"}],"author":"Blog da Condessa","twitter_card":"summary_large_image","twitter_misc":{"Escrito por":"Blog da Condessa","Est. tempo de leitura":"4 minutos"},"schema":{"@context":"https:\/\/schema.org","@graph":[{"@type":"Article","@id":"https:\/\/blogdacondessa.com.br\/blog\/meio-ambiente\/queremos-integrar-floresta-industria-e-energia-em-mato-grosso\/#article","isPartOf":{"@id":"https:\/\/blogdacondessa.com.br\/blog\/meio-ambiente\/queremos-integrar-floresta-industria-e-energia-em-mato-grosso\/"},"author":{"name":"Blog da Condessa","@id":"https:\/\/blogdacondessa.com.br\/blog\/#\/schema\/person\/1d667ff8b785195b568677489d266035"},"headline":"\u201cQueremos integrar floresta, ind\u00fastria e energia em Mato Grosso\u201d","datePublished":"2026-04-27T09:00:17+00:00","mainEntityOfPage":{"@id":"https:\/\/blogdacondessa.com.br\/blog\/meio-ambiente\/queremos-integrar-floresta-industria-e-energia-em-mato-grosso\/"},"wordCount":633,"image":{"@id":"https:\/\/blogdacondessa.com.br\/blog\/meio-ambiente\/queremos-integrar-floresta-industria-e-energia-em-mato-grosso\/#primaryimage"},"thumbnailUrl":"https:\/\/blogdacondessa.com.br\/blog\/wp-content\/uploads\/2026\/04\/floresta-2.jpg","articleSection":["Meio Ambiente"],"inLanguage":"pt-BR"},{"@type":"WebPage","@id":"https:\/\/blogdacondessa.com.br\/blog\/meio-ambiente\/queremos-integrar-floresta-industria-e-energia-em-mato-grosso\/","url":"https:\/\/blogdacondessa.com.br\/blog\/meio-ambiente\/queremos-integrar-floresta-industria-e-energia-em-mato-grosso\/","name":"\u201cQueremos integrar floresta, ind\u00fastria e energia em Mato Grosso\u201d &#8902; Blog da Condessa","isPartOf":{"@id":"https:\/\/blogdacondessa.com.br\/blog\/#website"},"primaryImageOfPage":{"@id":"https:\/\/blogdacondessa.com.br\/blog\/meio-ambiente\/queremos-integrar-floresta-industria-e-energia-em-mato-grosso\/#primaryimage"},"image":{"@id":"https:\/\/blogdacondessa.com.br\/blog\/meio-ambiente\/queremos-integrar-floresta-industria-e-energia-em-mato-grosso\/#primaryimage"},"thumbnailUrl":"https:\/\/blogdacondessa.com.br\/blog\/wp-content\/uploads\/2026\/04\/floresta-2.jpg","datePublished":"2026-04-27T09:00:17+00:00","author":{"@id":"https:\/\/blogdacondessa.com.br\/blog\/#\/schema\/person\/1d667ff8b785195b568677489d266035"},"breadcrumb":{"@id":"https:\/\/blogdacondessa.com.br\/blog\/meio-ambiente\/queremos-integrar-floresta-industria-e-energia-em-mato-grosso\/#breadcrumb"},"inLanguage":"pt-BR","potentialAction":[{"@type":"ReadAction","target":["https:\/\/blogdacondessa.com.br\/blog\/meio-ambiente\/queremos-integrar-floresta-industria-e-energia-em-mato-grosso\/"]}]},{"@type":"ImageObject","inLanguage":"pt-BR","@id":"https:\/\/blogdacondessa.com.br\/blog\/meio-ambiente\/queremos-integrar-floresta-industria-e-energia-em-mato-grosso\/#primaryimage","url":"https:\/\/blogdacondessa.com.br\/blog\/wp-content\/uploads\/2026\/04\/floresta-2.jpg","contentUrl":"https:\/\/blogdacondessa.com.br\/blog\/wp-content\/uploads\/2026\/04\/floresta-2.jpg","width":640,"height":427},{"@type":"BreadcrumbList","@id":"https:\/\/blogdacondessa.com.br\/blog\/meio-ambiente\/queremos-integrar-floresta-industria-e-energia-em-mato-grosso\/#breadcrumb","itemListElement":[{"@type":"ListItem","position":1,"name":"In\u00edcio","item":"https:\/\/blogdacondessa.com.br\/blog\/"},{"@type":"ListItem","position":2,"name":"\u201cQueremos integrar floresta, ind\u00fastria e energia em Mato Grosso\u201d"}]},{"@type":"WebSite","@id":"https:\/\/blogdacondessa.com.br\/blog\/#website","url":"https:\/\/blogdacondessa.com.br\/blog\/","name":"Blog da Condessa","description":"Com Shirley de Souza O\u2019Campos","potentialAction":[{"@type":"SearchAction","target":{"@type":"EntryPoint","urlTemplate":"https:\/\/blogdacondessa.com.br\/blog\/?s={search_term_string}"},"query-input":{"@type":"PropertyValueSpecification","valueRequired":true,"valueName":"search_term_string"}}],"inLanguage":"pt-BR"},{"@type":"Person","@id":"https:\/\/blogdacondessa.com.br\/blog\/#\/schema\/person\/1d667ff8b785195b568677489d266035","name":"Blog da Condessa","image":{"@type":"ImageObject","inLanguage":"pt-BR","@id":"https:\/\/secure.gravatar.com\/avatar\/377c0eb8b4ad2bfc25461b41564b5971e721ca34a57642868fc7b0c8ac7b52c5?s=96&d=mm&r=g","url":"https:\/\/secure.gravatar.com\/avatar\/377c0eb8b4ad2bfc25461b41564b5971e721ca34a57642868fc7b0c8ac7b52c5?s=96&d=mm&r=g","contentUrl":"https:\/\/secure.gravatar.com\/avatar\/377c0eb8b4ad2bfc25461b41564b5971e721ca34a57642868fc7b0c8ac7b52c5?s=96&d=mm&r=g","caption":"Blog da Condessa"},"url":"https:\/\/blogdacondessa.com.br\/blog\/author\/beatriz\/"}]}},"_links":{"self":[{"href":"https:\/\/blogdacondessa.com.br\/blog\/wp-json\/wp\/v2\/posts\/14013","targetHints":{"allow":["GET"]}}],"collection":[{"href":"https:\/\/blogdacondessa.com.br\/blog\/wp-json\/wp\/v2\/posts"}],"about":[{"href":"https:\/\/blogdacondessa.com.br\/blog\/wp-json\/wp\/v2\/types\/post"}],"author":[{"embeddable":true,"href":"https:\/\/blogdacondessa.com.br\/blog\/wp-json\/wp\/v2\/users\/2"}],"replies":[{"embeddable":true,"href":"https:\/\/blogdacondessa.com.br\/blog\/wp-json\/wp\/v2\/comments?post=14013"}],"version-history":[{"count":1,"href":"https:\/\/blogdacondessa.com.br\/blog\/wp-json\/wp\/v2\/posts\/14013\/revisions"}],"predecessor-version":[{"id":14015,"href":"https:\/\/blogdacondessa.com.br\/blog\/wp-json\/wp\/v2\/posts\/14013\/revisions\/14015"}],"wp:featuredmedia":[{"embeddable":true,"href":"https:\/\/blogdacondessa.com.br\/blog\/wp-json\/wp\/v2\/media\/14014"}],"wp:attachment":[{"href":"https:\/\/blogdacondessa.com.br\/blog\/wp-json\/wp\/v2\/media?parent=14013"}],"wp:term":[{"taxonomy":"category","embeddable":true,"href":"https:\/\/blogdacondessa.com.br\/blog\/wp-json\/wp\/v2\/categories?post=14013"},{"taxonomy":"post_tag","embeddable":true,"href":"https:\/\/blogdacondessa.com.br\/blog\/wp-json\/wp\/v2\/tags?post=14013"}],"curies":[{"name":"wp","href":"https:\/\/api.w.org\/{rel}","templated":true}]}}