{"id":14007,"date":"2026-04-25T16:52:54","date_gmt":"2026-04-25T20:52:54","guid":{"rendered":"https:\/\/blogdacondessa.com.br\/blog\/?p=14007"},"modified":"2026-04-25T16:52:54","modified_gmt":"2026-04-25T20:52:54","slug":"troco-solidario-cidadania-e-responsabilidade-social","status":"publish","type":"post","link":"https:\/\/blogdacondessa.com.br\/blog\/institucional\/troco-solidario-cidadania-e-responsabilidade-social\/","title":{"rendered":"Troco Solid\u00e1rio: cidadania e responsabilidade social"},"content":{"rendered":"<p><em>Comper faz entrega do Troco Solid\u00e1rio no valor de R$41.894,74\u00a0<\/em><\/p>\n<p><em>para institui\u00e7\u00e3o beneficente\u00a0<\/em><\/p>\n<p>No \u00faltimo dia 24 ocorreu a entrega do Troco Solid\u00e1rio no Comper do CPAI e foi bastante prestigiada pelos representantes das institui\u00e7\u00f5es, funcion\u00e1rios, clientes e imprensa.\u00a0A institui\u00e7\u00e3o Psicossocial Renascer do Autista &#8211; IPRA recebeu\u00a0a doa\u00e7\u00e3o\u00a0no valor de R$ 41.894,74\u00a0referente \u00e0 arrecada\u00e7\u00e3o dos meses de janeiro a mar\u00e7o.<\/p>\n<p>A gerente nacional de Opera\u00e7\u00f5es do Comper Izilda Maria da Silva ressaltou a import\u00e2ncia desse projeto que ajuda milhares de pessoas atrav\u00e9s das institui\u00e7\u00f5es beneficiadas. Ela tamb\u00e9m destacou o trabalho das operadoras de caixa que pedem para os clientes \u2018arredondar o seu troco\u2019. \u201cTemos muito orgulho desse projeto que foi implantado h\u00e1 quase duas d\u00e9cadas e fazemos a entrega dentro do Comper, divulgada pela imprensa para mostrar a total transpar\u00eancia do projeto\u201d, enfatizou.<\/p>\n<p>A presidente da Institui\u00e7\u00e3o Psicossocial Renascer do Autista &#8211; IPRA Juliana Fortes agradeceu ao Comper pela oportunidade de participar desse projeto e disse que o valor da doa\u00e7\u00e3o superou sua expectativa. \u201dEssa doa\u00e7\u00e3o ser\u00e1 usada para terminar a constru\u00e7\u00e3o da rampa de acessibilidade para\u00a0 o andar de cima\u201d, contou.<\/p>\n<p>O gerente regional de Opera\u00e7\u00f5es do Comper em Mato Grosso Alex Oliveira disse que esse \u00e9 importante projeto social da empresa. \u201cAgrade\u00e7o muito aos clientes pelas doa\u00e7\u00f5es e tamb\u00e9m as operadoras de caixa que n\u00e3o medem esfor\u00e7os, falam com os clientes sobre o projeto e convidam para fazer a doa\u00e7\u00e3o\u201d, enfatizou.<\/p>\n<p>As tr\u00eas primeiras operadoras de caixa em arrecada\u00e7\u00e3o dentre todas as unidades Comper de Cuiab\u00e1 e V\u00e1rzea Grande foram: em primeiro lugar, Diva Helena da loja Belvedere em segundo lugar Sandra Paula Moraes do Comper da Prainha; e em terceiro lugar \u00cdris Fortes dos Santos da loja Coxip\u00f3;<\/p>\n<p>Na oportunidade foi apresentada a Escola Filantr\u00f3pica Vianna de Carvalho que receber\u00e1 as doa\u00e7\u00f5es do Troco Solid\u00e1rio no per\u00edodo de abril a junho. O diretor Paulo Costa contou que a institui\u00e7\u00e3o tem mais de 20 anos, atende 210\u00a0 crian\u00e7as de 2 a 5 anos com acolhimento, aulas e quatro refei\u00e7\u00f5es di\u00e1rias. \u201cO valor do Troco Solid\u00e1rio ser\u00e1 utilizado para melhorar a infraestrutura do local, inclusive montando um parquinho para as crian\u00e7as\u201d, finalizou.<\/p>\n<p>Vale lembrar que o Troco Solid\u00e1rio tem por objetivo desenvolver cidadania e responsabilidade social, viabilizando recursos financeiros \u00e0s entidades filantr\u00f3picas que participam do Troco Solid\u00e1rio. A cada tr\u00eas meses, o total arrecadado\u00a0com\u00a0essas doa\u00e7\u00f5es nas lojas \u00e9 repassado integralmente \u00e0 institui\u00e7\u00e3o beneficiada. As doa\u00e7\u00f5es podem ser feitas tamb\u00e9m atrav\u00e9s dos cart\u00f5es de d\u00e9bito, cr\u00e9dito e pix.<\/p>\n","protected":false},"excerpt":{"rendered":"<p>Comper faz entrega do Troco Solid\u00e1rio no valor de R$41.894,74\u00a0 para institui\u00e7\u00e3o beneficente\u00a0 No \u00faltimo dia 24 ocorreu a entrega do Troco Solid\u00e1rio no Comper do CPAI e foi bastante prestigiada pelos representantes das institui\u00e7\u00f5es, funcion\u00e1rios, clientes e imprensa.\u00a0A institui\u00e7\u00e3o Psicossocial Renascer do Autista &#8211; IPRA recebeu\u00a0a doa\u00e7\u00e3o\u00a0no valor de R$ 41.894,74\u00a0referente \u00e0 arrecada\u00e7\u00e3o dos [&hellip;]<\/p>\n","protected":false},"author":2,"featured_media":14008,"comment_status":"closed","ping_status":"closed","sticky":false,"template":"","format":"standard","meta":{"iawp_total_views":1,"footnotes":""},"categories":[13],"tags":[],"class_list":["post-14007","post","type-post","status-publish","format-standard","has-post-thumbnail","hentry","category-institucional"],"yoast_head":"<!-- This site is optimized with the Yoast SEO plugin v27.3 - https:\/\/yoast.com\/product\/yoast-seo-wordpress\/ -->\n<title>Troco Solid\u00e1rio: cidadania e responsabilidade social &#8902; Blog da Condessa<\/title>\n<meta name=\"robots\" content=\"index, follow, max-snippet:-1, max-image-preview:large, max-video-preview:-1\" \/>\n<link rel=\"canonical\" href=\"https:\/\/blogdacondessa.com.br\/blog\/institucional\/troco-solidario-cidadania-e-responsabilidade-social\/\" \/>\n<meta property=\"og:locale\" content=\"pt_BR\" \/>\n<meta property=\"og:type\" content=\"article\" \/>\n<meta property=\"og:title\" content=\"Troco Solid\u00e1rio: cidadania e responsabilidade social &#8902; Blog da Condessa\" \/>\n<meta property=\"og:description\" content=\"Comper faz entrega do Troco Solid\u00e1rio no valor de R$41.894,74\u00a0 para institui\u00e7\u00e3o beneficente\u00a0 No \u00faltimo dia 24 ocorreu a entrega do Troco Solid\u00e1rio no Comper do CPAI e foi bastante prestigiada pelos representantes das institui\u00e7\u00f5es, funcion\u00e1rios, clientes e imprensa.\u00a0A institui\u00e7\u00e3o Psicossocial Renascer do Autista &#8211; IPRA recebeu\u00a0a doa\u00e7\u00e3o\u00a0no valor de R$ 41.894,74\u00a0referente \u00e0 arrecada\u00e7\u00e3o dos [&hellip;]\" \/>\n<meta property=\"og:url\" content=\"https:\/\/blogdacondessa.com.br\/blog\/institucional\/troco-solidario-cidadania-e-responsabilidade-social\/\" \/>\n<meta property=\"og:site_name\" content=\"Blog da Condessa\" \/>\n<meta property=\"article:published_time\" content=\"2026-04-25T20:52:54+00:00\" \/>\n<meta property=\"og:image\" content=\"https:\/\/blogdacondessa.com.br\/blog\/wp-content\/uploads\/2026\/04\/comper.jpg\" \/>\n\t<meta property=\"og:image:width\" content=\"1280\" \/>\n\t<meta property=\"og:image:height\" content=\"960\" \/>\n\t<meta property=\"og:image:type\" content=\"image\/jpeg\" \/>\n<meta name=\"author\" content=\"Blog da Condessa\" \/>\n<meta name=\"twitter:card\" content=\"summary_large_image\" \/>\n<meta name=\"twitter:label1\" content=\"Escrito por\" \/>\n\t<meta name=\"twitter:data1\" content=\"Blog da Condessa\" \/>\n\t<meta name=\"twitter:label2\" content=\"Est. tempo de leitura\" \/>\n\t<meta name=\"twitter:data2\" content=\"3 minutos\" \/>\n<script type=\"application\/ld+json\" class=\"yoast-schema-graph\">{\"@context\":\"https:\\\/\\\/schema.org\",\"@graph\":[{\"@type\":\"Article\",\"@id\":\"https:\\\/\\\/blogdacondessa.com.br\\\/blog\\\/institucional\\\/troco-solidario-cidadania-e-responsabilidade-social\\\/#article\",\"isPartOf\":{\"@id\":\"https:\\\/\\\/blogdacondessa.com.br\\\/blog\\\/institucional\\\/troco-solidario-cidadania-e-responsabilidade-social\\\/\"},\"author\":{\"name\":\"Blog da Condessa\",\"@id\":\"https:\\\/\\\/blogdacondessa.com.br\\\/blog\\\/#\\\/schema\\\/person\\\/1d667ff8b785195b568677489d266035\"},\"headline\":\"Troco Solid\u00e1rio: cidadania e responsabilidade social\",\"datePublished\":\"2026-04-25T20:52:54+00:00\",\"mainEntityOfPage\":{\"@id\":\"https:\\\/\\\/blogdacondessa.com.br\\\/blog\\\/institucional\\\/troco-solidario-cidadania-e-responsabilidade-social\\\/\"},\"wordCount\":463,\"image\":{\"@id\":\"https:\\\/\\\/blogdacondessa.com.br\\\/blog\\\/institucional\\\/troco-solidario-cidadania-e-responsabilidade-social\\\/#primaryimage\"},\"thumbnailUrl\":\"https:\\\/\\\/blogdacondessa.com.br\\\/blog\\\/wp-content\\\/uploads\\\/2026\\\/04\\\/comper.jpg\",\"articleSection\":[\"Institucional\"],\"inLanguage\":\"pt-BR\"},{\"@type\":\"WebPage\",\"@id\":\"https:\\\/\\\/blogdacondessa.com.br\\\/blog\\\/institucional\\\/troco-solidario-cidadania-e-responsabilidade-social\\\/\",\"url\":\"https:\\\/\\\/blogdacondessa.com.br\\\/blog\\\/institucional\\\/troco-solidario-cidadania-e-responsabilidade-social\\\/\",\"name\":\"Troco Solid\u00e1rio: cidadania e responsabilidade social &#8902; Blog da Condessa\",\"isPartOf\":{\"@id\":\"https:\\\/\\\/blogdacondessa.com.br\\\/blog\\\/#website\"},\"primaryImageOfPage\":{\"@id\":\"https:\\\/\\\/blogdacondessa.com.br\\\/blog\\\/institucional\\\/troco-solidario-cidadania-e-responsabilidade-social\\\/#primaryimage\"},\"image\":{\"@id\":\"https:\\\/\\\/blogdacondessa.com.br\\\/blog\\\/institucional\\\/troco-solidario-cidadania-e-responsabilidade-social\\\/#primaryimage\"},\"thumbnailUrl\":\"https:\\\/\\\/blogdacondessa.com.br\\\/blog\\\/wp-content\\\/uploads\\\/2026\\\/04\\\/comper.jpg\",\"datePublished\":\"2026-04-25T20:52:54+00:00\",\"author\":{\"@id\":\"https:\\\/\\\/blogdacondessa.com.br\\\/blog\\\/#\\\/schema\\\/person\\\/1d667ff8b785195b568677489d266035\"},\"breadcrumb\":{\"@id\":\"https:\\\/\\\/blogdacondessa.com.br\\\/blog\\\/institucional\\\/troco-solidario-cidadania-e-responsabilidade-social\\\/#breadcrumb\"},\"inLanguage\":\"pt-BR\",\"potentialAction\":[{\"@type\":\"ReadAction\",\"target\":[\"https:\\\/\\\/blogdacondessa.com.br\\\/blog\\\/institucional\\\/troco-solidario-cidadania-e-responsabilidade-social\\\/\"]}]},{\"@type\":\"ImageObject\",\"inLanguage\":\"pt-BR\",\"@id\":\"https:\\\/\\\/blogdacondessa.com.br\\\/blog\\\/institucional\\\/troco-solidario-cidadania-e-responsabilidade-social\\\/#primaryimage\",\"url\":\"https:\\\/\\\/blogdacondessa.com.br\\\/blog\\\/wp-content\\\/uploads\\\/2026\\\/04\\\/comper.jpg\",\"contentUrl\":\"https:\\\/\\\/blogdacondessa.com.br\\\/blog\\\/wp-content\\\/uploads\\\/2026\\\/04\\\/comper.jpg\",\"width\":1280,\"height\":960},{\"@type\":\"BreadcrumbList\",\"@id\":\"https:\\\/\\\/blogdacondessa.com.br\\\/blog\\\/institucional\\\/troco-solidario-cidadania-e-responsabilidade-social\\\/#breadcrumb\",\"itemListElement\":[{\"@type\":\"ListItem\",\"position\":1,\"name\":\"In\u00edcio\",\"item\":\"https:\\\/\\\/blogdacondessa.com.br\\\/blog\\\/\"},{\"@type\":\"ListItem\",\"position\":2,\"name\":\"Troco Solid\u00e1rio: cidadania e responsabilidade social\"}]},{\"@type\":\"WebSite\",\"@id\":\"https:\\\/\\\/blogdacondessa.com.br\\\/blog\\\/#website\",\"url\":\"https:\\\/\\\/blogdacondessa.com.br\\\/blog\\\/\",\"name\":\"Blog da Condessa\",\"description\":\"Com Shirley de Souza O\u2019Campos\",\"potentialAction\":[{\"@type\":\"SearchAction\",\"target\":{\"@type\":\"EntryPoint\",\"urlTemplate\":\"https:\\\/\\\/blogdacondessa.com.br\\\/blog\\\/?s={search_term_string}\"},\"query-input\":{\"@type\":\"PropertyValueSpecification\",\"valueRequired\":true,\"valueName\":\"search_term_string\"}}],\"inLanguage\":\"pt-BR\"},{\"@type\":\"Person\",\"@id\":\"https:\\\/\\\/blogdacondessa.com.br\\\/blog\\\/#\\\/schema\\\/person\\\/1d667ff8b785195b568677489d266035\",\"name\":\"Blog da Condessa\",\"image\":{\"@type\":\"ImageObject\",\"inLanguage\":\"pt-BR\",\"@id\":\"https:\\\/\\\/secure.gravatar.com\\\/avatar\\\/377c0eb8b4ad2bfc25461b41564b5971e721ca34a57642868fc7b0c8ac7b52c5?s=96&d=mm&r=g\",\"url\":\"https:\\\/\\\/secure.gravatar.com\\\/avatar\\\/377c0eb8b4ad2bfc25461b41564b5971e721ca34a57642868fc7b0c8ac7b52c5?s=96&d=mm&r=g\",\"contentUrl\":\"https:\\\/\\\/secure.gravatar.com\\\/avatar\\\/377c0eb8b4ad2bfc25461b41564b5971e721ca34a57642868fc7b0c8ac7b52c5?s=96&d=mm&r=g\",\"caption\":\"Blog da Condessa\"},\"url\":\"https:\\\/\\\/blogdacondessa.com.br\\\/blog\\\/author\\\/beatriz\\\/\"}]}<\/script>\n<!-- \/ Yoast SEO plugin. -->","yoast_head_json":{"title":"Troco Solid\u00e1rio: cidadania e responsabilidade social &#8902; Blog da Condessa","robots":{"index":"index","follow":"follow","max-snippet":"max-snippet:-1","max-image-preview":"max-image-preview:large","max-video-preview":"max-video-preview:-1"},"canonical":"https:\/\/blogdacondessa.com.br\/blog\/institucional\/troco-solidario-cidadania-e-responsabilidade-social\/","og_locale":"pt_BR","og_type":"article","og_title":"Troco Solid\u00e1rio: cidadania e responsabilidade social &#8902; Blog da Condessa","og_description":"Comper faz entrega do Troco Solid\u00e1rio no valor de R$41.894,74\u00a0 para institui\u00e7\u00e3o beneficente\u00a0 No \u00faltimo dia 24 ocorreu a entrega do Troco Solid\u00e1rio no Comper do CPAI e foi bastante prestigiada pelos representantes das institui\u00e7\u00f5es, funcion\u00e1rios, clientes e imprensa.\u00a0A institui\u00e7\u00e3o Psicossocial Renascer do Autista &#8211; IPRA recebeu\u00a0a doa\u00e7\u00e3o\u00a0no valor de R$ 41.894,74\u00a0referente \u00e0 arrecada\u00e7\u00e3o dos [&hellip;]","og_url":"https:\/\/blogdacondessa.com.br\/blog\/institucional\/troco-solidario-cidadania-e-responsabilidade-social\/","og_site_name":"Blog da Condessa","article_published_time":"2026-04-25T20:52:54+00:00","og_image":[{"width":1280,"height":960,"url":"https:\/\/blogdacondessa.com.br\/blog\/wp-content\/uploads\/2026\/04\/comper.jpg","type":"image\/jpeg"}],"author":"Blog da Condessa","twitter_card":"summary_large_image","twitter_misc":{"Escrito por":"Blog da Condessa","Est. tempo de leitura":"3 minutos"},"schema":{"@context":"https:\/\/schema.org","@graph":[{"@type":"Article","@id":"https:\/\/blogdacondessa.com.br\/blog\/institucional\/troco-solidario-cidadania-e-responsabilidade-social\/#article","isPartOf":{"@id":"https:\/\/blogdacondessa.com.br\/blog\/institucional\/troco-solidario-cidadania-e-responsabilidade-social\/"},"author":{"name":"Blog da Condessa","@id":"https:\/\/blogdacondessa.com.br\/blog\/#\/schema\/person\/1d667ff8b785195b568677489d266035"},"headline":"Troco Solid\u00e1rio: cidadania e responsabilidade social","datePublished":"2026-04-25T20:52:54+00:00","mainEntityOfPage":{"@id":"https:\/\/blogdacondessa.com.br\/blog\/institucional\/troco-solidario-cidadania-e-responsabilidade-social\/"},"wordCount":463,"image":{"@id":"https:\/\/blogdacondessa.com.br\/blog\/institucional\/troco-solidario-cidadania-e-responsabilidade-social\/#primaryimage"},"thumbnailUrl":"https:\/\/blogdacondessa.com.br\/blog\/wp-content\/uploads\/2026\/04\/comper.jpg","articleSection":["Institucional"],"inLanguage":"pt-BR"},{"@type":"WebPage","@id":"https:\/\/blogdacondessa.com.br\/blog\/institucional\/troco-solidario-cidadania-e-responsabilidade-social\/","url":"https:\/\/blogdacondessa.com.br\/blog\/institucional\/troco-solidario-cidadania-e-responsabilidade-social\/","name":"Troco Solid\u00e1rio: cidadania e responsabilidade social &#8902; Blog da Condessa","isPartOf":{"@id":"https:\/\/blogdacondessa.com.br\/blog\/#website"},"primaryImageOfPage":{"@id":"https:\/\/blogdacondessa.com.br\/blog\/institucional\/troco-solidario-cidadania-e-responsabilidade-social\/#primaryimage"},"image":{"@id":"https:\/\/blogdacondessa.com.br\/blog\/institucional\/troco-solidario-cidadania-e-responsabilidade-social\/#primaryimage"},"thumbnailUrl":"https:\/\/blogdacondessa.com.br\/blog\/wp-content\/uploads\/2026\/04\/comper.jpg","datePublished":"2026-04-25T20:52:54+00:00","author":{"@id":"https:\/\/blogdacondessa.com.br\/blog\/#\/schema\/person\/1d667ff8b785195b568677489d266035"},"breadcrumb":{"@id":"https:\/\/blogdacondessa.com.br\/blog\/institucional\/troco-solidario-cidadania-e-responsabilidade-social\/#breadcrumb"},"inLanguage":"pt-BR","potentialAction":[{"@type":"ReadAction","target":["https:\/\/blogdacondessa.com.br\/blog\/institucional\/troco-solidario-cidadania-e-responsabilidade-social\/"]}]},{"@type":"ImageObject","inLanguage":"pt-BR","@id":"https:\/\/blogdacondessa.com.br\/blog\/institucional\/troco-solidario-cidadania-e-responsabilidade-social\/#primaryimage","url":"https:\/\/blogdacondessa.com.br\/blog\/wp-content\/uploads\/2026\/04\/comper.jpg","contentUrl":"https:\/\/blogdacondessa.com.br\/blog\/wp-content\/uploads\/2026\/04\/comper.jpg","width":1280,"height":960},{"@type":"BreadcrumbList","@id":"https:\/\/blogdacondessa.com.br\/blog\/institucional\/troco-solidario-cidadania-e-responsabilidade-social\/#breadcrumb","itemListElement":[{"@type":"ListItem","position":1,"name":"In\u00edcio","item":"https:\/\/blogdacondessa.com.br\/blog\/"},{"@type":"ListItem","position":2,"name":"Troco Solid\u00e1rio: cidadania e responsabilidade social"}]},{"@type":"WebSite","@id":"https:\/\/blogdacondessa.com.br\/blog\/#website","url":"https:\/\/blogdacondessa.com.br\/blog\/","name":"Blog da Condessa","description":"Com Shirley de Souza O\u2019Campos","potentialAction":[{"@type":"SearchAction","target":{"@type":"EntryPoint","urlTemplate":"https:\/\/blogdacondessa.com.br\/blog\/?s={search_term_string}"},"query-input":{"@type":"PropertyValueSpecification","valueRequired":true,"valueName":"search_term_string"}}],"inLanguage":"pt-BR"},{"@type":"Person","@id":"https:\/\/blogdacondessa.com.br\/blog\/#\/schema\/person\/1d667ff8b785195b568677489d266035","name":"Blog da Condessa","image":{"@type":"ImageObject","inLanguage":"pt-BR","@id":"https:\/\/secure.gravatar.com\/avatar\/377c0eb8b4ad2bfc25461b41564b5971e721ca34a57642868fc7b0c8ac7b52c5?s=96&d=mm&r=g","url":"https:\/\/secure.gravatar.com\/avatar\/377c0eb8b4ad2bfc25461b41564b5971e721ca34a57642868fc7b0c8ac7b52c5?s=96&d=mm&r=g","contentUrl":"https:\/\/secure.gravatar.com\/avatar\/377c0eb8b4ad2bfc25461b41564b5971e721ca34a57642868fc7b0c8ac7b52c5?s=96&d=mm&r=g","caption":"Blog da Condessa"},"url":"https:\/\/blogdacondessa.com.br\/blog\/author\/beatriz\/"}]}},"_links":{"self":[{"href":"https:\/\/blogdacondessa.com.br\/blog\/wp-json\/wp\/v2\/posts\/14007","targetHints":{"allow":["GET"]}}],"collection":[{"href":"https:\/\/blogdacondessa.com.br\/blog\/wp-json\/wp\/v2\/posts"}],"about":[{"href":"https:\/\/blogdacondessa.com.br\/blog\/wp-json\/wp\/v2\/types\/post"}],"author":[{"embeddable":true,"href":"https:\/\/blogdacondessa.com.br\/blog\/wp-json\/wp\/v2\/users\/2"}],"replies":[{"embeddable":true,"href":"https:\/\/blogdacondessa.com.br\/blog\/wp-json\/wp\/v2\/comments?post=14007"}],"version-history":[{"count":1,"href":"https:\/\/blogdacondessa.com.br\/blog\/wp-json\/wp\/v2\/posts\/14007\/revisions"}],"predecessor-version":[{"id":14009,"href":"https:\/\/blogdacondessa.com.br\/blog\/wp-json\/wp\/v2\/posts\/14007\/revisions\/14009"}],"wp:featuredmedia":[{"embeddable":true,"href":"https:\/\/blogdacondessa.com.br\/blog\/wp-json\/wp\/v2\/media\/14008"}],"wp:attachment":[{"href":"https:\/\/blogdacondessa.com.br\/blog\/wp-json\/wp\/v2\/media?parent=14007"}],"wp:term":[{"taxonomy":"category","embeddable":true,"href":"https:\/\/blogdacondessa.com.br\/blog\/wp-json\/wp\/v2\/categories?post=14007"},{"taxonomy":"post_tag","embeddable":true,"href":"https:\/\/blogdacondessa.com.br\/blog\/wp-json\/wp\/v2\/tags?post=14007"}],"curies":[{"name":"wp","href":"https:\/\/api.w.org\/{rel}","templated":true}]}}