{"id":13871,"date":"2026-04-06T05:00:05","date_gmt":"2026-04-06T09:00:05","guid":{"rendered":"https:\/\/blogdacondessa.com.br\/blog\/?p=13871"},"modified":"2026-04-05T21:52:08","modified_gmt":"2026-04-06T01:52:08","slug":"mt-sai-na-frente-e-regulamenta-uso-de-biomassa-de-madeira-nativa","status":"publish","type":"post","link":"https:\/\/blogdacondessa.com.br\/blog\/uncategorized\/mt-sai-na-frente-e-regulamenta-uso-de-biomassa-de-madeira-nativa\/","title":{"rendered":"MT sai na frente e regulamenta uso de biomassa de madeira nativa"},"content":{"rendered":"<p>Mato Grosso saiu na frente na agenda ambiental e energ\u00e9tica ao se tornar o primeiro estado do pa\u00eds a regulamentar e certificar o uso da biomassa oriunda de madeira nativa. O decreto que institui o Plano de Desenvolvimento Florestal e Biomassa 2025\u20132040 foi assinado no \u00faltimo dia 30 de mar\u00e7o, no Pal\u00e1cio Paiagu\u00e1s.<\/p>\n<p>O documento, elaborado em conjunto pela Secretaria de Estado de Desenvolvimento Econ\u00f4mico (Sedec) e Secretaria de Estado de Meio Ambiente (Sema), cria um marco regulat\u00f3rio para o setor, ao estabelecer regras de rastreabilidade, legalidade e uso eficiente da biomassa florestal, hoje considerada insumo estrat\u00e9gico para a ind\u00fastria e para a transi\u00e7\u00e3o energ\u00e9tica.<\/p>\n<p>Na pr\u00e1tica, o plano reorganiza toda a cadeia florestal, da produ\u00e7\u00e3o ao consumo industrial, e transforma res\u00edduos de supress\u00e3o vegetal, que muitas vezes eram descartados ou queimados, em fonte de energia e valor econ\u00f4mico. A proposta tamb\u00e9m cria um ambiente mais previs\u00edvel para investimentos, ao oferecer seguran\u00e7a jur\u00eddica e padroniza\u00e7\u00e3o no uso do insumo.<\/p>\n<p>O documento \u00e9 estruturado em tr\u00eas frentes: expans\u00e3o das florestas plantadas, fortalecimento do manejo sustent\u00e1vel e desenvolvimento da cadeia produtiva da madeira e da biomassa. Entre as metas, est\u00e1 a amplia\u00e7\u00e3o da \u00e1rea de florestas plantadas para at\u00e9 700 mil hectares e de \u00e1reas sob manejo sustent\u00e1vel para 6,5 milh\u00f5es de hectares at\u00e9 2040 .<\/p>\n<p>Outro eixo relevante \u00e9 a mudan\u00e7a gradual no perfil da biomassa utilizada pela ind\u00fastria. O Estado prev\u00ea a redu\u00e7\u00e3o progressiva da depend\u00eancia de mat\u00e9ria-prima oriunda de supress\u00e3o vegetal autorizada, incentivando o uso de fontes mais sustent\u00e1veis, como florestas plantadas e res\u00edduos industriais.<\/p>\n<p>A biomassa florestal j\u00e1 tem papel central na matriz energ\u00e9tica de Mato Grosso, especialmente em cadeias como agroind\u00fastria e siderurgia. Com a regulamenta\u00e7\u00e3o, o Estado n\u00e3o apenas organiza esse mercado, como amplia sua competitividade em um cen\u00e1rio global cada vez mais orientado por crit\u00e9rios ambientais.<\/p>\n<p>Para o CEO da MC Empreendimentos e Participa\u00e7\u00f5es, Cidinho Santos, a medida consolida um novo momento para o setor.<\/p>\n<p>\u201cO que Mato Grosso est\u00e1 fazendo \u00e9 sair na frente ao transformar um recurso que muitas vezes era desperdi\u00e7ado em uma solu\u00e7\u00e3o energ\u00e9tica e industrial estruturada. Com regras claras e seguran\u00e7a jur\u00eddica, o Estado cria um ambiente favor\u00e1vel para investimentos e fortalece toda a cadeia produtiva da biomassa\u201d, afirmou.<\/p>\n<p>Al\u00e9m do impacto econ\u00f4mico, o plano tamb\u00e9m dialoga diretamente com a agenda clim\u00e1tica. Ao estimular fontes renov\u00e1veis e reduzir a queima de res\u00edduos florestais, a pol\u00edtica contribui para a diminui\u00e7\u00e3o das emiss\u00f5es de gases de efeito estufa e para a consolida\u00e7\u00e3o de uma economia de baixo carbono.<\/p>\n","protected":false},"excerpt":{"rendered":"<p>Mato Grosso saiu na frente na agenda ambiental e energ\u00e9tica ao se tornar o primeiro estado do pa\u00eds a regulamentar e certificar o uso da biomassa oriunda de madeira nativa. O decreto que institui o Plano de Desenvolvimento Florestal e Biomassa 2025\u20132040 foi assinado no \u00faltimo dia 30 de mar\u00e7o, no Pal\u00e1cio Paiagu\u00e1s. O documento, [&hellip;]<\/p>\n","protected":false},"author":2,"featured_media":13873,"comment_status":"closed","ping_status":"closed","sticky":false,"template":"","format":"standard","meta":{"iawp_total_views":5,"footnotes":""},"categories":[1],"tags":[],"class_list":["post-13871","post","type-post","status-publish","format-standard","has-post-thumbnail","hentry","category-uncategorized"],"yoast_head":"<!-- This site is optimized with the Yoast SEO plugin v27.3 - https:\/\/yoast.com\/product\/yoast-seo-wordpress\/ -->\n<title>MT sai na frente e regulamenta uso de biomassa de madeira nativa &#8902; Blog da Condessa<\/title>\n<meta name=\"robots\" content=\"index, follow, max-snippet:-1, max-image-preview:large, max-video-preview:-1\" \/>\n<link rel=\"canonical\" href=\"https:\/\/blogdacondessa.com.br\/blog\/uncategorized\/mt-sai-na-frente-e-regulamenta-uso-de-biomassa-de-madeira-nativa\/\" \/>\n<meta property=\"og:locale\" content=\"pt_BR\" \/>\n<meta property=\"og:type\" content=\"article\" \/>\n<meta property=\"og:title\" content=\"MT sai na frente e regulamenta uso de biomassa de madeira nativa &#8902; Blog da Condessa\" \/>\n<meta property=\"og:description\" content=\"Mato Grosso saiu na frente na agenda ambiental e energ\u00e9tica ao se tornar o primeiro estado do pa\u00eds a regulamentar e certificar o uso da biomassa oriunda de madeira nativa. O decreto que institui o Plano de Desenvolvimento Florestal e Biomassa 2025\u20132040 foi assinado no \u00faltimo dia 30 de mar\u00e7o, no Pal\u00e1cio Paiagu\u00e1s. O documento, [&hellip;]\" \/>\n<meta property=\"og:url\" content=\"https:\/\/blogdacondessa.com.br\/blog\/uncategorized\/mt-sai-na-frente-e-regulamenta-uso-de-biomassa-de-madeira-nativa\/\" \/>\n<meta property=\"og:site_name\" content=\"Blog da Condessa\" \/>\n<meta property=\"article:published_time\" content=\"2026-04-06T09:00:05+00:00\" \/>\n<meta property=\"og:image\" content=\"https:\/\/blogdacondessa.com.br\/blog\/wp-content\/uploads\/2026\/04\/BIOMASSA.jpeg\" \/>\n\t<meta property=\"og:image:width\" content=\"900\" \/>\n\t<meta property=\"og:image:height\" content=\"568\" \/>\n\t<meta property=\"og:image:type\" content=\"image\/jpeg\" \/>\n<meta name=\"author\" content=\"Blog da Condessa\" \/>\n<meta name=\"twitter:card\" content=\"summary_large_image\" \/>\n<meta name=\"twitter:label1\" content=\"Escrito por\" \/>\n\t<meta name=\"twitter:data1\" content=\"Blog da Condessa\" \/>\n\t<meta name=\"twitter:label2\" content=\"Est. tempo de leitura\" \/>\n\t<meta name=\"twitter:data2\" content=\"3 minutos\" \/>\n<script type=\"application\/ld+json\" class=\"yoast-schema-graph\">{\"@context\":\"https:\\\/\\\/schema.org\",\"@graph\":[{\"@type\":\"Article\",\"@id\":\"https:\\\/\\\/blogdacondessa.com.br\\\/blog\\\/uncategorized\\\/mt-sai-na-frente-e-regulamenta-uso-de-biomassa-de-madeira-nativa\\\/#article\",\"isPartOf\":{\"@id\":\"https:\\\/\\\/blogdacondessa.com.br\\\/blog\\\/uncategorized\\\/mt-sai-na-frente-e-regulamenta-uso-de-biomassa-de-madeira-nativa\\\/\"},\"author\":{\"name\":\"Blog da Condessa\",\"@id\":\"https:\\\/\\\/blogdacondessa.com.br\\\/blog\\\/#\\\/schema\\\/person\\\/1d667ff8b785195b568677489d266035\"},\"headline\":\"MT sai na frente e regulamenta uso de biomassa de madeira nativa\",\"datePublished\":\"2026-04-06T09:00:05+00:00\",\"mainEntityOfPage\":{\"@id\":\"https:\\\/\\\/blogdacondessa.com.br\\\/blog\\\/uncategorized\\\/mt-sai-na-frente-e-regulamenta-uso-de-biomassa-de-madeira-nativa\\\/\"},\"wordCount\":477,\"image\":{\"@id\":\"https:\\\/\\\/blogdacondessa.com.br\\\/blog\\\/uncategorized\\\/mt-sai-na-frente-e-regulamenta-uso-de-biomassa-de-madeira-nativa\\\/#primaryimage\"},\"thumbnailUrl\":\"https:\\\/\\\/blogdacondessa.com.br\\\/blog\\\/wp-content\\\/uploads\\\/2026\\\/04\\\/BIOMASSA.jpeg\",\"articleSection\":[\"Uncategorized\"],\"inLanguage\":\"pt-BR\"},{\"@type\":\"WebPage\",\"@id\":\"https:\\\/\\\/blogdacondessa.com.br\\\/blog\\\/uncategorized\\\/mt-sai-na-frente-e-regulamenta-uso-de-biomassa-de-madeira-nativa\\\/\",\"url\":\"https:\\\/\\\/blogdacondessa.com.br\\\/blog\\\/uncategorized\\\/mt-sai-na-frente-e-regulamenta-uso-de-biomassa-de-madeira-nativa\\\/\",\"name\":\"MT sai na frente e regulamenta uso de biomassa de madeira nativa &#8902; Blog da Condessa\",\"isPartOf\":{\"@id\":\"https:\\\/\\\/blogdacondessa.com.br\\\/blog\\\/#website\"},\"primaryImageOfPage\":{\"@id\":\"https:\\\/\\\/blogdacondessa.com.br\\\/blog\\\/uncategorized\\\/mt-sai-na-frente-e-regulamenta-uso-de-biomassa-de-madeira-nativa\\\/#primaryimage\"},\"image\":{\"@id\":\"https:\\\/\\\/blogdacondessa.com.br\\\/blog\\\/uncategorized\\\/mt-sai-na-frente-e-regulamenta-uso-de-biomassa-de-madeira-nativa\\\/#primaryimage\"},\"thumbnailUrl\":\"https:\\\/\\\/blogdacondessa.com.br\\\/blog\\\/wp-content\\\/uploads\\\/2026\\\/04\\\/BIOMASSA.jpeg\",\"datePublished\":\"2026-04-06T09:00:05+00:00\",\"author\":{\"@id\":\"https:\\\/\\\/blogdacondessa.com.br\\\/blog\\\/#\\\/schema\\\/person\\\/1d667ff8b785195b568677489d266035\"},\"breadcrumb\":{\"@id\":\"https:\\\/\\\/blogdacondessa.com.br\\\/blog\\\/uncategorized\\\/mt-sai-na-frente-e-regulamenta-uso-de-biomassa-de-madeira-nativa\\\/#breadcrumb\"},\"inLanguage\":\"pt-BR\",\"potentialAction\":[{\"@type\":\"ReadAction\",\"target\":[\"https:\\\/\\\/blogdacondessa.com.br\\\/blog\\\/uncategorized\\\/mt-sai-na-frente-e-regulamenta-uso-de-biomassa-de-madeira-nativa\\\/\"]}]},{\"@type\":\"ImageObject\",\"inLanguage\":\"pt-BR\",\"@id\":\"https:\\\/\\\/blogdacondessa.com.br\\\/blog\\\/uncategorized\\\/mt-sai-na-frente-e-regulamenta-uso-de-biomassa-de-madeira-nativa\\\/#primaryimage\",\"url\":\"https:\\\/\\\/blogdacondessa.com.br\\\/blog\\\/wp-content\\\/uploads\\\/2026\\\/04\\\/BIOMASSA.jpeg\",\"contentUrl\":\"https:\\\/\\\/blogdacondessa.com.br\\\/blog\\\/wp-content\\\/uploads\\\/2026\\\/04\\\/BIOMASSA.jpeg\",\"width\":900,\"height\":568},{\"@type\":\"BreadcrumbList\",\"@id\":\"https:\\\/\\\/blogdacondessa.com.br\\\/blog\\\/uncategorized\\\/mt-sai-na-frente-e-regulamenta-uso-de-biomassa-de-madeira-nativa\\\/#breadcrumb\",\"itemListElement\":[{\"@type\":\"ListItem\",\"position\":1,\"name\":\"In\u00edcio\",\"item\":\"https:\\\/\\\/blogdacondessa.com.br\\\/blog\\\/\"},{\"@type\":\"ListItem\",\"position\":2,\"name\":\"MT sai na frente e regulamenta uso de biomassa de madeira nativa\"}]},{\"@type\":\"WebSite\",\"@id\":\"https:\\\/\\\/blogdacondessa.com.br\\\/blog\\\/#website\",\"url\":\"https:\\\/\\\/blogdacondessa.com.br\\\/blog\\\/\",\"name\":\"Blog da Condessa\",\"description\":\"Com Shirley de Souza O\u2019Campos\",\"potentialAction\":[{\"@type\":\"SearchAction\",\"target\":{\"@type\":\"EntryPoint\",\"urlTemplate\":\"https:\\\/\\\/blogdacondessa.com.br\\\/blog\\\/?s={search_term_string}\"},\"query-input\":{\"@type\":\"PropertyValueSpecification\",\"valueRequired\":true,\"valueName\":\"search_term_string\"}}],\"inLanguage\":\"pt-BR\"},{\"@type\":\"Person\",\"@id\":\"https:\\\/\\\/blogdacondessa.com.br\\\/blog\\\/#\\\/schema\\\/person\\\/1d667ff8b785195b568677489d266035\",\"name\":\"Blog da Condessa\",\"image\":{\"@type\":\"ImageObject\",\"inLanguage\":\"pt-BR\",\"@id\":\"https:\\\/\\\/secure.gravatar.com\\\/avatar\\\/377c0eb8b4ad2bfc25461b41564b5971e721ca34a57642868fc7b0c8ac7b52c5?s=96&d=mm&r=g\",\"url\":\"https:\\\/\\\/secure.gravatar.com\\\/avatar\\\/377c0eb8b4ad2bfc25461b41564b5971e721ca34a57642868fc7b0c8ac7b52c5?s=96&d=mm&r=g\",\"contentUrl\":\"https:\\\/\\\/secure.gravatar.com\\\/avatar\\\/377c0eb8b4ad2bfc25461b41564b5971e721ca34a57642868fc7b0c8ac7b52c5?s=96&d=mm&r=g\",\"caption\":\"Blog da Condessa\"},\"url\":\"https:\\\/\\\/blogdacondessa.com.br\\\/blog\\\/author\\\/beatriz\\\/\"}]}<\/script>\n<!-- \/ Yoast SEO plugin. -->","yoast_head_json":{"title":"MT sai na frente e regulamenta uso de biomassa de madeira nativa &#8902; Blog da Condessa","robots":{"index":"index","follow":"follow","max-snippet":"max-snippet:-1","max-image-preview":"max-image-preview:large","max-video-preview":"max-video-preview:-1"},"canonical":"https:\/\/blogdacondessa.com.br\/blog\/uncategorized\/mt-sai-na-frente-e-regulamenta-uso-de-biomassa-de-madeira-nativa\/","og_locale":"pt_BR","og_type":"article","og_title":"MT sai na frente e regulamenta uso de biomassa de madeira nativa &#8902; Blog da Condessa","og_description":"Mato Grosso saiu na frente na agenda ambiental e energ\u00e9tica ao se tornar o primeiro estado do pa\u00eds a regulamentar e certificar o uso da biomassa oriunda de madeira nativa. O decreto que institui o Plano de Desenvolvimento Florestal e Biomassa 2025\u20132040 foi assinado no \u00faltimo dia 30 de mar\u00e7o, no Pal\u00e1cio Paiagu\u00e1s. O documento, [&hellip;]","og_url":"https:\/\/blogdacondessa.com.br\/blog\/uncategorized\/mt-sai-na-frente-e-regulamenta-uso-de-biomassa-de-madeira-nativa\/","og_site_name":"Blog da Condessa","article_published_time":"2026-04-06T09:00:05+00:00","og_image":[{"width":900,"height":568,"url":"https:\/\/blogdacondessa.com.br\/blog\/wp-content\/uploads\/2026\/04\/BIOMASSA.jpeg","type":"image\/jpeg"}],"author":"Blog da Condessa","twitter_card":"summary_large_image","twitter_misc":{"Escrito por":"Blog da Condessa","Est. tempo de leitura":"3 minutos"},"schema":{"@context":"https:\/\/schema.org","@graph":[{"@type":"Article","@id":"https:\/\/blogdacondessa.com.br\/blog\/uncategorized\/mt-sai-na-frente-e-regulamenta-uso-de-biomassa-de-madeira-nativa\/#article","isPartOf":{"@id":"https:\/\/blogdacondessa.com.br\/blog\/uncategorized\/mt-sai-na-frente-e-regulamenta-uso-de-biomassa-de-madeira-nativa\/"},"author":{"name":"Blog da Condessa","@id":"https:\/\/blogdacondessa.com.br\/blog\/#\/schema\/person\/1d667ff8b785195b568677489d266035"},"headline":"MT sai na frente e regulamenta uso de biomassa de madeira nativa","datePublished":"2026-04-06T09:00:05+00:00","mainEntityOfPage":{"@id":"https:\/\/blogdacondessa.com.br\/blog\/uncategorized\/mt-sai-na-frente-e-regulamenta-uso-de-biomassa-de-madeira-nativa\/"},"wordCount":477,"image":{"@id":"https:\/\/blogdacondessa.com.br\/blog\/uncategorized\/mt-sai-na-frente-e-regulamenta-uso-de-biomassa-de-madeira-nativa\/#primaryimage"},"thumbnailUrl":"https:\/\/blogdacondessa.com.br\/blog\/wp-content\/uploads\/2026\/04\/BIOMASSA.jpeg","articleSection":["Uncategorized"],"inLanguage":"pt-BR"},{"@type":"WebPage","@id":"https:\/\/blogdacondessa.com.br\/blog\/uncategorized\/mt-sai-na-frente-e-regulamenta-uso-de-biomassa-de-madeira-nativa\/","url":"https:\/\/blogdacondessa.com.br\/blog\/uncategorized\/mt-sai-na-frente-e-regulamenta-uso-de-biomassa-de-madeira-nativa\/","name":"MT sai na frente e regulamenta uso de biomassa de madeira nativa &#8902; Blog da Condessa","isPartOf":{"@id":"https:\/\/blogdacondessa.com.br\/blog\/#website"},"primaryImageOfPage":{"@id":"https:\/\/blogdacondessa.com.br\/blog\/uncategorized\/mt-sai-na-frente-e-regulamenta-uso-de-biomassa-de-madeira-nativa\/#primaryimage"},"image":{"@id":"https:\/\/blogdacondessa.com.br\/blog\/uncategorized\/mt-sai-na-frente-e-regulamenta-uso-de-biomassa-de-madeira-nativa\/#primaryimage"},"thumbnailUrl":"https:\/\/blogdacondessa.com.br\/blog\/wp-content\/uploads\/2026\/04\/BIOMASSA.jpeg","datePublished":"2026-04-06T09:00:05+00:00","author":{"@id":"https:\/\/blogdacondessa.com.br\/blog\/#\/schema\/person\/1d667ff8b785195b568677489d266035"},"breadcrumb":{"@id":"https:\/\/blogdacondessa.com.br\/blog\/uncategorized\/mt-sai-na-frente-e-regulamenta-uso-de-biomassa-de-madeira-nativa\/#breadcrumb"},"inLanguage":"pt-BR","potentialAction":[{"@type":"ReadAction","target":["https:\/\/blogdacondessa.com.br\/blog\/uncategorized\/mt-sai-na-frente-e-regulamenta-uso-de-biomassa-de-madeira-nativa\/"]}]},{"@type":"ImageObject","inLanguage":"pt-BR","@id":"https:\/\/blogdacondessa.com.br\/blog\/uncategorized\/mt-sai-na-frente-e-regulamenta-uso-de-biomassa-de-madeira-nativa\/#primaryimage","url":"https:\/\/blogdacondessa.com.br\/blog\/wp-content\/uploads\/2026\/04\/BIOMASSA.jpeg","contentUrl":"https:\/\/blogdacondessa.com.br\/blog\/wp-content\/uploads\/2026\/04\/BIOMASSA.jpeg","width":900,"height":568},{"@type":"BreadcrumbList","@id":"https:\/\/blogdacondessa.com.br\/blog\/uncategorized\/mt-sai-na-frente-e-regulamenta-uso-de-biomassa-de-madeira-nativa\/#breadcrumb","itemListElement":[{"@type":"ListItem","position":1,"name":"In\u00edcio","item":"https:\/\/blogdacondessa.com.br\/blog\/"},{"@type":"ListItem","position":2,"name":"MT sai na frente e regulamenta uso de biomassa de madeira nativa"}]},{"@type":"WebSite","@id":"https:\/\/blogdacondessa.com.br\/blog\/#website","url":"https:\/\/blogdacondessa.com.br\/blog\/","name":"Blog da Condessa","description":"Com Shirley de Souza O\u2019Campos","potentialAction":[{"@type":"SearchAction","target":{"@type":"EntryPoint","urlTemplate":"https:\/\/blogdacondessa.com.br\/blog\/?s={search_term_string}"},"query-input":{"@type":"PropertyValueSpecification","valueRequired":true,"valueName":"search_term_string"}}],"inLanguage":"pt-BR"},{"@type":"Person","@id":"https:\/\/blogdacondessa.com.br\/blog\/#\/schema\/person\/1d667ff8b785195b568677489d266035","name":"Blog da Condessa","image":{"@type":"ImageObject","inLanguage":"pt-BR","@id":"https:\/\/secure.gravatar.com\/avatar\/377c0eb8b4ad2bfc25461b41564b5971e721ca34a57642868fc7b0c8ac7b52c5?s=96&d=mm&r=g","url":"https:\/\/secure.gravatar.com\/avatar\/377c0eb8b4ad2bfc25461b41564b5971e721ca34a57642868fc7b0c8ac7b52c5?s=96&d=mm&r=g","contentUrl":"https:\/\/secure.gravatar.com\/avatar\/377c0eb8b4ad2bfc25461b41564b5971e721ca34a57642868fc7b0c8ac7b52c5?s=96&d=mm&r=g","caption":"Blog da Condessa"},"url":"https:\/\/blogdacondessa.com.br\/blog\/author\/beatriz\/"}]}},"_links":{"self":[{"href":"https:\/\/blogdacondessa.com.br\/blog\/wp-json\/wp\/v2\/posts\/13871","targetHints":{"allow":["GET"]}}],"collection":[{"href":"https:\/\/blogdacondessa.com.br\/blog\/wp-json\/wp\/v2\/posts"}],"about":[{"href":"https:\/\/blogdacondessa.com.br\/blog\/wp-json\/wp\/v2\/types\/post"}],"author":[{"embeddable":true,"href":"https:\/\/blogdacondessa.com.br\/blog\/wp-json\/wp\/v2\/users\/2"}],"replies":[{"embeddable":true,"href":"https:\/\/blogdacondessa.com.br\/blog\/wp-json\/wp\/v2\/comments?post=13871"}],"version-history":[{"count":1,"href":"https:\/\/blogdacondessa.com.br\/blog\/wp-json\/wp\/v2\/posts\/13871\/revisions"}],"predecessor-version":[{"id":13874,"href":"https:\/\/blogdacondessa.com.br\/blog\/wp-json\/wp\/v2\/posts\/13871\/revisions\/13874"}],"wp:featuredmedia":[{"embeddable":true,"href":"https:\/\/blogdacondessa.com.br\/blog\/wp-json\/wp\/v2\/media\/13873"}],"wp:attachment":[{"href":"https:\/\/blogdacondessa.com.br\/blog\/wp-json\/wp\/v2\/media?parent=13871"}],"wp:term":[{"taxonomy":"category","embeddable":true,"href":"https:\/\/blogdacondessa.com.br\/blog\/wp-json\/wp\/v2\/categories?post=13871"},{"taxonomy":"post_tag","embeddable":true,"href":"https:\/\/blogdacondessa.com.br\/blog\/wp-json\/wp\/v2\/tags?post=13871"}],"curies":[{"name":"wp","href":"https:\/\/api.w.org\/{rel}","templated":true}]}}