{"id":13864,"date":"2026-04-05T05:00:06","date_gmt":"2026-04-05T09:00:06","guid":{"rendered":"https:\/\/blogdacondessa.com.br\/blog\/?p=13864"},"modified":"2026-04-04T18:56:02","modified_gmt":"2026-04-04T22:56:02","slug":"hoje-entendemos-que-tratar-o-cancer-e-cuidar-da-pessoa-como-um-todo","status":"publish","type":"post","link":"https:\/\/blogdacondessa.com.br\/blog\/saude\/hoje-entendemos-que-tratar-o-cancer-e-cuidar-da-pessoa-como-um-todo\/","title":{"rendered":"\u201cHoje entendemos que tratar o c\u00e2ncer \u00e9 cuidar da pessoa como um todo\u201d"},"content":{"rendered":"<p>O tratamento do c\u00e2ncer \u00e9 uma jornada que vai muito al\u00e9m dos medicamentos e das visitas regulares ao m\u00e9dico. Ao longo do processo, podem surgir efeitos vis\u00edveis como a queda de cabelo, altera\u00e7\u00f5es nas unhas e mudan\u00e7as na pele, que impactam n\u00e3o apenas a sa\u00fade f\u00edsica, mas tamb\u00e9m a autoestima, a identidade e o bem-estar emocional, principalmente das mulheres. Para a oncologista cl\u00ednica da Oncomed-MT, Najla Navarros, o autocuidado deve ser entendido como parte do pr\u00f3prio tratamento.<\/p>\n<p>\u201cCuidar de si mesma durante esse processo \u00e9 uma forma de fortalecimento: f\u00edsico, mental e social. N\u00e3o \u00e9 vaidade. \u00c9 sa\u00fade emocional e qualidade de vida. Hoje entendemos que tratar o c\u00e2ncer \u00e9 cuidar da pessoa como um todo\u201d. A m\u00e9dica relata que entre as mudan\u00e7as que mais mexem com pacientes est\u00e1 a queda de cabelo provocada pela quimioterapia. Isso acontece porque os medicamentos agem em c\u00e9lulas de r\u00e1pida divis\u00e3o, como as do fol\u00edculo capilar. Em alguns protocolos de tratamento, a perda pode ser intensa, por isso o preparo emocional antes do in\u00edcio do tratamento faz diferen\u00e7a.<\/p>\n<p>\u201cA informa\u00e7\u00e3o antecipada reduz a ansiedade e amplia a sensa\u00e7\u00e3o de controle. Em alguns casos, o resfriamento do couro cabeludo, por meio do uso da touca de crioterapia, pode ajudar a diminuir a queda, mas essa indica\u00e7\u00e3o precisa ser individualizada e discutida com a equipe m\u00e9dica\u201d, explica.<\/p>\n<p><strong>Pode ou n\u00e3o pode?<\/strong><\/p>\n<p>Durante o tratamento ativo, tamb\u00e9m \u00e9 recomendado evitar descolora\u00e7\u00f5es, alisamentos qu\u00edmicos e tinturas permanentes agressivas. \u201cMuitas mulheres encontram uma alternativa nos len\u00e7os e turbantes, mas n\u00e3o existe obriga\u00e7\u00e3o. Cada mulher deve escolher o que a faz se sentir melhor\u201d, enfatiza.<\/p>\n<p>As unhas podem sofrer altera\u00e7\u00f5es, tornando-se mais fr\u00e1geis, quebradi\u00e7as ou com manchas. Como a imunidade pode estar reduzida, pequenos traumas aumentam o risco de infec\u00e7\u00e3o. \u201c\u00c9 recomendado evitar retirar cut\u00edculas de forma agressiva. E \u00e9 fundamental utilizar materiais esterilizados em servi\u00e7os de manicure\u201d. \u00a0A m\u00e9dica traz ainda o alerta: unhas de gel, fibra ou acr\u00edlico n\u00e3o s\u00e3o recomendadas durante a quimioterapia ativa. \u201cElas podem causar microtraumas e dificultar a identifica\u00e7\u00e3o precoce de inflama\u00e7\u00f5es e infec\u00e7\u00f5es, por exemplo\u201d.<\/p>\n<p>Quando o assunto \u00e9 maquiagem, a orienta\u00e7\u00e3o \u00e9 equil\u00edbrio e seguran\u00e7a. Produtos leves, hipoalerg\u00eanicos e dermatologicamente testados podem ajudar na reconex\u00e3o com a pr\u00f3pria imagem, desde que n\u00e3o sejam compartilhados e que haja higieniza\u00e7\u00e3o adequada dos pinc\u00e9is. Em contrapartida, procedimentos que perfuram ou lesionam a pele, como micropigmenta\u00e7\u00e3o, extens\u00e3o de c\u00edlios, peelings profundos, laser e microagulhamento, devem ser evitados durante o tratamento devido ao risco de infec\u00e7\u00e3o e \u00e0 cicatriza\u00e7\u00e3o mais lenta.<\/p>\n<p>Al\u00e9m disso, pacientes que realizam procedimentos est\u00e9ticos devem sempre informar a equipe m\u00e9dica antes de exames de imagem, como resson\u00e2ncia magn\u00e9tica, tomografia ou PET-CT. Alguns materiais utilizados em preenchimentos ou bioestimuladores de col\u00e1geno podem aparecer nos exames e gerar altera\u00e7\u00f5es que dificultam a interpreta\u00e7\u00e3o dos resultados. Por isso, \u00e9 recomendado evitar esses procedimentos pr\u00f3ximos \u00e0s datas de exames e sempre buscar orienta\u00e7\u00e3o do oncologista.<\/p>\n<p><strong>Est\u00e9tica como aliada<\/strong>\u00a0\u2013 Ap\u00f3s libera\u00e7\u00e3o m\u00e9dica, muitos cuidados est\u00e9ticos podem ser retomados gradualmente. \u201cO autocuidado \u00e9 um aliado importante para manter a autoestima durante o tratamento. O mais importante \u00e9 que tudo seja feito com orienta\u00e7\u00e3o da equipe m\u00e9dica, para que n\u00e3o haja risco ao tratamento.\u201d<\/p>\n<p>A recomenda\u00e7\u00e3o final \u00e9 clara: o uso de qualquer produto ou a realiza\u00e7\u00e3o de procedimentos devem ser discutidos com a equipe oncol\u00f3gica. O autocuidado n\u00e3o substitui o tratamento, mas o complementa com seguran\u00e7a, informa\u00e7\u00e3o e respeito \u00e0 individualidade.<\/p>\n<p>&nbsp;<\/p>\n","protected":false},"excerpt":{"rendered":"<p>O tratamento do c\u00e2ncer \u00e9 uma jornada que vai muito al\u00e9m dos medicamentos e das visitas regulares ao m\u00e9dico. Ao longo do processo, podem surgir efeitos vis\u00edveis como a queda de cabelo, altera\u00e7\u00f5es nas unhas e mudan\u00e7as na pele, que impactam n\u00e3o apenas a sa\u00fade f\u00edsica, mas tamb\u00e9m a autoestima, a identidade e o bem-estar [&hellip;]<\/p>\n","protected":false},"author":2,"featured_media":13865,"comment_status":"closed","ping_status":"closed","sticky":false,"template":"","format":"standard","meta":{"iawp_total_views":15,"footnotes":""},"categories":[5],"tags":[],"class_list":["post-13864","post","type-post","status-publish","format-standard","has-post-thumbnail","hentry","category-saude"],"yoast_head":"<!-- This site is optimized with the Yoast SEO plugin v27.3 - https:\/\/yoast.com\/product\/yoast-seo-wordpress\/ -->\n<title>\u201cHoje entendemos que tratar o c\u00e2ncer \u00e9 cuidar da pessoa como um todo\u201d &#8902; Blog da Condessa<\/title>\n<meta name=\"robots\" content=\"index, follow, max-snippet:-1, max-image-preview:large, max-video-preview:-1\" \/>\n<link rel=\"canonical\" href=\"https:\/\/blogdacondessa.com.br\/blog\/saude\/hoje-entendemos-que-tratar-o-cancer-e-cuidar-da-pessoa-como-um-todo\/\" \/>\n<meta property=\"og:locale\" content=\"pt_BR\" \/>\n<meta property=\"og:type\" content=\"article\" \/>\n<meta property=\"og:title\" content=\"\u201cHoje entendemos que tratar o c\u00e2ncer \u00e9 cuidar da pessoa como um todo\u201d &#8902; Blog da Condessa\" \/>\n<meta property=\"og:description\" content=\"O tratamento do c\u00e2ncer \u00e9 uma jornada que vai muito al\u00e9m dos medicamentos e das visitas regulares ao m\u00e9dico. Ao longo do processo, podem surgir efeitos vis\u00edveis como a queda de cabelo, altera\u00e7\u00f5es nas unhas e mudan\u00e7as na pele, que impactam n\u00e3o apenas a sa\u00fade f\u00edsica, mas tamb\u00e9m a autoestima, a identidade e o bem-estar [&hellip;]\" \/>\n<meta property=\"og:url\" content=\"https:\/\/blogdacondessa.com.br\/blog\/saude\/hoje-entendemos-que-tratar-o-cancer-e-cuidar-da-pessoa-como-um-todo\/\" \/>\n<meta property=\"og:site_name\" content=\"Blog da Condessa\" \/>\n<meta property=\"article:published_time\" content=\"2026-04-05T09:00:06+00:00\" \/>\n<meta property=\"og:image\" content=\"https:\/\/blogdacondessa.com.br\/blog\/wp-content\/uploads\/2026\/04\/najla.jpg\" \/>\n\t<meta property=\"og:image:width\" content=\"1537\" \/>\n\t<meta property=\"og:image:height\" content=\"1022\" \/>\n\t<meta property=\"og:image:type\" content=\"image\/jpeg\" \/>\n<meta name=\"author\" content=\"Blog da Condessa\" \/>\n<meta name=\"twitter:card\" content=\"summary_large_image\" \/>\n<meta name=\"twitter:label1\" content=\"Escrito por\" \/>\n\t<meta name=\"twitter:data1\" content=\"Blog da Condessa\" \/>\n\t<meta name=\"twitter:label2\" content=\"Est. tempo de leitura\" \/>\n\t<meta name=\"twitter:data2\" content=\"4 minutos\" \/>\n<script type=\"application\/ld+json\" class=\"yoast-schema-graph\">{\"@context\":\"https:\\\/\\\/schema.org\",\"@graph\":[{\"@type\":\"Article\",\"@id\":\"https:\\\/\\\/blogdacondessa.com.br\\\/blog\\\/saude\\\/hoje-entendemos-que-tratar-o-cancer-e-cuidar-da-pessoa-como-um-todo\\\/#article\",\"isPartOf\":{\"@id\":\"https:\\\/\\\/blogdacondessa.com.br\\\/blog\\\/saude\\\/hoje-entendemos-que-tratar-o-cancer-e-cuidar-da-pessoa-como-um-todo\\\/\"},\"author\":{\"name\":\"Blog da Condessa\",\"@id\":\"https:\\\/\\\/blogdacondessa.com.br\\\/blog\\\/#\\\/schema\\\/person\\\/1d667ff8b785195b568677489d266035\"},\"headline\":\"\u201cHoje entendemos que tratar o c\u00e2ncer \u00e9 cuidar da pessoa como um todo\u201d\",\"datePublished\":\"2026-04-05T09:00:06+00:00\",\"mainEntityOfPage\":{\"@id\":\"https:\\\/\\\/blogdacondessa.com.br\\\/blog\\\/saude\\\/hoje-entendemos-que-tratar-o-cancer-e-cuidar-da-pessoa-como-um-todo\\\/\"},\"wordCount\":646,\"image\":{\"@id\":\"https:\\\/\\\/blogdacondessa.com.br\\\/blog\\\/saude\\\/hoje-entendemos-que-tratar-o-cancer-e-cuidar-da-pessoa-como-um-todo\\\/#primaryimage\"},\"thumbnailUrl\":\"https:\\\/\\\/blogdacondessa.com.br\\\/blog\\\/wp-content\\\/uploads\\\/2026\\\/04\\\/najla.jpg\",\"articleSection\":[\"Sa\u00fade\"],\"inLanguage\":\"pt-BR\"},{\"@type\":\"WebPage\",\"@id\":\"https:\\\/\\\/blogdacondessa.com.br\\\/blog\\\/saude\\\/hoje-entendemos-que-tratar-o-cancer-e-cuidar-da-pessoa-como-um-todo\\\/\",\"url\":\"https:\\\/\\\/blogdacondessa.com.br\\\/blog\\\/saude\\\/hoje-entendemos-que-tratar-o-cancer-e-cuidar-da-pessoa-como-um-todo\\\/\",\"name\":\"\u201cHoje entendemos que tratar o c\u00e2ncer \u00e9 cuidar da pessoa como um todo\u201d &#8902; Blog da Condessa\",\"isPartOf\":{\"@id\":\"https:\\\/\\\/blogdacondessa.com.br\\\/blog\\\/#website\"},\"primaryImageOfPage\":{\"@id\":\"https:\\\/\\\/blogdacondessa.com.br\\\/blog\\\/saude\\\/hoje-entendemos-que-tratar-o-cancer-e-cuidar-da-pessoa-como-um-todo\\\/#primaryimage\"},\"image\":{\"@id\":\"https:\\\/\\\/blogdacondessa.com.br\\\/blog\\\/saude\\\/hoje-entendemos-que-tratar-o-cancer-e-cuidar-da-pessoa-como-um-todo\\\/#primaryimage\"},\"thumbnailUrl\":\"https:\\\/\\\/blogdacondessa.com.br\\\/blog\\\/wp-content\\\/uploads\\\/2026\\\/04\\\/najla.jpg\",\"datePublished\":\"2026-04-05T09:00:06+00:00\",\"author\":{\"@id\":\"https:\\\/\\\/blogdacondessa.com.br\\\/blog\\\/#\\\/schema\\\/person\\\/1d667ff8b785195b568677489d266035\"},\"breadcrumb\":{\"@id\":\"https:\\\/\\\/blogdacondessa.com.br\\\/blog\\\/saude\\\/hoje-entendemos-que-tratar-o-cancer-e-cuidar-da-pessoa-como-um-todo\\\/#breadcrumb\"},\"inLanguage\":\"pt-BR\",\"potentialAction\":[{\"@type\":\"ReadAction\",\"target\":[\"https:\\\/\\\/blogdacondessa.com.br\\\/blog\\\/saude\\\/hoje-entendemos-que-tratar-o-cancer-e-cuidar-da-pessoa-como-um-todo\\\/\"]}]},{\"@type\":\"ImageObject\",\"inLanguage\":\"pt-BR\",\"@id\":\"https:\\\/\\\/blogdacondessa.com.br\\\/blog\\\/saude\\\/hoje-entendemos-que-tratar-o-cancer-e-cuidar-da-pessoa-como-um-todo\\\/#primaryimage\",\"url\":\"https:\\\/\\\/blogdacondessa.com.br\\\/blog\\\/wp-content\\\/uploads\\\/2026\\\/04\\\/najla.jpg\",\"contentUrl\":\"https:\\\/\\\/blogdacondessa.com.br\\\/blog\\\/wp-content\\\/uploads\\\/2026\\\/04\\\/najla.jpg\",\"width\":1537,\"height\":1022},{\"@type\":\"BreadcrumbList\",\"@id\":\"https:\\\/\\\/blogdacondessa.com.br\\\/blog\\\/saude\\\/hoje-entendemos-que-tratar-o-cancer-e-cuidar-da-pessoa-como-um-todo\\\/#breadcrumb\",\"itemListElement\":[{\"@type\":\"ListItem\",\"position\":1,\"name\":\"In\u00edcio\",\"item\":\"https:\\\/\\\/blogdacondessa.com.br\\\/blog\\\/\"},{\"@type\":\"ListItem\",\"position\":2,\"name\":\"\u201cHoje entendemos que tratar o c\u00e2ncer \u00e9 cuidar da pessoa como um todo\u201d\"}]},{\"@type\":\"WebSite\",\"@id\":\"https:\\\/\\\/blogdacondessa.com.br\\\/blog\\\/#website\",\"url\":\"https:\\\/\\\/blogdacondessa.com.br\\\/blog\\\/\",\"name\":\"Blog da Condessa\",\"description\":\"Com Shirley de Souza O\u2019Campos\",\"potentialAction\":[{\"@type\":\"SearchAction\",\"target\":{\"@type\":\"EntryPoint\",\"urlTemplate\":\"https:\\\/\\\/blogdacondessa.com.br\\\/blog\\\/?s={search_term_string}\"},\"query-input\":{\"@type\":\"PropertyValueSpecification\",\"valueRequired\":true,\"valueName\":\"search_term_string\"}}],\"inLanguage\":\"pt-BR\"},{\"@type\":\"Person\",\"@id\":\"https:\\\/\\\/blogdacondessa.com.br\\\/blog\\\/#\\\/schema\\\/person\\\/1d667ff8b785195b568677489d266035\",\"name\":\"Blog da Condessa\",\"image\":{\"@type\":\"ImageObject\",\"inLanguage\":\"pt-BR\",\"@id\":\"https:\\\/\\\/secure.gravatar.com\\\/avatar\\\/377c0eb8b4ad2bfc25461b41564b5971e721ca34a57642868fc7b0c8ac7b52c5?s=96&d=mm&r=g\",\"url\":\"https:\\\/\\\/secure.gravatar.com\\\/avatar\\\/377c0eb8b4ad2bfc25461b41564b5971e721ca34a57642868fc7b0c8ac7b52c5?s=96&d=mm&r=g\",\"contentUrl\":\"https:\\\/\\\/secure.gravatar.com\\\/avatar\\\/377c0eb8b4ad2bfc25461b41564b5971e721ca34a57642868fc7b0c8ac7b52c5?s=96&d=mm&r=g\",\"caption\":\"Blog da Condessa\"},\"url\":\"https:\\\/\\\/blogdacondessa.com.br\\\/blog\\\/author\\\/beatriz\\\/\"}]}<\/script>\n<!-- \/ Yoast SEO plugin. -->","yoast_head_json":{"title":"\u201cHoje entendemos que tratar o c\u00e2ncer \u00e9 cuidar da pessoa como um todo\u201d &#8902; Blog da Condessa","robots":{"index":"index","follow":"follow","max-snippet":"max-snippet:-1","max-image-preview":"max-image-preview:large","max-video-preview":"max-video-preview:-1"},"canonical":"https:\/\/blogdacondessa.com.br\/blog\/saude\/hoje-entendemos-que-tratar-o-cancer-e-cuidar-da-pessoa-como-um-todo\/","og_locale":"pt_BR","og_type":"article","og_title":"\u201cHoje entendemos que tratar o c\u00e2ncer \u00e9 cuidar da pessoa como um todo\u201d &#8902; Blog da Condessa","og_description":"O tratamento do c\u00e2ncer \u00e9 uma jornada que vai muito al\u00e9m dos medicamentos e das visitas regulares ao m\u00e9dico. Ao longo do processo, podem surgir efeitos vis\u00edveis como a queda de cabelo, altera\u00e7\u00f5es nas unhas e mudan\u00e7as na pele, que impactam n\u00e3o apenas a sa\u00fade f\u00edsica, mas tamb\u00e9m a autoestima, a identidade e o bem-estar [&hellip;]","og_url":"https:\/\/blogdacondessa.com.br\/blog\/saude\/hoje-entendemos-que-tratar-o-cancer-e-cuidar-da-pessoa-como-um-todo\/","og_site_name":"Blog da Condessa","article_published_time":"2026-04-05T09:00:06+00:00","og_image":[{"width":1537,"height":1022,"url":"https:\/\/blogdacondessa.com.br\/blog\/wp-content\/uploads\/2026\/04\/najla.jpg","type":"image\/jpeg"}],"author":"Blog da Condessa","twitter_card":"summary_large_image","twitter_misc":{"Escrito por":"Blog da Condessa","Est. tempo de leitura":"4 minutos"},"schema":{"@context":"https:\/\/schema.org","@graph":[{"@type":"Article","@id":"https:\/\/blogdacondessa.com.br\/blog\/saude\/hoje-entendemos-que-tratar-o-cancer-e-cuidar-da-pessoa-como-um-todo\/#article","isPartOf":{"@id":"https:\/\/blogdacondessa.com.br\/blog\/saude\/hoje-entendemos-que-tratar-o-cancer-e-cuidar-da-pessoa-como-um-todo\/"},"author":{"name":"Blog da Condessa","@id":"https:\/\/blogdacondessa.com.br\/blog\/#\/schema\/person\/1d667ff8b785195b568677489d266035"},"headline":"\u201cHoje entendemos que tratar o c\u00e2ncer \u00e9 cuidar da pessoa como um todo\u201d","datePublished":"2026-04-05T09:00:06+00:00","mainEntityOfPage":{"@id":"https:\/\/blogdacondessa.com.br\/blog\/saude\/hoje-entendemos-que-tratar-o-cancer-e-cuidar-da-pessoa-como-um-todo\/"},"wordCount":646,"image":{"@id":"https:\/\/blogdacondessa.com.br\/blog\/saude\/hoje-entendemos-que-tratar-o-cancer-e-cuidar-da-pessoa-como-um-todo\/#primaryimage"},"thumbnailUrl":"https:\/\/blogdacondessa.com.br\/blog\/wp-content\/uploads\/2026\/04\/najla.jpg","articleSection":["Sa\u00fade"],"inLanguage":"pt-BR"},{"@type":"WebPage","@id":"https:\/\/blogdacondessa.com.br\/blog\/saude\/hoje-entendemos-que-tratar-o-cancer-e-cuidar-da-pessoa-como-um-todo\/","url":"https:\/\/blogdacondessa.com.br\/blog\/saude\/hoje-entendemos-que-tratar-o-cancer-e-cuidar-da-pessoa-como-um-todo\/","name":"\u201cHoje entendemos que tratar o c\u00e2ncer \u00e9 cuidar da pessoa como um todo\u201d &#8902; Blog da Condessa","isPartOf":{"@id":"https:\/\/blogdacondessa.com.br\/blog\/#website"},"primaryImageOfPage":{"@id":"https:\/\/blogdacondessa.com.br\/blog\/saude\/hoje-entendemos-que-tratar-o-cancer-e-cuidar-da-pessoa-como-um-todo\/#primaryimage"},"image":{"@id":"https:\/\/blogdacondessa.com.br\/blog\/saude\/hoje-entendemos-que-tratar-o-cancer-e-cuidar-da-pessoa-como-um-todo\/#primaryimage"},"thumbnailUrl":"https:\/\/blogdacondessa.com.br\/blog\/wp-content\/uploads\/2026\/04\/najla.jpg","datePublished":"2026-04-05T09:00:06+00:00","author":{"@id":"https:\/\/blogdacondessa.com.br\/blog\/#\/schema\/person\/1d667ff8b785195b568677489d266035"},"breadcrumb":{"@id":"https:\/\/blogdacondessa.com.br\/blog\/saude\/hoje-entendemos-que-tratar-o-cancer-e-cuidar-da-pessoa-como-um-todo\/#breadcrumb"},"inLanguage":"pt-BR","potentialAction":[{"@type":"ReadAction","target":["https:\/\/blogdacondessa.com.br\/blog\/saude\/hoje-entendemos-que-tratar-o-cancer-e-cuidar-da-pessoa-como-um-todo\/"]}]},{"@type":"ImageObject","inLanguage":"pt-BR","@id":"https:\/\/blogdacondessa.com.br\/blog\/saude\/hoje-entendemos-que-tratar-o-cancer-e-cuidar-da-pessoa-como-um-todo\/#primaryimage","url":"https:\/\/blogdacondessa.com.br\/blog\/wp-content\/uploads\/2026\/04\/najla.jpg","contentUrl":"https:\/\/blogdacondessa.com.br\/blog\/wp-content\/uploads\/2026\/04\/najla.jpg","width":1537,"height":1022},{"@type":"BreadcrumbList","@id":"https:\/\/blogdacondessa.com.br\/blog\/saude\/hoje-entendemos-que-tratar-o-cancer-e-cuidar-da-pessoa-como-um-todo\/#breadcrumb","itemListElement":[{"@type":"ListItem","position":1,"name":"In\u00edcio","item":"https:\/\/blogdacondessa.com.br\/blog\/"},{"@type":"ListItem","position":2,"name":"\u201cHoje entendemos que tratar o c\u00e2ncer \u00e9 cuidar da pessoa como um todo\u201d"}]},{"@type":"WebSite","@id":"https:\/\/blogdacondessa.com.br\/blog\/#website","url":"https:\/\/blogdacondessa.com.br\/blog\/","name":"Blog da Condessa","description":"Com Shirley de Souza O\u2019Campos","potentialAction":[{"@type":"SearchAction","target":{"@type":"EntryPoint","urlTemplate":"https:\/\/blogdacondessa.com.br\/blog\/?s={search_term_string}"},"query-input":{"@type":"PropertyValueSpecification","valueRequired":true,"valueName":"search_term_string"}}],"inLanguage":"pt-BR"},{"@type":"Person","@id":"https:\/\/blogdacondessa.com.br\/blog\/#\/schema\/person\/1d667ff8b785195b568677489d266035","name":"Blog da Condessa","image":{"@type":"ImageObject","inLanguage":"pt-BR","@id":"https:\/\/secure.gravatar.com\/avatar\/377c0eb8b4ad2bfc25461b41564b5971e721ca34a57642868fc7b0c8ac7b52c5?s=96&d=mm&r=g","url":"https:\/\/secure.gravatar.com\/avatar\/377c0eb8b4ad2bfc25461b41564b5971e721ca34a57642868fc7b0c8ac7b52c5?s=96&d=mm&r=g","contentUrl":"https:\/\/secure.gravatar.com\/avatar\/377c0eb8b4ad2bfc25461b41564b5971e721ca34a57642868fc7b0c8ac7b52c5?s=96&d=mm&r=g","caption":"Blog da Condessa"},"url":"https:\/\/blogdacondessa.com.br\/blog\/author\/beatriz\/"}]}},"_links":{"self":[{"href":"https:\/\/blogdacondessa.com.br\/blog\/wp-json\/wp\/v2\/posts\/13864","targetHints":{"allow":["GET"]}}],"collection":[{"href":"https:\/\/blogdacondessa.com.br\/blog\/wp-json\/wp\/v2\/posts"}],"about":[{"href":"https:\/\/blogdacondessa.com.br\/blog\/wp-json\/wp\/v2\/types\/post"}],"author":[{"embeddable":true,"href":"https:\/\/blogdacondessa.com.br\/blog\/wp-json\/wp\/v2\/users\/2"}],"replies":[{"embeddable":true,"href":"https:\/\/blogdacondessa.com.br\/blog\/wp-json\/wp\/v2\/comments?post=13864"}],"version-history":[{"count":1,"href":"https:\/\/blogdacondessa.com.br\/blog\/wp-json\/wp\/v2\/posts\/13864\/revisions"}],"predecessor-version":[{"id":13866,"href":"https:\/\/blogdacondessa.com.br\/blog\/wp-json\/wp\/v2\/posts\/13864\/revisions\/13866"}],"wp:featuredmedia":[{"embeddable":true,"href":"https:\/\/blogdacondessa.com.br\/blog\/wp-json\/wp\/v2\/media\/13865"}],"wp:attachment":[{"href":"https:\/\/blogdacondessa.com.br\/blog\/wp-json\/wp\/v2\/media?parent=13864"}],"wp:term":[{"taxonomy":"category","embeddable":true,"href":"https:\/\/blogdacondessa.com.br\/blog\/wp-json\/wp\/v2\/categories?post=13864"},{"taxonomy":"post_tag","embeddable":true,"href":"https:\/\/blogdacondessa.com.br\/blog\/wp-json\/wp\/v2\/tags?post=13864"}],"curies":[{"name":"wp","href":"https:\/\/api.w.org\/{rel}","templated":true}]}}