{"id":13859,"date":"2026-04-04T05:00:54","date_gmt":"2026-04-04T09:00:54","guid":{"rendered":"https:\/\/blogdacondessa.com.br\/blog\/?p=13859"},"modified":"2026-04-03T18:20:00","modified_gmt":"2026-04-03T22:20:00","slug":"com-apoio-da-desenvolve-mt-empresario-fortalece-e-moderniza-restaurantes-conceituais-na-capital","status":"publish","type":"post","link":"https:\/\/blogdacondessa.com.br\/blog\/negocios\/com-apoio-da-desenvolve-mt-empresario-fortalece-e-moderniza-restaurantes-conceituais-na-capital\/","title":{"rendered":"Com apoio da Desenvolve MT empres\u00e1rio fortalece e moderniza restaurantes conceituais na capital"},"content":{"rendered":"<p>De advogado empres\u00e1rio da gastronomia, Daniel Teixeira transformou uma oportunidade inesperada em um neg\u00f3cio consolidado em Cuiab\u00e1. \u00c0 frente dos restaurantes Varadero e Talavera, e empres\u00e1rio h\u00e1 mais de 20 anos, ele investiu em conceitos pr\u00f3prios e na adapta\u00e7\u00e3o constante ao mercado, contando com o apoio da Desenvolve MT \u2013 Ag\u00eancia de Fomento do Estado de Mato Grosso para ampliar, modernizar e manter as opera\u00e7\u00f5es dos restaurantes em per\u00edodos desafiadores.<\/p>\n<p>A trajet\u00f3ria do empres\u00e1rio no setor gastron\u00f4mico come\u00e7ou a partir de um convite profissional. Na \u00e9poca, um de seus clientes o chamou para integrar a sociedade do ent\u00e3o Caf\u00e9 Cancun, em Cuiab\u00e1. Foi assim que ele deu os primeiros passos no ramo de bares e restaurantes.. Por\u00e9m, com o encerramento das atividades do Caf\u00e9 Cancun, surgiu a necessidade de reposicionar o neg\u00f3cio.\u00a0\u00a0 \u00a0.<\/p>\n<p>A busca por um novo conceito levou \u00e0 cria\u00e7\u00e3o do Varadero, h\u00e1 doze anos, que carrega o nome de uma cidade praiana visitada por Daniel durante sua lua de mel, e o restaurante logo conquistou espa\u00e7o na cena gastron\u00f4mica da capital. \u00a0Outras iniciativas foram testadas ao longo da trajet\u00f3ria, como o Canela Fina at\u00e9 que, diante do sucesso do Varadero, nasceu o Talavera, ampliando a presen\u00e7a do grupo na cidade.<\/p>\n<p>Daniel conta que desde o in\u00edcio, a proposta foi criar casas com identidade pr\u00f3pria, fugindo de modelos padronizados. A ideia inicial, inspirada em casas de pescadores e ambientes praianos, ganhou novos rumos ao longo da execu\u00e7\u00e3o. Grande parte dos elementos utilizados na constru\u00e7\u00e3o veio de demoli\u00e7\u00f5es e dep\u00f3sitos, especialmente do litoral paulista. \u201cTrouxemos um caminh\u00e3o inteiro de materiais, como janelas antigas de casas de praia, e fomos criando o espa\u00e7o a partir dessas pe\u00e7as. \u00c9 como montar um avi\u00e3o em pleno voo, voc\u00ea constr\u00f3i em torno do que tem\u201d, relembra.<\/p>\n<p>Entre os principais desafios enfrentados no in\u00edcio estavam a execu\u00e7\u00e3o da obra, a defini\u00e7\u00e3o do card\u00e1pio e a forma\u00e7\u00e3o da equipe. Segundo o empres\u00e1rio, o visual diferenciado do Varadero levava muitos clientes a imaginarem uma proposta sofisticada, mas a ideia sempre foi outra, oferecer comida cl\u00e1ssica, bem executada e com foco na satisfa\u00e7\u00e3o.<\/p>\n<p>A busca por refer\u00eancia tamb\u00e9m faz parte da constru\u00e7\u00e3o do neg\u00f3cio. Em viagens ao exterior, Daniel observava restaurantes que atravessaram gera\u00e7\u00f5es e tend\u00eancias gastron\u00f4micas, identificando padr\u00f5es que pudessem ser aplicados em Cuiab\u00e1.<\/p>\n<p>Para ele, um dos maiores desafios do empreendedor \u00e9 acompanhar as mudan\u00e7as de comportamento do consumidor e do mercado. \u201cA gente est\u00e1 sempre mudando. Veio a pandemia, o crescimento do delivery, novos h\u00e1bitos de consumo, tudo isso exige adapta\u00e7\u00e3o constante\u201d, afirma.<\/p>\n<p>Uma dessas transforma\u00e7\u00f5es foi a cria\u00e7\u00e3o da dark kitchen, modelo de cozinha voltado exclusivamente para entregas. Inicialmente, o delivery funcionava a partir dos pr\u00f3prios restaurantes, mas, com o aumento da demanda, foi estruturado um espa\u00e7o espec\u00edfico para atender esse p\u00fablico.<\/p>\n<p>Como muitos empreendedores, Daniel destaca que o acesso ao cr\u00e9dito com condi\u00e7\u00f5es adequadas \u00e9 essencial para sustentar e expandir o neg\u00f3cio. Com o apoio da Desenvolve MT, os restaurantes Varadero e Talavera passaram por reforma e moderniza\u00e7\u00e3o, com foco na climatiza\u00e7\u00e3o dos ambientes, uma necessidade estrat\u00e9gica diante das altas temperaturas de Cuiab\u00e1, al\u00e9m de capital de giro. Posteriormente, Daniel solicitou o terceiro cr\u00e9dito, que contribuiu para a implanta\u00e7\u00e3o da dark kitchen.<\/p>\n<p>Para o empres\u00e1rio, o apoio da Desenvolve MT \u00e9 indispens\u00e1vel para a sustentabilidade dos neg\u00f3cios em Mato Grosso. Segundo ele, o ambiente empresarial \u00e9 marcado por oscila\u00e7\u00f5es constantes, e, em muitos momentos, o acesso ao cr\u00e9dito funciona como um suporte decisivo para a continuidade das atividades.<\/p>\n<p>Ele relembra que, durante a pandemia, o aux\u00edlio foi fundamental para manter a empresa em funcionamento. Sem esse suporte, aliado a recursos pr\u00f3prios, o desfecho poderia ter sido o encerramento das opera\u00e7\u00f5es. \u201cEm cen\u00e1rios de crise, esse tipo de apoio faz toda a diferen\u00e7a. \u00c9 o que permite atravessar os momentos mais dif\u00edceis e manter o neg\u00f3cio de p\u00e9\u201d, afirma.<\/p>\n","protected":false},"excerpt":{"rendered":"<p>De advogado empres\u00e1rio da gastronomia, Daniel Teixeira transformou uma oportunidade inesperada em um neg\u00f3cio consolidado em Cuiab\u00e1. \u00c0 frente dos restaurantes Varadero e Talavera, e empres\u00e1rio h\u00e1 mais de 20 anos, ele investiu em conceitos pr\u00f3prios e na adapta\u00e7\u00e3o constante ao mercado, contando com o apoio da Desenvolve MT \u2013 Ag\u00eancia de Fomento do Estado [&hellip;]<\/p>\n","protected":false},"author":2,"featured_media":13860,"comment_status":"closed","ping_status":"closed","sticky":false,"template":"","format":"standard","meta":{"iawp_total_views":48,"footnotes":""},"categories":[7],"tags":[],"class_list":["post-13859","post","type-post","status-publish","format-standard","has-post-thumbnail","hentry","category-negocios"],"yoast_head":"<!-- This site is optimized with the Yoast SEO plugin v27.3 - https:\/\/yoast.com\/product\/yoast-seo-wordpress\/ -->\n<title>Com apoio da Desenvolve MT empres\u00e1rio fortalece e moderniza restaurantes conceituais na capital &#8902; Blog da Condessa<\/title>\n<meta name=\"robots\" content=\"index, follow, max-snippet:-1, max-image-preview:large, max-video-preview:-1\" \/>\n<link rel=\"canonical\" href=\"https:\/\/blogdacondessa.com.br\/blog\/negocios\/com-apoio-da-desenvolve-mt-empresario-fortalece-e-moderniza-restaurantes-conceituais-na-capital\/\" \/>\n<meta property=\"og:locale\" content=\"pt_BR\" \/>\n<meta property=\"og:type\" content=\"article\" \/>\n<meta property=\"og:title\" content=\"Com apoio da Desenvolve MT empres\u00e1rio fortalece e moderniza restaurantes conceituais na capital &#8902; Blog da Condessa\" \/>\n<meta property=\"og:description\" content=\"De advogado empres\u00e1rio da gastronomia, Daniel Teixeira transformou uma oportunidade inesperada em um neg\u00f3cio consolidado em Cuiab\u00e1. \u00c0 frente dos restaurantes Varadero e Talavera, e empres\u00e1rio h\u00e1 mais de 20 anos, ele investiu em conceitos pr\u00f3prios e na adapta\u00e7\u00e3o constante ao mercado, contando com o apoio da Desenvolve MT \u2013 Ag\u00eancia de Fomento do Estado [&hellip;]\" \/>\n<meta property=\"og:url\" content=\"https:\/\/blogdacondessa.com.br\/blog\/negocios\/com-apoio-da-desenvolve-mt-empresario-fortalece-e-moderniza-restaurantes-conceituais-na-capital\/\" \/>\n<meta property=\"og:site_name\" content=\"Blog da Condessa\" \/>\n<meta property=\"article:published_time\" content=\"2026-04-04T09:00:54+00:00\" \/>\n<meta property=\"og:image\" content=\"https:\/\/blogdacondessa.com.br\/blog\/wp-content\/uploads\/2026\/04\/FOTO-CAPA-VARADER.jpg\" \/>\n\t<meta property=\"og:image:width\" content=\"1024\" \/>\n\t<meta property=\"og:image:height\" content=\"768\" \/>\n\t<meta property=\"og:image:type\" content=\"image\/jpeg\" \/>\n<meta name=\"author\" content=\"Blog da Condessa\" \/>\n<meta name=\"twitter:card\" content=\"summary_large_image\" \/>\n<meta name=\"twitter:label1\" content=\"Escrito por\" \/>\n\t<meta name=\"twitter:data1\" content=\"Blog da Condessa\" \/>\n\t<meta name=\"twitter:label2\" content=\"Est. tempo de leitura\" \/>\n\t<meta name=\"twitter:data2\" content=\"4 minutos\" \/>\n<script type=\"application\/ld+json\" class=\"yoast-schema-graph\">{\"@context\":\"https:\\\/\\\/schema.org\",\"@graph\":[{\"@type\":\"Article\",\"@id\":\"https:\\\/\\\/blogdacondessa.com.br\\\/blog\\\/negocios\\\/com-apoio-da-desenvolve-mt-empresario-fortalece-e-moderniza-restaurantes-conceituais-na-capital\\\/#article\",\"isPartOf\":{\"@id\":\"https:\\\/\\\/blogdacondessa.com.br\\\/blog\\\/negocios\\\/com-apoio-da-desenvolve-mt-empresario-fortalece-e-moderniza-restaurantes-conceituais-na-capital\\\/\"},\"author\":{\"name\":\"Blog da Condessa\",\"@id\":\"https:\\\/\\\/blogdacondessa.com.br\\\/blog\\\/#\\\/schema\\\/person\\\/1d667ff8b785195b568677489d266035\"},\"headline\":\"Com apoio da Desenvolve MT empres\u00e1rio fortalece e moderniza restaurantes conceituais na capital\",\"datePublished\":\"2026-04-04T09:00:54+00:00\",\"mainEntityOfPage\":{\"@id\":\"https:\\\/\\\/blogdacondessa.com.br\\\/blog\\\/negocios\\\/com-apoio-da-desenvolve-mt-empresario-fortalece-e-moderniza-restaurantes-conceituais-na-capital\\\/\"},\"wordCount\":716,\"image\":{\"@id\":\"https:\\\/\\\/blogdacondessa.com.br\\\/blog\\\/negocios\\\/com-apoio-da-desenvolve-mt-empresario-fortalece-e-moderniza-restaurantes-conceituais-na-capital\\\/#primaryimage\"},\"thumbnailUrl\":\"https:\\\/\\\/blogdacondessa.com.br\\\/blog\\\/wp-content\\\/uploads\\\/2026\\\/04\\\/FOTO-CAPA-VARADER.jpg\",\"articleSection\":[\"Neg\u00f3cios\"],\"inLanguage\":\"pt-BR\"},{\"@type\":\"WebPage\",\"@id\":\"https:\\\/\\\/blogdacondessa.com.br\\\/blog\\\/negocios\\\/com-apoio-da-desenvolve-mt-empresario-fortalece-e-moderniza-restaurantes-conceituais-na-capital\\\/\",\"url\":\"https:\\\/\\\/blogdacondessa.com.br\\\/blog\\\/negocios\\\/com-apoio-da-desenvolve-mt-empresario-fortalece-e-moderniza-restaurantes-conceituais-na-capital\\\/\",\"name\":\"Com apoio da Desenvolve MT empres\u00e1rio fortalece e moderniza restaurantes conceituais na capital &#8902; Blog da Condessa\",\"isPartOf\":{\"@id\":\"https:\\\/\\\/blogdacondessa.com.br\\\/blog\\\/#website\"},\"primaryImageOfPage\":{\"@id\":\"https:\\\/\\\/blogdacondessa.com.br\\\/blog\\\/negocios\\\/com-apoio-da-desenvolve-mt-empresario-fortalece-e-moderniza-restaurantes-conceituais-na-capital\\\/#primaryimage\"},\"image\":{\"@id\":\"https:\\\/\\\/blogdacondessa.com.br\\\/blog\\\/negocios\\\/com-apoio-da-desenvolve-mt-empresario-fortalece-e-moderniza-restaurantes-conceituais-na-capital\\\/#primaryimage\"},\"thumbnailUrl\":\"https:\\\/\\\/blogdacondessa.com.br\\\/blog\\\/wp-content\\\/uploads\\\/2026\\\/04\\\/FOTO-CAPA-VARADER.jpg\",\"datePublished\":\"2026-04-04T09:00:54+00:00\",\"author\":{\"@id\":\"https:\\\/\\\/blogdacondessa.com.br\\\/blog\\\/#\\\/schema\\\/person\\\/1d667ff8b785195b568677489d266035\"},\"breadcrumb\":{\"@id\":\"https:\\\/\\\/blogdacondessa.com.br\\\/blog\\\/negocios\\\/com-apoio-da-desenvolve-mt-empresario-fortalece-e-moderniza-restaurantes-conceituais-na-capital\\\/#breadcrumb\"},\"inLanguage\":\"pt-BR\",\"potentialAction\":[{\"@type\":\"ReadAction\",\"target\":[\"https:\\\/\\\/blogdacondessa.com.br\\\/blog\\\/negocios\\\/com-apoio-da-desenvolve-mt-empresario-fortalece-e-moderniza-restaurantes-conceituais-na-capital\\\/\"]}]},{\"@type\":\"ImageObject\",\"inLanguage\":\"pt-BR\",\"@id\":\"https:\\\/\\\/blogdacondessa.com.br\\\/blog\\\/negocios\\\/com-apoio-da-desenvolve-mt-empresario-fortalece-e-moderniza-restaurantes-conceituais-na-capital\\\/#primaryimage\",\"url\":\"https:\\\/\\\/blogdacondessa.com.br\\\/blog\\\/wp-content\\\/uploads\\\/2026\\\/04\\\/FOTO-CAPA-VARADER.jpg\",\"contentUrl\":\"https:\\\/\\\/blogdacondessa.com.br\\\/blog\\\/wp-content\\\/uploads\\\/2026\\\/04\\\/FOTO-CAPA-VARADER.jpg\",\"width\":1024,\"height\":768,\"caption\":\"Cr\u00e9dito - Assessoria Desenvolve MT\"},{\"@type\":\"BreadcrumbList\",\"@id\":\"https:\\\/\\\/blogdacondessa.com.br\\\/blog\\\/negocios\\\/com-apoio-da-desenvolve-mt-empresario-fortalece-e-moderniza-restaurantes-conceituais-na-capital\\\/#breadcrumb\",\"itemListElement\":[{\"@type\":\"ListItem\",\"position\":1,\"name\":\"In\u00edcio\",\"item\":\"https:\\\/\\\/blogdacondessa.com.br\\\/blog\\\/\"},{\"@type\":\"ListItem\",\"position\":2,\"name\":\"Com apoio da Desenvolve MT empres\u00e1rio fortalece e moderniza restaurantes conceituais na capital\"}]},{\"@type\":\"WebSite\",\"@id\":\"https:\\\/\\\/blogdacondessa.com.br\\\/blog\\\/#website\",\"url\":\"https:\\\/\\\/blogdacondessa.com.br\\\/blog\\\/\",\"name\":\"Blog da Condessa\",\"description\":\"Com Shirley de Souza O\u2019Campos\",\"potentialAction\":[{\"@type\":\"SearchAction\",\"target\":{\"@type\":\"EntryPoint\",\"urlTemplate\":\"https:\\\/\\\/blogdacondessa.com.br\\\/blog\\\/?s={search_term_string}\"},\"query-input\":{\"@type\":\"PropertyValueSpecification\",\"valueRequired\":true,\"valueName\":\"search_term_string\"}}],\"inLanguage\":\"pt-BR\"},{\"@type\":\"Person\",\"@id\":\"https:\\\/\\\/blogdacondessa.com.br\\\/blog\\\/#\\\/schema\\\/person\\\/1d667ff8b785195b568677489d266035\",\"name\":\"Blog da Condessa\",\"image\":{\"@type\":\"ImageObject\",\"inLanguage\":\"pt-BR\",\"@id\":\"https:\\\/\\\/secure.gravatar.com\\\/avatar\\\/377c0eb8b4ad2bfc25461b41564b5971e721ca34a57642868fc7b0c8ac7b52c5?s=96&d=mm&r=g\",\"url\":\"https:\\\/\\\/secure.gravatar.com\\\/avatar\\\/377c0eb8b4ad2bfc25461b41564b5971e721ca34a57642868fc7b0c8ac7b52c5?s=96&d=mm&r=g\",\"contentUrl\":\"https:\\\/\\\/secure.gravatar.com\\\/avatar\\\/377c0eb8b4ad2bfc25461b41564b5971e721ca34a57642868fc7b0c8ac7b52c5?s=96&d=mm&r=g\",\"caption\":\"Blog da Condessa\"},\"url\":\"https:\\\/\\\/blogdacondessa.com.br\\\/blog\\\/author\\\/beatriz\\\/\"}]}<\/script>\n<!-- \/ Yoast SEO plugin. -->","yoast_head_json":{"title":"Com apoio da Desenvolve MT empres\u00e1rio fortalece e moderniza restaurantes conceituais na capital &#8902; Blog da Condessa","robots":{"index":"index","follow":"follow","max-snippet":"max-snippet:-1","max-image-preview":"max-image-preview:large","max-video-preview":"max-video-preview:-1"},"canonical":"https:\/\/blogdacondessa.com.br\/blog\/negocios\/com-apoio-da-desenvolve-mt-empresario-fortalece-e-moderniza-restaurantes-conceituais-na-capital\/","og_locale":"pt_BR","og_type":"article","og_title":"Com apoio da Desenvolve MT empres\u00e1rio fortalece e moderniza restaurantes conceituais na capital &#8902; Blog da Condessa","og_description":"De advogado empres\u00e1rio da gastronomia, Daniel Teixeira transformou uma oportunidade inesperada em um neg\u00f3cio consolidado em Cuiab\u00e1. \u00c0 frente dos restaurantes Varadero e Talavera, e empres\u00e1rio h\u00e1 mais de 20 anos, ele investiu em conceitos pr\u00f3prios e na adapta\u00e7\u00e3o constante ao mercado, contando com o apoio da Desenvolve MT \u2013 Ag\u00eancia de Fomento do Estado [&hellip;]","og_url":"https:\/\/blogdacondessa.com.br\/blog\/negocios\/com-apoio-da-desenvolve-mt-empresario-fortalece-e-moderniza-restaurantes-conceituais-na-capital\/","og_site_name":"Blog da Condessa","article_published_time":"2026-04-04T09:00:54+00:00","og_image":[{"width":1024,"height":768,"url":"https:\/\/blogdacondessa.com.br\/blog\/wp-content\/uploads\/2026\/04\/FOTO-CAPA-VARADER.jpg","type":"image\/jpeg"}],"author":"Blog da Condessa","twitter_card":"summary_large_image","twitter_misc":{"Escrito por":"Blog da Condessa","Est. tempo de leitura":"4 minutos"},"schema":{"@context":"https:\/\/schema.org","@graph":[{"@type":"Article","@id":"https:\/\/blogdacondessa.com.br\/blog\/negocios\/com-apoio-da-desenvolve-mt-empresario-fortalece-e-moderniza-restaurantes-conceituais-na-capital\/#article","isPartOf":{"@id":"https:\/\/blogdacondessa.com.br\/blog\/negocios\/com-apoio-da-desenvolve-mt-empresario-fortalece-e-moderniza-restaurantes-conceituais-na-capital\/"},"author":{"name":"Blog da Condessa","@id":"https:\/\/blogdacondessa.com.br\/blog\/#\/schema\/person\/1d667ff8b785195b568677489d266035"},"headline":"Com apoio da Desenvolve MT empres\u00e1rio fortalece e moderniza restaurantes conceituais na capital","datePublished":"2026-04-04T09:00:54+00:00","mainEntityOfPage":{"@id":"https:\/\/blogdacondessa.com.br\/blog\/negocios\/com-apoio-da-desenvolve-mt-empresario-fortalece-e-moderniza-restaurantes-conceituais-na-capital\/"},"wordCount":716,"image":{"@id":"https:\/\/blogdacondessa.com.br\/blog\/negocios\/com-apoio-da-desenvolve-mt-empresario-fortalece-e-moderniza-restaurantes-conceituais-na-capital\/#primaryimage"},"thumbnailUrl":"https:\/\/blogdacondessa.com.br\/blog\/wp-content\/uploads\/2026\/04\/FOTO-CAPA-VARADER.jpg","articleSection":["Neg\u00f3cios"],"inLanguage":"pt-BR"},{"@type":"WebPage","@id":"https:\/\/blogdacondessa.com.br\/blog\/negocios\/com-apoio-da-desenvolve-mt-empresario-fortalece-e-moderniza-restaurantes-conceituais-na-capital\/","url":"https:\/\/blogdacondessa.com.br\/blog\/negocios\/com-apoio-da-desenvolve-mt-empresario-fortalece-e-moderniza-restaurantes-conceituais-na-capital\/","name":"Com apoio da Desenvolve MT empres\u00e1rio fortalece e moderniza restaurantes conceituais na capital &#8902; Blog da Condessa","isPartOf":{"@id":"https:\/\/blogdacondessa.com.br\/blog\/#website"},"primaryImageOfPage":{"@id":"https:\/\/blogdacondessa.com.br\/blog\/negocios\/com-apoio-da-desenvolve-mt-empresario-fortalece-e-moderniza-restaurantes-conceituais-na-capital\/#primaryimage"},"image":{"@id":"https:\/\/blogdacondessa.com.br\/blog\/negocios\/com-apoio-da-desenvolve-mt-empresario-fortalece-e-moderniza-restaurantes-conceituais-na-capital\/#primaryimage"},"thumbnailUrl":"https:\/\/blogdacondessa.com.br\/blog\/wp-content\/uploads\/2026\/04\/FOTO-CAPA-VARADER.jpg","datePublished":"2026-04-04T09:00:54+00:00","author":{"@id":"https:\/\/blogdacondessa.com.br\/blog\/#\/schema\/person\/1d667ff8b785195b568677489d266035"},"breadcrumb":{"@id":"https:\/\/blogdacondessa.com.br\/blog\/negocios\/com-apoio-da-desenvolve-mt-empresario-fortalece-e-moderniza-restaurantes-conceituais-na-capital\/#breadcrumb"},"inLanguage":"pt-BR","potentialAction":[{"@type":"ReadAction","target":["https:\/\/blogdacondessa.com.br\/blog\/negocios\/com-apoio-da-desenvolve-mt-empresario-fortalece-e-moderniza-restaurantes-conceituais-na-capital\/"]}]},{"@type":"ImageObject","inLanguage":"pt-BR","@id":"https:\/\/blogdacondessa.com.br\/blog\/negocios\/com-apoio-da-desenvolve-mt-empresario-fortalece-e-moderniza-restaurantes-conceituais-na-capital\/#primaryimage","url":"https:\/\/blogdacondessa.com.br\/blog\/wp-content\/uploads\/2026\/04\/FOTO-CAPA-VARADER.jpg","contentUrl":"https:\/\/blogdacondessa.com.br\/blog\/wp-content\/uploads\/2026\/04\/FOTO-CAPA-VARADER.jpg","width":1024,"height":768,"caption":"Cr\u00e9dito - Assessoria Desenvolve MT"},{"@type":"BreadcrumbList","@id":"https:\/\/blogdacondessa.com.br\/blog\/negocios\/com-apoio-da-desenvolve-mt-empresario-fortalece-e-moderniza-restaurantes-conceituais-na-capital\/#breadcrumb","itemListElement":[{"@type":"ListItem","position":1,"name":"In\u00edcio","item":"https:\/\/blogdacondessa.com.br\/blog\/"},{"@type":"ListItem","position":2,"name":"Com apoio da Desenvolve MT empres\u00e1rio fortalece e moderniza restaurantes conceituais na capital"}]},{"@type":"WebSite","@id":"https:\/\/blogdacondessa.com.br\/blog\/#website","url":"https:\/\/blogdacondessa.com.br\/blog\/","name":"Blog da Condessa","description":"Com Shirley de Souza O\u2019Campos","potentialAction":[{"@type":"SearchAction","target":{"@type":"EntryPoint","urlTemplate":"https:\/\/blogdacondessa.com.br\/blog\/?s={search_term_string}"},"query-input":{"@type":"PropertyValueSpecification","valueRequired":true,"valueName":"search_term_string"}}],"inLanguage":"pt-BR"},{"@type":"Person","@id":"https:\/\/blogdacondessa.com.br\/blog\/#\/schema\/person\/1d667ff8b785195b568677489d266035","name":"Blog da Condessa","image":{"@type":"ImageObject","inLanguage":"pt-BR","@id":"https:\/\/secure.gravatar.com\/avatar\/377c0eb8b4ad2bfc25461b41564b5971e721ca34a57642868fc7b0c8ac7b52c5?s=96&d=mm&r=g","url":"https:\/\/secure.gravatar.com\/avatar\/377c0eb8b4ad2bfc25461b41564b5971e721ca34a57642868fc7b0c8ac7b52c5?s=96&d=mm&r=g","contentUrl":"https:\/\/secure.gravatar.com\/avatar\/377c0eb8b4ad2bfc25461b41564b5971e721ca34a57642868fc7b0c8ac7b52c5?s=96&d=mm&r=g","caption":"Blog da Condessa"},"url":"https:\/\/blogdacondessa.com.br\/blog\/author\/beatriz\/"}]}},"_links":{"self":[{"href":"https:\/\/blogdacondessa.com.br\/blog\/wp-json\/wp\/v2\/posts\/13859","targetHints":{"allow":["GET"]}}],"collection":[{"href":"https:\/\/blogdacondessa.com.br\/blog\/wp-json\/wp\/v2\/posts"}],"about":[{"href":"https:\/\/blogdacondessa.com.br\/blog\/wp-json\/wp\/v2\/types\/post"}],"author":[{"embeddable":true,"href":"https:\/\/blogdacondessa.com.br\/blog\/wp-json\/wp\/v2\/users\/2"}],"replies":[{"embeddable":true,"href":"https:\/\/blogdacondessa.com.br\/blog\/wp-json\/wp\/v2\/comments?post=13859"}],"version-history":[{"count":1,"href":"https:\/\/blogdacondessa.com.br\/blog\/wp-json\/wp\/v2\/posts\/13859\/revisions"}],"predecessor-version":[{"id":13861,"href":"https:\/\/blogdacondessa.com.br\/blog\/wp-json\/wp\/v2\/posts\/13859\/revisions\/13861"}],"wp:featuredmedia":[{"embeddable":true,"href":"https:\/\/blogdacondessa.com.br\/blog\/wp-json\/wp\/v2\/media\/13860"}],"wp:attachment":[{"href":"https:\/\/blogdacondessa.com.br\/blog\/wp-json\/wp\/v2\/media?parent=13859"}],"wp:term":[{"taxonomy":"category","embeddable":true,"href":"https:\/\/blogdacondessa.com.br\/blog\/wp-json\/wp\/v2\/categories?post=13859"},{"taxonomy":"post_tag","embeddable":true,"href":"https:\/\/blogdacondessa.com.br\/blog\/wp-json\/wp\/v2\/tags?post=13859"}],"curies":[{"name":"wp","href":"https:\/\/api.w.org\/{rel}","templated":true}]}}