{"id":13851,"date":"2026-04-03T05:00:47","date_gmt":"2026-04-03T09:00:47","guid":{"rendered":"https:\/\/blogdacondessa.com.br\/blog\/?p=13851"},"modified":"2026-04-02T19:05:28","modified_gmt":"2026-04-02T23:05:28","slug":"cuiaba-celebra-307-anos-com-diversas-festividades-e-peregrinacao-do-senhor-bom-jesus-de-cuiaba","status":"publish","type":"post","link":"https:\/\/blogdacondessa.com.br\/blog\/cidades\/cuiaba-celebra-307-anos-com-diversas-festividades-e-peregrinacao-do-senhor-bom-jesus-de-cuiaba\/","title":{"rendered":"Cuiab\u00e1 celebra 307 anos com diversas festividades e peregrina\u00e7\u00e3o do Senhor Bom Jesus de Cuiab\u00e1"},"content":{"rendered":"<p>A comemora\u00e7\u00e3o dos 307 anos de funda\u00e7\u00e3o da cidade de Cuiab\u00e1 ter\u00e1 diversas festividades no \u201c9\u00ba Ano de Celebra\u00e7\u00e3o em homenagem ao Senhor Bom Jesus de Cuiab\u00e1\u201d, nos dias 04, 05 e 08 de abril, em peregrina\u00e7\u00e3o com os grupos da \u201cCavalgada Rota do Ouro\u201d, \u201cEncontro de Carros Antigos\u201d, \u201cPedal do Senhor Bom Jesus\u201d, \u201cEncontro de Motos\u201d, \u201cRomaria Fluvial\u201d, entre os munic\u00edpios de Santo Ant\u00f4nio do Leverger e Bar\u00e3o de Melga\u00e7o, e a \u201cCaminhada da F\u00e9\u201d. Ser\u00e3o tr\u00eas dias de festejo reunindo fi\u00e9is e lideran\u00e7as religiosas da Baixada Cuiabana, em momentos de devo\u00e7\u00e3o, cultura e tradi\u00e7\u00e3o popular, contando a origem e hist\u00f3ria.<\/p>\n<p>Com uma agenda diversificada, o evento \u00e9 uma realiza\u00e7\u00e3o da Arquidiocese de Cuiab\u00e1 e comiss\u00e3o organizadora, que prop\u00f5e integra\u00e7\u00e3o comunit\u00e1ria e valoriza\u00e7\u00e3o das tradi\u00e7\u00f5es cuiabanas.<\/p>\n<p>Todas as atividades ter\u00e3o a presen\u00e7a da imagem do Senhor Bom Jesus de Cuiab\u00e1, como o verdadeiro condutor, que guia cada percurso, cada gesto de f\u00e9 e cada participante ao longo de toda a celebra\u00e7\u00e3o. Ser\u00e1 uma miss\u00e3o passada de um grupo para outro.<\/p>\n<p><strong>*O SANTO FUJ\u00c3O*<\/strong><\/p>\n<p>A imagem do padroeiro da capital mato-grossense chegou em 1728, esculpida em madeira no s\u00e9culo 18, uma r\u00e9plica do Senhor Bom Jesus de Canas Verdes, de Portugal, reproduzida na cidade de Sorocaba (SP), por uma artes\u00e3 de nome desconhecido, a pedido de uma fam\u00edlia e com objetivo de proteger os bandeirantes durante suas viagens para Mato Grosso.<\/p>\n<p>Ela reflete o sofrimento do povo trabalhador nos canaviais que aqui existiam e contempla o Cristo sofredor, com semblante marcado pela dor, rosto coberto de sangue e cabelos humanos doados por uma fiel como promessa de cura, a escultura carregava nas m\u00e3os um ramo de cana-de-a\u00e7\u00facar.<\/p>\n<p>&nbsp;<\/p>\n<p>Conhecida popularmente como &#8220;Santo Fuj\u00e3o&#8221; por desaparecimentos misteriosos no per\u00edodo colonial, quando foi roubada e encontrada em diferentes locais, como o Porto, resid\u00eancias da Cidade Alta e at\u00e9 a regi\u00e3o de Camapu\u00e3 (atual Mato Grosso do Sul).<\/p>\n<p>A imagem foi recuperada por uma expedi\u00e7\u00e3o e trazida definitivamente a Cuiab\u00e1 em 1728, motivando a constru\u00e7\u00e3o de uma igreja para proteg\u00ea-la. A imagem original fica na Catedral Bas\u00edlica.<\/p>\n<p><strong>*PROGRAMA\u00c7\u00c3O*<\/strong><\/p>\n<p>O evento parte do Marco Zero, no dia 04 de abril (s\u00e1bado), com concentra\u00e7\u00e3o \u00e0s 7h em S\u00e3o Gon\u00e7alo Beira Rio, pela tradicional \u201cCavalgada Rota do Ouro \u2013 A Miss\u00e3o\u201d resgatando o caminho hist\u00f3rico da forma\u00e7\u00e3o da cidade em um trajeto de 33 km, com destino \u00e0 Vila do Coxip\u00f3 do Ouro. Ser\u00e1 o dia todo, com parada na Vila, \u00e0s 17h30, na Igreja Nossa Senhora do Ros\u00e1rio, encerrando com baile e jantar aos participantes.<\/p>\n<p>No dia 05 de abril (domingo), segue com o \u201cEncontro de Carros Antigos com o Senhor Bom Jesus\u201d que parte do Coxip\u00f3 do Ouro at\u00e9 o Parque das \u00c1guas (20 km), em Cuiab\u00e1, e passam a miss\u00e3o aos ciclistas com o \u201cPedal do Senhor Bom Jesus\u201d, conduzindo simbolicamente a incumb\u00eancia at\u00e9 a comunidade S\u00e3o Gon\u00e7alo Beira Rio (26 km). Na sequ\u00eancia, ocorre o \u201cEncontro de Motos &#8211; Pilotando com o Senhor Bom Jesus\u201d, para Santo Ant\u00f4nio do Leverger (28 km), fortalecendo a integra\u00e7\u00e3o regional, com um passeio entre a nova Orla at\u00e9 a Igreja que leva o nome da cidade.<\/p>\n<p>No dia 08 de abril (quarta-feira), data do anivers\u00e1rio da capital, acontece a \u201cRomaria Fluvial \u2013 Navegando com o Senhor Bom Jesus\u201d, em um curso de 120 km, com grupos saindo das cidades de Bar\u00e3o de Melga\u00e7o (\u00e0s 3h) e Santo Ant\u00f4nio de Leverger (onde ser\u00e1 a concentra\u00e7\u00e3o das embarca\u00e7\u00f5es dos dois munic\u00edpios, \u00e0s 6h), que subir\u00e3o o rio Cuiab\u00e1 at\u00e9 a Orla do Porto II, em Cuiab\u00e1, refor\u00e7ando a liga\u00e7\u00e3o hist\u00f3rica da cidade com seus rios e suas origens.<\/p>\n<p>Na Orla do Porto II, \u00e0s 15h, ser\u00e1 realizada a celebra\u00e7\u00e3o ecum\u00eanica e, \u00e0s 16h30, ter\u00e1 a \u201cCaminhada da F\u00e9\u201d (2,5 km), um dos momentos mais aguardados da programa\u00e7\u00e3o, com percurso a p\u00e9 at\u00e9 a Catedral Bas\u00edlica do Senhor Bom Jesus de Cuiab\u00e1, com missa \u00e0s 18h30, momento de profunda espiritualidade, gratid\u00e3o e celebra\u00e7\u00e3o.<\/p>\n<p><strong>*DESPEDIDA E CONVITE \u00c0 APARECIDA*<\/strong><\/p>\n<p>A festividade ser\u00e1 marcada por um momento especial e simb\u00f3lico: o in\u00edcio da despedida do Arcebispo Metropolitano de Cuiab\u00e1, Dom M\u00e1rio Ant\u00f4nio da Silva, que seguir\u00e1 para uma nova miss\u00e3o como guardi\u00e3o da Padroeira do Brasil junto \u00e0 Arquidiocese de Nossa Senhora Aparecida do Norte, em Aparecida (SP), ap\u00f3s nomea\u00e7\u00e3o, em 02 de ma\u00e7o. A ocasi\u00e3o refor\u00e7a o reconhecimento por sua trajet\u00f3ria, por quatro anos.<\/p>\n<p>\u201cA Festa do Bom Jesus deve nos fazer olhar para aquele que nos disse: amai-vos uns aos outros como eu vos amei. Iniciando um novo m\u00eas, prestes a celebrar a \u201cPaix\u00e3o de Cristo\u201d, a imagem \u00e9 do momento da paix\u00e3o, em que Jesus foi a\u00e7oitado, na humildade e obedi\u00eancia ao Pai. \u00c9 a imagem da solidariedade de Deus atrav\u00e9s de seu filho amado com \u00e0queles que mais sofrem, ontem e hoje. A tradi\u00e7\u00e3o ganha mais for\u00e7a com as parcerias. Quero sugerir que na 10\u00aa edi\u00e7\u00e3o coloquem uma peregrina\u00e7\u00e3o \u00e0 Nossa Senhora Aparecida na programa\u00e7\u00e3o, ao Santu\u00e1rio Nacional, que estarei l\u00e1 para acolher voc\u00eas\u201d, destaca o arcebispo, Dom M\u00e1rio Ant\u00f4nio da Silva.<\/p>\n<p>Mais informa\u00e7\u00f5es pelo Instagram @senhorbomjesusdecba ou pelo telefone (65) 3321-3631.<\/p>\n","protected":false},"excerpt":{"rendered":"<p>A comemora\u00e7\u00e3o dos 307 anos de funda\u00e7\u00e3o da cidade de Cuiab\u00e1 ter\u00e1 diversas festividades no \u201c9\u00ba Ano de Celebra\u00e7\u00e3o em homenagem ao Senhor Bom Jesus de Cuiab\u00e1\u201d, nos dias 04, 05 e 08 de abril, em peregrina\u00e7\u00e3o com os grupos da \u201cCavalgada Rota do Ouro\u201d, \u201cEncontro de Carros Antigos\u201d, \u201cPedal do Senhor Bom Jesus\u201d, \u201cEncontro [&hellip;]<\/p>\n","protected":false},"author":2,"featured_media":13852,"comment_status":"closed","ping_status":"closed","sticky":false,"template":"","format":"standard","meta":{"iawp_total_views":5,"footnotes":""},"categories":[12],"tags":[],"class_list":["post-13851","post","type-post","status-publish","format-standard","has-post-thumbnail","hentry","category-cidades"],"yoast_head":"<!-- This site is optimized with the Yoast SEO plugin v27.3 - https:\/\/yoast.com\/product\/yoast-seo-wordpress\/ -->\n<title>Cuiab\u00e1 celebra 307 anos com diversas festividades e peregrina\u00e7\u00e3o do Senhor Bom Jesus de Cuiab\u00e1 &#8902; Blog da Condessa<\/title>\n<meta name=\"robots\" content=\"index, follow, max-snippet:-1, max-image-preview:large, max-video-preview:-1\" \/>\n<link rel=\"canonical\" href=\"https:\/\/blogdacondessa.com.br\/blog\/cidades\/cuiaba-celebra-307-anos-com-diversas-festividades-e-peregrinacao-do-senhor-bom-jesus-de-cuiaba\/\" \/>\n<meta property=\"og:locale\" content=\"pt_BR\" \/>\n<meta property=\"og:type\" content=\"article\" \/>\n<meta property=\"og:title\" content=\"Cuiab\u00e1 celebra 307 anos com diversas festividades e peregrina\u00e7\u00e3o do Senhor Bom Jesus de Cuiab\u00e1 &#8902; Blog da Condessa\" \/>\n<meta property=\"og:description\" content=\"A comemora\u00e7\u00e3o dos 307 anos de funda\u00e7\u00e3o da cidade de Cuiab\u00e1 ter\u00e1 diversas festividades no \u201c9\u00ba Ano de Celebra\u00e7\u00e3o em homenagem ao Senhor Bom Jesus de Cuiab\u00e1\u201d, nos dias 04, 05 e 08 de abril, em peregrina\u00e7\u00e3o com os grupos da \u201cCavalgada Rota do Ouro\u201d, \u201cEncontro de Carros Antigos\u201d, \u201cPedal do Senhor Bom Jesus\u201d, \u201cEncontro [&hellip;]\" \/>\n<meta property=\"og:url\" content=\"https:\/\/blogdacondessa.com.br\/blog\/cidades\/cuiaba-celebra-307-anos-com-diversas-festividades-e-peregrinacao-do-senhor-bom-jesus-de-cuiaba\/\" \/>\n<meta property=\"og:site_name\" content=\"Blog da Condessa\" \/>\n<meta property=\"article:published_time\" content=\"2026-04-03T09:00:47+00:00\" \/>\n<meta property=\"og:image\" content=\"https:\/\/blogdacondessa.com.br\/blog\/wp-content\/uploads\/2026\/04\/seenhor-bom-jesus.jpg\" \/>\n\t<meta property=\"og:image:width\" content=\"853\" \/>\n\t<meta property=\"og:image:height\" content=\"858\" \/>\n\t<meta property=\"og:image:type\" content=\"image\/jpeg\" \/>\n<meta name=\"author\" content=\"Blog da Condessa\" \/>\n<meta name=\"twitter:card\" content=\"summary_large_image\" \/>\n<meta name=\"twitter:label1\" content=\"Escrito por\" \/>\n\t<meta name=\"twitter:data1\" content=\"Blog da Condessa\" \/>\n\t<meta name=\"twitter:label2\" content=\"Est. tempo de leitura\" \/>\n\t<meta name=\"twitter:data2\" content=\"5 minutos\" \/>\n<script type=\"application\/ld+json\" class=\"yoast-schema-graph\">{\"@context\":\"https:\\\/\\\/schema.org\",\"@graph\":[{\"@type\":\"Article\",\"@id\":\"https:\\\/\\\/blogdacondessa.com.br\\\/blog\\\/cidades\\\/cuiaba-celebra-307-anos-com-diversas-festividades-e-peregrinacao-do-senhor-bom-jesus-de-cuiaba\\\/#article\",\"isPartOf\":{\"@id\":\"https:\\\/\\\/blogdacondessa.com.br\\\/blog\\\/cidades\\\/cuiaba-celebra-307-anos-com-diversas-festividades-e-peregrinacao-do-senhor-bom-jesus-de-cuiaba\\\/\"},\"author\":{\"name\":\"Blog da Condessa\",\"@id\":\"https:\\\/\\\/blogdacondessa.com.br\\\/blog\\\/#\\\/schema\\\/person\\\/1d667ff8b785195b568677489d266035\"},\"headline\":\"Cuiab\u00e1 celebra 307 anos com diversas festividades e peregrina\u00e7\u00e3o do Senhor Bom Jesus de Cuiab\u00e1\",\"datePublished\":\"2026-04-03T09:00:47+00:00\",\"mainEntityOfPage\":{\"@id\":\"https:\\\/\\\/blogdacondessa.com.br\\\/blog\\\/cidades\\\/cuiaba-celebra-307-anos-com-diversas-festividades-e-peregrinacao-do-senhor-bom-jesus-de-cuiaba\\\/\"},\"wordCount\":932,\"image\":{\"@id\":\"https:\\\/\\\/blogdacondessa.com.br\\\/blog\\\/cidades\\\/cuiaba-celebra-307-anos-com-diversas-festividades-e-peregrinacao-do-senhor-bom-jesus-de-cuiaba\\\/#primaryimage\"},\"thumbnailUrl\":\"https:\\\/\\\/blogdacondessa.com.br\\\/blog\\\/wp-content\\\/uploads\\\/2026\\\/04\\\/seenhor-bom-jesus.jpg\",\"articleSection\":[\"Cidades\"],\"inLanguage\":\"pt-BR\"},{\"@type\":\"WebPage\",\"@id\":\"https:\\\/\\\/blogdacondessa.com.br\\\/blog\\\/cidades\\\/cuiaba-celebra-307-anos-com-diversas-festividades-e-peregrinacao-do-senhor-bom-jesus-de-cuiaba\\\/\",\"url\":\"https:\\\/\\\/blogdacondessa.com.br\\\/blog\\\/cidades\\\/cuiaba-celebra-307-anos-com-diversas-festividades-e-peregrinacao-do-senhor-bom-jesus-de-cuiaba\\\/\",\"name\":\"Cuiab\u00e1 celebra 307 anos com diversas festividades e peregrina\u00e7\u00e3o do Senhor Bom Jesus de Cuiab\u00e1 &#8902; Blog da Condessa\",\"isPartOf\":{\"@id\":\"https:\\\/\\\/blogdacondessa.com.br\\\/blog\\\/#website\"},\"primaryImageOfPage\":{\"@id\":\"https:\\\/\\\/blogdacondessa.com.br\\\/blog\\\/cidades\\\/cuiaba-celebra-307-anos-com-diversas-festividades-e-peregrinacao-do-senhor-bom-jesus-de-cuiaba\\\/#primaryimage\"},\"image\":{\"@id\":\"https:\\\/\\\/blogdacondessa.com.br\\\/blog\\\/cidades\\\/cuiaba-celebra-307-anos-com-diversas-festividades-e-peregrinacao-do-senhor-bom-jesus-de-cuiaba\\\/#primaryimage\"},\"thumbnailUrl\":\"https:\\\/\\\/blogdacondessa.com.br\\\/blog\\\/wp-content\\\/uploads\\\/2026\\\/04\\\/seenhor-bom-jesus.jpg\",\"datePublished\":\"2026-04-03T09:00:47+00:00\",\"author\":{\"@id\":\"https:\\\/\\\/blogdacondessa.com.br\\\/blog\\\/#\\\/schema\\\/person\\\/1d667ff8b785195b568677489d266035\"},\"breadcrumb\":{\"@id\":\"https:\\\/\\\/blogdacondessa.com.br\\\/blog\\\/cidades\\\/cuiaba-celebra-307-anos-com-diversas-festividades-e-peregrinacao-do-senhor-bom-jesus-de-cuiaba\\\/#breadcrumb\"},\"inLanguage\":\"pt-BR\",\"potentialAction\":[{\"@type\":\"ReadAction\",\"target\":[\"https:\\\/\\\/blogdacondessa.com.br\\\/blog\\\/cidades\\\/cuiaba-celebra-307-anos-com-diversas-festividades-e-peregrinacao-do-senhor-bom-jesus-de-cuiaba\\\/\"]}]},{\"@type\":\"ImageObject\",\"inLanguage\":\"pt-BR\",\"@id\":\"https:\\\/\\\/blogdacondessa.com.br\\\/blog\\\/cidades\\\/cuiaba-celebra-307-anos-com-diversas-festividades-e-peregrinacao-do-senhor-bom-jesus-de-cuiaba\\\/#primaryimage\",\"url\":\"https:\\\/\\\/blogdacondessa.com.br\\\/blog\\\/wp-content\\\/uploads\\\/2026\\\/04\\\/seenhor-bom-jesus.jpg\",\"contentUrl\":\"https:\\\/\\\/blogdacondessa.com.br\\\/blog\\\/wp-content\\\/uploads\\\/2026\\\/04\\\/seenhor-bom-jesus.jpg\",\"width\":853,\"height\":858,\"caption\":\"Foto: Assessoria\"},{\"@type\":\"BreadcrumbList\",\"@id\":\"https:\\\/\\\/blogdacondessa.com.br\\\/blog\\\/cidades\\\/cuiaba-celebra-307-anos-com-diversas-festividades-e-peregrinacao-do-senhor-bom-jesus-de-cuiaba\\\/#breadcrumb\",\"itemListElement\":[{\"@type\":\"ListItem\",\"position\":1,\"name\":\"In\u00edcio\",\"item\":\"https:\\\/\\\/blogdacondessa.com.br\\\/blog\\\/\"},{\"@type\":\"ListItem\",\"position\":2,\"name\":\"Cuiab\u00e1 celebra 307 anos com diversas festividades e peregrina\u00e7\u00e3o do Senhor Bom Jesus de Cuiab\u00e1\"}]},{\"@type\":\"WebSite\",\"@id\":\"https:\\\/\\\/blogdacondessa.com.br\\\/blog\\\/#website\",\"url\":\"https:\\\/\\\/blogdacondessa.com.br\\\/blog\\\/\",\"name\":\"Blog da Condessa\",\"description\":\"Com Shirley de Souza O\u2019Campos\",\"potentialAction\":[{\"@type\":\"SearchAction\",\"target\":{\"@type\":\"EntryPoint\",\"urlTemplate\":\"https:\\\/\\\/blogdacondessa.com.br\\\/blog\\\/?s={search_term_string}\"},\"query-input\":{\"@type\":\"PropertyValueSpecification\",\"valueRequired\":true,\"valueName\":\"search_term_string\"}}],\"inLanguage\":\"pt-BR\"},{\"@type\":\"Person\",\"@id\":\"https:\\\/\\\/blogdacondessa.com.br\\\/blog\\\/#\\\/schema\\\/person\\\/1d667ff8b785195b568677489d266035\",\"name\":\"Blog da Condessa\",\"image\":{\"@type\":\"ImageObject\",\"inLanguage\":\"pt-BR\",\"@id\":\"https:\\\/\\\/secure.gravatar.com\\\/avatar\\\/377c0eb8b4ad2bfc25461b41564b5971e721ca34a57642868fc7b0c8ac7b52c5?s=96&d=mm&r=g\",\"url\":\"https:\\\/\\\/secure.gravatar.com\\\/avatar\\\/377c0eb8b4ad2bfc25461b41564b5971e721ca34a57642868fc7b0c8ac7b52c5?s=96&d=mm&r=g\",\"contentUrl\":\"https:\\\/\\\/secure.gravatar.com\\\/avatar\\\/377c0eb8b4ad2bfc25461b41564b5971e721ca34a57642868fc7b0c8ac7b52c5?s=96&d=mm&r=g\",\"caption\":\"Blog da Condessa\"},\"url\":\"https:\\\/\\\/blogdacondessa.com.br\\\/blog\\\/author\\\/beatriz\\\/\"}]}<\/script>\n<!-- \/ Yoast SEO plugin. -->","yoast_head_json":{"title":"Cuiab\u00e1 celebra 307 anos com diversas festividades e peregrina\u00e7\u00e3o do Senhor Bom Jesus de Cuiab\u00e1 &#8902; Blog da Condessa","robots":{"index":"index","follow":"follow","max-snippet":"max-snippet:-1","max-image-preview":"max-image-preview:large","max-video-preview":"max-video-preview:-1"},"canonical":"https:\/\/blogdacondessa.com.br\/blog\/cidades\/cuiaba-celebra-307-anos-com-diversas-festividades-e-peregrinacao-do-senhor-bom-jesus-de-cuiaba\/","og_locale":"pt_BR","og_type":"article","og_title":"Cuiab\u00e1 celebra 307 anos com diversas festividades e peregrina\u00e7\u00e3o do Senhor Bom Jesus de Cuiab\u00e1 &#8902; Blog da Condessa","og_description":"A comemora\u00e7\u00e3o dos 307 anos de funda\u00e7\u00e3o da cidade de Cuiab\u00e1 ter\u00e1 diversas festividades no \u201c9\u00ba Ano de Celebra\u00e7\u00e3o em homenagem ao Senhor Bom Jesus de Cuiab\u00e1\u201d, nos dias 04, 05 e 08 de abril, em peregrina\u00e7\u00e3o com os grupos da \u201cCavalgada Rota do Ouro\u201d, \u201cEncontro de Carros Antigos\u201d, \u201cPedal do Senhor Bom Jesus\u201d, \u201cEncontro [&hellip;]","og_url":"https:\/\/blogdacondessa.com.br\/blog\/cidades\/cuiaba-celebra-307-anos-com-diversas-festividades-e-peregrinacao-do-senhor-bom-jesus-de-cuiaba\/","og_site_name":"Blog da Condessa","article_published_time":"2026-04-03T09:00:47+00:00","og_image":[{"width":853,"height":858,"url":"https:\/\/blogdacondessa.com.br\/blog\/wp-content\/uploads\/2026\/04\/seenhor-bom-jesus.jpg","type":"image\/jpeg"}],"author":"Blog da Condessa","twitter_card":"summary_large_image","twitter_misc":{"Escrito por":"Blog da Condessa","Est. tempo de leitura":"5 minutos"},"schema":{"@context":"https:\/\/schema.org","@graph":[{"@type":"Article","@id":"https:\/\/blogdacondessa.com.br\/blog\/cidades\/cuiaba-celebra-307-anos-com-diversas-festividades-e-peregrinacao-do-senhor-bom-jesus-de-cuiaba\/#article","isPartOf":{"@id":"https:\/\/blogdacondessa.com.br\/blog\/cidades\/cuiaba-celebra-307-anos-com-diversas-festividades-e-peregrinacao-do-senhor-bom-jesus-de-cuiaba\/"},"author":{"name":"Blog da Condessa","@id":"https:\/\/blogdacondessa.com.br\/blog\/#\/schema\/person\/1d667ff8b785195b568677489d266035"},"headline":"Cuiab\u00e1 celebra 307 anos com diversas festividades e peregrina\u00e7\u00e3o do Senhor Bom Jesus de Cuiab\u00e1","datePublished":"2026-04-03T09:00:47+00:00","mainEntityOfPage":{"@id":"https:\/\/blogdacondessa.com.br\/blog\/cidades\/cuiaba-celebra-307-anos-com-diversas-festividades-e-peregrinacao-do-senhor-bom-jesus-de-cuiaba\/"},"wordCount":932,"image":{"@id":"https:\/\/blogdacondessa.com.br\/blog\/cidades\/cuiaba-celebra-307-anos-com-diversas-festividades-e-peregrinacao-do-senhor-bom-jesus-de-cuiaba\/#primaryimage"},"thumbnailUrl":"https:\/\/blogdacondessa.com.br\/blog\/wp-content\/uploads\/2026\/04\/seenhor-bom-jesus.jpg","articleSection":["Cidades"],"inLanguage":"pt-BR"},{"@type":"WebPage","@id":"https:\/\/blogdacondessa.com.br\/blog\/cidades\/cuiaba-celebra-307-anos-com-diversas-festividades-e-peregrinacao-do-senhor-bom-jesus-de-cuiaba\/","url":"https:\/\/blogdacondessa.com.br\/blog\/cidades\/cuiaba-celebra-307-anos-com-diversas-festividades-e-peregrinacao-do-senhor-bom-jesus-de-cuiaba\/","name":"Cuiab\u00e1 celebra 307 anos com diversas festividades e peregrina\u00e7\u00e3o do Senhor Bom Jesus de Cuiab\u00e1 &#8902; Blog da Condessa","isPartOf":{"@id":"https:\/\/blogdacondessa.com.br\/blog\/#website"},"primaryImageOfPage":{"@id":"https:\/\/blogdacondessa.com.br\/blog\/cidades\/cuiaba-celebra-307-anos-com-diversas-festividades-e-peregrinacao-do-senhor-bom-jesus-de-cuiaba\/#primaryimage"},"image":{"@id":"https:\/\/blogdacondessa.com.br\/blog\/cidades\/cuiaba-celebra-307-anos-com-diversas-festividades-e-peregrinacao-do-senhor-bom-jesus-de-cuiaba\/#primaryimage"},"thumbnailUrl":"https:\/\/blogdacondessa.com.br\/blog\/wp-content\/uploads\/2026\/04\/seenhor-bom-jesus.jpg","datePublished":"2026-04-03T09:00:47+00:00","author":{"@id":"https:\/\/blogdacondessa.com.br\/blog\/#\/schema\/person\/1d667ff8b785195b568677489d266035"},"breadcrumb":{"@id":"https:\/\/blogdacondessa.com.br\/blog\/cidades\/cuiaba-celebra-307-anos-com-diversas-festividades-e-peregrinacao-do-senhor-bom-jesus-de-cuiaba\/#breadcrumb"},"inLanguage":"pt-BR","potentialAction":[{"@type":"ReadAction","target":["https:\/\/blogdacondessa.com.br\/blog\/cidades\/cuiaba-celebra-307-anos-com-diversas-festividades-e-peregrinacao-do-senhor-bom-jesus-de-cuiaba\/"]}]},{"@type":"ImageObject","inLanguage":"pt-BR","@id":"https:\/\/blogdacondessa.com.br\/blog\/cidades\/cuiaba-celebra-307-anos-com-diversas-festividades-e-peregrinacao-do-senhor-bom-jesus-de-cuiaba\/#primaryimage","url":"https:\/\/blogdacondessa.com.br\/blog\/wp-content\/uploads\/2026\/04\/seenhor-bom-jesus.jpg","contentUrl":"https:\/\/blogdacondessa.com.br\/blog\/wp-content\/uploads\/2026\/04\/seenhor-bom-jesus.jpg","width":853,"height":858,"caption":"Foto: Assessoria"},{"@type":"BreadcrumbList","@id":"https:\/\/blogdacondessa.com.br\/blog\/cidades\/cuiaba-celebra-307-anos-com-diversas-festividades-e-peregrinacao-do-senhor-bom-jesus-de-cuiaba\/#breadcrumb","itemListElement":[{"@type":"ListItem","position":1,"name":"In\u00edcio","item":"https:\/\/blogdacondessa.com.br\/blog\/"},{"@type":"ListItem","position":2,"name":"Cuiab\u00e1 celebra 307 anos com diversas festividades e peregrina\u00e7\u00e3o do Senhor Bom Jesus de Cuiab\u00e1"}]},{"@type":"WebSite","@id":"https:\/\/blogdacondessa.com.br\/blog\/#website","url":"https:\/\/blogdacondessa.com.br\/blog\/","name":"Blog da Condessa","description":"Com Shirley de Souza O\u2019Campos","potentialAction":[{"@type":"SearchAction","target":{"@type":"EntryPoint","urlTemplate":"https:\/\/blogdacondessa.com.br\/blog\/?s={search_term_string}"},"query-input":{"@type":"PropertyValueSpecification","valueRequired":true,"valueName":"search_term_string"}}],"inLanguage":"pt-BR"},{"@type":"Person","@id":"https:\/\/blogdacondessa.com.br\/blog\/#\/schema\/person\/1d667ff8b785195b568677489d266035","name":"Blog da Condessa","image":{"@type":"ImageObject","inLanguage":"pt-BR","@id":"https:\/\/secure.gravatar.com\/avatar\/377c0eb8b4ad2bfc25461b41564b5971e721ca34a57642868fc7b0c8ac7b52c5?s=96&d=mm&r=g","url":"https:\/\/secure.gravatar.com\/avatar\/377c0eb8b4ad2bfc25461b41564b5971e721ca34a57642868fc7b0c8ac7b52c5?s=96&d=mm&r=g","contentUrl":"https:\/\/secure.gravatar.com\/avatar\/377c0eb8b4ad2bfc25461b41564b5971e721ca34a57642868fc7b0c8ac7b52c5?s=96&d=mm&r=g","caption":"Blog da Condessa"},"url":"https:\/\/blogdacondessa.com.br\/blog\/author\/beatriz\/"}]}},"_links":{"self":[{"href":"https:\/\/blogdacondessa.com.br\/blog\/wp-json\/wp\/v2\/posts\/13851","targetHints":{"allow":["GET"]}}],"collection":[{"href":"https:\/\/blogdacondessa.com.br\/blog\/wp-json\/wp\/v2\/posts"}],"about":[{"href":"https:\/\/blogdacondessa.com.br\/blog\/wp-json\/wp\/v2\/types\/post"}],"author":[{"embeddable":true,"href":"https:\/\/blogdacondessa.com.br\/blog\/wp-json\/wp\/v2\/users\/2"}],"replies":[{"embeddable":true,"href":"https:\/\/blogdacondessa.com.br\/blog\/wp-json\/wp\/v2\/comments?post=13851"}],"version-history":[{"count":1,"href":"https:\/\/blogdacondessa.com.br\/blog\/wp-json\/wp\/v2\/posts\/13851\/revisions"}],"predecessor-version":[{"id":13853,"href":"https:\/\/blogdacondessa.com.br\/blog\/wp-json\/wp\/v2\/posts\/13851\/revisions\/13853"}],"wp:featuredmedia":[{"embeddable":true,"href":"https:\/\/blogdacondessa.com.br\/blog\/wp-json\/wp\/v2\/media\/13852"}],"wp:attachment":[{"href":"https:\/\/blogdacondessa.com.br\/blog\/wp-json\/wp\/v2\/media?parent=13851"}],"wp:term":[{"taxonomy":"category","embeddable":true,"href":"https:\/\/blogdacondessa.com.br\/blog\/wp-json\/wp\/v2\/categories?post=13851"},{"taxonomy":"post_tag","embeddable":true,"href":"https:\/\/blogdacondessa.com.br\/blog\/wp-json\/wp\/v2\/tags?post=13851"}],"curies":[{"name":"wp","href":"https:\/\/api.w.org\/{rel}","templated":true}]}}