{"id":13816,"date":"2026-03-30T05:00:06","date_gmt":"2026-03-30T09:00:06","guid":{"rendered":"https:\/\/blogdacondessa.com.br\/blog\/?p=13816"},"modified":"2026-03-29T20:50:47","modified_gmt":"2026-03-30T00:50:47","slug":"governo-de-mato-grosso-inaugura-nova-escola-indigena","status":"publish","type":"post","link":"https:\/\/blogdacondessa.com.br\/blog\/educacao\/governo-de-mato-grosso-inaugura-nova-escola-indigena\/","title":{"rendered":"Governo de Mato Grosso inaugura nova escola ind\u00edgena"},"content":{"rendered":"<p>O Governo de Mato Grosso inaugura, nesta segunda-feira (30.3), a Escola Estadual Ind\u00edgena Kisedje, localizada na Aldeia Khikatxi, na Terra Ind\u00edgena Wawi, no munic\u00edpio de Quer\u00eancia.<\/p>\n<p>Com investimento de R$ 2,5 milh\u00f5es, a nova estrutura conta com oito salas de aula, refeit\u00f3rio e depend\u00eancias administrativas, ampliando as condi\u00e7\u00f5es de atendimento aos estudantes da comunidade.<\/p>\n<p>A escola tem capacidade para receber at\u00e9 200 alunos por turno e, atualmente, atende 174 estudantes distribu\u00eddos em 14 turmas.<\/p>\n<p>A Aldeia Khikatxi \u00e9 formada pelo povo Kis\u00eadj\u00ea, no Parque Ind\u00edgena do Xingu, reconhecido por iniciativas ligadas \u00e0 colheita tradicional e ao manejo da floresta.<\/p>\n<p>Servi\u00e7o | Inaugura\u00e7\u00e3o da Escola Estadual Ind\u00edgena Kisedje<\/p>\n<p>Data: Segunda-feira, 30 de mar\u00e7o<\/p>\n<p>Local: Aldeia Khikatxi \u2013 Terra Ind\u00edgena Wawi, em Quer\u00eancia<\/p>\n","protected":false},"excerpt":{"rendered":"<p>O Governo de Mato Grosso inaugura, nesta segunda-feira (30.3), a Escola Estadual Ind\u00edgena Kisedje, localizada na Aldeia Khikatxi, na Terra Ind\u00edgena Wawi, no munic\u00edpio de Quer\u00eancia. Com investimento de R$ 2,5 milh\u00f5es, a nova estrutura conta com oito salas de aula, refeit\u00f3rio e depend\u00eancias administrativas, ampliando as condi\u00e7\u00f5es de atendimento aos estudantes da comunidade. A [&hellip;]<\/p>\n","protected":false},"author":2,"featured_media":13817,"comment_status":"closed","ping_status":"closed","sticky":false,"template":"","format":"standard","meta":{"iawp_total_views":5,"footnotes":""},"categories":[20],"tags":[],"class_list":["post-13816","post","type-post","status-publish","format-standard","has-post-thumbnail","hentry","category-educacao"],"yoast_head":"<!-- This site is optimized with the Yoast SEO plugin v27.3 - https:\/\/yoast.com\/product\/yoast-seo-wordpress\/ -->\n<title>Governo de Mato Grosso inaugura nova escola ind\u00edgena &#8902; Blog da Condessa<\/title>\n<meta name=\"robots\" content=\"index, follow, max-snippet:-1, max-image-preview:large, max-video-preview:-1\" \/>\n<link rel=\"canonical\" href=\"https:\/\/blogdacondessa.com.br\/blog\/educacao\/governo-de-mato-grosso-inaugura-nova-escola-indigena\/\" \/>\n<meta property=\"og:locale\" content=\"pt_BR\" \/>\n<meta property=\"og:type\" content=\"article\" \/>\n<meta property=\"og:title\" content=\"Governo de Mato Grosso inaugura nova escola ind\u00edgena &#8902; Blog da Condessa\" \/>\n<meta property=\"og:description\" content=\"O Governo de Mato Grosso inaugura, nesta segunda-feira (30.3), a Escola Estadual Ind\u00edgena Kisedje, localizada na Aldeia Khikatxi, na Terra Ind\u00edgena Wawi, no munic\u00edpio de Quer\u00eancia. Com investimento de R$ 2,5 milh\u00f5es, a nova estrutura conta com oito salas de aula, refeit\u00f3rio e depend\u00eancias administrativas, ampliando as condi\u00e7\u00f5es de atendimento aos estudantes da comunidade. A [&hellip;]\" \/>\n<meta property=\"og:url\" content=\"https:\/\/blogdacondessa.com.br\/blog\/educacao\/governo-de-mato-grosso-inaugura-nova-escola-indigena\/\" \/>\n<meta property=\"og:site_name\" content=\"Blog da Condessa\" \/>\n<meta property=\"article:published_time\" content=\"2026-03-30T09:00:06+00:00\" \/>\n<meta property=\"og:image\" content=\"https:\/\/blogdacondessa.com.br\/blog\/wp-content\/uploads\/2026\/03\/escola-indigena.jpeg\" \/>\n\t<meta property=\"og:image:width\" content=\"1024\" \/>\n\t<meta property=\"og:image:height\" content=\"576\" \/>\n\t<meta property=\"og:image:type\" content=\"image\/jpeg\" \/>\n<meta name=\"author\" content=\"Blog da Condessa\" \/>\n<meta name=\"twitter:card\" content=\"summary_large_image\" \/>\n<meta name=\"twitter:label1\" content=\"Escrito por\" \/>\n\t<meta name=\"twitter:data1\" content=\"Blog da Condessa\" \/>\n\t<meta name=\"twitter:label2\" content=\"Est. tempo de leitura\" \/>\n\t<meta name=\"twitter:data2\" content=\"1 minuto\" \/>\n<script type=\"application\/ld+json\" class=\"yoast-schema-graph\">{\"@context\":\"https:\\\/\\\/schema.org\",\"@graph\":[{\"@type\":\"Article\",\"@id\":\"https:\\\/\\\/blogdacondessa.com.br\\\/blog\\\/educacao\\\/governo-de-mato-grosso-inaugura-nova-escola-indigena\\\/#article\",\"isPartOf\":{\"@id\":\"https:\\\/\\\/blogdacondessa.com.br\\\/blog\\\/educacao\\\/governo-de-mato-grosso-inaugura-nova-escola-indigena\\\/\"},\"author\":{\"name\":\"Blog da Condessa\",\"@id\":\"https:\\\/\\\/blogdacondessa.com.br\\\/blog\\\/#\\\/schema\\\/person\\\/1d667ff8b785195b568677489d266035\"},\"headline\":\"Governo de Mato Grosso inaugura nova escola ind\u00edgena\",\"datePublished\":\"2026-03-30T09:00:06+00:00\",\"mainEntityOfPage\":{\"@id\":\"https:\\\/\\\/blogdacondessa.com.br\\\/blog\\\/educacao\\\/governo-de-mato-grosso-inaugura-nova-escola-indigena\\\/\"},\"wordCount\":137,\"image\":{\"@id\":\"https:\\\/\\\/blogdacondessa.com.br\\\/blog\\\/educacao\\\/governo-de-mato-grosso-inaugura-nova-escola-indigena\\\/#primaryimage\"},\"thumbnailUrl\":\"https:\\\/\\\/blogdacondessa.com.br\\\/blog\\\/wp-content\\\/uploads\\\/2026\\\/03\\\/escola-indigena.jpeg\",\"articleSection\":[\"Educa\u00e7\u00e3o\"],\"inLanguage\":\"pt-BR\"},{\"@type\":\"WebPage\",\"@id\":\"https:\\\/\\\/blogdacondessa.com.br\\\/blog\\\/educacao\\\/governo-de-mato-grosso-inaugura-nova-escola-indigena\\\/\",\"url\":\"https:\\\/\\\/blogdacondessa.com.br\\\/blog\\\/educacao\\\/governo-de-mato-grosso-inaugura-nova-escola-indigena\\\/\",\"name\":\"Governo de Mato Grosso inaugura nova escola ind\u00edgena &#8902; Blog da Condessa\",\"isPartOf\":{\"@id\":\"https:\\\/\\\/blogdacondessa.com.br\\\/blog\\\/#website\"},\"primaryImageOfPage\":{\"@id\":\"https:\\\/\\\/blogdacondessa.com.br\\\/blog\\\/educacao\\\/governo-de-mato-grosso-inaugura-nova-escola-indigena\\\/#primaryimage\"},\"image\":{\"@id\":\"https:\\\/\\\/blogdacondessa.com.br\\\/blog\\\/educacao\\\/governo-de-mato-grosso-inaugura-nova-escola-indigena\\\/#primaryimage\"},\"thumbnailUrl\":\"https:\\\/\\\/blogdacondessa.com.br\\\/blog\\\/wp-content\\\/uploads\\\/2026\\\/03\\\/escola-indigena.jpeg\",\"datePublished\":\"2026-03-30T09:00:06+00:00\",\"author\":{\"@id\":\"https:\\\/\\\/blogdacondessa.com.br\\\/blog\\\/#\\\/schema\\\/person\\\/1d667ff8b785195b568677489d266035\"},\"breadcrumb\":{\"@id\":\"https:\\\/\\\/blogdacondessa.com.br\\\/blog\\\/educacao\\\/governo-de-mato-grosso-inaugura-nova-escola-indigena\\\/#breadcrumb\"},\"inLanguage\":\"pt-BR\",\"potentialAction\":[{\"@type\":\"ReadAction\",\"target\":[\"https:\\\/\\\/blogdacondessa.com.br\\\/blog\\\/educacao\\\/governo-de-mato-grosso-inaugura-nova-escola-indigena\\\/\"]}]},{\"@type\":\"ImageObject\",\"inLanguage\":\"pt-BR\",\"@id\":\"https:\\\/\\\/blogdacondessa.com.br\\\/blog\\\/educacao\\\/governo-de-mato-grosso-inaugura-nova-escola-indigena\\\/#primaryimage\",\"url\":\"https:\\\/\\\/blogdacondessa.com.br\\\/blog\\\/wp-content\\\/uploads\\\/2026\\\/03\\\/escola-indigena.jpeg\",\"contentUrl\":\"https:\\\/\\\/blogdacondessa.com.br\\\/blog\\\/wp-content\\\/uploads\\\/2026\\\/03\\\/escola-indigena.jpeg\",\"width\":1024,\"height\":576,\"caption\":\"Foto: Gabriel Aguiar\"},{\"@type\":\"BreadcrumbList\",\"@id\":\"https:\\\/\\\/blogdacondessa.com.br\\\/blog\\\/educacao\\\/governo-de-mato-grosso-inaugura-nova-escola-indigena\\\/#breadcrumb\",\"itemListElement\":[{\"@type\":\"ListItem\",\"position\":1,\"name\":\"In\u00edcio\",\"item\":\"https:\\\/\\\/blogdacondessa.com.br\\\/blog\\\/\"},{\"@type\":\"ListItem\",\"position\":2,\"name\":\"Governo de Mato Grosso inaugura nova escola ind\u00edgena\"}]},{\"@type\":\"WebSite\",\"@id\":\"https:\\\/\\\/blogdacondessa.com.br\\\/blog\\\/#website\",\"url\":\"https:\\\/\\\/blogdacondessa.com.br\\\/blog\\\/\",\"name\":\"Blog da Condessa\",\"description\":\"Com Shirley de Souza O\u2019Campos\",\"potentialAction\":[{\"@type\":\"SearchAction\",\"target\":{\"@type\":\"EntryPoint\",\"urlTemplate\":\"https:\\\/\\\/blogdacondessa.com.br\\\/blog\\\/?s={search_term_string}\"},\"query-input\":{\"@type\":\"PropertyValueSpecification\",\"valueRequired\":true,\"valueName\":\"search_term_string\"}}],\"inLanguage\":\"pt-BR\"},{\"@type\":\"Person\",\"@id\":\"https:\\\/\\\/blogdacondessa.com.br\\\/blog\\\/#\\\/schema\\\/person\\\/1d667ff8b785195b568677489d266035\",\"name\":\"Blog da Condessa\",\"image\":{\"@type\":\"ImageObject\",\"inLanguage\":\"pt-BR\",\"@id\":\"https:\\\/\\\/secure.gravatar.com\\\/avatar\\\/377c0eb8b4ad2bfc25461b41564b5971e721ca34a57642868fc7b0c8ac7b52c5?s=96&d=mm&r=g\",\"url\":\"https:\\\/\\\/secure.gravatar.com\\\/avatar\\\/377c0eb8b4ad2bfc25461b41564b5971e721ca34a57642868fc7b0c8ac7b52c5?s=96&d=mm&r=g\",\"contentUrl\":\"https:\\\/\\\/secure.gravatar.com\\\/avatar\\\/377c0eb8b4ad2bfc25461b41564b5971e721ca34a57642868fc7b0c8ac7b52c5?s=96&d=mm&r=g\",\"caption\":\"Blog da Condessa\"},\"url\":\"https:\\\/\\\/blogdacondessa.com.br\\\/blog\\\/author\\\/beatriz\\\/\"}]}<\/script>\n<!-- \/ Yoast SEO plugin. -->","yoast_head_json":{"title":"Governo de Mato Grosso inaugura nova escola ind\u00edgena &#8902; Blog da Condessa","robots":{"index":"index","follow":"follow","max-snippet":"max-snippet:-1","max-image-preview":"max-image-preview:large","max-video-preview":"max-video-preview:-1"},"canonical":"https:\/\/blogdacondessa.com.br\/blog\/educacao\/governo-de-mato-grosso-inaugura-nova-escola-indigena\/","og_locale":"pt_BR","og_type":"article","og_title":"Governo de Mato Grosso inaugura nova escola ind\u00edgena &#8902; Blog da Condessa","og_description":"O Governo de Mato Grosso inaugura, nesta segunda-feira (30.3), a Escola Estadual Ind\u00edgena Kisedje, localizada na Aldeia Khikatxi, na Terra Ind\u00edgena Wawi, no munic\u00edpio de Quer\u00eancia. Com investimento de R$ 2,5 milh\u00f5es, a nova estrutura conta com oito salas de aula, refeit\u00f3rio e depend\u00eancias administrativas, ampliando as condi\u00e7\u00f5es de atendimento aos estudantes da comunidade. A [&hellip;]","og_url":"https:\/\/blogdacondessa.com.br\/blog\/educacao\/governo-de-mato-grosso-inaugura-nova-escola-indigena\/","og_site_name":"Blog da Condessa","article_published_time":"2026-03-30T09:00:06+00:00","og_image":[{"width":1024,"height":576,"url":"https:\/\/blogdacondessa.com.br\/blog\/wp-content\/uploads\/2026\/03\/escola-indigena.jpeg","type":"image\/jpeg"}],"author":"Blog da Condessa","twitter_card":"summary_large_image","twitter_misc":{"Escrito por":"Blog da Condessa","Est. tempo de leitura":"1 minuto"},"schema":{"@context":"https:\/\/schema.org","@graph":[{"@type":"Article","@id":"https:\/\/blogdacondessa.com.br\/blog\/educacao\/governo-de-mato-grosso-inaugura-nova-escola-indigena\/#article","isPartOf":{"@id":"https:\/\/blogdacondessa.com.br\/blog\/educacao\/governo-de-mato-grosso-inaugura-nova-escola-indigena\/"},"author":{"name":"Blog da Condessa","@id":"https:\/\/blogdacondessa.com.br\/blog\/#\/schema\/person\/1d667ff8b785195b568677489d266035"},"headline":"Governo de Mato Grosso inaugura nova escola ind\u00edgena","datePublished":"2026-03-30T09:00:06+00:00","mainEntityOfPage":{"@id":"https:\/\/blogdacondessa.com.br\/blog\/educacao\/governo-de-mato-grosso-inaugura-nova-escola-indigena\/"},"wordCount":137,"image":{"@id":"https:\/\/blogdacondessa.com.br\/blog\/educacao\/governo-de-mato-grosso-inaugura-nova-escola-indigena\/#primaryimage"},"thumbnailUrl":"https:\/\/blogdacondessa.com.br\/blog\/wp-content\/uploads\/2026\/03\/escola-indigena.jpeg","articleSection":["Educa\u00e7\u00e3o"],"inLanguage":"pt-BR"},{"@type":"WebPage","@id":"https:\/\/blogdacondessa.com.br\/blog\/educacao\/governo-de-mato-grosso-inaugura-nova-escola-indigena\/","url":"https:\/\/blogdacondessa.com.br\/blog\/educacao\/governo-de-mato-grosso-inaugura-nova-escola-indigena\/","name":"Governo de Mato Grosso inaugura nova escola ind\u00edgena &#8902; Blog da Condessa","isPartOf":{"@id":"https:\/\/blogdacondessa.com.br\/blog\/#website"},"primaryImageOfPage":{"@id":"https:\/\/blogdacondessa.com.br\/blog\/educacao\/governo-de-mato-grosso-inaugura-nova-escola-indigena\/#primaryimage"},"image":{"@id":"https:\/\/blogdacondessa.com.br\/blog\/educacao\/governo-de-mato-grosso-inaugura-nova-escola-indigena\/#primaryimage"},"thumbnailUrl":"https:\/\/blogdacondessa.com.br\/blog\/wp-content\/uploads\/2026\/03\/escola-indigena.jpeg","datePublished":"2026-03-30T09:00:06+00:00","author":{"@id":"https:\/\/blogdacondessa.com.br\/blog\/#\/schema\/person\/1d667ff8b785195b568677489d266035"},"breadcrumb":{"@id":"https:\/\/blogdacondessa.com.br\/blog\/educacao\/governo-de-mato-grosso-inaugura-nova-escola-indigena\/#breadcrumb"},"inLanguage":"pt-BR","potentialAction":[{"@type":"ReadAction","target":["https:\/\/blogdacondessa.com.br\/blog\/educacao\/governo-de-mato-grosso-inaugura-nova-escola-indigena\/"]}]},{"@type":"ImageObject","inLanguage":"pt-BR","@id":"https:\/\/blogdacondessa.com.br\/blog\/educacao\/governo-de-mato-grosso-inaugura-nova-escola-indigena\/#primaryimage","url":"https:\/\/blogdacondessa.com.br\/blog\/wp-content\/uploads\/2026\/03\/escola-indigena.jpeg","contentUrl":"https:\/\/blogdacondessa.com.br\/blog\/wp-content\/uploads\/2026\/03\/escola-indigena.jpeg","width":1024,"height":576,"caption":"Foto: Gabriel Aguiar"},{"@type":"BreadcrumbList","@id":"https:\/\/blogdacondessa.com.br\/blog\/educacao\/governo-de-mato-grosso-inaugura-nova-escola-indigena\/#breadcrumb","itemListElement":[{"@type":"ListItem","position":1,"name":"In\u00edcio","item":"https:\/\/blogdacondessa.com.br\/blog\/"},{"@type":"ListItem","position":2,"name":"Governo de Mato Grosso inaugura nova escola ind\u00edgena"}]},{"@type":"WebSite","@id":"https:\/\/blogdacondessa.com.br\/blog\/#website","url":"https:\/\/blogdacondessa.com.br\/blog\/","name":"Blog da Condessa","description":"Com Shirley de Souza O\u2019Campos","potentialAction":[{"@type":"SearchAction","target":{"@type":"EntryPoint","urlTemplate":"https:\/\/blogdacondessa.com.br\/blog\/?s={search_term_string}"},"query-input":{"@type":"PropertyValueSpecification","valueRequired":true,"valueName":"search_term_string"}}],"inLanguage":"pt-BR"},{"@type":"Person","@id":"https:\/\/blogdacondessa.com.br\/blog\/#\/schema\/person\/1d667ff8b785195b568677489d266035","name":"Blog da Condessa","image":{"@type":"ImageObject","inLanguage":"pt-BR","@id":"https:\/\/secure.gravatar.com\/avatar\/377c0eb8b4ad2bfc25461b41564b5971e721ca34a57642868fc7b0c8ac7b52c5?s=96&d=mm&r=g","url":"https:\/\/secure.gravatar.com\/avatar\/377c0eb8b4ad2bfc25461b41564b5971e721ca34a57642868fc7b0c8ac7b52c5?s=96&d=mm&r=g","contentUrl":"https:\/\/secure.gravatar.com\/avatar\/377c0eb8b4ad2bfc25461b41564b5971e721ca34a57642868fc7b0c8ac7b52c5?s=96&d=mm&r=g","caption":"Blog da Condessa"},"url":"https:\/\/blogdacondessa.com.br\/blog\/author\/beatriz\/"}]}},"_links":{"self":[{"href":"https:\/\/blogdacondessa.com.br\/blog\/wp-json\/wp\/v2\/posts\/13816","targetHints":{"allow":["GET"]}}],"collection":[{"href":"https:\/\/blogdacondessa.com.br\/blog\/wp-json\/wp\/v2\/posts"}],"about":[{"href":"https:\/\/blogdacondessa.com.br\/blog\/wp-json\/wp\/v2\/types\/post"}],"author":[{"embeddable":true,"href":"https:\/\/blogdacondessa.com.br\/blog\/wp-json\/wp\/v2\/users\/2"}],"replies":[{"embeddable":true,"href":"https:\/\/blogdacondessa.com.br\/blog\/wp-json\/wp\/v2\/comments?post=13816"}],"version-history":[{"count":1,"href":"https:\/\/blogdacondessa.com.br\/blog\/wp-json\/wp\/v2\/posts\/13816\/revisions"}],"predecessor-version":[{"id":13818,"href":"https:\/\/blogdacondessa.com.br\/blog\/wp-json\/wp\/v2\/posts\/13816\/revisions\/13818"}],"wp:featuredmedia":[{"embeddable":true,"href":"https:\/\/blogdacondessa.com.br\/blog\/wp-json\/wp\/v2\/media\/13817"}],"wp:attachment":[{"href":"https:\/\/blogdacondessa.com.br\/blog\/wp-json\/wp\/v2\/media?parent=13816"}],"wp:term":[{"taxonomy":"category","embeddable":true,"href":"https:\/\/blogdacondessa.com.br\/blog\/wp-json\/wp\/v2\/categories?post=13816"},{"taxonomy":"post_tag","embeddable":true,"href":"https:\/\/blogdacondessa.com.br\/blog\/wp-json\/wp\/v2\/tags?post=13816"}],"curies":[{"name":"wp","href":"https:\/\/api.w.org\/{rel}","templated":true}]}}