{"id":13810,"date":"2026-03-28T05:00:48","date_gmt":"2026-03-28T09:00:48","guid":{"rendered":"https:\/\/blogdacondessa.com.br\/blog\/?p=13810"},"modified":"2026-03-27T20:51:29","modified_gmt":"2026-03-28T00:51:29","slug":"a-tradicional-feira-peixe-santo","status":"publish","type":"post","link":"https:\/\/blogdacondessa.com.br\/blog\/cidades\/a-tradicional-feira-peixe-santo\/","title":{"rendered":"A tradicional Feira Peixe Santo"},"content":{"rendered":"<p>A partir da pr\u00f3xima segunda-feira, 30 de mar\u00e7o, a popula\u00e7\u00e3o de Cuiab\u00e1 contar\u00e1 com pontos espalhados por toda a cidade para a comercializa\u00e7\u00e3o de pescado durante a tradicional Feira Peixe Santo 2026. A iniciativa da Prefeitura busca garantir acesso facilitado ao alimento t\u00edpico da Semana Santa, al\u00e9m de fomentar a economia local e gerar renda para os comerciantes.<\/p>\n<p>A feira segue at\u00e9 o dia 3 de abril, com funcionamento di\u00e1rio das 6h \u00e0s 22h. Ao todo, foram disponibilizados 13 pontos de venda em regi\u00f5es estrat\u00e9gicas da capital, contemplando bairros centrais, perif\u00e9ricos e distritos. A proposta \u00e9 descentralizar a oferta, evitando grandes deslocamentos da popula\u00e7\u00e3o e ampliando o alcance da a\u00e7\u00e3o.<\/p>\n<p>Durante o per\u00edodo, o pre\u00e7o do peixe inteiro ser\u00e1 padronizado em R$ 25 o quilo para esp\u00e9cies como pacu, tambacu, tambatinga, pirapitinga e til\u00e1pia. Servi\u00e7os como limpeza, corte ou filetagem poder\u00e3o ter cobran\u00e7a adicional, conforme a demanda do consumidor.<\/p>\n<p>A estrutura montada pela Prefeitura garante melhores condi\u00e7\u00f5es de comercializa\u00e7\u00e3o e higiene. Cada ponto contar\u00e1 com tenda, mesa de apoio, identifica\u00e7\u00e3o visual e caixas t\u00e9rmicas adequadas para armazenamento do pescado. Al\u00e9m disso, os comerciantes dever\u00e3o seguir rigorosamente as normas sanit\u00e1rias, incluindo a manuten\u00e7\u00e3o da temperatura entre 0 \u00b0C e 4 \u00b0C, uso de gelo e apresenta\u00e7\u00e3o de nota fiscal com selo de inspe\u00e7\u00e3o.<\/p>\n<p>A fiscaliza\u00e7\u00e3o ser\u00e1 realizada por equipes da Vigil\u00e2ncia Sanit\u00e1ria e outros \u00f3rg\u00e3os municipais, assegurando a qualidade dos produtos ofertados \u00e0 popula\u00e7\u00e3o. Em caso de irregularidades, os respons\u00e1veis poder\u00e3o sofrer san\u00e7\u00f5es, incluindo a interdi\u00e7\u00e3o do ponto.<\/p>\n<p>A Feira Peixe Santo j\u00e1 integra o calend\u00e1rio da cidade e se consolida como uma das principais a\u00e7\u00f5es de incentivo ao consumo de pescado no per\u00edodo religioso, aliando tradi\u00e7\u00e3o, seguran\u00e7a alimentar e fortalecimento da economia local.<\/p>\n<p><strong><em>Onde comprar pescado na Feira Peixe Santo<\/em><\/strong><\/p>\n<p><strong><em>A comercializa\u00e7\u00e3o estar\u00e1 dispon\u00edvel nos seguintes pontos:<\/em><\/strong><\/p>\n<p>Pra\u00e7a Alencastro &#8211; Frente da Prefeitura<\/p>\n<p>Pra\u00e7a do CAIC &#8211; Avenida Principal<\/p>\n<p>Pedra 90 &#8211; Frente ao CRAS<\/p>\n<p>Pra\u00e7a do Popeay &#8211; Tijucal &#8211; Na pra\u00e7a<\/p>\n<p>Pra\u00e7a Cultural (CPA II) &#8211; Na pra\u00e7a<\/p>\n<p>Pra\u00e7a das Nascente \u2013 Morada do Ouro &#8211; Na pra\u00e7a<\/p>\n<p>Terminal CPA III &#8211; Pr\u00f3ximo ao terminal<\/p>\n<p>Trevo do Planalto &#8211; Pr\u00f3ximo antiga Policl\u00ednica<\/p>\n<p>Rotat\u00f3ria Viola de Cocho &#8211; Pr\u00f3ximo ao bar do Ga\u00facho<\/p>\n<p>Avenida Principal do Bairro Novo Colorado &#8211; Pr\u00f3ximo a frutaria da Principal<\/p>\n<p>Trevo da Miguel Sutil \/ Cidade Verde &#8211; No trevo<\/p>\n<p>Arena Pantanal<\/p>\n<p>Praieirinho<\/p>\n","protected":false},"excerpt":{"rendered":"<p>A partir da pr\u00f3xima segunda-feira, 30 de mar\u00e7o, a popula\u00e7\u00e3o de Cuiab\u00e1 contar\u00e1 com pontos espalhados por toda a cidade para a comercializa\u00e7\u00e3o de pescado durante a tradicional Feira Peixe Santo 2026. A iniciativa da Prefeitura busca garantir acesso facilitado ao alimento t\u00edpico da Semana Santa, al\u00e9m de fomentar a economia local e gerar renda [&hellip;]<\/p>\n","protected":false},"author":2,"featured_media":13811,"comment_status":"closed","ping_status":"closed","sticky":false,"template":"","format":"standard","meta":{"iawp_total_views":2,"footnotes":""},"categories":[12],"tags":[],"class_list":["post-13810","post","type-post","status-publish","format-standard","has-post-thumbnail","hentry","category-cidades"],"yoast_head":"<!-- This site is optimized with the Yoast SEO plugin v27.3 - https:\/\/yoast.com\/product\/yoast-seo-wordpress\/ -->\n<title>A tradicional Feira Peixe Santo &#8902; Blog da Condessa<\/title>\n<meta name=\"robots\" content=\"index, follow, max-snippet:-1, max-image-preview:large, max-video-preview:-1\" \/>\n<link rel=\"canonical\" href=\"https:\/\/blogdacondessa.com.br\/blog\/cidades\/a-tradicional-feira-peixe-santo\/\" \/>\n<meta property=\"og:locale\" content=\"pt_BR\" \/>\n<meta property=\"og:type\" content=\"article\" \/>\n<meta property=\"og:title\" content=\"A tradicional Feira Peixe Santo &#8902; Blog da Condessa\" \/>\n<meta property=\"og:description\" content=\"A partir da pr\u00f3xima segunda-feira, 30 de mar\u00e7o, a popula\u00e7\u00e3o de Cuiab\u00e1 contar\u00e1 com pontos espalhados por toda a cidade para a comercializa\u00e7\u00e3o de pescado durante a tradicional Feira Peixe Santo 2026. A iniciativa da Prefeitura busca garantir acesso facilitado ao alimento t\u00edpico da Semana Santa, al\u00e9m de fomentar a economia local e gerar renda [&hellip;]\" \/>\n<meta property=\"og:url\" content=\"https:\/\/blogdacondessa.com.br\/blog\/cidades\/a-tradicional-feira-peixe-santo\/\" \/>\n<meta property=\"og:site_name\" content=\"Blog da Condessa\" \/>\n<meta property=\"article:published_time\" content=\"2026-03-28T09:00:48+00:00\" \/>\n<meta property=\"og:image\" content=\"https:\/\/blogdacondessa.com.br\/blog\/wp-content\/uploads\/2026\/03\/PEIXE-scaled.jpg\" \/>\n\t<meta property=\"og:image:width\" content=\"2560\" \/>\n\t<meta property=\"og:image:height\" content=\"1707\" \/>\n\t<meta property=\"og:image:type\" content=\"image\/jpeg\" \/>\n<meta name=\"author\" content=\"Blog da Condessa\" \/>\n<meta name=\"twitter:card\" content=\"summary_large_image\" \/>\n<meta name=\"twitter:label1\" content=\"Escrito por\" \/>\n\t<meta name=\"twitter:data1\" content=\"Blog da Condessa\" \/>\n\t<meta name=\"twitter:label2\" content=\"Est. tempo de leitura\" \/>\n\t<meta name=\"twitter:data2\" content=\"3 minutos\" \/>\n<script type=\"application\/ld+json\" class=\"yoast-schema-graph\">{\"@context\":\"https:\\\/\\\/schema.org\",\"@graph\":[{\"@type\":\"Article\",\"@id\":\"https:\\\/\\\/blogdacondessa.com.br\\\/blog\\\/cidades\\\/a-tradicional-feira-peixe-santo\\\/#article\",\"isPartOf\":{\"@id\":\"https:\\\/\\\/blogdacondessa.com.br\\\/blog\\\/cidades\\\/a-tradicional-feira-peixe-santo\\\/\"},\"author\":{\"name\":\"Blog da Condessa\",\"@id\":\"https:\\\/\\\/blogdacondessa.com.br\\\/blog\\\/#\\\/schema\\\/person\\\/1d667ff8b785195b568677489d266035\"},\"headline\":\"A tradicional Feira Peixe Santo\",\"datePublished\":\"2026-03-28T09:00:48+00:00\",\"mainEntityOfPage\":{\"@id\":\"https:\\\/\\\/blogdacondessa.com.br\\\/blog\\\/cidades\\\/a-tradicional-feira-peixe-santo\\\/\"},\"wordCount\":442,\"image\":{\"@id\":\"https:\\\/\\\/blogdacondessa.com.br\\\/blog\\\/cidades\\\/a-tradicional-feira-peixe-santo\\\/#primaryimage\"},\"thumbnailUrl\":\"https:\\\/\\\/blogdacondessa.com.br\\\/blog\\\/wp-content\\\/uploads\\\/2026\\\/03\\\/PEIXE-scaled.jpg\",\"articleSection\":[\"Cidades\"],\"inLanguage\":\"pt-BR\"},{\"@type\":\"WebPage\",\"@id\":\"https:\\\/\\\/blogdacondessa.com.br\\\/blog\\\/cidades\\\/a-tradicional-feira-peixe-santo\\\/\",\"url\":\"https:\\\/\\\/blogdacondessa.com.br\\\/blog\\\/cidades\\\/a-tradicional-feira-peixe-santo\\\/\",\"name\":\"A tradicional Feira Peixe Santo &#8902; Blog da Condessa\",\"isPartOf\":{\"@id\":\"https:\\\/\\\/blogdacondessa.com.br\\\/blog\\\/#website\"},\"primaryImageOfPage\":{\"@id\":\"https:\\\/\\\/blogdacondessa.com.br\\\/blog\\\/cidades\\\/a-tradicional-feira-peixe-santo\\\/#primaryimage\"},\"image\":{\"@id\":\"https:\\\/\\\/blogdacondessa.com.br\\\/blog\\\/cidades\\\/a-tradicional-feira-peixe-santo\\\/#primaryimage\"},\"thumbnailUrl\":\"https:\\\/\\\/blogdacondessa.com.br\\\/blog\\\/wp-content\\\/uploads\\\/2026\\\/03\\\/PEIXE-scaled.jpg\",\"datePublished\":\"2026-03-28T09:00:48+00:00\",\"author\":{\"@id\":\"https:\\\/\\\/blogdacondessa.com.br\\\/blog\\\/#\\\/schema\\\/person\\\/1d667ff8b785195b568677489d266035\"},\"breadcrumb\":{\"@id\":\"https:\\\/\\\/blogdacondessa.com.br\\\/blog\\\/cidades\\\/a-tradicional-feira-peixe-santo\\\/#breadcrumb\"},\"inLanguage\":\"pt-BR\",\"potentialAction\":[{\"@type\":\"ReadAction\",\"target\":[\"https:\\\/\\\/blogdacondessa.com.br\\\/blog\\\/cidades\\\/a-tradicional-feira-peixe-santo\\\/\"]}]},{\"@type\":\"ImageObject\",\"inLanguage\":\"pt-BR\",\"@id\":\"https:\\\/\\\/blogdacondessa.com.br\\\/blog\\\/cidades\\\/a-tradicional-feira-peixe-santo\\\/#primaryimage\",\"url\":\"https:\\\/\\\/blogdacondessa.com.br\\\/blog\\\/wp-content\\\/uploads\\\/2026\\\/03\\\/PEIXE-scaled.jpg\",\"contentUrl\":\"https:\\\/\\\/blogdacondessa.com.br\\\/blog\\\/wp-content\\\/uploads\\\/2026\\\/03\\\/PEIXE-scaled.jpg\",\"width\":2560,\"height\":1707,\"caption\":\"Foto: Emanoele Daiane\"},{\"@type\":\"BreadcrumbList\",\"@id\":\"https:\\\/\\\/blogdacondessa.com.br\\\/blog\\\/cidades\\\/a-tradicional-feira-peixe-santo\\\/#breadcrumb\",\"itemListElement\":[{\"@type\":\"ListItem\",\"position\":1,\"name\":\"In\u00edcio\",\"item\":\"https:\\\/\\\/blogdacondessa.com.br\\\/blog\\\/\"},{\"@type\":\"ListItem\",\"position\":2,\"name\":\"A tradicional Feira Peixe Santo\"}]},{\"@type\":\"WebSite\",\"@id\":\"https:\\\/\\\/blogdacondessa.com.br\\\/blog\\\/#website\",\"url\":\"https:\\\/\\\/blogdacondessa.com.br\\\/blog\\\/\",\"name\":\"Blog da Condessa\",\"description\":\"Com Shirley de Souza O\u2019Campos\",\"potentialAction\":[{\"@type\":\"SearchAction\",\"target\":{\"@type\":\"EntryPoint\",\"urlTemplate\":\"https:\\\/\\\/blogdacondessa.com.br\\\/blog\\\/?s={search_term_string}\"},\"query-input\":{\"@type\":\"PropertyValueSpecification\",\"valueRequired\":true,\"valueName\":\"search_term_string\"}}],\"inLanguage\":\"pt-BR\"},{\"@type\":\"Person\",\"@id\":\"https:\\\/\\\/blogdacondessa.com.br\\\/blog\\\/#\\\/schema\\\/person\\\/1d667ff8b785195b568677489d266035\",\"name\":\"Blog da Condessa\",\"image\":{\"@type\":\"ImageObject\",\"inLanguage\":\"pt-BR\",\"@id\":\"https:\\\/\\\/secure.gravatar.com\\\/avatar\\\/377c0eb8b4ad2bfc25461b41564b5971e721ca34a57642868fc7b0c8ac7b52c5?s=96&d=mm&r=g\",\"url\":\"https:\\\/\\\/secure.gravatar.com\\\/avatar\\\/377c0eb8b4ad2bfc25461b41564b5971e721ca34a57642868fc7b0c8ac7b52c5?s=96&d=mm&r=g\",\"contentUrl\":\"https:\\\/\\\/secure.gravatar.com\\\/avatar\\\/377c0eb8b4ad2bfc25461b41564b5971e721ca34a57642868fc7b0c8ac7b52c5?s=96&d=mm&r=g\",\"caption\":\"Blog da Condessa\"},\"url\":\"https:\\\/\\\/blogdacondessa.com.br\\\/blog\\\/author\\\/beatriz\\\/\"}]}<\/script>\n<!-- \/ Yoast SEO plugin. -->","yoast_head_json":{"title":"A tradicional Feira Peixe Santo &#8902; Blog da Condessa","robots":{"index":"index","follow":"follow","max-snippet":"max-snippet:-1","max-image-preview":"max-image-preview:large","max-video-preview":"max-video-preview:-1"},"canonical":"https:\/\/blogdacondessa.com.br\/blog\/cidades\/a-tradicional-feira-peixe-santo\/","og_locale":"pt_BR","og_type":"article","og_title":"A tradicional Feira Peixe Santo &#8902; Blog da Condessa","og_description":"A partir da pr\u00f3xima segunda-feira, 30 de mar\u00e7o, a popula\u00e7\u00e3o de Cuiab\u00e1 contar\u00e1 com pontos espalhados por toda a cidade para a comercializa\u00e7\u00e3o de pescado durante a tradicional Feira Peixe Santo 2026. A iniciativa da Prefeitura busca garantir acesso facilitado ao alimento t\u00edpico da Semana Santa, al\u00e9m de fomentar a economia local e gerar renda [&hellip;]","og_url":"https:\/\/blogdacondessa.com.br\/blog\/cidades\/a-tradicional-feira-peixe-santo\/","og_site_name":"Blog da Condessa","article_published_time":"2026-03-28T09:00:48+00:00","og_image":[{"width":2560,"height":1707,"url":"https:\/\/blogdacondessa.com.br\/blog\/wp-content\/uploads\/2026\/03\/PEIXE-scaled.jpg","type":"image\/jpeg"}],"author":"Blog da Condessa","twitter_card":"summary_large_image","twitter_misc":{"Escrito por":"Blog da Condessa","Est. tempo de leitura":"3 minutos"},"schema":{"@context":"https:\/\/schema.org","@graph":[{"@type":"Article","@id":"https:\/\/blogdacondessa.com.br\/blog\/cidades\/a-tradicional-feira-peixe-santo\/#article","isPartOf":{"@id":"https:\/\/blogdacondessa.com.br\/blog\/cidades\/a-tradicional-feira-peixe-santo\/"},"author":{"name":"Blog da Condessa","@id":"https:\/\/blogdacondessa.com.br\/blog\/#\/schema\/person\/1d667ff8b785195b568677489d266035"},"headline":"A tradicional Feira Peixe Santo","datePublished":"2026-03-28T09:00:48+00:00","mainEntityOfPage":{"@id":"https:\/\/blogdacondessa.com.br\/blog\/cidades\/a-tradicional-feira-peixe-santo\/"},"wordCount":442,"image":{"@id":"https:\/\/blogdacondessa.com.br\/blog\/cidades\/a-tradicional-feira-peixe-santo\/#primaryimage"},"thumbnailUrl":"https:\/\/blogdacondessa.com.br\/blog\/wp-content\/uploads\/2026\/03\/PEIXE-scaled.jpg","articleSection":["Cidades"],"inLanguage":"pt-BR"},{"@type":"WebPage","@id":"https:\/\/blogdacondessa.com.br\/blog\/cidades\/a-tradicional-feira-peixe-santo\/","url":"https:\/\/blogdacondessa.com.br\/blog\/cidades\/a-tradicional-feira-peixe-santo\/","name":"A tradicional Feira Peixe Santo &#8902; Blog da Condessa","isPartOf":{"@id":"https:\/\/blogdacondessa.com.br\/blog\/#website"},"primaryImageOfPage":{"@id":"https:\/\/blogdacondessa.com.br\/blog\/cidades\/a-tradicional-feira-peixe-santo\/#primaryimage"},"image":{"@id":"https:\/\/blogdacondessa.com.br\/blog\/cidades\/a-tradicional-feira-peixe-santo\/#primaryimage"},"thumbnailUrl":"https:\/\/blogdacondessa.com.br\/blog\/wp-content\/uploads\/2026\/03\/PEIXE-scaled.jpg","datePublished":"2026-03-28T09:00:48+00:00","author":{"@id":"https:\/\/blogdacondessa.com.br\/blog\/#\/schema\/person\/1d667ff8b785195b568677489d266035"},"breadcrumb":{"@id":"https:\/\/blogdacondessa.com.br\/blog\/cidades\/a-tradicional-feira-peixe-santo\/#breadcrumb"},"inLanguage":"pt-BR","potentialAction":[{"@type":"ReadAction","target":["https:\/\/blogdacondessa.com.br\/blog\/cidades\/a-tradicional-feira-peixe-santo\/"]}]},{"@type":"ImageObject","inLanguage":"pt-BR","@id":"https:\/\/blogdacondessa.com.br\/blog\/cidades\/a-tradicional-feira-peixe-santo\/#primaryimage","url":"https:\/\/blogdacondessa.com.br\/blog\/wp-content\/uploads\/2026\/03\/PEIXE-scaled.jpg","contentUrl":"https:\/\/blogdacondessa.com.br\/blog\/wp-content\/uploads\/2026\/03\/PEIXE-scaled.jpg","width":2560,"height":1707,"caption":"Foto: Emanoele Daiane"},{"@type":"BreadcrumbList","@id":"https:\/\/blogdacondessa.com.br\/blog\/cidades\/a-tradicional-feira-peixe-santo\/#breadcrumb","itemListElement":[{"@type":"ListItem","position":1,"name":"In\u00edcio","item":"https:\/\/blogdacondessa.com.br\/blog\/"},{"@type":"ListItem","position":2,"name":"A tradicional Feira Peixe Santo"}]},{"@type":"WebSite","@id":"https:\/\/blogdacondessa.com.br\/blog\/#website","url":"https:\/\/blogdacondessa.com.br\/blog\/","name":"Blog da Condessa","description":"Com Shirley de Souza O\u2019Campos","potentialAction":[{"@type":"SearchAction","target":{"@type":"EntryPoint","urlTemplate":"https:\/\/blogdacondessa.com.br\/blog\/?s={search_term_string}"},"query-input":{"@type":"PropertyValueSpecification","valueRequired":true,"valueName":"search_term_string"}}],"inLanguage":"pt-BR"},{"@type":"Person","@id":"https:\/\/blogdacondessa.com.br\/blog\/#\/schema\/person\/1d667ff8b785195b568677489d266035","name":"Blog da Condessa","image":{"@type":"ImageObject","inLanguage":"pt-BR","@id":"https:\/\/secure.gravatar.com\/avatar\/377c0eb8b4ad2bfc25461b41564b5971e721ca34a57642868fc7b0c8ac7b52c5?s=96&d=mm&r=g","url":"https:\/\/secure.gravatar.com\/avatar\/377c0eb8b4ad2bfc25461b41564b5971e721ca34a57642868fc7b0c8ac7b52c5?s=96&d=mm&r=g","contentUrl":"https:\/\/secure.gravatar.com\/avatar\/377c0eb8b4ad2bfc25461b41564b5971e721ca34a57642868fc7b0c8ac7b52c5?s=96&d=mm&r=g","caption":"Blog da Condessa"},"url":"https:\/\/blogdacondessa.com.br\/blog\/author\/beatriz\/"}]}},"_links":{"self":[{"href":"https:\/\/blogdacondessa.com.br\/blog\/wp-json\/wp\/v2\/posts\/13810","targetHints":{"allow":["GET"]}}],"collection":[{"href":"https:\/\/blogdacondessa.com.br\/blog\/wp-json\/wp\/v2\/posts"}],"about":[{"href":"https:\/\/blogdacondessa.com.br\/blog\/wp-json\/wp\/v2\/types\/post"}],"author":[{"embeddable":true,"href":"https:\/\/blogdacondessa.com.br\/blog\/wp-json\/wp\/v2\/users\/2"}],"replies":[{"embeddable":true,"href":"https:\/\/blogdacondessa.com.br\/blog\/wp-json\/wp\/v2\/comments?post=13810"}],"version-history":[{"count":1,"href":"https:\/\/blogdacondessa.com.br\/blog\/wp-json\/wp\/v2\/posts\/13810\/revisions"}],"predecessor-version":[{"id":13812,"href":"https:\/\/blogdacondessa.com.br\/blog\/wp-json\/wp\/v2\/posts\/13810\/revisions\/13812"}],"wp:featuredmedia":[{"embeddable":true,"href":"https:\/\/blogdacondessa.com.br\/blog\/wp-json\/wp\/v2\/media\/13811"}],"wp:attachment":[{"href":"https:\/\/blogdacondessa.com.br\/blog\/wp-json\/wp\/v2\/media?parent=13810"}],"wp:term":[{"taxonomy":"category","embeddable":true,"href":"https:\/\/blogdacondessa.com.br\/blog\/wp-json\/wp\/v2\/categories?post=13810"},{"taxonomy":"post_tag","embeddable":true,"href":"https:\/\/blogdacondessa.com.br\/blog\/wp-json\/wp\/v2\/tags?post=13810"}],"curies":[{"name":"wp","href":"https:\/\/api.w.org\/{rel}","templated":true}]}}